{"id":39,"count":3,"description":"Les ventes aux ench\u00e8res de militaria rassemblent <a href=\"https:\/\/www.primardeco.com\/armes-anciennes\">un grand nombre d\u2019<strong>objets divers et vari\u00e9s<\/strong><\/a> : des armes \u00e0 feu anciennes de collection (fusils, pistolets, revolvers, etc), des armes blanches (\u00e9p\u00e9es, sabres, etc), des uniformes, des livres historiques, des photographies mais \u00e9galement des<strong> insignes et d\u00e9corations militaires<\/strong>.\r\n\r\nLes<a href=\"https:\/\/www.primardeco.com\/blog\/les-ordres-et-decorations-militaires-aux-encheres\/\"><strong> ordres &amp;<\/strong>\u00a0<strong>d\u00e9corations militaires<\/strong><\/a>sont aujourd\u2019hui recherch\u00e9es par les <strong>collectionneurs et\/ou les institutions culturelles<\/strong>.\u00a0La raret\u00e9, la qualit\u00e9 de fabrication, l\u2019anciennet\u00e9, l\u2019\u00e9tat de conservation, les m\u00e9taux et les techniques employ\u00e9s d\u00e9terminent la valeur d\u2019une pi\u00e8ce.","link":"https:\/\/www.primardeco.com\/blog\/tag\/ordres-decorations\/","name":"Ordres &amp; d\u00e9corations militaires","slug":"ordres-decorations","taxonomy":"post_tag","meta":[],"yoast_head":"<!-- This site is optimized with the Yoast SEO plugin v25.6 - https:\/\/yoast.com\/wordpress\/plugins\/seo\/ -->\n<title>Ordres &amp; d\u00e9corations militaires | Primardeco - Blog<\/title>\n<meta name=\"description\" content=\"Perfectionnez votre expertise en &quot; Ordres &amp; d\u00e9corations militaires &quot; en consultant les articles du blog Primardeco, h\u00f4tel des ventes aux ench\u00e8res de Ordres &amp; d\u00e9corations militaires \u00e0 Toulouse.\" \/>\n<meta name=\"robots\" content=\"index, follow, max-snippet:-1, max-image-preview:large, max-video-preview:-1\" \/>\n<link rel=\"canonical\" href=\"https:\/\/www.primardeco.com\/blog\/tag\/ordres-decorations\/\" \/>\n<meta property=\"og:locale\" content=\"fr_FR\" \/>\n<meta property=\"og:type\" content=\"article\" \/>\n<meta property=\"og:title\" content=\"Ordres &amp; d\u00e9corations militaires | Primardeco - Blog\" \/>\n<meta property=\"og:description\" content=\"Perfectionnez votre expertise en &quot; Ordres &amp; d\u00e9corations militaires &quot; en consultant les articles du blog Primardeco, h\u00f4tel des ventes aux ench\u00e8res de Ordres &amp; d\u00e9corations militaires \u00e0 Toulouse.\" \/>\n<meta property=\"og:url\" content=\"https:\/\/www.primardeco.com\/blog\/tag\/ordres-decorations\/\" \/>\n<meta property=\"og:site_name\" content=\"Primardeco - Blog\" \/>\n<meta property=\"og:image\" content=\"https:\/\/www.primardeco.com\/blog\/wp-content\/uploads\/2021\/11\/img-presentation.7887da65.jpg\" \/>\n\t<meta property=\"og:image:width\" content=\"1370\" \/>\n\t<meta property=\"og:image:height\" content=\"700\" \/>\n\t<meta property=\"og:image:type\" content=\"image\/jpeg\" \/>\n<meta name=\"twitter:card\" content=\"summary_large_image\" \/>\n<meta name=\"twitter:site\" content=\"@PRIMARDECO\" \/>\n<script type=\"application\/ld+json\" class=\"yoast-schema-graph\">{\"@context\":\"https:\/\/schema.org\",\"@graph\":[{\"@type\":\"CollectionPage\",\"@id\":\"https:\/\/www.primardeco.com\/blog\/tag\/ordres-decorations\/\",\"url\":\"https:\/\/www.primardeco.com\/blog\/tag\/ordres-decorations\/\",\"name\":\"Ordres &amp; d\u00e9corations militaires | Primardeco - Blog\",\"isPartOf\":{\"@id\":\"https:\/\/www.primardeco.com\/blog\/#website\"},\"description\":\"Perfectionnez votre expertise en \\\" Ordres &amp; d\u00e9corations militaires \\\" en consultant les articles du blog Primardeco, h\u00f4tel des ventes aux ench\u00e8res de Ordres &amp; d\u00e9corations militaires \u00e0 Toulouse.\",\"breadcrumb\":{\"@id\":\"https:\/\/www.primardeco.com\/blog\/tag\/ordres-decorations\/#breadcrumb\"},\"inLanguage\":\"fr-FR\"},{\"@type\":\"BreadcrumbList\",\"@id\":\"https:\/\/www.primardeco.com\/blog\/tag\/ordres-decorations\/#breadcrumb\",\"itemListElement\":[{\"@type\":\"ListItem\",\"position\":1,\"name\":\"Accueil\",\"item\":\"https:\/\/www.primardeco.com\/blog\/\"},{\"@type\":\"ListItem\",\"position\":2,\"name\":\"Ordres &amp; d\u00e9corations militaires\"}]},{\"@type\":\"WebSite\",\"@id\":\"https:\/\/www.primardeco.com\/blog\/#website\",\"url\":\"https:\/\/www.primardeco.com\/blog\/\",\"name\":\"Primardeco - Blog\",\"description\":\"Expertises et Ventes aux ench\u00e8res\",\"publisher\":{\"@id\":\"https:\/\/www.primardeco.com\/blog\/#organization\"},\"potentialAction\":[{\"@type\":\"SearchAction\",\"target\":{\"@type\":\"EntryPoint\",\"urlTemplate\":\"https:\/\/www.primardeco.com\/blog\/?s={search_term_string}\"},\"query-input\":{\"@type\":\"PropertyValueSpecification\",\"valueRequired\":true,\"valueName\":\"search_term_string\"}}],\"inLanguage\":\"fr-FR\"},{\"@type\":\"Organization\",\"@id\":\"https:\/\/www.primardeco.com\/blog\/#organization\",\"name\":\"Le Blog Primardeco, Ventes aux Ench\u00e8res d'Art \u00e0 Toulouse\",\"url\":\"https:\/\/www.primardeco.com\/blog\/\",\"logo\":{\"@type\":\"ImageObject\",\"inLanguage\":\"fr-FR\",\"@id\":\"https:\/\/www.primardeco.com\/blog\/#\/schema\/logo\/image\/\",\"url\":\"https:\/\/www.primardeco.com\/blog\/wp-content\/uploads\/2021\/11\/logo-primardeco-blog.png\",\"contentUrl\":\"https:\/\/www.primardeco.com\/blog\/wp-content\/uploads\/2021\/11\/logo-primardeco-blog.png\",\"width\":282,\"height\":84,\"caption\":\"Le Blog Primardeco, Ventes aux Ench\u00e8res d'Art \u00e0 Toulouse\"},\"image\":{\"@id\":\"https:\/\/www.primardeco.com\/blog\/#\/schema\/logo\/image\/\"},\"sameAs\":[\"https:\/\/www.facebook.com\/Primardeco-275817602518624\/\",\"https:\/\/x.com\/PRIMARDECO\",\"https:\/\/www.instagram.com\/primardeco\/\"]}]}<\/script>\n<!-- \/ Yoast SEO plugin. -->","yoast_head_json":{"title":"Ordres &amp; d\u00e9corations militaires | Primardeco - Blog","description":"Perfectionnez votre expertise en \" Ordres &amp; d\u00e9corations militaires \" en consultant les articles du blog Primardeco, h\u00f4tel des ventes aux ench\u00e8res de Ordres &amp; d\u00e9corations militaires \u00e0 Toulouse.","robots":{"index":"index","follow":"follow","max-snippet":"max-snippet:-1","max-image-preview":"max-image-preview:large","max-video-preview":"max-video-preview:-1"},"canonical":"https:\/\/www.primardeco.com\/blog\/tag\/ordres-decorations\/","og_locale":"fr_FR","og_type":"article","og_title":"Ordres &amp; d\u00e9corations militaires | Primardeco - Blog","og_description":"Perfectionnez votre expertise en \" Ordres &amp; d\u00e9corations militaires \" en consultant les articles du blog Primardeco, h\u00f4tel des ventes aux ench\u00e8res de Ordres &amp; d\u00e9corations militaires \u00e0 Toulouse.","og_url":"https:\/\/www.primardeco.com\/blog\/tag\/ordres-decorations\/","og_site_name":"Primardeco - Blog","og_image":[{"width":1370,"height":700,"url":"https:\/\/www.primardeco.com\/blog\/wp-content\/uploads\/2021\/11\/img-presentation.7887da65.jpg","type":"image\/jpeg"}],"twitter_card":"summary_large_image","twitter_site":"@PRIMARDECO","schema":{"@context":"https:\/\/schema.org","@graph":[{"@type":"CollectionPage","@id":"https:\/\/www.primardeco.com\/blog\/tag\/ordres-decorations\/","url":"https:\/\/www.primardeco.com\/blog\/tag\/ordres-decorations\/","name":"Ordres &amp; d\u00e9corations militaires | Primardeco - Blog","isPartOf":{"@id":"https:\/\/www.primardeco.com\/blog\/#website"},"description":"Perfectionnez votre expertise en \" Ordres &amp; d\u00e9corations militaires \" en consultant les articles du blog Primardeco, h\u00f4tel des ventes aux ench\u00e8res de Ordres &amp; d\u00e9corations militaires \u00e0 Toulouse.","breadcrumb":{"@id":"https:\/\/www.primardeco.com\/blog\/tag\/ordres-decorations\/#breadcrumb"},"inLanguage":"fr-FR"},{"@type":"BreadcrumbList","@id":"https:\/\/www.primardeco.com\/blog\/tag\/ordres-decorations\/#breadcrumb","itemListElement":[{"@type":"ListItem","position":1,"name":"Accueil","item":"https:\/\/www.primardeco.com\/blog\/"},{"@type":"ListItem","position":2,"name":"Ordres &amp; d\u00e9corations militaires"}]},{"@type":"WebSite","@id":"https:\/\/www.primardeco.com\/blog\/#website","url":"https:\/\/www.primardeco.com\/blog\/","name":"Primardeco - Blog","description":"Expertises et Ventes aux ench\u00e8res","publisher":{"@id":"https:\/\/www.primardeco.com\/blog\/#organization"},"potentialAction":[{"@type":"SearchAction","target":{"@type":"EntryPoint","urlTemplate":"https:\/\/www.primardeco.com\/blog\/?s={search_term_string}"},"query-input":{"@type":"PropertyValueSpecification","valueRequired":true,"valueName":"search_term_string"}}],"inLanguage":"fr-FR"},{"@type":"Organization","@id":"https:\/\/www.primardeco.com\/blog\/#organization","name":"Le Blog Primardeco, Ventes aux Ench\u00e8res d'Art \u00e0 Toulouse","url":"https:\/\/www.primardeco.com\/blog\/","logo":{"@type":"ImageObject","inLanguage":"fr-FR","@id":"https:\/\/www.primardeco.com\/blog\/#\/schema\/logo\/image\/","url":"https:\/\/www.primardeco.com\/blog\/wp-content\/uploads\/2021\/11\/logo-primardeco-blog.png","contentUrl":"https:\/\/www.primardeco.com\/blog\/wp-content\/uploads\/2021\/11\/logo-primardeco-blog.png","width":282,"height":84,"caption":"Le Blog Primardeco, Ventes aux Ench\u00e8res d'Art \u00e0 Toulouse"},"image":{"@id":"https:\/\/www.primardeco.com\/blog\/#\/schema\/logo\/image\/"},"sameAs":["https:\/\/www.facebook.com\/Primardeco-275817602518624\/","https:\/\/x.com\/PRIMARDECO","https:\/\/www.instagram.com\/primardeco\/"]}]}},"_links":{"self":[{"href":"https:\/\/www.primardeco.com\/blog\/wp-json\/wp\/v2\/tags\/39","targetHints":{"allow":["GET"]}}],"collection":[{"href":"https:\/\/www.primardeco.com\/blog\/wp-json\/wp\/v2\/tags"}],"about":[{"href":"https:\/\/www.primardeco.com\/blog\/wp-json\/wp\/v2\/taxonomies\/post_tag"}],"wp:post_type":[{"href":"https:\/\/www.primardeco.com\/blog\/wp-json\/wp\/v2\/posts?tags=39"}],"curies":[{"name":"wp","href":"https:\/\/api.w.org\/{rel}","templated":true}]}}