{"id":965,"date":"2022-01-20T10:27:52","date_gmt":"2022-01-20T09:27:52","guid":{"rendered":"https:\/\/www.primardeco.com\/blog\/?p=965"},"modified":"2022-03-21T17:48:03","modified_gmt":"2022-03-21T16:48:03","slug":"une-croix-de-commandeur-de-lordre-de-saint-stanislas-aux-encheres","status":"publish","type":"post","link":"https:\/\/www.primardeco.com\/blog\/une-croix-de-commandeur-de-lordre-de-saint-stanislas-aux-encheres\/","title":{"rendered":"Une croix de Commandeur de l&rsquo;Ordre de saint Stanislas aux ench\u00e8res"},"content":{"rendered":"<p>[et_pb_section fb_built=\u00a0\u00bb1&Prime; _builder_version=\u00a0\u00bb4.15&Prime; global_colors_info=\u00a0\u00bb{}\u00a0\u00bb][et_pb_row _builder_version=\u00a0\u00bb4.15&Prime; background_size=\u00a0\u00bbinitial\u00a0\u00bb background_position=\u00a0\u00bbtop_left\u00a0\u00bb background_repeat=\u00a0\u00bbrepeat\u00a0\u00bb global_colors_info=\u00a0\u00bb{}\u00a0\u00bb][et_pb_column type=\u00a0\u00bb4_4&Prime; _builder_version=\u00a0\u00bb4.15&Prime; custom_padding=\u00a0\u00bb|||\u00a0\u00bb global_colors_info=\u00a0\u00bb{}\u00a0\u00bb custom_padding__hover=\u00a0\u00bb|||\u00a0\u00bb][et_pb_text admin_label=\u00a0\u00bbIntro\u00a0\u00bb _builder_version=\u00a0\u00bb4.15.1&Prime; _module_preset=\u00a0\u00bbdefault\u00a0\u00bb hover_enabled=\u00a0\u00bb0&Prime; global_colors_info=\u00a0\u00bb{}\u00a0\u00bb custom_padding=\u00a0\u00bb0px|||||\u00a0\u00bb sticky_enabled=\u00a0\u00bb0&Prime;]<\/p>\n<p><em>Lors de sa <a href=\"https:\/\/www.primardeco.com\/ventes-aux-encheres\/annee-2022\/21-01-277\">prochaine vente aux ench\u00e8res d&rsquo;armes de collection &amp; militaria<\/a>, Primardeco pr\u00e9sentera une tr\u00e8s belle croix de commandeur de l\u2019Ordre de saint Stanislas. Nul doute que ses qualit\u00e9s historiques et artistiques susciteront l\u2019int\u00e9r\u00eat du march\u00e9.<\/em><\/p>\n<p>[\/et_pb_text][et_pb_divider _builder_version=\u00a0\u00bb4.15&Prime; _module_preset=\u00a0\u00bbdefault\u00a0\u00bb global_colors_info=\u00a0\u00bb{}\u00a0\u00bb][\/et_pb_divider][\/et_pb_column][\/et_pb_row][et_pb_row column_structure=\u00a0\u00bb1_2,1_2&Prime; _builder_version=\u00a0\u00bb4.15&Prime; _module_preset=\u00a0\u00bbdefault\u00a0\u00bb global_colors_info=\u00a0\u00bb{}\u00a0\u00bb][et_pb_column type=\u00a0\u00bb1_2&Prime; _builder_version=\u00a0\u00bb4.15&Prime; _module_preset=\u00a0\u00bbdefault\u00a0\u00bb global_colors_info=\u00a0\u00bb{}\u00a0\u00bb][et_pb_text _builder_version=\u00a0\u00bb4.15&Prime; _module_preset=\u00a0\u00bbdefault\u00a0\u00bb global_colors_info=\u00a0\u00bb{}\u00a0\u00bb]<\/p>\n<h2>Une belle d\u00e9coration aux ench\u00e8res<\/h2>\n<p>&nbsp;<\/p>\n<p>Cette magnifique<a href=\"https:\/\/www.primardeco.com\/armes-anciennes\/belle-croix-de-commandeur-seconde-classe-de-lordre-de-saint-stanisl-1-41720\"> croix de commandeur (seconde classe) de l&rsquo;<strong>ordre de Saint Stanislas<\/strong> <\/a>est pr\u00e9sent\u00e9e dans sa boite d\u2019origine habill\u00e9e de maroquin rouge \u00e0 lettres dor\u00e9es. Le bijou en <strong>or 14 Carats<\/strong> est d\u2019une tr\u00e8s grande qualit\u00e9 et ne pr\u00e9sente <strong>aucun fel ni manque<\/strong> tant \u00e0 l&rsquo;avers qu&rsquo;au revers.<\/p>\n<p>R\u00e9alis\u00e9e avec une tr\u00e8s grande finesse, cette croix est un bel exemple de tous les savoir-faire n\u00e9cessaires \u00e0 la fabrication d\u2019une <strong>m\u00e9daille militaire<\/strong> du maitre <strong>graveur \u00e0 l\u2019\u00e9mailleur<\/strong>.<\/p>\n<p>[\/et_pb_text][\/et_pb_column][et_pb_column type=\u00a0\u00bb1_2&Prime; _builder_version=\u00a0\u00bb4.15&Prime; _module_preset=\u00a0\u00bbdefault\u00a0\u00bb global_colors_info=\u00a0\u00bb{}\u00a0\u00bb][et_pb_image src=\u00a0\u00bbhttps:\/\/www.primardeco.com\/blog\/wp-content\/uploads\/2022\/01\/Croix-de-commandeur.3-\u00a9Primardeco.jpg\u00a0\u00bb title_text=\u00a0\u00bbOLYMPUS DIGITAL CAMERA\u00a0\u00bb _builder_version=\u00a0\u00bb4.15&Prime; _module_preset=\u00a0\u00bbdefault\u00a0\u00bb global_colors_info=\u00a0\u00bb{}\u00a0\u00bb][\/et_pb_image][\/et_pb_column][\/et_pb_row][et_pb_row _builder_version=\u00a0\u00bb4.15&Prime; _module_preset=\u00a0\u00bbdefault\u00a0\u00bb global_colors_info=\u00a0\u00bb{}\u00a0\u00bb][et_pb_column type=\u00a0\u00bb4_4&Prime; _builder_version=\u00a0\u00bb4.15&Prime; _module_preset=\u00a0\u00bbdefault\u00a0\u00bb global_colors_info=\u00a0\u00bb{}\u00a0\u00bb][et_pb_text _builder_version=\u00a0\u00bb4.15&Prime; _module_preset=\u00a0\u00bbdefault\u00a0\u00bb global_colors_info=\u00a0\u00bb{}\u00a0\u00bb]<\/p>\n<h2>L&rsquo;ordre de saint stanislas<\/h2>\n<p>&nbsp;<\/p>\n<p>L\u2019ordre de Saint Stanislas est un ordre honorifique polonais puis russe. Il a \u00e9t\u00e9 cr\u00e9\u00e9 par le roi <strong>Stanislas Auguste Poniatowski en 1765<\/strong>. Apr\u00e8s l\u2019annexion de la Pologne, le <strong>tsar Nicolas II<\/strong> le conserve. En 1831, il est officiellement incorpor\u00e9 aux Ordres russes et devient un <strong>ordre imp\u00e9rial et royal<\/strong>. De l\u00e9g\u00e8res modifications sont alors apport\u00e9es\u00a0: Saint Stanislas est d\u00e9sormais repr\u00e9sent\u00e9 par un simple monogramme (\u00ab\u00a0<strong>SS<\/strong>\u00a0\u00bb) et l\u2019aigle polonais est remplac\u00e9 par le c\u00e9l\u00e8bre <strong>aigle bic\u00e9phale russe<\/strong>.<\/p>\n<p>Cet ordre r\u00e9compensait toute personne (civile ou militaire) ayant contribu\u00e9 par ses services \u00e0 la <strong>prosp\u00e9rit\u00e9 de l\u2019Empire<\/strong>. Dans certains cas, n\u00e9anmoins tr\u00e8s rares, il pouvait \u00eatre attribu\u00e9 \u00e0 des officiers pour des actions exceptionnelles. Il occupe la sixi\u00e8me place dans la hi\u00e9rarchie des ordres russes et fut largement attribu\u00e9 tant \u00e0 des civils qu&rsquo;\u00e0 des militaires. De nombreux ing\u00e9nieurs et techniciens <strong>fran\u00e7ais<\/strong>\u00a0en furent d\u00e9cor\u00e9s en r\u00e9compense de leurs missions scientifiques et techniques r\u00e9alis\u00e9es en Russie. Il n\u2019est donc pas \u00e9tonnant de retrouver un tel objet chez des <strong>particuliers en France.<\/strong><\/p>\n<p>A l\u2019instar de tous les<strong> ordres imp\u00e9riaux<\/strong>, l\u2019Ordre de Saint Stanislas est aboli lors de la R\u00e9volution bolch\u00e9vique de 1917.<\/p>\n<p>&nbsp;<\/p>\n<p>[\/et_pb_text][\/et_pb_column][\/et_pb_row][et_pb_row column_structure=\u00a0\u00bb1_2,1_2&Prime; _builder_version=\u00a0\u00bb4.15&Prime; _module_preset=\u00a0\u00bbdefault\u00a0\u00bb custom_margin=\u00a0\u00bb-55px|auto||auto||\u00a0\u00bb global_colors_info=\u00a0\u00bb{}\u00a0\u00bb][et_pb_column type=\u00a0\u00bb1_2&Prime; _builder_version=\u00a0\u00bb4.15&Prime; _module_preset=\u00a0\u00bbdefault\u00a0\u00bb global_colors_info=\u00a0\u00bb{}\u00a0\u00bb][et_pb_text _builder_version=\u00a0\u00bb4.15&Prime; _module_preset=\u00a0\u00bbdefault\u00a0\u00bb global_colors_info=\u00a0\u00bb{}\u00a0\u00bb]<\/p>\n<p>\u00a0L\u2019Ordre de saint Stanislas comporte<strong> trois classes<\/strong>\u00a0: Grand-Croix, Commandeur et Chevalier. C\u2019est une m\u00e9daille de seconde classe, et donc de Commandeur, qui est sera pr\u00e9sent\u00e9e aux ench\u00e8res par Primardeco.<\/p>\n<p>Le port d&rsquo;un ordre et d&rsquo;une d\u00e9coration est toujours codifi\u00e9 mais il peut varier. Ici la croix de Commandeur devait \u00eatre port\u00e9e en \u00ab <strong>cravate<\/strong> \u00bb c\u2019est-\u00e0-dire en sautoir autour du cou.\u00a0<\/p>\n<p>&nbsp;<\/p>\n<p>[\/et_pb_text][\/et_pb_column][et_pb_column type=\u00a0\u00bb1_2&Prime; _builder_version=\u00a0\u00bb4.15&Prime; _module_preset=\u00a0\u00bbdefault\u00a0\u00bb global_colors_info=\u00a0\u00bb{}\u00a0\u00bb][et_pb_image src=\u00a0\u00bbhttps:\/\/www.primardeco.com\/blog\/wp-content\/uploads\/2022\/01\/Ordre-de-saint-Stanislas.-Copyright-Kirill-S.-Vasilyev.png\u00a0\u00bb alt=\u00a0\u00bbOrdre de saint Stanislas.\u00a9Kirill S. Vasilyev\u00a0\u00bb title_text=\u00a0\u00bbOrdre de saint Stanislas.\u00a9Kirill S. Vasilyev\u00a0\u00bb _builder_version=\u00a0\u00bb4.15&Prime; _module_preset=\u00a0\u00bbdefault\u00a0\u00bb global_colors_info=\u00a0\u00bb{}\u00a0\u00bb][\/et_pb_image][\/et_pb_column][\/et_pb_row][et_pb_row _builder_version=\u00a0\u00bb4.15&Prime; _module_preset=\u00a0\u00bbdefault\u00a0\u00bb custom_padding=\u00a0\u00bb38px|||||\u00a0\u00bb global_colors_info=\u00a0\u00bb{}\u00a0\u00bb][et_pb_column type=\u00a0\u00bb4_4&Prime; _builder_version=\u00a0\u00bb4.15&Prime; _module_preset=\u00a0\u00bbdefault\u00a0\u00bb global_colors_info=\u00a0\u00bb{}\u00a0\u00bb][et_pb_text _builder_version=\u00a0\u00bb4.15&Prime; _module_preset=\u00a0\u00bbdefault\u00a0\u00bb min_height=\u00a0\u00bb170px\u00a0\u00bb global_colors_info=\u00a0\u00bb{}\u00a0\u00bb]<\/p>\n<h2>Des objets de collection recherch\u00e9s<\/h2>\n<p>&nbsp;<\/p>\n<p>\u00a0A l\u2019image de cette croix de Commandeur, les<a href=\"https:\/\/www.primardeco.com\/blog\/les-ordres-et-decorations-militaires-aux-encheres\/\"><strong> ordres &amp;<\/strong>\u00a0<strong>d\u00e9corations militaires<\/strong><\/a> sont aujourd\u2019hui grandement recherch\u00e9es par les <strong>collectionneurs et\/ou les institutions culturelles<\/strong> soucieux de pr\u00e9server ces objets d\u2019art et d\u2019histoire uniques.<\/p>\n<p>La raret\u00e9, la qualit\u00e9 de fabrication, l\u2019anciennet\u00e9, l\u2019\u00e9tat de conservation, les m\u00e9taux et les techniques employ\u00e9s d\u00e9terminent la valeur d\u2019une pi\u00e8ce.<\/p>\n<p>De mani\u00e8re g\u00e9n\u00e9rale les <strong><a href=\"https:\/\/www.primardeco.com\/blog\/les-ventes-aux-encheres-darmes-de-collection-militaria\/\">ventes aux ench\u00e8res d&rsquo;Armes de collection &amp; Militaria<\/a><\/strong> remportent toujours un franc succ\u00e8s.<\/p>\n<p>&nbsp;<\/p>\n<p>[\/et_pb_text][\/et_pb_column][\/et_pb_row][\/et_pb_section]<\/p>\n","protected":false},"excerpt":{"rendered":"<p>Lors de sa prochaine vente aux ench\u00e8res d&rsquo;armes de collection &amp; militaria, Primardeco pr\u00e9sentera une tr\u00e8s belle croix de commandeur de l\u2019Ordre de saint Stanislas. Nul doute que ses qualit\u00e9s historiques et artistiques susciteront l\u2019int\u00e9r\u00eat du march\u00e9.Une belle d\u00e9coration aux ench\u00e8res &nbsp; Cette magnifique croix de commandeur (seconde classe) de l&rsquo;ordre de Saint Stanislas est [&hellip;]<\/p>\n","protected":false},"author":2,"featured_media":978,"comment_status":"closed","ping_status":"closed","sticky":false,"template":"","format":"standard","meta":{"_et_pb_use_builder":"on","_et_pb_old_content":"","_et_gb_content_width":"","footnotes":""},"categories":[23],"tags":[34,39],"class_list":["post-965","post","type-post","status-publish","format-standard","has-post-thumbnail","hentry","category-armes-de-collections-militaria","tag-militaria","tag-ordres-decorations"],"yoast_head":"<!-- This site is optimized with the Yoast SEO plugin v25.6 - https:\/\/yoast.com\/wordpress\/plugins\/seo\/ -->\n<title>Une croix de Commandeur de l&#039;Ordre de saint Stanislas aux ench\u00e8res | Primardeco - Blog<\/title>\n<meta name=\"description\" content=\"En savoir plus sur &quot;Une croix de Commandeur de l&#039;Ordre de saint Stanislas aux ench\u00e8res&quot;, un sujet propos\u00e9 dans la cat\u00e9gorie Armes de collection, militaria par l&#039;\u00e9quipe Primardeco, sp\u00e9cialistes de l&#039;expertise et de la vente aux ench\u00e8res d&#039;art \u00e0 Toulouse.\" \/>\n<meta name=\"robots\" content=\"index, follow, max-snippet:-1, max-image-preview:large, max-video-preview:-1\" \/>\n<link rel=\"canonical\" href=\"https:\/\/www.primardeco.com\/blog\/une-croix-de-commandeur-de-lordre-de-saint-stanislas-aux-encheres\/\" \/>\n<meta property=\"og:locale\" content=\"fr_FR\" \/>\n<meta property=\"og:type\" content=\"article\" \/>\n<meta property=\"og:title\" content=\"Une croix de Commandeur de l&#039;Ordre de saint Stanislas aux ench\u00e8res | Primardeco - Blog\" \/>\n<meta property=\"og:description\" content=\"En savoir plus sur &quot;Une croix de Commandeur de l&#039;Ordre de saint Stanislas aux ench\u00e8res&quot;, un sujet propos\u00e9 dans la cat\u00e9gorie Armes de collection, militaria par l&#039;\u00e9quipe Primardeco, sp\u00e9cialistes de l&#039;expertise et de la vente aux ench\u00e8res d&#039;art \u00e0 Toulouse.\" \/>\n<meta property=\"og:url\" content=\"https:\/\/www.primardeco.com\/blog\/une-croix-de-commandeur-de-lordre-de-saint-stanislas-aux-encheres\/\" \/>\n<meta property=\"og:site_name\" content=\"Primardeco - Blog\" \/>\n<meta property=\"article:publisher\" content=\"https:\/\/www.facebook.com\/Primardeco-275817602518624\/\" \/>\n<meta property=\"article:published_time\" content=\"2022-01-20T09:27:52+00:00\" \/>\n<meta property=\"article:modified_time\" content=\"2022-03-21T16:48:03+00:00\" \/>\n<meta property=\"og:image\" content=\"https:\/\/www.primardeco.com\/blog\/wp-content\/uploads\/2022\/01\/Croix-de-commandeur.-\u00a9Primardeco.jpg\" \/>\n\t<meta property=\"og:image:width\" content=\"896\" \/>\n\t<meta property=\"og:image:height\" content=\"768\" \/>\n\t<meta property=\"og:image:type\" content=\"image\/jpeg\" \/>\n<meta name=\"author\" content=\"Anne de Colonges-Trotignon,\" \/>\n<meta name=\"twitter:card\" content=\"summary_large_image\" \/>\n<meta name=\"twitter:creator\" content=\"@PRIMARDECO\" \/>\n<meta name=\"twitter:site\" content=\"@PRIMARDECO\" \/>\n<meta name=\"twitter:label1\" content=\"\u00c9crit par\" \/>\n\t<meta name=\"twitter:data1\" content=\"Anne de Colonges-Trotignon,\" \/>\n\t<meta name=\"twitter:label2\" content=\"Dur\u00e9e de lecture estim\u00e9e\" \/>\n\t<meta name=\"twitter:data2\" content=\"5 minutes\" \/>\n<script type=\"application\/ld+json\" class=\"yoast-schema-graph\">{\"@context\":\"https:\/\/schema.org\",\"@graph\":[{\"@type\":\"Article\",\"@id\":\"https:\/\/www.primardeco.com\/blog\/une-croix-de-commandeur-de-lordre-de-saint-stanislas-aux-encheres\/#article\",\"isPartOf\":{\"@id\":\"https:\/\/www.primardeco.com\/blog\/une-croix-de-commandeur-de-lordre-de-saint-stanislas-aux-encheres\/\"},\"author\":{\"name\":\"Anne de Colonges-Trotignon,\",\"@id\":\"https:\/\/www.primardeco.com\/blog\/#\/schema\/person\/7de13947a1930d4cdcc9da53f15a8bf6\"},\"headline\":\"Une croix de Commandeur de l&rsquo;Ordre de saint Stanislas aux ench\u00e8res\",\"datePublished\":\"2022-01-20T09:27:52+00:00\",\"dateModified\":\"2022-03-21T16:48:03+00:00\",\"mainEntityOfPage\":{\"@id\":\"https:\/\/www.primardeco.com\/blog\/une-croix-de-commandeur-de-lordre-de-saint-stanislas-aux-encheres\/\"},\"wordCount\":922,\"publisher\":{\"@id\":\"https:\/\/www.primardeco.com\/blog\/#organization\"},\"image\":{\"@id\":\"https:\/\/www.primardeco.com\/blog\/une-croix-de-commandeur-de-lordre-de-saint-stanislas-aux-encheres\/#primaryimage\"},\"thumbnailUrl\":\"https:\/\/www.primardeco.com\/blog\/wp-content\/uploads\/2022\/01\/Croix-de-commandeur.-\u00a9Primardeco.jpg\",\"keywords\":[\"Militaria\",\"Ordres &amp; d\u00e9corations militaires\"],\"articleSection\":[\"Armes de collection, militaria\"],\"inLanguage\":\"fr-FR\"},{\"@type\":\"WebPage\",\"@id\":\"https:\/\/www.primardeco.com\/blog\/une-croix-de-commandeur-de-lordre-de-saint-stanislas-aux-encheres\/\",\"url\":\"https:\/\/www.primardeco.com\/blog\/une-croix-de-commandeur-de-lordre-de-saint-stanislas-aux-encheres\/\",\"name\":\"Une croix de Commandeur de l'Ordre de saint Stanislas aux ench\u00e8res | Primardeco - Blog\",\"isPartOf\":{\"@id\":\"https:\/\/www.primardeco.com\/blog\/#website\"},\"primaryImageOfPage\":{\"@id\":\"https:\/\/www.primardeco.com\/blog\/une-croix-de-commandeur-de-lordre-de-saint-stanislas-aux-encheres\/#primaryimage\"},\"image\":{\"@id\":\"https:\/\/www.primardeco.com\/blog\/une-croix-de-commandeur-de-lordre-de-saint-stanislas-aux-encheres\/#primaryimage\"},\"thumbnailUrl\":\"https:\/\/www.primardeco.com\/blog\/wp-content\/uploads\/2022\/01\/Croix-de-commandeur.-\u00a9Primardeco.jpg\",\"datePublished\":\"2022-01-20T09:27:52+00:00\",\"dateModified\":\"2022-03-21T16:48:03+00:00\",\"description\":\"En savoir plus sur \\\"Une croix de Commandeur de l'Ordre de saint Stanislas aux ench\u00e8res\\\", un sujet propos\u00e9 dans la cat\u00e9gorie Armes de collection, militaria par l'\u00e9quipe Primardeco, sp\u00e9cialistes de l'expertise et de la vente aux ench\u00e8res d'art \u00e0 Toulouse.\",\"breadcrumb\":{\"@id\":\"https:\/\/www.primardeco.com\/blog\/une-croix-de-commandeur-de-lordre-de-saint-stanislas-aux-encheres\/#breadcrumb\"},\"inLanguage\":\"fr-FR\",\"potentialAction\":[{\"@type\":\"ReadAction\",\"target\":[\"https:\/\/www.primardeco.com\/blog\/une-croix-de-commandeur-de-lordre-de-saint-stanislas-aux-encheres\/\"]}]},{\"@type\":\"ImageObject\",\"inLanguage\":\"fr-FR\",\"@id\":\"https:\/\/www.primardeco.com\/blog\/une-croix-de-commandeur-de-lordre-de-saint-stanislas-aux-encheres\/#primaryimage\",\"url\":\"https:\/\/www.primardeco.com\/blog\/wp-content\/uploads\/2022\/01\/Croix-de-commandeur.-\u00a9Primardeco.jpg\",\"contentUrl\":\"https:\/\/www.primardeco.com\/blog\/wp-content\/uploads\/2022\/01\/Croix-de-commandeur.-\u00a9Primardeco.jpg\",\"width\":896,\"height\":768,\"caption\":\"Croix de commandeur. \u00a9Primardeco\"},{\"@type\":\"BreadcrumbList\",\"@id\":\"https:\/\/www.primardeco.com\/blog\/une-croix-de-commandeur-de-lordre-de-saint-stanislas-aux-encheres\/#breadcrumb\",\"itemListElement\":[{\"@type\":\"ListItem\",\"position\":1,\"name\":\"Accueil\",\"item\":\"https:\/\/www.primardeco.com\/blog\/\"},{\"@type\":\"ListItem\",\"position\":2,\"name\":\"Une croix de Commandeur de l&rsquo;Ordre de saint Stanislas aux ench\u00e8res\"}]},{\"@type\":\"WebSite\",\"@id\":\"https:\/\/www.primardeco.com\/blog\/#website\",\"url\":\"https:\/\/www.primardeco.com\/blog\/\",\"name\":\"Primardeco - Blog\",\"description\":\"Expertises et Ventes aux ench\u00e8res\",\"publisher\":{\"@id\":\"https:\/\/www.primardeco.com\/blog\/#organization\"},\"potentialAction\":[{\"@type\":\"SearchAction\",\"target\":{\"@type\":\"EntryPoint\",\"urlTemplate\":\"https:\/\/www.primardeco.com\/blog\/?s={search_term_string}\"},\"query-input\":{\"@type\":\"PropertyValueSpecification\",\"valueRequired\":true,\"valueName\":\"search_term_string\"}}],\"inLanguage\":\"fr-FR\"},{\"@type\":\"Organization\",\"@id\":\"https:\/\/www.primardeco.com\/blog\/#organization\",\"name\":\"Le Blog Primardeco, Ventes aux Ench\u00e8res d'Art \u00e0 Toulouse\",\"url\":\"https:\/\/www.primardeco.com\/blog\/\",\"logo\":{\"@type\":\"ImageObject\",\"inLanguage\":\"fr-FR\",\"@id\":\"https:\/\/www.primardeco.com\/blog\/#\/schema\/logo\/image\/\",\"url\":\"https:\/\/www.primardeco.com\/blog\/wp-content\/uploads\/2021\/11\/logo-primardeco-blog.png\",\"contentUrl\":\"https:\/\/www.primardeco.com\/blog\/wp-content\/uploads\/2021\/11\/logo-primardeco-blog.png\",\"width\":282,\"height\":84,\"caption\":\"Le Blog Primardeco, Ventes aux Ench\u00e8res d'Art \u00e0 Toulouse\"},\"image\":{\"@id\":\"https:\/\/www.primardeco.com\/blog\/#\/schema\/logo\/image\/\"},\"sameAs\":[\"https:\/\/www.facebook.com\/Primardeco-275817602518624\/\",\"https:\/\/x.com\/PRIMARDECO\",\"https:\/\/www.instagram.com\/primardeco\/\"]},{\"@type\":\"Person\",\"@id\":\"https:\/\/www.primardeco.com\/blog\/#\/schema\/person\/7de13947a1930d4cdcc9da53f15a8bf6\",\"name\":\"Anne de Colonges-Trotignon,\",\"image\":{\"@type\":\"ImageObject\",\"inLanguage\":\"fr-FR\",\"@id\":\"https:\/\/www.primardeco.com\/blog\/#\/schema\/person\/image\/\",\"url\":\"https:\/\/secure.gravatar.com\/avatar\/853054ac9272b8d8231f62d5ba9a57c0838e74856b0112cb96fd18a428d1d335?s=96&d=mm&r=g\",\"contentUrl\":\"https:\/\/secure.gravatar.com\/avatar\/853054ac9272b8d8231f62d5ba9a57c0838e74856b0112cb96fd18a428d1d335?s=96&d=mm&r=g\",\"caption\":\"Anne de Colonges-Trotignon,\"},\"url\":\"https:\/\/www.primardeco.com\/blog\/author\/anne\/\"}]}<\/script>\n<!-- \/ Yoast SEO plugin. -->","yoast_head_json":{"title":"Une croix de Commandeur de l'Ordre de saint Stanislas aux ench\u00e8res | Primardeco - Blog","description":"En savoir plus sur \"Une croix de Commandeur de l'Ordre de saint Stanislas aux ench\u00e8res\", un sujet propos\u00e9 dans la cat\u00e9gorie Armes de collection, militaria par l'\u00e9quipe Primardeco, sp\u00e9cialistes de l'expertise et de la vente aux ench\u00e8res d'art \u00e0 Toulouse.","robots":{"index":"index","follow":"follow","max-snippet":"max-snippet:-1","max-image-preview":"max-image-preview:large","max-video-preview":"max-video-preview:-1"},"canonical":"https:\/\/www.primardeco.com\/blog\/une-croix-de-commandeur-de-lordre-de-saint-stanislas-aux-encheres\/","og_locale":"fr_FR","og_type":"article","og_title":"Une croix de Commandeur de l'Ordre de saint Stanislas aux ench\u00e8res | Primardeco - Blog","og_description":"En savoir plus sur \"Une croix de Commandeur de l'Ordre de saint Stanislas aux ench\u00e8res\", un sujet propos\u00e9 dans la cat\u00e9gorie Armes de collection, militaria par l'\u00e9quipe Primardeco, sp\u00e9cialistes de l'expertise et de la vente aux ench\u00e8res d'art \u00e0 Toulouse.","og_url":"https:\/\/www.primardeco.com\/blog\/une-croix-de-commandeur-de-lordre-de-saint-stanislas-aux-encheres\/","og_site_name":"Primardeco - Blog","article_publisher":"https:\/\/www.facebook.com\/Primardeco-275817602518624\/","article_published_time":"2022-01-20T09:27:52+00:00","article_modified_time":"2022-03-21T16:48:03+00:00","og_image":[{"width":896,"height":768,"url":"https:\/\/www.primardeco.com\/blog\/wp-content\/uploads\/2022\/01\/Croix-de-commandeur.-\u00a9Primardeco.jpg","type":"image\/jpeg"}],"author":"Anne de Colonges-Trotignon,","twitter_card":"summary_large_image","twitter_creator":"@PRIMARDECO","twitter_site":"@PRIMARDECO","twitter_misc":{"\u00c9crit par":"Anne de Colonges-Trotignon,","Dur\u00e9e de lecture estim\u00e9e":"5 minutes"},"schema":{"@context":"https:\/\/schema.org","@graph":[{"@type":"Article","@id":"https:\/\/www.primardeco.com\/blog\/une-croix-de-commandeur-de-lordre-de-saint-stanislas-aux-encheres\/#article","isPartOf":{"@id":"https:\/\/www.primardeco.com\/blog\/une-croix-de-commandeur-de-lordre-de-saint-stanislas-aux-encheres\/"},"author":{"name":"Anne de Colonges-Trotignon,","@id":"https:\/\/www.primardeco.com\/blog\/#\/schema\/person\/7de13947a1930d4cdcc9da53f15a8bf6"},"headline":"Une croix de Commandeur de l&rsquo;Ordre de saint Stanislas aux ench\u00e8res","datePublished":"2022-01-20T09:27:52+00:00","dateModified":"2022-03-21T16:48:03+00:00","mainEntityOfPage":{"@id":"https:\/\/www.primardeco.com\/blog\/une-croix-de-commandeur-de-lordre-de-saint-stanislas-aux-encheres\/"},"wordCount":922,"publisher":{"@id":"https:\/\/www.primardeco.com\/blog\/#organization"},"image":{"@id":"https:\/\/www.primardeco.com\/blog\/une-croix-de-commandeur-de-lordre-de-saint-stanislas-aux-encheres\/#primaryimage"},"thumbnailUrl":"https:\/\/www.primardeco.com\/blog\/wp-content\/uploads\/2022\/01\/Croix-de-commandeur.-\u00a9Primardeco.jpg","keywords":["Militaria","Ordres &amp; d\u00e9corations militaires"],"articleSection":["Armes de collection, militaria"],"inLanguage":"fr-FR"},{"@type":"WebPage","@id":"https:\/\/www.primardeco.com\/blog\/une-croix-de-commandeur-de-lordre-de-saint-stanislas-aux-encheres\/","url":"https:\/\/www.primardeco.com\/blog\/une-croix-de-commandeur-de-lordre-de-saint-stanislas-aux-encheres\/","name":"Une croix de Commandeur de l'Ordre de saint Stanislas aux ench\u00e8res | Primardeco - Blog","isPartOf":{"@id":"https:\/\/www.primardeco.com\/blog\/#website"},"primaryImageOfPage":{"@id":"https:\/\/www.primardeco.com\/blog\/une-croix-de-commandeur-de-lordre-de-saint-stanislas-aux-encheres\/#primaryimage"},"image":{"@id":"https:\/\/www.primardeco.com\/blog\/une-croix-de-commandeur-de-lordre-de-saint-stanislas-aux-encheres\/#primaryimage"},"thumbnailUrl":"https:\/\/www.primardeco.com\/blog\/wp-content\/uploads\/2022\/01\/Croix-de-commandeur.-\u00a9Primardeco.jpg","datePublished":"2022-01-20T09:27:52+00:00","dateModified":"2022-03-21T16:48:03+00:00","description":"En savoir plus sur \"Une croix de Commandeur de l'Ordre de saint Stanislas aux ench\u00e8res\", un sujet propos\u00e9 dans la cat\u00e9gorie Armes de collection, militaria par l'\u00e9quipe Primardeco, sp\u00e9cialistes de l'expertise et de la vente aux ench\u00e8res d'art \u00e0 Toulouse.","breadcrumb":{"@id":"https:\/\/www.primardeco.com\/blog\/une-croix-de-commandeur-de-lordre-de-saint-stanislas-aux-encheres\/#breadcrumb"},"inLanguage":"fr-FR","potentialAction":[{"@type":"ReadAction","target":["https:\/\/www.primardeco.com\/blog\/une-croix-de-commandeur-de-lordre-de-saint-stanislas-aux-encheres\/"]}]},{"@type":"ImageObject","inLanguage":"fr-FR","@id":"https:\/\/www.primardeco.com\/blog\/une-croix-de-commandeur-de-lordre-de-saint-stanislas-aux-encheres\/#primaryimage","url":"https:\/\/www.primardeco.com\/blog\/wp-content\/uploads\/2022\/01\/Croix-de-commandeur.-\u00a9Primardeco.jpg","contentUrl":"https:\/\/www.primardeco.com\/blog\/wp-content\/uploads\/2022\/01\/Croix-de-commandeur.-\u00a9Primardeco.jpg","width":896,"height":768,"caption":"Croix de commandeur. \u00a9Primardeco"},{"@type":"BreadcrumbList","@id":"https:\/\/www.primardeco.com\/blog\/une-croix-de-commandeur-de-lordre-de-saint-stanislas-aux-encheres\/#breadcrumb","itemListElement":[{"@type":"ListItem","position":1,"name":"Accueil","item":"https:\/\/www.primardeco.com\/blog\/"},{"@type":"ListItem","position":2,"name":"Une croix de Commandeur de l&rsquo;Ordre de saint Stanislas aux ench\u00e8res"}]},{"@type":"WebSite","@id":"https:\/\/www.primardeco.com\/blog\/#website","url":"https:\/\/www.primardeco.com\/blog\/","name":"Primardeco - Blog","description":"Expertises et Ventes aux ench\u00e8res","publisher":{"@id":"https:\/\/www.primardeco.com\/blog\/#organization"},"potentialAction":[{"@type":"SearchAction","target":{"@type":"EntryPoint","urlTemplate":"https:\/\/www.primardeco.com\/blog\/?s={search_term_string}"},"query-input":{"@type":"PropertyValueSpecification","valueRequired":true,"valueName":"search_term_string"}}],"inLanguage":"fr-FR"},{"@type":"Organization","@id":"https:\/\/www.primardeco.com\/blog\/#organization","name":"Le Blog Primardeco, Ventes aux Ench\u00e8res d'Art \u00e0 Toulouse","url":"https:\/\/www.primardeco.com\/blog\/","logo":{"@type":"ImageObject","inLanguage":"fr-FR","@id":"https:\/\/www.primardeco.com\/blog\/#\/schema\/logo\/image\/","url":"https:\/\/www.primardeco.com\/blog\/wp-content\/uploads\/2021\/11\/logo-primardeco-blog.png","contentUrl":"https:\/\/www.primardeco.com\/blog\/wp-content\/uploads\/2021\/11\/logo-primardeco-blog.png","width":282,"height":84,"caption":"Le Blog Primardeco, Ventes aux Ench\u00e8res d'Art \u00e0 Toulouse"},"image":{"@id":"https:\/\/www.primardeco.com\/blog\/#\/schema\/logo\/image\/"},"sameAs":["https:\/\/www.facebook.com\/Primardeco-275817602518624\/","https:\/\/x.com\/PRIMARDECO","https:\/\/www.instagram.com\/primardeco\/"]},{"@type":"Person","@id":"https:\/\/www.primardeco.com\/blog\/#\/schema\/person\/7de13947a1930d4cdcc9da53f15a8bf6","name":"Anne de Colonges-Trotignon,","image":{"@type":"ImageObject","inLanguage":"fr-FR","@id":"https:\/\/www.primardeco.com\/blog\/#\/schema\/person\/image\/","url":"https:\/\/secure.gravatar.com\/avatar\/853054ac9272b8d8231f62d5ba9a57c0838e74856b0112cb96fd18a428d1d335?s=96&d=mm&r=g","contentUrl":"https:\/\/secure.gravatar.com\/avatar\/853054ac9272b8d8231f62d5ba9a57c0838e74856b0112cb96fd18a428d1d335?s=96&d=mm&r=g","caption":"Anne de Colonges-Trotignon,"},"url":"https:\/\/www.primardeco.com\/blog\/author\/anne\/"}]}},"_links":{"self":[{"href":"https:\/\/www.primardeco.com\/blog\/wp-json\/wp\/v2\/posts\/965","targetHints":{"allow":["GET"]}}],"collection":[{"href":"https:\/\/www.primardeco.com\/blog\/wp-json\/wp\/v2\/posts"}],"about":[{"href":"https:\/\/www.primardeco.com\/blog\/wp-json\/wp\/v2\/types\/post"}],"author":[{"embeddable":true,"href":"https:\/\/www.primardeco.com\/blog\/wp-json\/wp\/v2\/users\/2"}],"replies":[{"embeddable":true,"href":"https:\/\/www.primardeco.com\/blog\/wp-json\/wp\/v2\/comments?post=965"}],"version-history":[{"count":8,"href":"https:\/\/www.primardeco.com\/blog\/wp-json\/wp\/v2\/posts\/965\/revisions"}],"predecessor-version":[{"id":1348,"href":"https:\/\/www.primardeco.com\/blog\/wp-json\/wp\/v2\/posts\/965\/revisions\/1348"}],"wp:featuredmedia":[{"embeddable":true,"href":"https:\/\/www.primardeco.com\/blog\/wp-json\/wp\/v2\/media\/978"}],"wp:attachment":[{"href":"https:\/\/www.primardeco.com\/blog\/wp-json\/wp\/v2\/media?parent=965"}],"wp:term":[{"taxonomy":"category","embeddable":true,"href":"https:\/\/www.primardeco.com\/blog\/wp-json\/wp\/v2\/categories?post=965"},{"taxonomy":"post_tag","embeddable":true,"href":"https:\/\/www.primardeco.com\/blog\/wp-json\/wp\/v2\/tags?post=965"}],"curies":[{"name":"wp","href":"https:\/\/api.w.org\/{rel}","templated":true}]}}