{"id":952,"date":"2022-01-20T10:03:19","date_gmt":"2022-01-20T09:03:19","guid":{"rendered":"https:\/\/www.primardeco.com\/blog\/?p=952"},"modified":"2022-03-21T17:34:20","modified_gmt":"2022-03-21T16:34:20","slug":"les-ordres-et-decorations-militaires-aux-encheres","status":"publish","type":"post","link":"https:\/\/www.primardeco.com\/blog\/les-ordres-et-decorations-militaires-aux-encheres\/","title":{"rendered":"Les ordres et d\u00e9corations militaires"},"content":{"rendered":"<p>[et_pb_section fb_built=\u00a0\u00bb1&Prime; _builder_version=\u00a0\u00bb4.15&Prime; global_colors_info=\u00a0\u00bb{}\u00a0\u00bb][et_pb_row _builder_version=\u00a0\u00bb4.15&Prime; background_size=\u00a0\u00bbinitial\u00a0\u00bb background_position=\u00a0\u00bbtop_left\u00a0\u00bb background_repeat=\u00a0\u00bbrepeat\u00a0\u00bb global_colors_info=\u00a0\u00bb{}\u00a0\u00bb][et_pb_column type=\u00a0\u00bb4_4&Prime; _builder_version=\u00a0\u00bb4.15&Prime; custom_padding=\u00a0\u00bb|||\u00a0\u00bb global_colors_info=\u00a0\u00bb{}\u00a0\u00bb custom_padding__hover=\u00a0\u00bb|||\u00a0\u00bb][et_pb_text admin_label=\u00a0\u00bbIntro\u00a0\u00bb _builder_version=\u00a0\u00bb4.15.1&Prime; _module_preset=\u00a0\u00bbdefault\u00a0\u00bb global_colors_info=\u00a0\u00bb{}\u00a0\u00bb]<\/p>\n<p><em>Les <strong>ordres et les d\u00e9corations militaires<\/strong> existent depuis le Moyen Age en Europe.\u00a0 Reflets de l\u2019histoire d\u2019un pays, ces objets peuvent \u00e9galement avoir une grande valeur artistique. Retour sur ce syst\u00e8me de r\u00e9compense unique.<\/em><\/p>\n<p>[\/et_pb_text][et_pb_divider _builder_version=\u00a0\u00bb4.15&Prime; _module_preset=\u00a0\u00bbdefault\u00a0\u00bb global_colors_info=\u00a0\u00bb{}\u00a0\u00bb][\/et_pb_divider][et_pb_text _builder_version=\u00a0\u00bb4.15.1&Prime; background_size=\u00a0\u00bbinitial\u00a0\u00bb background_position=\u00a0\u00bbtop_left\u00a0\u00bb background_repeat=\u00a0\u00bbrepeat\u00a0\u00bb global_colors_info=\u00a0\u00bb{}\u00a0\u00bb]<\/p>\n<h2>Qu\u2019est-ce qu\u2019un ordre\u00a0?<\/h2>\n<p>&nbsp;<\/p>\n<p>Un ordre est une <strong>distinction<\/strong> cr\u00e9\u00e9e par un Etat pour <strong>honorer le m\u00e9rite<\/strong> d\u2019une personne ayant servi son pays. D\u2019un point de vue symbolique et hi\u00e9rarchique, les ordres sont sup\u00e9rieurs aux autres distinctions.<\/p>\n<p>Un ordre est mat\u00e9rialis\u00e9 par une<strong> d\u00e9coration<\/strong> plus ou moins importante (d\u2019une simple m\u00e9daille \u00e0 un uniforme complet).<\/p>\n<p>Au sein d\u2019un ordre, il existe une hi\u00e9rarchie qui peut varier d\u2019un pays \u00e0 un autre. En France, la totalit\u00e9 des ordres se composent de <strong>trois ou cinq classes<\/strong> (Chevalier, Officier, Commandeur, Grand Officier et Grand-Croix).<\/p>\n<p>&nbsp;<\/p>\n<h2>Quelle est la plus haute d\u00e9coration fran\u00e7aise ?<\/h2>\n<p>Aujourd\u2019hui en France, les deux grands ordres honorifiques sont l<strong>\u2019Ordre de la L\u00e9gion d\u2019Honneur<\/strong> et l\u2019<strong>Ordre National du M\u00e9rite<\/strong>.<\/p>\n<p>[\/et_pb_text][\/et_pb_column][\/et_pb_row][et_pb_row column_structure=\u00a0\u00bb2_3,1_3&Prime; _builder_version=\u00a0\u00bb4.15&Prime; _module_preset=\u00a0\u00bbdefault\u00a0\u00bb global_colors_info=\u00a0\u00bb{}\u00a0\u00bb][et_pb_column type=\u00a0\u00bb2_3&Prime; _builder_version=\u00a0\u00bb4.15&Prime; _module_preset=\u00a0\u00bbdefault\u00a0\u00bb global_colors_info=\u00a0\u00bb{}\u00a0\u00bb][et_pb_text _builder_version=\u00a0\u00bb4.15&Prime; _module_preset=\u00a0\u00bbdefault\u00a0\u00bb global_colors_info=\u00a0\u00bb{}\u00a0\u00bb]<\/p>\n<h2>Des objets d\u2019art et d\u2019histoire<\/h2>\n<p>&nbsp;<\/p>\n<p>H\u00e9ritiers des grands <strong>ordres de chevalerie<\/strong> du Moyen Age, les ordres et d\u00e9corations militaires ont \u00e9volu\u00e9 au cours du temps. D\u2019abord propres \u00e0 l\u2019Europe, ils se g\u00e9n\u00e9ralisent dans le monde entier \u00e0 partir du<strong> XIX\u00e8me si\u00e8cle<\/strong>. Ces syst\u00e8mes de r\u00e9compenses et leur \u00e9volution refl\u00e8tent les grands changements historiques d\u2019un pays.<\/p>\n<p><strong>Symboles de la grande Histoire<\/strong>, les ordres et d\u00e9corations militaires peuvent \u00e9galement \u00eatre consid\u00e9r\u00e9s comme de v\u00e9ritables <strong>\u0153uvres d\u2019art<\/strong> aux qualit\u00e9s propres. En effet, les mat\u00e9riaux et les techniques employ\u00e9s pour les r\u00e9aliser sont tr\u00e8s souvent complexes et le fruit de <strong>savoir-faire<\/strong> extr\u00eamement pr\u00e9cieux. \u00a0Une dizaine d\u2019\u00e9tapes sont par exemple n\u00e9cessaires \u00e0 la fabrication de ces m\u00e9dailles en or, argent et\/ou \u00e9mail.<\/p>\n<p>[\/et_pb_text][\/et_pb_column][et_pb_column type=\u00a0\u00bb1_3&Prime; _builder_version=\u00a0\u00bb4.15&Prime; _module_preset=\u00a0\u00bbdefault\u00a0\u00bb global_colors_info=\u00a0\u00bb{}\u00a0\u00bb][et_pb_image src=\u00a0\u00bbhttps:\/\/www.primardeco.com\/blog\/wp-content\/uploads\/2022\/01\/Decorations-francaises-premiere-guerre-mondiale.jpg\u00a0\u00bb alt=\u00a0\u00bbD\u00e9corations fran\u00e7aises &#8211; 1\u00e8re Guerre mondiale\u00a9Primardeco\u00a0\u00bb title_text=\u00a0\u00bbD\u00e9corations fran\u00e7aises &#8211; 1\u00e8re Guerre mondiale\u00a9Primardeco\u00a0\u00bb _builder_version=\u00a0\u00bb4.15&Prime; _module_preset=\u00a0\u00bbdefault\u00a0\u00bb global_colors_info=\u00a0\u00bb{}\u00a0\u00bb][\/et_pb_image][\/et_pb_column][\/et_pb_row][et_pb_row column_structure=\u00a0\u00bb3_5,2_5&Prime; _builder_version=\u00a0\u00bb4.15&Prime; _module_preset=\u00a0\u00bbdefault\u00a0\u00bb global_colors_info=\u00a0\u00bb{}\u00a0\u00bb][et_pb_column type=\u00a0\u00bb3_5&Prime; _builder_version=\u00a0\u00bb4.15&Prime; _module_preset=\u00a0\u00bbdefault\u00a0\u00bb global_colors_info=\u00a0\u00bb{}\u00a0\u00bb][et_pb_text _builder_version=\u00a0\u00bb4.15&Prime; _module_preset=\u00a0\u00bbdefault\u00a0\u00bb min_height=\u00a0\u00bb170px\u00a0\u00bb global_colors_info=\u00a0\u00bb{}\u00a0\u00bb]<\/p>\n<h2>Le mus\u00e9e de la L\u00e9gion d\u2019honneur<\/h2>\n<p>&nbsp;<\/p>\n<p>Reconnues comme des \u0153uvres d\u2019art, certaines d\u00e9corations int\u00e8grent les collections de grands mus\u00e9es. En France, un mus\u00e9e leur est particuli\u00e8rement d\u00e9di\u00e9\u00a0: le <strong>mus\u00e9e de la L\u00e9gion d\u2019Honneur<\/strong> \u00e0 Paris.<\/p>\n<p>[\/et_pb_text][\/et_pb_column][et_pb_column type=\u00a0\u00bb2_5&Prime; _builder_version=\u00a0\u00bb4.15&Prime; _module_preset=\u00a0\u00bbdefault\u00a0\u00bb global_colors_info=\u00a0\u00bb{}\u00a0\u00bb][et_pb_image src=\u00a0\u00bbhttps:\/\/www.primardeco.com\/blog\/wp-content\/uploads\/2022\/01\/Musee-de-la-Legion-dHonneur.jpg\u00a0\u00bb alt=\u00a0\u00bb\u00a9Mus\u00e9e-de-la-Legion-dHonneur\u00a0\u00bb title_text=\u00a0\u00bbMus\u00e9e de la L\u00e9gion d&rsquo;Honneur\u00a0\u00bb _builder_version=\u00a0\u00bb4.15&Prime; _module_preset=\u00a0\u00bbdefault\u00a0\u00bb global_colors_info=\u00a0\u00bb{}\u00a0\u00bb][\/et_pb_image][\/et_pb_column][\/et_pb_row][et_pb_row _builder_version=\u00a0\u00bb4.15&Prime; _module_preset=\u00a0\u00bbdefault\u00a0\u00bb global_colors_info=\u00a0\u00bb{}\u00a0\u00bb][et_pb_column type=\u00a0\u00bb4_4&Prime; _builder_version=\u00a0\u00bb4.15&Prime; _module_preset=\u00a0\u00bbdefault\u00a0\u00bb global_colors_info=\u00a0\u00bb{}\u00a0\u00bb][et_pb_text _builder_version=\u00a0\u00bb4.15&Prime; _module_preset=\u00a0\u00bbdefault\u00a0\u00bb global_colors_info=\u00a0\u00bb{}\u00a0\u00bb]<\/p>\n<p>Consacr\u00e9 aux ordres de chevalerie, aux d\u00e9corations et aux m\u00e9dailles, le mus\u00e9e poss\u00e8de des collections extr\u00eamement riches comprenant plus de <strong>5000 objets d\u2019art<\/strong>. La France est principalement repr\u00e9sent\u00e9e dans ces collections. Cependant, l\u2019\u00e9tendue et la vari\u00e9t\u00e9 des objets recouvrent \u00e9galement d\u2019autres parties du globe. V\u00e9ritable r\u00e9f\u00e9rence mondiale, ce mus\u00e9e unique repr\u00e9sente <strong>la richesse et la diversit\u00e9 des ordres du monde entier<\/strong> du Moyen Age jusqu\u2019\u00e0 nos jours.<\/p>\n<p>[\/et_pb_text][\/et_pb_column][\/et_pb_row][et_pb_row column_structure=\u00a0\u00bb1_2,1_2&Prime; _builder_version=\u00a0\u00bb4.15&Prime; _module_preset=\u00a0\u00bbdefault\u00a0\u00bb global_colors_info=\u00a0\u00bb{}\u00a0\u00bb][et_pb_column type=\u00a0\u00bb1_2&Prime; _builder_version=\u00a0\u00bb4.15&Prime; _module_preset=\u00a0\u00bbdefault\u00a0\u00bb global_colors_info=\u00a0\u00bb{}\u00a0\u00bb][et_pb_text _builder_version=\u00a0\u00bb4.15&Prime; _module_preset=\u00a0\u00bbdefault\u00a0\u00bb global_colors_info=\u00a0\u00bb{}\u00a0\u00bb]<\/p>\n<h2>Des objets recherch\u00e9s par les collectionneurs<\/h2>\n<p>&nbsp;<\/p>\n<p>Dans le cadre de ces<a href=\"https:\/\/www.primardeco.com\/armes-anciennes\"> ventes aux ench\u00e8res d&rsquo;Armes de collection &amp; Militaria<\/a>, Primardeco pr\u00e9sente r\u00e9guli\u00e8rement des Ordres et d\u00e9corations militaires. Reflets d&rsquo;une \u00e9poque, objets de collection, ils ont de la valeur.<\/p>\n<p>Les d\u00e9corations militaires sont aujourd\u2019hui grandement recherch\u00e9es par les <strong>collectionneurs et\/ou les institutions culturelles<\/strong> soucieux de pr\u00e9server ces objets d\u2019art et d\u2019histoire uniques. Elles sont d\u00e8s lors \u00e0 l&rsquo;origine de <strong>belles ench\u00e8res<\/strong> \u00e0 l&rsquo;image de ce<a href=\"https:\/\/www.primardeco.com\/armes-anciennes\/lot-de-decorations-diverses-outre-une-medaille-commemorative-de-la-ca-41543\"> lot de m\u00e9dailles du XIX\u00e8me adjug\u00e9 <strong>2 400 \u20ac<\/strong><\/a>.<\/p>\n<p>La raret\u00e9, la qualit\u00e9 de fabrication, l\u2019anciennet\u00e9, l\u2019\u00e9tat de conservation, les m\u00e9taux et les techniques employ\u00e9s d\u00e9terminent la valeur d\u2019une pi\u00e8ce.<\/p>\n<p>[\/et_pb_text][\/et_pb_column][et_pb_column type=\u00a0\u00bb1_2&Prime; _builder_version=\u00a0\u00bb4.15&Prime; _module_preset=\u00a0\u00bbdefault\u00a0\u00bb global_colors_info=\u00a0\u00bb{}\u00a0\u00bb][et_pb_image src=\u00a0\u00bbhttps:\/\/www.primardeco.com\/blog\/wp-content\/uploads\/2022\/01\/9956af4af29047315389ba33d51673a163ed53ef.jpg\u00a0\u00bb alt=\u00a0\u00bbLot de diff\u00e9rentes m\u00e9dailles\u00a9Primardeco\u00a0\u00bb title_text=\u00a0\u00bbLot de diff\u00e9rentes m\u00e9dailles\u00a9Primardeco\u00a0\u00bb _builder_version=\u00a0\u00bb4.15&Prime; _module_preset=\u00a0\u00bbdefault\u00a0\u00bb global_colors_info=\u00a0\u00bb{}\u00a0\u00bb][\/et_pb_image][\/et_pb_column][\/et_pb_row][\/et_pb_section]<\/p>\n","protected":false},"excerpt":{"rendered":"<p>Les ordres et les d\u00e9corations militaires existent depuis le Moyen Age en Europe.\u00a0 Reflets de l\u2019histoire d\u2019un pays, ces objets peuvent \u00e9galement avoir une grande valeur artistique. Retour sur ce syst\u00e8me de r\u00e9compense unique. Qu\u2019est-ce qu\u2019un ordre\u00a0? &nbsp; Un ordre est une distinction cr\u00e9\u00e9e par un Etat pour honorer le m\u00e9rite d\u2019une personne ayant servi [&hellip;]<\/p>\n","protected":false},"author":2,"featured_media":957,"comment_status":"closed","ping_status":"closed","sticky":false,"template":"","format":"standard","meta":{"_et_pb_use_builder":"on","_et_pb_old_content":"","_et_gb_content_width":"","footnotes":""},"categories":[23],"tags":[34,39],"class_list":["post-952","post","type-post","status-publish","format-standard","has-post-thumbnail","hentry","category-armes-de-collections-militaria","tag-militaria","tag-ordres-decorations"],"yoast_head":"<!-- This site is optimized with the Yoast SEO plugin v25.6 - https:\/\/yoast.com\/wordpress\/plugins\/seo\/ -->\n<title>Les ordres et d\u00e9corations militaires | Primardeco - Blog<\/title>\n<meta name=\"description\" content=\"En savoir plus sur &quot;Les ordres et d\u00e9corations militaires&quot;, un sujet propos\u00e9 dans la cat\u00e9gorie Armes de collection, militaria par l&#039;\u00e9quipe Primardeco, sp\u00e9cialistes de l&#039;expertise et de la vente aux ench\u00e8res d&#039;art \u00e0 Toulouse.\" \/>\n<meta name=\"robots\" content=\"index, follow, max-snippet:-1, max-image-preview:large, max-video-preview:-1\" \/>\n<link rel=\"canonical\" href=\"https:\/\/www.primardeco.com\/blog\/les-ordres-et-decorations-militaires-aux-encheres\/\" \/>\n<meta property=\"og:locale\" content=\"fr_FR\" \/>\n<meta property=\"og:type\" content=\"article\" \/>\n<meta property=\"og:title\" content=\"Les ordres et d\u00e9corations militaires | Primardeco - Blog\" \/>\n<meta property=\"og:description\" content=\"En savoir plus sur &quot;Les ordres et d\u00e9corations militaires&quot;, un sujet propos\u00e9 dans la cat\u00e9gorie Armes de collection, militaria par l&#039;\u00e9quipe Primardeco, sp\u00e9cialistes de l&#039;expertise et de la vente aux ench\u00e8res d&#039;art \u00e0 Toulouse.\" \/>\n<meta property=\"og:url\" content=\"https:\/\/www.primardeco.com\/blog\/les-ordres-et-decorations-militaires-aux-encheres\/\" \/>\n<meta property=\"og:site_name\" content=\"Primardeco - Blog\" \/>\n<meta property=\"article:publisher\" content=\"https:\/\/www.facebook.com\/Primardeco-275817602518624\/\" \/>\n<meta property=\"article:published_time\" content=\"2022-01-20T09:03:19+00:00\" \/>\n<meta property=\"article:modified_time\" content=\"2022-03-21T16:34:20+00:00\" \/>\n<meta property=\"og:image\" content=\"https:\/\/www.primardeco.com\/blog\/wp-content\/uploads\/2022\/01\/Medailles-francaises.jpg\" \/>\n\t<meta property=\"og:image:width\" content=\"788\" \/>\n\t<meta property=\"og:image:height\" content=\"768\" \/>\n\t<meta property=\"og:image:type\" content=\"image\/jpeg\" \/>\n<meta name=\"author\" content=\"Anne de Colonges-Trotignon,\" \/>\n<meta name=\"twitter:card\" content=\"summary_large_image\" \/>\n<meta name=\"twitter:creator\" content=\"@PRIMARDECO\" \/>\n<meta name=\"twitter:site\" content=\"@PRIMARDECO\" \/>\n<meta name=\"twitter:label1\" content=\"\u00c9crit par\" \/>\n\t<meta name=\"twitter:data1\" content=\"Anne de Colonges-Trotignon,\" \/>\n\t<meta name=\"twitter:label2\" content=\"Dur\u00e9e de lecture estim\u00e9e\" \/>\n\t<meta name=\"twitter:data2\" content=\"5 minutes\" \/>\n<script type=\"application\/ld+json\" class=\"yoast-schema-graph\">{\"@context\":\"https:\/\/schema.org\",\"@graph\":[{\"@type\":\"Article\",\"@id\":\"https:\/\/www.primardeco.com\/blog\/les-ordres-et-decorations-militaires-aux-encheres\/#article\",\"isPartOf\":{\"@id\":\"https:\/\/www.primardeco.com\/blog\/les-ordres-et-decorations-militaires-aux-encheres\/\"},\"author\":{\"name\":\"Anne de Colonges-Trotignon,\",\"@id\":\"https:\/\/www.primardeco.com\/blog\/#\/schema\/person\/7de13947a1930d4cdcc9da53f15a8bf6\"},\"headline\":\"Les ordres et d\u00e9corations militaires\",\"datePublished\":\"2022-01-20T09:03:19+00:00\",\"dateModified\":\"2022-03-21T16:34:20+00:00\",\"mainEntityOfPage\":{\"@id\":\"https:\/\/www.primardeco.com\/blog\/les-ordres-et-decorations-militaires-aux-encheres\/\"},\"wordCount\":1040,\"publisher\":{\"@id\":\"https:\/\/www.primardeco.com\/blog\/#organization\"},\"image\":{\"@id\":\"https:\/\/www.primardeco.com\/blog\/les-ordres-et-decorations-militaires-aux-encheres\/#primaryimage\"},\"thumbnailUrl\":\"https:\/\/www.primardeco.com\/blog\/wp-content\/uploads\/2022\/01\/Medailles-francaises.jpg\",\"keywords\":[\"Militaria\",\"Ordres &amp; d\u00e9corations militaires\"],\"articleSection\":[\"Armes de collection, militaria\"],\"inLanguage\":\"fr-FR\"},{\"@type\":\"WebPage\",\"@id\":\"https:\/\/www.primardeco.com\/blog\/les-ordres-et-decorations-militaires-aux-encheres\/\",\"url\":\"https:\/\/www.primardeco.com\/blog\/les-ordres-et-decorations-militaires-aux-encheres\/\",\"name\":\"Les ordres et d\u00e9corations militaires | Primardeco - Blog\",\"isPartOf\":{\"@id\":\"https:\/\/www.primardeco.com\/blog\/#website\"},\"primaryImageOfPage\":{\"@id\":\"https:\/\/www.primardeco.com\/blog\/les-ordres-et-decorations-militaires-aux-encheres\/#primaryimage\"},\"image\":{\"@id\":\"https:\/\/www.primardeco.com\/blog\/les-ordres-et-decorations-militaires-aux-encheres\/#primaryimage\"},\"thumbnailUrl\":\"https:\/\/www.primardeco.com\/blog\/wp-content\/uploads\/2022\/01\/Medailles-francaises.jpg\",\"datePublished\":\"2022-01-20T09:03:19+00:00\",\"dateModified\":\"2022-03-21T16:34:20+00:00\",\"description\":\"En savoir plus sur \\\"Les ordres et d\u00e9corations militaires\\\", un sujet propos\u00e9 dans la cat\u00e9gorie Armes de collection, militaria par l'\u00e9quipe Primardeco, sp\u00e9cialistes de l'expertise et de la vente aux ench\u00e8res d'art \u00e0 Toulouse.\",\"breadcrumb\":{\"@id\":\"https:\/\/www.primardeco.com\/blog\/les-ordres-et-decorations-militaires-aux-encheres\/#breadcrumb\"},\"inLanguage\":\"fr-FR\",\"potentialAction\":[{\"@type\":\"ReadAction\",\"target\":[\"https:\/\/www.primardeco.com\/blog\/les-ordres-et-decorations-militaires-aux-encheres\/\"]}]},{\"@type\":\"ImageObject\",\"inLanguage\":\"fr-FR\",\"@id\":\"https:\/\/www.primardeco.com\/blog\/les-ordres-et-decorations-militaires-aux-encheres\/#primaryimage\",\"url\":\"https:\/\/www.primardeco.com\/blog\/wp-content\/uploads\/2022\/01\/Medailles-francaises.jpg\",\"contentUrl\":\"https:\/\/www.primardeco.com\/blog\/wp-content\/uploads\/2022\/01\/Medailles-francaises.jpg\",\"width\":788,\"height\":768,\"caption\":\"M\u00e9dailles fran\u00e7aises\u00a9Primardeco\"},{\"@type\":\"BreadcrumbList\",\"@id\":\"https:\/\/www.primardeco.com\/blog\/les-ordres-et-decorations-militaires-aux-encheres\/#breadcrumb\",\"itemListElement\":[{\"@type\":\"ListItem\",\"position\":1,\"name\":\"Accueil\",\"item\":\"https:\/\/www.primardeco.com\/blog\/\"},{\"@type\":\"ListItem\",\"position\":2,\"name\":\"Les ordres et d\u00e9corations militaires\"}]},{\"@type\":\"WebSite\",\"@id\":\"https:\/\/www.primardeco.com\/blog\/#website\",\"url\":\"https:\/\/www.primardeco.com\/blog\/\",\"name\":\"Primardeco - Blog\",\"description\":\"Expertises et Ventes aux ench\u00e8res\",\"publisher\":{\"@id\":\"https:\/\/www.primardeco.com\/blog\/#organization\"},\"potentialAction\":[{\"@type\":\"SearchAction\",\"target\":{\"@type\":\"EntryPoint\",\"urlTemplate\":\"https:\/\/www.primardeco.com\/blog\/?s={search_term_string}\"},\"query-input\":{\"@type\":\"PropertyValueSpecification\",\"valueRequired\":true,\"valueName\":\"search_term_string\"}}],\"inLanguage\":\"fr-FR\"},{\"@type\":\"Organization\",\"@id\":\"https:\/\/www.primardeco.com\/blog\/#organization\",\"name\":\"Le Blog Primardeco, Ventes aux Ench\u00e8res d'Art \u00e0 Toulouse\",\"url\":\"https:\/\/www.primardeco.com\/blog\/\",\"logo\":{\"@type\":\"ImageObject\",\"inLanguage\":\"fr-FR\",\"@id\":\"https:\/\/www.primardeco.com\/blog\/#\/schema\/logo\/image\/\",\"url\":\"https:\/\/www.primardeco.com\/blog\/wp-content\/uploads\/2021\/11\/logo-primardeco-blog.png\",\"contentUrl\":\"https:\/\/www.primardeco.com\/blog\/wp-content\/uploads\/2021\/11\/logo-primardeco-blog.png\",\"width\":282,\"height\":84,\"caption\":\"Le Blog Primardeco, Ventes aux Ench\u00e8res d'Art \u00e0 Toulouse\"},\"image\":{\"@id\":\"https:\/\/www.primardeco.com\/blog\/#\/schema\/logo\/image\/\"},\"sameAs\":[\"https:\/\/www.facebook.com\/Primardeco-275817602518624\/\",\"https:\/\/x.com\/PRIMARDECO\",\"https:\/\/www.instagram.com\/primardeco\/\"]},{\"@type\":\"Person\",\"@id\":\"https:\/\/www.primardeco.com\/blog\/#\/schema\/person\/7de13947a1930d4cdcc9da53f15a8bf6\",\"name\":\"Anne de Colonges-Trotignon,\",\"image\":{\"@type\":\"ImageObject\",\"inLanguage\":\"fr-FR\",\"@id\":\"https:\/\/www.primardeco.com\/blog\/#\/schema\/person\/image\/\",\"url\":\"https:\/\/secure.gravatar.com\/avatar\/853054ac9272b8d8231f62d5ba9a57c0838e74856b0112cb96fd18a428d1d335?s=96&d=mm&r=g\",\"contentUrl\":\"https:\/\/secure.gravatar.com\/avatar\/853054ac9272b8d8231f62d5ba9a57c0838e74856b0112cb96fd18a428d1d335?s=96&d=mm&r=g\",\"caption\":\"Anne de Colonges-Trotignon,\"},\"url\":\"https:\/\/www.primardeco.com\/blog\/author\/anne\/\"}]}<\/script>\n<!-- \/ Yoast SEO plugin. -->","yoast_head_json":{"title":"Les ordres et d\u00e9corations militaires | Primardeco - Blog","description":"En savoir plus sur \"Les ordres et d\u00e9corations militaires\", un sujet propos\u00e9 dans la cat\u00e9gorie Armes de collection, militaria par l'\u00e9quipe Primardeco, sp\u00e9cialistes de l'expertise et de la vente aux ench\u00e8res d'art \u00e0 Toulouse.","robots":{"index":"index","follow":"follow","max-snippet":"max-snippet:-1","max-image-preview":"max-image-preview:large","max-video-preview":"max-video-preview:-1"},"canonical":"https:\/\/www.primardeco.com\/blog\/les-ordres-et-decorations-militaires-aux-encheres\/","og_locale":"fr_FR","og_type":"article","og_title":"Les ordres et d\u00e9corations militaires | Primardeco - Blog","og_description":"En savoir plus sur \"Les ordres et d\u00e9corations militaires\", un sujet propos\u00e9 dans la cat\u00e9gorie Armes de collection, militaria par l'\u00e9quipe Primardeco, sp\u00e9cialistes de l'expertise et de la vente aux ench\u00e8res d'art \u00e0 Toulouse.","og_url":"https:\/\/www.primardeco.com\/blog\/les-ordres-et-decorations-militaires-aux-encheres\/","og_site_name":"Primardeco - Blog","article_publisher":"https:\/\/www.facebook.com\/Primardeco-275817602518624\/","article_published_time":"2022-01-20T09:03:19+00:00","article_modified_time":"2022-03-21T16:34:20+00:00","og_image":[{"width":788,"height":768,"url":"https:\/\/www.primardeco.com\/blog\/wp-content\/uploads\/2022\/01\/Medailles-francaises.jpg","type":"image\/jpeg"}],"author":"Anne de Colonges-Trotignon,","twitter_card":"summary_large_image","twitter_creator":"@PRIMARDECO","twitter_site":"@PRIMARDECO","twitter_misc":{"\u00c9crit par":"Anne de Colonges-Trotignon,","Dur\u00e9e de lecture estim\u00e9e":"5 minutes"},"schema":{"@context":"https:\/\/schema.org","@graph":[{"@type":"Article","@id":"https:\/\/www.primardeco.com\/blog\/les-ordres-et-decorations-militaires-aux-encheres\/#article","isPartOf":{"@id":"https:\/\/www.primardeco.com\/blog\/les-ordres-et-decorations-militaires-aux-encheres\/"},"author":{"name":"Anne de Colonges-Trotignon,","@id":"https:\/\/www.primardeco.com\/blog\/#\/schema\/person\/7de13947a1930d4cdcc9da53f15a8bf6"},"headline":"Les ordres et d\u00e9corations militaires","datePublished":"2022-01-20T09:03:19+00:00","dateModified":"2022-03-21T16:34:20+00:00","mainEntityOfPage":{"@id":"https:\/\/www.primardeco.com\/blog\/les-ordres-et-decorations-militaires-aux-encheres\/"},"wordCount":1040,"publisher":{"@id":"https:\/\/www.primardeco.com\/blog\/#organization"},"image":{"@id":"https:\/\/www.primardeco.com\/blog\/les-ordres-et-decorations-militaires-aux-encheres\/#primaryimage"},"thumbnailUrl":"https:\/\/www.primardeco.com\/blog\/wp-content\/uploads\/2022\/01\/Medailles-francaises.jpg","keywords":["Militaria","Ordres &amp; d\u00e9corations militaires"],"articleSection":["Armes de collection, militaria"],"inLanguage":"fr-FR"},{"@type":"WebPage","@id":"https:\/\/www.primardeco.com\/blog\/les-ordres-et-decorations-militaires-aux-encheres\/","url":"https:\/\/www.primardeco.com\/blog\/les-ordres-et-decorations-militaires-aux-encheres\/","name":"Les ordres et d\u00e9corations militaires | Primardeco - Blog","isPartOf":{"@id":"https:\/\/www.primardeco.com\/blog\/#website"},"primaryImageOfPage":{"@id":"https:\/\/www.primardeco.com\/blog\/les-ordres-et-decorations-militaires-aux-encheres\/#primaryimage"},"image":{"@id":"https:\/\/www.primardeco.com\/blog\/les-ordres-et-decorations-militaires-aux-encheres\/#primaryimage"},"thumbnailUrl":"https:\/\/www.primardeco.com\/blog\/wp-content\/uploads\/2022\/01\/Medailles-francaises.jpg","datePublished":"2022-01-20T09:03:19+00:00","dateModified":"2022-03-21T16:34:20+00:00","description":"En savoir plus sur \"Les ordres et d\u00e9corations militaires\", un sujet propos\u00e9 dans la cat\u00e9gorie Armes de collection, militaria par l'\u00e9quipe Primardeco, sp\u00e9cialistes de l'expertise et de la vente aux ench\u00e8res d'art \u00e0 Toulouse.","breadcrumb":{"@id":"https:\/\/www.primardeco.com\/blog\/les-ordres-et-decorations-militaires-aux-encheres\/#breadcrumb"},"inLanguage":"fr-FR","potentialAction":[{"@type":"ReadAction","target":["https:\/\/www.primardeco.com\/blog\/les-ordres-et-decorations-militaires-aux-encheres\/"]}]},{"@type":"ImageObject","inLanguage":"fr-FR","@id":"https:\/\/www.primardeco.com\/blog\/les-ordres-et-decorations-militaires-aux-encheres\/#primaryimage","url":"https:\/\/www.primardeco.com\/blog\/wp-content\/uploads\/2022\/01\/Medailles-francaises.jpg","contentUrl":"https:\/\/www.primardeco.com\/blog\/wp-content\/uploads\/2022\/01\/Medailles-francaises.jpg","width":788,"height":768,"caption":"M\u00e9dailles fran\u00e7aises\u00a9Primardeco"},{"@type":"BreadcrumbList","@id":"https:\/\/www.primardeco.com\/blog\/les-ordres-et-decorations-militaires-aux-encheres\/#breadcrumb","itemListElement":[{"@type":"ListItem","position":1,"name":"Accueil","item":"https:\/\/www.primardeco.com\/blog\/"},{"@type":"ListItem","position":2,"name":"Les ordres et d\u00e9corations militaires"}]},{"@type":"WebSite","@id":"https:\/\/www.primardeco.com\/blog\/#website","url":"https:\/\/www.primardeco.com\/blog\/","name":"Primardeco - Blog","description":"Expertises et Ventes aux ench\u00e8res","publisher":{"@id":"https:\/\/www.primardeco.com\/blog\/#organization"},"potentialAction":[{"@type":"SearchAction","target":{"@type":"EntryPoint","urlTemplate":"https:\/\/www.primardeco.com\/blog\/?s={search_term_string}"},"query-input":{"@type":"PropertyValueSpecification","valueRequired":true,"valueName":"search_term_string"}}],"inLanguage":"fr-FR"},{"@type":"Organization","@id":"https:\/\/www.primardeco.com\/blog\/#organization","name":"Le Blog Primardeco, Ventes aux Ench\u00e8res d'Art \u00e0 Toulouse","url":"https:\/\/www.primardeco.com\/blog\/","logo":{"@type":"ImageObject","inLanguage":"fr-FR","@id":"https:\/\/www.primardeco.com\/blog\/#\/schema\/logo\/image\/","url":"https:\/\/www.primardeco.com\/blog\/wp-content\/uploads\/2021\/11\/logo-primardeco-blog.png","contentUrl":"https:\/\/www.primardeco.com\/blog\/wp-content\/uploads\/2021\/11\/logo-primardeco-blog.png","width":282,"height":84,"caption":"Le Blog Primardeco, Ventes aux Ench\u00e8res d'Art \u00e0 Toulouse"},"image":{"@id":"https:\/\/www.primardeco.com\/blog\/#\/schema\/logo\/image\/"},"sameAs":["https:\/\/www.facebook.com\/Primardeco-275817602518624\/","https:\/\/x.com\/PRIMARDECO","https:\/\/www.instagram.com\/primardeco\/"]},{"@type":"Person","@id":"https:\/\/www.primardeco.com\/blog\/#\/schema\/person\/7de13947a1930d4cdcc9da53f15a8bf6","name":"Anne de Colonges-Trotignon,","image":{"@type":"ImageObject","inLanguage":"fr-FR","@id":"https:\/\/www.primardeco.com\/blog\/#\/schema\/person\/image\/","url":"https:\/\/secure.gravatar.com\/avatar\/853054ac9272b8d8231f62d5ba9a57c0838e74856b0112cb96fd18a428d1d335?s=96&d=mm&r=g","contentUrl":"https:\/\/secure.gravatar.com\/avatar\/853054ac9272b8d8231f62d5ba9a57c0838e74856b0112cb96fd18a428d1d335?s=96&d=mm&r=g","caption":"Anne de Colonges-Trotignon,"},"url":"https:\/\/www.primardeco.com\/blog\/author\/anne\/"}]}},"_links":{"self":[{"href":"https:\/\/www.primardeco.com\/blog\/wp-json\/wp\/v2\/posts\/952","targetHints":{"allow":["GET"]}}],"collection":[{"href":"https:\/\/www.primardeco.com\/blog\/wp-json\/wp\/v2\/posts"}],"about":[{"href":"https:\/\/www.primardeco.com\/blog\/wp-json\/wp\/v2\/types\/post"}],"author":[{"embeddable":true,"href":"https:\/\/www.primardeco.com\/blog\/wp-json\/wp\/v2\/users\/2"}],"replies":[{"embeddable":true,"href":"https:\/\/www.primardeco.com\/blog\/wp-json\/wp\/v2\/comments?post=952"}],"version-history":[{"count":14,"href":"https:\/\/www.primardeco.com\/blog\/wp-json\/wp\/v2\/posts\/952\/revisions"}],"predecessor-version":[{"id":1346,"href":"https:\/\/www.primardeco.com\/blog\/wp-json\/wp\/v2\/posts\/952\/revisions\/1346"}],"wp:featuredmedia":[{"embeddable":true,"href":"https:\/\/www.primardeco.com\/blog\/wp-json\/wp\/v2\/media\/957"}],"wp:attachment":[{"href":"https:\/\/www.primardeco.com\/blog\/wp-json\/wp\/v2\/media?parent=952"}],"wp:term":[{"taxonomy":"category","embeddable":true,"href":"https:\/\/www.primardeco.com\/blog\/wp-json\/wp\/v2\/categories?post=952"},{"taxonomy":"post_tag","embeddable":true,"href":"https:\/\/www.primardeco.com\/blog\/wp-json\/wp\/v2\/tags?post=952"}],"curies":[{"name":"wp","href":"https:\/\/api.w.org\/{rel}","templated":true}]}}