{"id":936,"date":"2022-01-19T18:44:43","date_gmt":"2022-01-19T17:44:43","guid":{"rendered":"https:\/\/www.primardeco.com\/blog\/?p=936"},"modified":"2024-01-10T10:26:55","modified_gmt":"2024-01-10T09:26:55","slug":"les-ventes-courantes-quesaco","status":"publish","type":"post","link":"https:\/\/www.primardeco.com\/blog\/les-ventes-courantes-quesaco\/","title":{"rendered":"Les ventes courantes : qu\u00e9saco ?"},"content":{"rendered":"<p>[et_pb_section fb_built=\u00a0\u00bb1&Prime; _builder_version=\u00a0\u00bb4.16&Prime; global_colors_info=\u00a0\u00bb{}\u00a0\u00bb][et_pb_row _builder_version=\u00a0\u00bb4.16&Prime; background_size=\u00a0\u00bbinitial\u00a0\u00bb background_position=\u00a0\u00bbtop_left\u00a0\u00bb background_repeat=\u00a0\u00bbrepeat\u00a0\u00bb global_colors_info=\u00a0\u00bb{}\u00a0\u00bb][et_pb_column type=\u00a0\u00bb4_4&Prime; _builder_version=\u00a0\u00bb4.16&Prime; custom_padding=\u00a0\u00bb|||\u00a0\u00bb global_colors_info=\u00a0\u00bb{}\u00a0\u00bb custom_padding__hover=\u00a0\u00bb|||\u00a0\u00bb][et_pb_text admin_label=\u00a0\u00bbIntro\u00a0\u00bb _builder_version=\u00a0\u00bb4.16&Prime; _module_preset=\u00a0\u00bbdefault\u00a0\u00bb custom_padding=\u00a0\u00bb||0px|||\u00a0\u00bb global_colors_info=\u00a0\u00bb{}\u00a0\u00bb]<\/p>\n<p><em>Primardeco organise au moins deux fois par mois, des <strong><a href=\"https:\/\/www.primardeco.com\">ventes aux ench\u00e8res courantes<\/a>.<\/strong> Autrefois appel\u00e9es \u00ab <strong>brocantes<\/strong> \u00bb, ces ventes rassemblent une tr\u00e8s grande quantit\u00e9 d\u2019objets divers pour le plus grand plaisir des amateurs.<\/em><\/p>\n<p>[\/et_pb_text][et_pb_divider _builder_version=\u00a0\u00bb4.16&Prime; _module_preset=\u00a0\u00bbdefault\u00a0\u00bb global_colors_info=\u00a0\u00bb{}\u00a0\u00bb][\/et_pb_divider][\/et_pb_column][\/et_pb_row][et_pb_row _builder_version=\u00a0\u00bb4.16&Prime; _module_preset=\u00a0\u00bbdefault\u00a0\u00bb custom_padding=\u00a0\u00bb||2px|||\u00a0\u00bb global_colors_info=\u00a0\u00bb{}\u00a0\u00bb][et_pb_column type=\u00a0\u00bb4_4&Prime; _builder_version=\u00a0\u00bb4.16&Prime; _module_preset=\u00a0\u00bbdefault\u00a0\u00bb global_colors_info=\u00a0\u00bb{}\u00a0\u00bb][et_pb_text _builder_version=\u00a0\u00bb4.16&Prime; _module_preset=\u00a0\u00bbdefault\u00a0\u00bb min_height=\u00a0\u00bb314.4px\u00a0\u00bb custom_padding=\u00a0\u00bb||22px|||\u00a0\u00bb global_colors_info=\u00a0\u00bb{}\u00a0\u00bb]<\/p>\n<h2>Qu\u2019est-ce qu\u2019une vente courante ?<\/h2>\n<p>&nbsp;<\/p>\n<p>Une vente courante est une vente <strong>non catalogu\u00e9e<\/strong> et non retransmise en live. Bien trop souvent \u00e9clips\u00e9es par les ventes \u00ab\u00a0blockbuster\u00a0\u00bb sp\u00e9cialis\u00e9es, elles sont le quotidien de <strong>toutes les<\/strong> <strong>maisons de vente<\/strong>.<\/p>\n<p>Les <strong>ventes courantes<\/strong> ont un certain nombre d\u2019avantages. Tout d\u2019abord, elles sont <strong>flexibles<\/strong> et offrent ainsi la possibilit\u00e9 d\u2019inclure un objet jusqu\u2019\u00e0 2-3 jours avant la vente. Ensuite, elles permettent d\u2019entretenir un <strong>lien fid\u00e8le avec la client\u00e8le locale<\/strong> souvent tr\u00e8s friande de ce type de vacation. Enfin, elles sont souvent une <strong>porte d\u2019entr\u00e9e<\/strong> privil\u00e9gi\u00e9e pour les n\u00e9ophytes qui commencent \u00e0 s\u2019int\u00e9resser au <strong>monde des ench\u00e8res<\/strong>. Ouvertes \u00e0 tous, ces ventes sont \u00e9galement un moyen de <a href=\"https:\/\/www.primardeco.com\">d\u00e9couvrir Primardeco et sa salle des ventes<\/a>.<\/p>\n<p>Une exposition est toujours organis\u00e9e la veille et\/ou le jour m\u00eame de la vacation afin de pr\u00e9senter et valoriser les objets mis en vente.<\/p>\n<p>[\/et_pb_text][\/et_pb_column][\/et_pb_row][et_pb_row _builder_version=\u00a0\u00bb4.16&Prime; _module_preset=\u00a0\u00bbdefault\u00a0\u00bb global_colors_info=\u00a0\u00bb{}\u00a0\u00bb][et_pb_column type=\u00a0\u00bb4_4&Prime; _builder_version=\u00a0\u00bb4.16&Prime; _module_preset=\u00a0\u00bbdefault\u00a0\u00bb global_colors_info=\u00a0\u00bb{}\u00a0\u00bb][et_pb_text _builder_version=\u00a0\u00bb4.16&Prime; _module_preset=\u00a0\u00bbdefault\u00a0\u00bb custom_padding=\u00a0\u00bb||0px|||\u00a0\u00bb global_colors_info=\u00a0\u00bb{}\u00a0\u00bb]<\/p>\n<h2>Un nid \u00e0 tr\u00e9sor\u00a0?<\/h2>\n<p>&nbsp;<\/p>\n<p>Une <a href=\"https:\/\/www.primardeco.com\/vente-courante\">grande quantit\u00e9 d\u2019objets de nature diverse<\/a> sont pr\u00e9sent\u00e9s au cours de ces ventes aux ench\u00e8res. D\u00e9nich\u00e9s chez des particuliers, ces objets sont souvent de belle qualit\u00e9.<\/p>\n<p><strong>Tableaux<\/strong>, <strong>bibelots<\/strong>, <strong>mobilier ancien ou moderne<\/strong>\u2026\u00a0: ces ventes \u00e9clectiques ne se r\u00e9p\u00e8tent jamais et permettent aux amateurs de d\u00e9nicher des objets originaux.<\/p>\n<p>[\/et_pb_text][\/et_pb_column][\/et_pb_row][et_pb_row column_structure=\u00a0\u00bb1_3,1_3,1_3&Prime; _builder_version=\u00a0\u00bb4.16&Prime; _module_preset=\u00a0\u00bbdefault\u00a0\u00bb global_colors_info=\u00a0\u00bb{}\u00a0\u00bb][et_pb_column type=\u00a0\u00bb1_3&Prime; _builder_version=\u00a0\u00bb4.16&Prime; _module_preset=\u00a0\u00bbdefault\u00a0\u00bb global_colors_info=\u00a0\u00bb{}\u00a0\u00bb][et_pb_image src=\u00a0\u00bbhttps:\/\/www.primardeco.com\/blog\/wp-content\/uploads\/2022\/01\/Vente-courante.-\u00a9Primardeco.jpg\u00a0\u00bb alt=\u00a0\u00bbVente courante. \u00a9Primardeco\u00a0\u00bb title_text=\u00a0\u00bbVente courante. \u00a9Primardeco\u00a0\u00bb _builder_version=\u00a0\u00bb4.16&Prime; _module_preset=\u00a0\u00bbdefault\u00a0\u00bb global_colors_info=\u00a0\u00bb{}\u00a0\u00bb][\/et_pb_image][\/et_pb_column][et_pb_column type=\u00a0\u00bb1_3&Prime; _builder_version=\u00a0\u00bb4.16&Prime; _module_preset=\u00a0\u00bbdefault\u00a0\u00bb global_colors_info=\u00a0\u00bb{}\u00a0\u00bb][et_pb_image src=\u00a0\u00bbhttps:\/\/www.primardeco.com\/blog\/wp-content\/uploads\/2022\/01\/Brocante.-\u00a9Primardeco.jpg\u00a0\u00bb alt=\u00a0\u00bbBrocante. \u00a9Primardeco\u00a0\u00bb title_text=\u00a0\u00bbBrocante. \u00a9Primardeco\u00a0\u00bb _builder_version=\u00a0\u00bb4.16&Prime; _module_preset=\u00a0\u00bbdefault\u00a0\u00bb global_colors_info=\u00a0\u00bb{}\u00a0\u00bb][\/et_pb_image][\/et_pb_column][et_pb_column type=\u00a0\u00bb1_3&Prime; _builder_version=\u00a0\u00bb4.16&Prime; _module_preset=\u00a0\u00bbdefault\u00a0\u00bb global_colors_info=\u00a0\u00bb{}\u00a0\u00bb][et_pb_image src=\u00a0\u00bbhttps:\/\/www.primardeco.com\/blog\/wp-content\/uploads\/2022\/01\/Brocante2.-\u00a9Primardeco.jpg\u00a0\u00bb alt=\u00a0\u00bbBrocante. \u00a9Primardeco\u00a0\u00bb title_text=\u00a0\u00bbBrocante. \u00a9Primardeco\u00a0\u00bb _builder_version=\u00a0\u00bb4.16&Prime; _module_preset=\u00a0\u00bbdefault\u00a0\u00bb global_colors_info=\u00a0\u00bb{}\u00a0\u00bb][\/et_pb_image][\/et_pb_column][\/et_pb_row][et_pb_row _builder_version=\u00a0\u00bb4.16&Prime; _module_preset=\u00a0\u00bbdefault\u00a0\u00bb global_colors_info=\u00a0\u00bb{}\u00a0\u00bb][et_pb_column type=\u00a0\u00bb4_4&Prime; _builder_version=\u00a0\u00bb4.16&Prime; _module_preset=\u00a0\u00bbdefault\u00a0\u00bb global_colors_info=\u00a0\u00bb{}\u00a0\u00bb][et_pb_text _builder_version=\u00a0\u00bb4.16&Prime; _module_preset=\u00a0\u00bbdefault\u00a0\u00bb global_colors_info=\u00a0\u00bb{}\u00a0\u00bb]<\/p>\n<h2>Un public vari\u00e9 et fid\u00e8le<\/h2>\n<p>&nbsp;<\/p>\n<p>Les <strong>ventes courantes<\/strong> du vendredi organis\u00e9es par Primardeco rencontrent un v\u00e9ritable succ\u00e8s et sont devenues un <strong>lieu de rendez-vous incontournable<\/strong> pour les clients les plus fid\u00e8les.<\/p>\n<p>Marchands d\u2019art, collectionneurs, amateurs des salles des ventes ou simples curieux se c\u00f4toient dans ces vacations et se livrent avec plaisir au <strong>jeu des ench\u00e8res<\/strong>. Sans obligation d\u2019achat, le public peut \u00e9galement profiter de l\u2019ambiance des ench\u00e8res et du \u00ab\u00a0spectacle\u00a0\u00bb qu\u2019offre une vente.<\/p>\n<p>Les prix des objets variants fortement, de quelques dizaines \u00e0 plusieurs centaines d\u2019euros, ces ventes sont <strong>accessibles au plus grand nombre<\/strong>.<\/p>\n<p>Plus r\u00e9cemment, les ventes courantes ont connu un regain d\u2019int\u00e9r\u00eat gr\u00e2ce notamment \u00e0 un public renouvel\u00e9. En effet, une <strong>client\u00e8le de plus en plus jeune, n\u00e9ophyte<\/strong>, souvent impact\u00e9e par la tendance de la seconde main et \u00e0 la recherche d\u2019objets originaux et uniques se tourne plus facilement vers les maisons de vente pour trouver leur bonheur.<\/p>\n<p>\u200b<\/p>\n<p>[\/et_pb_text][\/et_pb_column][\/et_pb_row][\/et_pb_section]<\/p>\n","protected":false},"excerpt":{"rendered":"<p>Primardeco organise au moins deux fois par mois, des ventes aux ench\u00e8res courantes. Autrefois appel\u00e9es \u00ab brocantes \u00bb, ces ventes rassemblent une tr\u00e8s grande quantit\u00e9 d\u2019objets divers pour le plus grand plaisir des amateurs.Qu\u2019est-ce qu\u2019une vente courante ? &nbsp; Une vente courante est une vente non catalogu\u00e9e et non retransmise en live. Bien trop souvent [&hellip;]<\/p>\n","protected":false},"author":2,"featured_media":951,"comment_status":"closed","ping_status":"closed","sticky":false,"template":"","format":"standard","meta":{"_et_pb_use_builder":"on","_et_pb_old_content":"","_et_gb_content_width":"","footnotes":""},"categories":[8],"tags":[38,37],"class_list":["post-936","post","type-post","status-publish","format-standard","has-post-thumbnail","hentry","category-objets-dart-antiquites","tag-brocante","tag-ventes-courantes"],"yoast_head":"<!-- This site is optimized with the Yoast SEO plugin v25.6 - https:\/\/yoast.com\/wordpress\/plugins\/seo\/ -->\n<title>Les ventes courantes : qu\u00e9saco ? | Primardeco - Blog<\/title>\n<meta name=\"description\" content=\"En savoir plus sur &quot;Les ventes courantes : qu\u00e9saco ?&quot;, un sujet propos\u00e9 dans la cat\u00e9gorie Objets d&#039;art &amp; antiquit\u00e9s par l&#039;\u00e9quipe Primardeco, sp\u00e9cialistes de l&#039;expertise et de la vente aux ench\u00e8res d&#039;art \u00e0 Toulouse.\" \/>\n<meta name=\"robots\" content=\"index, follow, max-snippet:-1, max-image-preview:large, max-video-preview:-1\" \/>\n<link rel=\"canonical\" href=\"https:\/\/www.primardeco.com\/blog\/les-ventes-courantes-quesaco\/\" \/>\n<meta property=\"og:locale\" content=\"fr_FR\" \/>\n<meta property=\"og:type\" content=\"article\" \/>\n<meta property=\"og:title\" content=\"Les ventes courantes : qu\u00e9saco ? | Primardeco - Blog\" \/>\n<meta property=\"og:description\" content=\"En savoir plus sur &quot;Les ventes courantes : qu\u00e9saco ?&quot;, un sujet propos\u00e9 dans la cat\u00e9gorie Objets d&#039;art &amp; antiquit\u00e9s par l&#039;\u00e9quipe Primardeco, sp\u00e9cialistes de l&#039;expertise et de la vente aux ench\u00e8res d&#039;art \u00e0 Toulouse.\" \/>\n<meta property=\"og:url\" content=\"https:\/\/www.primardeco.com\/blog\/les-ventes-courantes-quesaco\/\" \/>\n<meta property=\"og:site_name\" content=\"Primardeco - Blog\" \/>\n<meta property=\"article:publisher\" content=\"https:\/\/www.facebook.com\/Primardeco-275817602518624\/\" \/>\n<meta property=\"article:published_time\" content=\"2022-01-19T17:44:43+00:00\" \/>\n<meta property=\"article:modified_time\" content=\"2024-01-10T09:26:55+00:00\" \/>\n<meta property=\"og:image\" content=\"https:\/\/www.primardeco.com\/blog\/wp-content\/uploads\/2022\/01\/Place-de-style-le-point-virgule.png\" \/>\n\t<meta property=\"og:image:width\" content=\"945\" \/>\n\t<meta property=\"og:image:height\" content=\"756\" \/>\n\t<meta property=\"og:image:type\" content=\"image\/png\" \/>\n<meta name=\"author\" content=\"Anne de Colonges-Trotignon,\" \/>\n<meta name=\"twitter:card\" content=\"summary_large_image\" \/>\n<meta name=\"twitter:creator\" content=\"@PRIMARDECO\" \/>\n<meta name=\"twitter:site\" content=\"@PRIMARDECO\" \/>\n<meta name=\"twitter:label1\" content=\"\u00c9crit par\" \/>\n\t<meta name=\"twitter:data1\" content=\"Anne de Colonges-Trotignon,\" \/>\n\t<meta name=\"twitter:label2\" content=\"Dur\u00e9e de lecture estim\u00e9e\" \/>\n\t<meta name=\"twitter:data2\" content=\"3 minutes\" \/>\n<script type=\"application\/ld+json\" class=\"yoast-schema-graph\">{\"@context\":\"https:\/\/schema.org\",\"@graph\":[{\"@type\":\"Article\",\"@id\":\"https:\/\/www.primardeco.com\/blog\/les-ventes-courantes-quesaco\/#article\",\"isPartOf\":{\"@id\":\"https:\/\/www.primardeco.com\/blog\/les-ventes-courantes-quesaco\/\"},\"author\":{\"name\":\"Anne de Colonges-Trotignon,\",\"@id\":\"https:\/\/www.primardeco.com\/blog\/#\/schema\/person\/7de13947a1930d4cdcc9da53f15a8bf6\"},\"headline\":\"Les ventes courantes : qu\u00e9saco ?\",\"datePublished\":\"2022-01-19T17:44:43+00:00\",\"dateModified\":\"2024-01-10T09:26:55+00:00\",\"mainEntityOfPage\":{\"@id\":\"https:\/\/www.primardeco.com\/blog\/les-ventes-courantes-quesaco\/\"},\"wordCount\":830,\"publisher\":{\"@id\":\"https:\/\/www.primardeco.com\/blog\/#organization\"},\"image\":{\"@id\":\"https:\/\/www.primardeco.com\/blog\/les-ventes-courantes-quesaco\/#primaryimage\"},\"thumbnailUrl\":\"https:\/\/www.primardeco.com\/blog\/wp-content\/uploads\/2022\/01\/Place-de-style-le-point-virgule.png\",\"keywords\":[\"Brocante\",\"Ventes courantes\"],\"articleSection\":[\"Objets d'art &amp; antiquit\u00e9s\"],\"inLanguage\":\"fr-FR\"},{\"@type\":\"WebPage\",\"@id\":\"https:\/\/www.primardeco.com\/blog\/les-ventes-courantes-quesaco\/\",\"url\":\"https:\/\/www.primardeco.com\/blog\/les-ventes-courantes-quesaco\/\",\"name\":\"Les ventes courantes : qu\u00e9saco ? | Primardeco - Blog\",\"isPartOf\":{\"@id\":\"https:\/\/www.primardeco.com\/blog\/#website\"},\"primaryImageOfPage\":{\"@id\":\"https:\/\/www.primardeco.com\/blog\/les-ventes-courantes-quesaco\/#primaryimage\"},\"image\":{\"@id\":\"https:\/\/www.primardeco.com\/blog\/les-ventes-courantes-quesaco\/#primaryimage\"},\"thumbnailUrl\":\"https:\/\/www.primardeco.com\/blog\/wp-content\/uploads\/2022\/01\/Place-de-style-le-point-virgule.png\",\"datePublished\":\"2022-01-19T17:44:43+00:00\",\"dateModified\":\"2024-01-10T09:26:55+00:00\",\"description\":\"En savoir plus sur \\\"Les ventes courantes : qu\u00e9saco ?\\\", un sujet propos\u00e9 dans la cat\u00e9gorie Objets d'art &amp; antiquit\u00e9s par l'\u00e9quipe Primardeco, sp\u00e9cialistes de l'expertise et de la vente aux ench\u00e8res d'art \u00e0 Toulouse.\",\"breadcrumb\":{\"@id\":\"https:\/\/www.primardeco.com\/blog\/les-ventes-courantes-quesaco\/#breadcrumb\"},\"inLanguage\":\"fr-FR\",\"potentialAction\":[{\"@type\":\"ReadAction\",\"target\":[\"https:\/\/www.primardeco.com\/blog\/les-ventes-courantes-quesaco\/\"]}]},{\"@type\":\"ImageObject\",\"inLanguage\":\"fr-FR\",\"@id\":\"https:\/\/www.primardeco.com\/blog\/les-ventes-courantes-quesaco\/#primaryimage\",\"url\":\"https:\/\/www.primardeco.com\/blog\/wp-content\/uploads\/2022\/01\/Place-de-style-le-point-virgule.png\",\"contentUrl\":\"https:\/\/www.primardeco.com\/blog\/wp-content\/uploads\/2022\/01\/Place-de-style-le-point-virgule.png\",\"width\":945,\"height\":756,\"caption\":\"Ventes courantes \u00a9Primardeco\"},{\"@type\":\"BreadcrumbList\",\"@id\":\"https:\/\/www.primardeco.com\/blog\/les-ventes-courantes-quesaco\/#breadcrumb\",\"itemListElement\":[{\"@type\":\"ListItem\",\"position\":1,\"name\":\"Accueil\",\"item\":\"https:\/\/www.primardeco.com\/blog\/\"},{\"@type\":\"ListItem\",\"position\":2,\"name\":\"Les ventes courantes : qu\u00e9saco ?\"}]},{\"@type\":\"WebSite\",\"@id\":\"https:\/\/www.primardeco.com\/blog\/#website\",\"url\":\"https:\/\/www.primardeco.com\/blog\/\",\"name\":\"Primardeco - Blog\",\"description\":\"Expertises et Ventes aux ench\u00e8res\",\"publisher\":{\"@id\":\"https:\/\/www.primardeco.com\/blog\/#organization\"},\"potentialAction\":[{\"@type\":\"SearchAction\",\"target\":{\"@type\":\"EntryPoint\",\"urlTemplate\":\"https:\/\/www.primardeco.com\/blog\/?s={search_term_string}\"},\"query-input\":{\"@type\":\"PropertyValueSpecification\",\"valueRequired\":true,\"valueName\":\"search_term_string\"}}],\"inLanguage\":\"fr-FR\"},{\"@type\":\"Organization\",\"@id\":\"https:\/\/www.primardeco.com\/blog\/#organization\",\"name\":\"Le Blog Primardeco, Ventes aux Ench\u00e8res d'Art \u00e0 Toulouse\",\"url\":\"https:\/\/www.primardeco.com\/blog\/\",\"logo\":{\"@type\":\"ImageObject\",\"inLanguage\":\"fr-FR\",\"@id\":\"https:\/\/www.primardeco.com\/blog\/#\/schema\/logo\/image\/\",\"url\":\"https:\/\/www.primardeco.com\/blog\/wp-content\/uploads\/2021\/11\/logo-primardeco-blog.png\",\"contentUrl\":\"https:\/\/www.primardeco.com\/blog\/wp-content\/uploads\/2021\/11\/logo-primardeco-blog.png\",\"width\":282,\"height\":84,\"caption\":\"Le Blog Primardeco, Ventes aux Ench\u00e8res d'Art \u00e0 Toulouse\"},\"image\":{\"@id\":\"https:\/\/www.primardeco.com\/blog\/#\/schema\/logo\/image\/\"},\"sameAs\":[\"https:\/\/www.facebook.com\/Primardeco-275817602518624\/\",\"https:\/\/x.com\/PRIMARDECO\",\"https:\/\/www.instagram.com\/primardeco\/\"]},{\"@type\":\"Person\",\"@id\":\"https:\/\/www.primardeco.com\/blog\/#\/schema\/person\/7de13947a1930d4cdcc9da53f15a8bf6\",\"name\":\"Anne de Colonges-Trotignon,\",\"image\":{\"@type\":\"ImageObject\",\"inLanguage\":\"fr-FR\",\"@id\":\"https:\/\/www.primardeco.com\/blog\/#\/schema\/person\/image\/\",\"url\":\"https:\/\/secure.gravatar.com\/avatar\/853054ac9272b8d8231f62d5ba9a57c0838e74856b0112cb96fd18a428d1d335?s=96&d=mm&r=g\",\"contentUrl\":\"https:\/\/secure.gravatar.com\/avatar\/853054ac9272b8d8231f62d5ba9a57c0838e74856b0112cb96fd18a428d1d335?s=96&d=mm&r=g\",\"caption\":\"Anne de Colonges-Trotignon,\"},\"url\":\"https:\/\/www.primardeco.com\/blog\/author\/anne\/\"}]}<\/script>\n<!-- \/ Yoast SEO plugin. -->","yoast_head_json":{"title":"Les ventes courantes : qu\u00e9saco ? | Primardeco - Blog","description":"En savoir plus sur \"Les ventes courantes : qu\u00e9saco ?\", un sujet propos\u00e9 dans la cat\u00e9gorie Objets d'art &amp; antiquit\u00e9s par l'\u00e9quipe Primardeco, sp\u00e9cialistes de l'expertise et de la vente aux ench\u00e8res d'art \u00e0 Toulouse.","robots":{"index":"index","follow":"follow","max-snippet":"max-snippet:-1","max-image-preview":"max-image-preview:large","max-video-preview":"max-video-preview:-1"},"canonical":"https:\/\/www.primardeco.com\/blog\/les-ventes-courantes-quesaco\/","og_locale":"fr_FR","og_type":"article","og_title":"Les ventes courantes : qu\u00e9saco ? | Primardeco - Blog","og_description":"En savoir plus sur \"Les ventes courantes : qu\u00e9saco ?\", un sujet propos\u00e9 dans la cat\u00e9gorie Objets d'art &amp; antiquit\u00e9s par l'\u00e9quipe Primardeco, sp\u00e9cialistes de l'expertise et de la vente aux ench\u00e8res d'art \u00e0 Toulouse.","og_url":"https:\/\/www.primardeco.com\/blog\/les-ventes-courantes-quesaco\/","og_site_name":"Primardeco - Blog","article_publisher":"https:\/\/www.facebook.com\/Primardeco-275817602518624\/","article_published_time":"2022-01-19T17:44:43+00:00","article_modified_time":"2024-01-10T09:26:55+00:00","og_image":[{"width":945,"height":756,"url":"https:\/\/www.primardeco.com\/blog\/wp-content\/uploads\/2022\/01\/Place-de-style-le-point-virgule.png","type":"image\/png"}],"author":"Anne de Colonges-Trotignon,","twitter_card":"summary_large_image","twitter_creator":"@PRIMARDECO","twitter_site":"@PRIMARDECO","twitter_misc":{"\u00c9crit par":"Anne de Colonges-Trotignon,","Dur\u00e9e de lecture estim\u00e9e":"3 minutes"},"schema":{"@context":"https:\/\/schema.org","@graph":[{"@type":"Article","@id":"https:\/\/www.primardeco.com\/blog\/les-ventes-courantes-quesaco\/#article","isPartOf":{"@id":"https:\/\/www.primardeco.com\/blog\/les-ventes-courantes-quesaco\/"},"author":{"name":"Anne de Colonges-Trotignon,","@id":"https:\/\/www.primardeco.com\/blog\/#\/schema\/person\/7de13947a1930d4cdcc9da53f15a8bf6"},"headline":"Les ventes courantes : qu\u00e9saco ?","datePublished":"2022-01-19T17:44:43+00:00","dateModified":"2024-01-10T09:26:55+00:00","mainEntityOfPage":{"@id":"https:\/\/www.primardeco.com\/blog\/les-ventes-courantes-quesaco\/"},"wordCount":830,"publisher":{"@id":"https:\/\/www.primardeco.com\/blog\/#organization"},"image":{"@id":"https:\/\/www.primardeco.com\/blog\/les-ventes-courantes-quesaco\/#primaryimage"},"thumbnailUrl":"https:\/\/www.primardeco.com\/blog\/wp-content\/uploads\/2022\/01\/Place-de-style-le-point-virgule.png","keywords":["Brocante","Ventes courantes"],"articleSection":["Objets d'art &amp; antiquit\u00e9s"],"inLanguage":"fr-FR"},{"@type":"WebPage","@id":"https:\/\/www.primardeco.com\/blog\/les-ventes-courantes-quesaco\/","url":"https:\/\/www.primardeco.com\/blog\/les-ventes-courantes-quesaco\/","name":"Les ventes courantes : qu\u00e9saco ? | Primardeco - Blog","isPartOf":{"@id":"https:\/\/www.primardeco.com\/blog\/#website"},"primaryImageOfPage":{"@id":"https:\/\/www.primardeco.com\/blog\/les-ventes-courantes-quesaco\/#primaryimage"},"image":{"@id":"https:\/\/www.primardeco.com\/blog\/les-ventes-courantes-quesaco\/#primaryimage"},"thumbnailUrl":"https:\/\/www.primardeco.com\/blog\/wp-content\/uploads\/2022\/01\/Place-de-style-le-point-virgule.png","datePublished":"2022-01-19T17:44:43+00:00","dateModified":"2024-01-10T09:26:55+00:00","description":"En savoir plus sur \"Les ventes courantes : qu\u00e9saco ?\", un sujet propos\u00e9 dans la cat\u00e9gorie Objets d'art &amp; antiquit\u00e9s par l'\u00e9quipe Primardeco, sp\u00e9cialistes de l'expertise et de la vente aux ench\u00e8res d'art \u00e0 Toulouse.","breadcrumb":{"@id":"https:\/\/www.primardeco.com\/blog\/les-ventes-courantes-quesaco\/#breadcrumb"},"inLanguage":"fr-FR","potentialAction":[{"@type":"ReadAction","target":["https:\/\/www.primardeco.com\/blog\/les-ventes-courantes-quesaco\/"]}]},{"@type":"ImageObject","inLanguage":"fr-FR","@id":"https:\/\/www.primardeco.com\/blog\/les-ventes-courantes-quesaco\/#primaryimage","url":"https:\/\/www.primardeco.com\/blog\/wp-content\/uploads\/2022\/01\/Place-de-style-le-point-virgule.png","contentUrl":"https:\/\/www.primardeco.com\/blog\/wp-content\/uploads\/2022\/01\/Place-de-style-le-point-virgule.png","width":945,"height":756,"caption":"Ventes courantes \u00a9Primardeco"},{"@type":"BreadcrumbList","@id":"https:\/\/www.primardeco.com\/blog\/les-ventes-courantes-quesaco\/#breadcrumb","itemListElement":[{"@type":"ListItem","position":1,"name":"Accueil","item":"https:\/\/www.primardeco.com\/blog\/"},{"@type":"ListItem","position":2,"name":"Les ventes courantes : qu\u00e9saco ?"}]},{"@type":"WebSite","@id":"https:\/\/www.primardeco.com\/blog\/#website","url":"https:\/\/www.primardeco.com\/blog\/","name":"Primardeco - Blog","description":"Expertises et Ventes aux ench\u00e8res","publisher":{"@id":"https:\/\/www.primardeco.com\/blog\/#organization"},"potentialAction":[{"@type":"SearchAction","target":{"@type":"EntryPoint","urlTemplate":"https:\/\/www.primardeco.com\/blog\/?s={search_term_string}"},"query-input":{"@type":"PropertyValueSpecification","valueRequired":true,"valueName":"search_term_string"}}],"inLanguage":"fr-FR"},{"@type":"Organization","@id":"https:\/\/www.primardeco.com\/blog\/#organization","name":"Le Blog Primardeco, Ventes aux Ench\u00e8res d'Art \u00e0 Toulouse","url":"https:\/\/www.primardeco.com\/blog\/","logo":{"@type":"ImageObject","inLanguage":"fr-FR","@id":"https:\/\/www.primardeco.com\/blog\/#\/schema\/logo\/image\/","url":"https:\/\/www.primardeco.com\/blog\/wp-content\/uploads\/2021\/11\/logo-primardeco-blog.png","contentUrl":"https:\/\/www.primardeco.com\/blog\/wp-content\/uploads\/2021\/11\/logo-primardeco-blog.png","width":282,"height":84,"caption":"Le Blog Primardeco, Ventes aux Ench\u00e8res d'Art \u00e0 Toulouse"},"image":{"@id":"https:\/\/www.primardeco.com\/blog\/#\/schema\/logo\/image\/"},"sameAs":["https:\/\/www.facebook.com\/Primardeco-275817602518624\/","https:\/\/x.com\/PRIMARDECO","https:\/\/www.instagram.com\/primardeco\/"]},{"@type":"Person","@id":"https:\/\/www.primardeco.com\/blog\/#\/schema\/person\/7de13947a1930d4cdcc9da53f15a8bf6","name":"Anne de Colonges-Trotignon,","image":{"@type":"ImageObject","inLanguage":"fr-FR","@id":"https:\/\/www.primardeco.com\/blog\/#\/schema\/person\/image\/","url":"https:\/\/secure.gravatar.com\/avatar\/853054ac9272b8d8231f62d5ba9a57c0838e74856b0112cb96fd18a428d1d335?s=96&d=mm&r=g","contentUrl":"https:\/\/secure.gravatar.com\/avatar\/853054ac9272b8d8231f62d5ba9a57c0838e74856b0112cb96fd18a428d1d335?s=96&d=mm&r=g","caption":"Anne de Colonges-Trotignon,"},"url":"https:\/\/www.primardeco.com\/blog\/author\/anne\/"}]}},"_links":{"self":[{"href":"https:\/\/www.primardeco.com\/blog\/wp-json\/wp\/v2\/posts\/936","targetHints":{"allow":["GET"]}}],"collection":[{"href":"https:\/\/www.primardeco.com\/blog\/wp-json\/wp\/v2\/posts"}],"about":[{"href":"https:\/\/www.primardeco.com\/blog\/wp-json\/wp\/v2\/types\/post"}],"author":[{"embeddable":true,"href":"https:\/\/www.primardeco.com\/blog\/wp-json\/wp\/v2\/users\/2"}],"replies":[{"embeddable":true,"href":"https:\/\/www.primardeco.com\/blog\/wp-json\/wp\/v2\/comments?post=936"}],"version-history":[{"count":7,"href":"https:\/\/www.primardeco.com\/blog\/wp-json\/wp\/v2\/posts\/936\/revisions"}],"predecessor-version":[{"id":2741,"href":"https:\/\/www.primardeco.com\/blog\/wp-json\/wp\/v2\/posts\/936\/revisions\/2741"}],"wp:featuredmedia":[{"embeddable":true,"href":"https:\/\/www.primardeco.com\/blog\/wp-json\/wp\/v2\/media\/951"}],"wp:attachment":[{"href":"https:\/\/www.primardeco.com\/blog\/wp-json\/wp\/v2\/media?parent=936"}],"wp:term":[{"taxonomy":"category","embeddable":true,"href":"https:\/\/www.primardeco.com\/blog\/wp-json\/wp\/v2\/categories?post=936"},{"taxonomy":"post_tag","embeddable":true,"href":"https:\/\/www.primardeco.com\/blog\/wp-json\/wp\/v2\/tags?post=936"}],"curies":[{"name":"wp","href":"https:\/\/api.w.org\/{rel}","templated":true}]}}