{"id":777,"date":"2022-01-06T12:14:45","date_gmt":"2022-01-06T11:14:45","guid":{"rendered":"https:\/\/www.primardeco.com\/blog\/?p=777"},"modified":"2022-03-21T17:15:23","modified_gmt":"2022-03-21T16:15:23","slug":"vendre-son-or-aux-encheres","status":"publish","type":"post","link":"https:\/\/www.primardeco.com\/blog\/vendre-son-or-aux-encheres\/","title":{"rendered":"Vendre son or aux ench\u00e8res"},"content":{"rendered":"<p>[et_pb_section fb_built=\u00a0\u00bb1&Prime; _builder_version=\u00a0\u00bb4.15&Prime; global_colors_info=\u00a0\u00bb{}\u00a0\u00bb][et_pb_row _builder_version=\u00a0\u00bb4.15&Prime; background_size=\u00a0\u00bbinitial\u00a0\u00bb background_position=\u00a0\u00bbtop_left\u00a0\u00bb background_repeat=\u00a0\u00bbrepeat\u00a0\u00bb global_colors_info=\u00a0\u00bb{}\u00a0\u00bb][et_pb_column type=\u00a0\u00bb4_4&Prime; _builder_version=\u00a0\u00bb4.15&Prime; custom_padding=\u00a0\u00bb|||\u00a0\u00bb global_colors_info=\u00a0\u00bb{}\u00a0\u00bb custom_padding__hover=\u00a0\u00bb|||\u00a0\u00bb][et_pb_text admin_label=\u00a0\u00bbIntro\u00a0\u00bb _builder_version=\u00a0\u00bb4.15&Prime; _module_preset=\u00a0\u00bbdefault\u00a0\u00bb global_colors_info=\u00a0\u00bb{}\u00a0\u00bb]<\/p>\n<p><em>Depuis la nuit des temps, l\u2019<strong>or<\/strong> suscite tous les engouements. Utilis\u00e9 depuis l\u2019Antiquit\u00e9 pour sa valeur mon\u00e9taire, l\u2019or est depuis toujours consid\u00e9r\u00e9 comme un investissement s\u00fbr et fiable surtout en temps de crise. Si les enseignes de rachat d\u2019or ne cessent de fleurir dans nos villes, l\u2019un des moyens les plus s\u00fbrs pour vendre son or reste la <strong>vente aux ench\u00e8res<\/strong>.<\/em><\/p>\n<p>\u200b<\/p>\n<p>[\/et_pb_text][et_pb_divider _builder_version=\u00a0\u00bb4.15&Prime; _module_preset=\u00a0\u00bbdefault\u00a0\u00bb global_colors_info=\u00a0\u00bb{}\u00a0\u00bb][\/et_pb_divider][et_pb_text _builder_version=\u00a0\u00bb4.15&Prime; background_size=\u00a0\u00bbinitial\u00a0\u00bb background_position=\u00a0\u00bbtop_left\u00a0\u00bb background_repeat=\u00a0\u00bbrepeat\u00a0\u00bb global_colors_info=\u00a0\u00bb{}\u00a0\u00bb]<\/p>\n<h2>Qu\u2019est-ce que l\u2019or\u00a0?<\/h2>\n<p>&nbsp;<\/p>\n<p>Dans le dictionnaire Larousse l\u2019or est d\u00e9fini comme un \u00ab\u00a0m\u00e9tal d\u2019un jaune brillant, dense, tr\u00e8s ductile, inalt\u00e9rable \u00e0 l\u2019air et \u00e0 l\u2019eau et qui a une tr\u00e8s grande valeur commerciale \u00bb.<\/p>\n<p>L\u2019or est extr\u00eamement <strong>mall\u00e9able<\/strong> \u00e0 l\u2019\u00e9tat pur et peut \u00eatre facilement r\u00e9duit en feuilles. \u00a0Tr\u00e8s peu oxydable, pratiquement inalt\u00e9rable, jaune et d\u2019un \u00e9clat remarquable, on peut le trouver \u00e0 l\u2019\u00e9tat natif sous forme de paillettes ou <strong>p\u00e9pites<\/strong>, mais \u00e9galement sous forme de roche ou de soufre. Il est g\u00e9n\u00e9ralement jaune, mais il peut \u00e9galement \u00eatre rose ou blanc et m\u00eame prendre d\u2019autres teintes beaucoup plus rares.<\/p>\n<p>La<strong> valeur de l\u2019or<\/strong> est \u00e9valu\u00e9e en<strong> carat<\/strong>. Cette unit\u00e9 de mesure permet de donner avec exactitude la puret\u00e9 du m\u00e9tal. Ainsi plus l\u2019or est pur, plus le carat est \u00e9lev\u00e9. Par exemple, un or 24 carats correspond \u00e0 un or pur \u00e0 99,99 %.<\/p>\n<p>De tout temps appr\u00e9ci\u00e9, les <strong>qualit\u00e9s de l\u2019or sont nombreuses<\/strong> aux yeux de l\u2019Homme\u00a0: il ne s\u2019oxyde pas, ne se sulfure pas, poss\u00e8de un \u00e9clat tr\u00e8s esth\u00e9tique et est relativement facile d\u2019acc\u00e8s.<\/p>\n<p>[\/et_pb_text][\/et_pb_column][\/et_pb_row][et_pb_row _builder_version=\u00a0\u00bb4.15&Prime; _module_preset=\u00a0\u00bbdefault\u00a0\u00bb global_colors_info=\u00a0\u00bb{}\u00a0\u00bb][et_pb_column type=\u00a0\u00bb4_4&Prime; _builder_version=\u00a0\u00bb4.15&Prime; _module_preset=\u00a0\u00bbdefault\u00a0\u00bb global_colors_info=\u00a0\u00bb{}\u00a0\u00bb][et_pb_text _builder_version=\u00a0\u00bb4.15&Prime; _module_preset=\u00a0\u00bbdefault\u00a0\u00bb global_colors_info=\u00a0\u00bb{}\u00a0\u00bb]<\/p>\n<h2>Ce qui vaut de l\u2019or\u2026 L\u2019or, une valeur refuge<\/h2>\n<p>&nbsp;<\/p>\n<p>Depuis toujours l\u2019or est consid\u00e9r\u00e9 comme une <strong>valeur refuge<\/strong> surtout en temps de crise. R\u00e9put\u00e9 pour \u00eatre l\u2019un des m\u00e9taux pr\u00e9cieux le plus recherch\u00e9 au monde, son cours n\u2019a cess\u00e9 de grimper au fil des ann\u00e9es jusqu\u2019\u00e0 atteindre r\u00e9cemment une <strong>valeur historique.<\/strong><\/p>\n<p>&nbsp;<\/p>\n<p>Le cours de l\u2019or correspond \u00e0 une <strong>cotation quotidienne<\/strong> appel\u00e9e <em>fixing<\/em>. Il est d\u00e9termin\u00e9 en fonction de l\u2019offre et de la demande. C\u2019est pourquoi il n\u2019est jamais fixe et peut fortement varier d\u2019un jour \u00e0 l\u2019autre. Le cours de l\u2019or est d\u00e9termin\u00e9 deux fois par jour (\u00e0 10h30 et \u00e0 15h) par un organisme sp\u00e9cifique\u00a0: <strong>London Bulilon Market Association<\/strong>.<\/p>\n<p>[\/et_pb_text][\/et_pb_column][\/et_pb_row][et_pb_row _builder_version=\u00a0\u00bb4.15&Prime; _module_preset=\u00a0\u00bbdefault\u00a0\u00bb global_colors_info=\u00a0\u00bb{}\u00a0\u00bb][et_pb_column type=\u00a0\u00bb4_4&Prime; _builder_version=\u00a0\u00bb4.15&Prime; _module_preset=\u00a0\u00bbdefault\u00a0\u00bb global_colors_info=\u00a0\u00bb{}\u00a0\u00bb][et_pb_text _builder_version=\u00a0\u00bb4.15&Prime; _module_preset=\u00a0\u00bbdefault\u00a0\u00bb global_colors_info=\u00a0\u00bb{}\u00a0\u00bb]<\/p>\n<h2>Pi\u00e8ces et lingots en or<\/h2>\n<p><strong><em>\u00a0<\/em><\/strong><\/p>\n<p>Les<a href=\"https:\/\/www.primardeco.com\/or\"><strong> pi\u00e8ces et les lingots en or<\/strong><\/a> sont couramment associ\u00e9s \u00e0 la vente d\u2019or. Mais pour vendre ses pi\u00e8ces et ses lingots en or au meilleur prix, il est tr\u00e8s important d\u2019en conna\u00eetre la valeur.<\/p>\n<p>[\/et_pb_text][\/et_pb_column][\/et_pb_row][et_pb_row column_structure=\u00a0\u00bb3_5,2_5&Prime; _builder_version=\u00a0\u00bb4.15&Prime; _module_preset=\u00a0\u00bbdefault\u00a0\u00bb global_colors_info=\u00a0\u00bb{}\u00a0\u00bb][et_pb_column type=\u00a0\u00bb3_5&Prime; _builder_version=\u00a0\u00bb4.15&Prime; _module_preset=\u00a0\u00bbdefault\u00a0\u00bb global_colors_info=\u00a0\u00bb{}\u00a0\u00bb][et_pb_text _builder_version=\u00a0\u00bb4.15&Prime; _module_preset=\u00a0\u00bbdefault\u00a0\u00bb global_colors_info=\u00a0\u00bb{}\u00a0\u00bb]<\/p>\n<p>La valeur d\u2019une pi\u00e8ce en or d\u00e9pend de sa <strong>raret\u00e9<\/strong> et de son <strong>\u00e9tat.<\/strong> Si la pi\u00e8ce d\u2019or est \u00ab\u00a0courante\u00a0\u00bb alors sa valeur d\u00e9pendra essentiellement de son<strong> poids d\u2019or fin<\/strong>. Les pi\u00e8ces d\u2019or type Marianne, G\u00e9nie ou Napol\u00e9on sont par exemple des pi\u00e8ces d\u2019or dites courantes. Si la pi\u00e8ce d\u2019or est rare, sa valeur d\u00e9pendra \u00e0 la fois de son poids et de son <strong>histoire<\/strong>. Les pi\u00e8ces d\u2019or rares les plus connues sont sans doute les <a href=\"https:\/\/www.primardeco.com\/numismatique\/louis-dor-1786-k-frais-acheteurs-5-ttc-28146\"><strong>Louis d\u2019or<\/strong><\/a>.<\/p>\n<p>&nbsp;<\/p>\n<p>Avant d\u2019envisager une vente, <a href=\"https:\/\/www.primardeco.com\/expertise\/bijoux-et-orfevrerie\/\">Primardeco r\u00e9alise <strong>une expertise<\/strong><\/a> c&rsquo;est-\u00e0-dire qu&rsquo;elle analyse la pi\u00e8ce, l\u2019authentifie, d\u00e9finit son degr\u00e9 de raret\u00e9 et observe son \u00e9tat de conservation.<\/p>\n<p>L\u2019<strong>\u00e9tat de conservation<\/strong> est un crit\u00e8re majeur dans l\u2019<strong>estimation de la valeur d\u2019une pi\u00e8ce<\/strong>. En effet, plus une pi\u00e8ce est ab\u00eem\u00e9e plus elle perd de la valeur et inversement.<\/p>\n<p>Plusieurs \u00e9l\u00e9ments permettent de pr\u00e9ciser la raret\u00e9 et donc la <strong>valeur d\u2019une pi\u00e8ce<\/strong>\u00a0: sa date, la ville dans laquelle a \u00e9t\u00e9 frapp\u00e9e, le nombre d\u2019exemplaires et son attractivit\u00e9.<\/p>\n<p>[\/et_pb_text][\/et_pb_column][et_pb_column type=\u00a0\u00bb2_5&Prime; _builder_version=\u00a0\u00bb4.15&Prime; _module_preset=\u00a0\u00bbdefault\u00a0\u00bb global_colors_info=\u00a0\u00bb{}\u00a0\u00bb][et_pb_image src=\u00a0\u00bbhttps:\/\/www.primardeco.com\/blog\/wp-content\/uploads\/2022\/01\/8-pieces-de-20-francs-or.-\u00a9Primardeco.jpg\u00a0\u00bb alt=\u00a0\u00bb8 pi\u00e8ces de 20 francs or. \u00a9Primardeco\u00a0\u00bb title_text=\u00a0\u00bb8 pi\u00e8ces de 20 francs or. \u00a9Primardeco\u00a0\u00bb _builder_version=\u00a0\u00bb4.15&Prime; _module_preset=\u00a0\u00bbdefault\u00a0\u00bb global_colors_info=\u00a0\u00bb{}\u00a0\u00bb][\/et_pb_image][\/et_pb_column][\/et_pb_row][et_pb_row column_structure=\u00a0\u00bb2_5,3_5&Prime; _builder_version=\u00a0\u00bb4.15&Prime; _module_preset=\u00a0\u00bbdefault\u00a0\u00bb global_colors_info=\u00a0\u00bb{}\u00a0\u00bb][et_pb_column type=\u00a0\u00bb2_5&Prime; _builder_version=\u00a0\u00bb4.15&Prime; _module_preset=\u00a0\u00bbdefault\u00a0\u00bb global_colors_info=\u00a0\u00bb{}\u00a0\u00bb][et_pb_image src=\u00a0\u00bbhttps:\/\/www.primardeco.com\/blog\/wp-content\/uploads\/2022\/01\/Lingot-dor.-\u00a9Primardeco.jpeg\u00a0\u00bb alt=\u00a0\u00bbLingot d&rsquo;or. \u00a9Primardeco\u00a0\u00bb title_text=\u00a0\u00bbLingot d&rsquo;or. \u00a9Primardeco\u00a0\u00bb _builder_version=\u00a0\u00bb4.15&Prime; _module_preset=\u00a0\u00bbdefault\u00a0\u00bb global_colors_info=\u00a0\u00bb{}\u00a0\u00bb][\/et_pb_image][\/et_pb_column][et_pb_column type=\u00a0\u00bb3_5&Prime; _builder_version=\u00a0\u00bb4.15&Prime; _module_preset=\u00a0\u00bbdefault\u00a0\u00bb global_colors_info=\u00a0\u00bb{}\u00a0\u00bb][et_pb_text _builder_version=\u00a0\u00bb4.15&Prime; _module_preset=\u00a0\u00bbdefault\u00a0\u00bb global_colors_info=\u00a0\u00bb{}\u00a0\u00bb]<\/p>\n<p>Plus rares que les pi\u00e8ces, les<a href=\"https:\/\/www.primardeco.com\/or\"> <strong>lingots d\u2019or<\/strong> <\/a>peuvent \u00e9galement \u00eatre vendus aux ench\u00e8res. On appelle lingot : une \u00ab masse de m\u00e9tal, souvent pr\u00e9cieux, qui garde la forme du moule dans lequel il a \u00e9t\u00e9 coul\u00e9 \u00bb. Ainsi, un lingot peut \u00eatre compos\u00e9 d\u2019un autre m\u00e9tal que l\u2019or. De m\u00eame, la forme du lingot n\u2019est <strong>pas forc\u00e9ment rectangulaire<\/strong> et d\u00e9pend du moule utilis\u00e9.<\/p>\n<p>Si pendant longtemps les lingots \u00e9taient extr\u00eamement rares et r\u00e9serv\u00e9s \u00e0 des investissements importants, la <strong>production industrielle<\/strong> de lingots allant de 5 grammes \u00e0 1 kilo les a rendus plus abordables.<\/p>\n<p>[\/et_pb_text][\/et_pb_column][\/et_pb_row][et_pb_row _builder_version=\u00a0\u00bb4.15&Prime; _module_preset=\u00a0\u00bbdefault\u00a0\u00bb global_colors_info=\u00a0\u00bb{}\u00a0\u00bb][et_pb_column type=\u00a0\u00bb4_4&Prime; _builder_version=\u00a0\u00bb4.15&Prime; _module_preset=\u00a0\u00bbdefault\u00a0\u00bb global_colors_info=\u00a0\u00bb{}\u00a0\u00bb][et_pb_text _builder_version=\u00a0\u00bb4.15&Prime; _module_preset=\u00a0\u00bbdefault\u00a0\u00bb global_colors_info=\u00a0\u00bb{}\u00a0\u00bb]<\/p>\n<h2>O\u00f9 Vendre son or ?<\/h2>\n<h2>\u00a0<\/h2>\n<p>Confier son or \u00e0 Primardeco en vue d\u2019une <strong>vente aux ench\u00e8res<\/strong>, c\u2019est faire le choix d\u2019une <strong>transaction r\u00e9ussie et s\u00e9curis\u00e9e<\/strong>. En effet, les experts de la maison de vente d\u00e9livreront une <a href=\"https:\/\/www.primardeco.com\/expertise\/bijoux-et-orfevrerie\/\"><strong>expertise personnelle, gratuite et confidentielle<\/strong><\/a> destin\u00e9e \u00e0 \u00e9valuer la<strong> valeur de l\u2019or<\/strong> que vous poss\u00e9dez.<\/p>\n<p>En se tenant constamment inform\u00e9 du cours de l\u2019or, Primardeco organisera ses vacations au <strong>meilleur moment<\/strong>. Fortes de ses nombreuses ann\u00e9es d\u2019exp\u00e9riences sur ce march\u00e9, la maison de ventes a constitu\u00e9 un <strong>r\u00e9seau d\u2019acheteurs international<\/strong> extr\u00eamement solide.<\/p>\n<p>Vendre son or chez Primardeco c\u2019est aussi b\u00e9n\u00e9ficier de la <strong>mise en concurrence<\/strong> entre plusieurs acheteurs potentiels. L\u2019or est ainsi vendu de mani\u00e8re certaine au meilleur prix.<\/p>\n<p>[\/et_pb_text][\/et_pb_column][\/et_pb_row][et_pb_row _builder_version=\u00a0\u00bb4.15&Prime; _module_preset=\u00a0\u00bbdefault\u00a0\u00bb global_colors_info=\u00a0\u00bb{}\u00a0\u00bb][et_pb_column type=\u00a0\u00bb4_4&Prime; _builder_version=\u00a0\u00bb4.15&Prime; _module_preset=\u00a0\u00bbdefault\u00a0\u00bb global_colors_info=\u00a0\u00bb{}\u00a0\u00bb][et_pb_divider _builder_version=\u00a0\u00bb4.15&Prime; _module_preset=\u00a0\u00bbdefault\u00a0\u00bb global_colors_info=\u00a0\u00bb{}\u00a0\u00bb][\/et_pb_divider][\/et_pb_column][\/et_pb_row][\/et_pb_section]<\/p>\n","protected":false},"excerpt":{"rendered":"<p>Depuis la nuit des temps, l\u2019or suscite tous les engouements. Utilis\u00e9 depuis l\u2019Antiquit\u00e9 pour sa valeur mon\u00e9taire, l\u2019or est depuis toujours consid\u00e9r\u00e9 comme un investissement s\u00fbr et fiable surtout en temps de crise. Si les enseignes de rachat d\u2019or ne cessent de fleurir dans nos villes, l\u2019un des moyens les plus s\u00fbrs pour vendre son [&hellip;]<\/p>\n","protected":false},"author":2,"featured_media":792,"comment_status":"closed","ping_status":"closed","sticky":false,"template":"","format":"standard","meta":{"_et_pb_use_builder":"on","_et_pb_old_content":"","_et_gb_content_width":"","footnotes":""},"categories":[6],"tags":[28],"class_list":["post-777","post","type-post","status-publish","format-standard","has-post-thumbnail","hentry","category-orfevrerie-argenterie","tag-or"],"yoast_head":"<!-- This site is optimized with the Yoast SEO plugin v25.6 - https:\/\/yoast.com\/wordpress\/plugins\/seo\/ -->\n<title>Vendre son or aux ench\u00e8res | Primardeco - Blog<\/title>\n<meta name=\"description\" content=\"En savoir plus sur &quot;Vendre son or aux ench\u00e8res&quot;, un sujet propos\u00e9 dans la cat\u00e9gorie Or, bijoux &amp; argenterie par l&#039;\u00e9quipe Primardeco, sp\u00e9cialistes de l&#039;expertise et de la vente aux ench\u00e8res d&#039;art \u00e0 Toulouse.\" \/>\n<meta name=\"robots\" content=\"index, follow, max-snippet:-1, max-image-preview:large, max-video-preview:-1\" \/>\n<link rel=\"canonical\" href=\"https:\/\/www.primardeco.com\/blog\/vendre-son-or-aux-encheres\/\" \/>\n<meta property=\"og:locale\" content=\"fr_FR\" \/>\n<meta property=\"og:type\" content=\"article\" \/>\n<meta property=\"og:title\" content=\"Vendre son or aux ench\u00e8res | Primardeco - Blog\" \/>\n<meta property=\"og:description\" content=\"En savoir plus sur &quot;Vendre son or aux ench\u00e8res&quot;, un sujet propos\u00e9 dans la cat\u00e9gorie Or, bijoux &amp; argenterie par l&#039;\u00e9quipe Primardeco, sp\u00e9cialistes de l&#039;expertise et de la vente aux ench\u00e8res d&#039;art \u00e0 Toulouse.\" \/>\n<meta property=\"og:url\" content=\"https:\/\/www.primardeco.com\/blog\/vendre-son-or-aux-encheres\/\" \/>\n<meta property=\"og:site_name\" content=\"Primardeco - Blog\" \/>\n<meta property=\"article:publisher\" content=\"https:\/\/www.facebook.com\/Primardeco-275817602518624\/\" \/>\n<meta property=\"article:published_time\" content=\"2022-01-06T11:14:45+00:00\" \/>\n<meta property=\"article:modified_time\" content=\"2022-03-21T16:15:23+00:00\" \/>\n<meta property=\"og:image\" content=\"https:\/\/www.primardeco.com\/blog\/wp-content\/uploads\/2022\/01\/6d8ebbce4fd0b83907f70ec618413011b04f621b.jpeg\" \/>\n\t<meta property=\"og:image:width\" content=\"946\" \/>\n\t<meta property=\"og:image:height\" content=\"768\" \/>\n\t<meta property=\"og:image:type\" content=\"image\/jpeg\" \/>\n<meta name=\"author\" content=\"Anne de Colonges-Trotignon,\" \/>\n<meta name=\"twitter:card\" content=\"summary_large_image\" \/>\n<meta name=\"twitter:creator\" content=\"@PRIMARDECO\" \/>\n<meta name=\"twitter:site\" content=\"@PRIMARDECO\" \/>\n<meta name=\"twitter:label1\" content=\"\u00c9crit par\" \/>\n\t<meta name=\"twitter:data1\" content=\"Anne de Colonges-Trotignon,\" \/>\n\t<meta name=\"twitter:label2\" content=\"Dur\u00e9e de lecture estim\u00e9e\" \/>\n\t<meta name=\"twitter:data2\" content=\"7 minutes\" \/>\n<script type=\"application\/ld+json\" class=\"yoast-schema-graph\">{\"@context\":\"https:\/\/schema.org\",\"@graph\":[{\"@type\":\"Article\",\"@id\":\"https:\/\/www.primardeco.com\/blog\/vendre-son-or-aux-encheres\/#article\",\"isPartOf\":{\"@id\":\"https:\/\/www.primardeco.com\/blog\/vendre-son-or-aux-encheres\/\"},\"author\":{\"name\":\"Anne de Colonges-Trotignon,\",\"@id\":\"https:\/\/www.primardeco.com\/blog\/#\/schema\/person\/7de13947a1930d4cdcc9da53f15a8bf6\"},\"headline\":\"Vendre son or aux ench\u00e8res\",\"datePublished\":\"2022-01-06T11:14:45+00:00\",\"dateModified\":\"2022-03-21T16:15:23+00:00\",\"mainEntityOfPage\":{\"@id\":\"https:\/\/www.primardeco.com\/blog\/vendre-son-or-aux-encheres\/\"},\"wordCount\":1370,\"publisher\":{\"@id\":\"https:\/\/www.primardeco.com\/blog\/#organization\"},\"image\":{\"@id\":\"https:\/\/www.primardeco.com\/blog\/vendre-son-or-aux-encheres\/#primaryimage\"},\"thumbnailUrl\":\"https:\/\/www.primardeco.com\/blog\/wp-content\/uploads\/2022\/01\/6d8ebbce4fd0b83907f70ec618413011b04f621b.jpeg\",\"keywords\":[\"0r\"],\"articleSection\":[\"Or, bijoux &amp; argenterie\"],\"inLanguage\":\"fr-FR\"},{\"@type\":\"WebPage\",\"@id\":\"https:\/\/www.primardeco.com\/blog\/vendre-son-or-aux-encheres\/\",\"url\":\"https:\/\/www.primardeco.com\/blog\/vendre-son-or-aux-encheres\/\",\"name\":\"Vendre son or aux ench\u00e8res | Primardeco - Blog\",\"isPartOf\":{\"@id\":\"https:\/\/www.primardeco.com\/blog\/#website\"},\"primaryImageOfPage\":{\"@id\":\"https:\/\/www.primardeco.com\/blog\/vendre-son-or-aux-encheres\/#primaryimage\"},\"image\":{\"@id\":\"https:\/\/www.primardeco.com\/blog\/vendre-son-or-aux-encheres\/#primaryimage\"},\"thumbnailUrl\":\"https:\/\/www.primardeco.com\/blog\/wp-content\/uploads\/2022\/01\/6d8ebbce4fd0b83907f70ec618413011b04f621b.jpeg\",\"datePublished\":\"2022-01-06T11:14:45+00:00\",\"dateModified\":\"2022-03-21T16:15:23+00:00\",\"description\":\"En savoir plus sur \\\"Vendre son or aux ench\u00e8res\\\", un sujet propos\u00e9 dans la cat\u00e9gorie Or, bijoux &amp; argenterie par l'\u00e9quipe Primardeco, sp\u00e9cialistes de l'expertise et de la vente aux ench\u00e8res d'art \u00e0 Toulouse.\",\"breadcrumb\":{\"@id\":\"https:\/\/www.primardeco.com\/blog\/vendre-son-or-aux-encheres\/#breadcrumb\"},\"inLanguage\":\"fr-FR\",\"potentialAction\":[{\"@type\":\"ReadAction\",\"target\":[\"https:\/\/www.primardeco.com\/blog\/vendre-son-or-aux-encheres\/\"]}]},{\"@type\":\"ImageObject\",\"inLanguage\":\"fr-FR\",\"@id\":\"https:\/\/www.primardeco.com\/blog\/vendre-son-or-aux-encheres\/#primaryimage\",\"url\":\"https:\/\/www.primardeco.com\/blog\/wp-content\/uploads\/2022\/01\/6d8ebbce4fd0b83907f70ec618413011b04f621b.jpeg\",\"contentUrl\":\"https:\/\/www.primardeco.com\/blog\/wp-content\/uploads\/2022\/01\/6d8ebbce4fd0b83907f70ec618413011b04f621b.jpeg\",\"width\":946,\"height\":768,\"caption\":\"\u00a9Primardeco\"},{\"@type\":\"BreadcrumbList\",\"@id\":\"https:\/\/www.primardeco.com\/blog\/vendre-son-or-aux-encheres\/#breadcrumb\",\"itemListElement\":[{\"@type\":\"ListItem\",\"position\":1,\"name\":\"Accueil\",\"item\":\"https:\/\/www.primardeco.com\/blog\/\"},{\"@type\":\"ListItem\",\"position\":2,\"name\":\"Vendre son or aux ench\u00e8res\"}]},{\"@type\":\"WebSite\",\"@id\":\"https:\/\/www.primardeco.com\/blog\/#website\",\"url\":\"https:\/\/www.primardeco.com\/blog\/\",\"name\":\"Primardeco - Blog\",\"description\":\"Expertises et Ventes aux ench\u00e8res\",\"publisher\":{\"@id\":\"https:\/\/www.primardeco.com\/blog\/#organization\"},\"potentialAction\":[{\"@type\":\"SearchAction\",\"target\":{\"@type\":\"EntryPoint\",\"urlTemplate\":\"https:\/\/www.primardeco.com\/blog\/?s={search_term_string}\"},\"query-input\":{\"@type\":\"PropertyValueSpecification\",\"valueRequired\":true,\"valueName\":\"search_term_string\"}}],\"inLanguage\":\"fr-FR\"},{\"@type\":\"Organization\",\"@id\":\"https:\/\/www.primardeco.com\/blog\/#organization\",\"name\":\"Le Blog Primardeco, Ventes aux Ench\u00e8res d'Art \u00e0 Toulouse\",\"url\":\"https:\/\/www.primardeco.com\/blog\/\",\"logo\":{\"@type\":\"ImageObject\",\"inLanguage\":\"fr-FR\",\"@id\":\"https:\/\/www.primardeco.com\/blog\/#\/schema\/logo\/image\/\",\"url\":\"https:\/\/www.primardeco.com\/blog\/wp-content\/uploads\/2021\/11\/logo-primardeco-blog.png\",\"contentUrl\":\"https:\/\/www.primardeco.com\/blog\/wp-content\/uploads\/2021\/11\/logo-primardeco-blog.png\",\"width\":282,\"height\":84,\"caption\":\"Le Blog Primardeco, Ventes aux Ench\u00e8res d'Art \u00e0 Toulouse\"},\"image\":{\"@id\":\"https:\/\/www.primardeco.com\/blog\/#\/schema\/logo\/image\/\"},\"sameAs\":[\"https:\/\/www.facebook.com\/Primardeco-275817602518624\/\",\"https:\/\/x.com\/PRIMARDECO\",\"https:\/\/www.instagram.com\/primardeco\/\"]},{\"@type\":\"Person\",\"@id\":\"https:\/\/www.primardeco.com\/blog\/#\/schema\/person\/7de13947a1930d4cdcc9da53f15a8bf6\",\"name\":\"Anne de Colonges-Trotignon,\",\"image\":{\"@type\":\"ImageObject\",\"inLanguage\":\"fr-FR\",\"@id\":\"https:\/\/www.primardeco.com\/blog\/#\/schema\/person\/image\/\",\"url\":\"https:\/\/secure.gravatar.com\/avatar\/853054ac9272b8d8231f62d5ba9a57c0838e74856b0112cb96fd18a428d1d335?s=96&d=mm&r=g\",\"contentUrl\":\"https:\/\/secure.gravatar.com\/avatar\/853054ac9272b8d8231f62d5ba9a57c0838e74856b0112cb96fd18a428d1d335?s=96&d=mm&r=g\",\"caption\":\"Anne de Colonges-Trotignon,\"},\"url\":\"https:\/\/www.primardeco.com\/blog\/author\/anne\/\"}]}<\/script>\n<!-- \/ Yoast SEO plugin. -->","yoast_head_json":{"title":"Vendre son or aux ench\u00e8res | Primardeco - Blog","description":"En savoir plus sur \"Vendre son or aux ench\u00e8res\", un sujet propos\u00e9 dans la cat\u00e9gorie Or, bijoux &amp; argenterie par l'\u00e9quipe Primardeco, sp\u00e9cialistes de l'expertise et de la vente aux ench\u00e8res d'art \u00e0 Toulouse.","robots":{"index":"index","follow":"follow","max-snippet":"max-snippet:-1","max-image-preview":"max-image-preview:large","max-video-preview":"max-video-preview:-1"},"canonical":"https:\/\/www.primardeco.com\/blog\/vendre-son-or-aux-encheres\/","og_locale":"fr_FR","og_type":"article","og_title":"Vendre son or aux ench\u00e8res | Primardeco - Blog","og_description":"En savoir plus sur \"Vendre son or aux ench\u00e8res\", un sujet propos\u00e9 dans la cat\u00e9gorie Or, bijoux &amp; argenterie par l'\u00e9quipe Primardeco, sp\u00e9cialistes de l'expertise et de la vente aux ench\u00e8res d'art \u00e0 Toulouse.","og_url":"https:\/\/www.primardeco.com\/blog\/vendre-son-or-aux-encheres\/","og_site_name":"Primardeco - Blog","article_publisher":"https:\/\/www.facebook.com\/Primardeco-275817602518624\/","article_published_time":"2022-01-06T11:14:45+00:00","article_modified_time":"2022-03-21T16:15:23+00:00","og_image":[{"width":946,"height":768,"url":"https:\/\/www.primardeco.com\/blog\/wp-content\/uploads\/2022\/01\/6d8ebbce4fd0b83907f70ec618413011b04f621b.jpeg","type":"image\/jpeg"}],"author":"Anne de Colonges-Trotignon,","twitter_card":"summary_large_image","twitter_creator":"@PRIMARDECO","twitter_site":"@PRIMARDECO","twitter_misc":{"\u00c9crit par":"Anne de Colonges-Trotignon,","Dur\u00e9e de lecture estim\u00e9e":"7 minutes"},"schema":{"@context":"https:\/\/schema.org","@graph":[{"@type":"Article","@id":"https:\/\/www.primardeco.com\/blog\/vendre-son-or-aux-encheres\/#article","isPartOf":{"@id":"https:\/\/www.primardeco.com\/blog\/vendre-son-or-aux-encheres\/"},"author":{"name":"Anne de Colonges-Trotignon,","@id":"https:\/\/www.primardeco.com\/blog\/#\/schema\/person\/7de13947a1930d4cdcc9da53f15a8bf6"},"headline":"Vendre son or aux ench\u00e8res","datePublished":"2022-01-06T11:14:45+00:00","dateModified":"2022-03-21T16:15:23+00:00","mainEntityOfPage":{"@id":"https:\/\/www.primardeco.com\/blog\/vendre-son-or-aux-encheres\/"},"wordCount":1370,"publisher":{"@id":"https:\/\/www.primardeco.com\/blog\/#organization"},"image":{"@id":"https:\/\/www.primardeco.com\/blog\/vendre-son-or-aux-encheres\/#primaryimage"},"thumbnailUrl":"https:\/\/www.primardeco.com\/blog\/wp-content\/uploads\/2022\/01\/6d8ebbce4fd0b83907f70ec618413011b04f621b.jpeg","keywords":["0r"],"articleSection":["Or, bijoux &amp; argenterie"],"inLanguage":"fr-FR"},{"@type":"WebPage","@id":"https:\/\/www.primardeco.com\/blog\/vendre-son-or-aux-encheres\/","url":"https:\/\/www.primardeco.com\/blog\/vendre-son-or-aux-encheres\/","name":"Vendre son or aux ench\u00e8res | Primardeco - Blog","isPartOf":{"@id":"https:\/\/www.primardeco.com\/blog\/#website"},"primaryImageOfPage":{"@id":"https:\/\/www.primardeco.com\/blog\/vendre-son-or-aux-encheres\/#primaryimage"},"image":{"@id":"https:\/\/www.primardeco.com\/blog\/vendre-son-or-aux-encheres\/#primaryimage"},"thumbnailUrl":"https:\/\/www.primardeco.com\/blog\/wp-content\/uploads\/2022\/01\/6d8ebbce4fd0b83907f70ec618413011b04f621b.jpeg","datePublished":"2022-01-06T11:14:45+00:00","dateModified":"2022-03-21T16:15:23+00:00","description":"En savoir plus sur \"Vendre son or aux ench\u00e8res\", un sujet propos\u00e9 dans la cat\u00e9gorie Or, bijoux &amp; argenterie par l'\u00e9quipe Primardeco, sp\u00e9cialistes de l'expertise et de la vente aux ench\u00e8res d'art \u00e0 Toulouse.","breadcrumb":{"@id":"https:\/\/www.primardeco.com\/blog\/vendre-son-or-aux-encheres\/#breadcrumb"},"inLanguage":"fr-FR","potentialAction":[{"@type":"ReadAction","target":["https:\/\/www.primardeco.com\/blog\/vendre-son-or-aux-encheres\/"]}]},{"@type":"ImageObject","inLanguage":"fr-FR","@id":"https:\/\/www.primardeco.com\/blog\/vendre-son-or-aux-encheres\/#primaryimage","url":"https:\/\/www.primardeco.com\/blog\/wp-content\/uploads\/2022\/01\/6d8ebbce4fd0b83907f70ec618413011b04f621b.jpeg","contentUrl":"https:\/\/www.primardeco.com\/blog\/wp-content\/uploads\/2022\/01\/6d8ebbce4fd0b83907f70ec618413011b04f621b.jpeg","width":946,"height":768,"caption":"\u00a9Primardeco"},{"@type":"BreadcrumbList","@id":"https:\/\/www.primardeco.com\/blog\/vendre-son-or-aux-encheres\/#breadcrumb","itemListElement":[{"@type":"ListItem","position":1,"name":"Accueil","item":"https:\/\/www.primardeco.com\/blog\/"},{"@type":"ListItem","position":2,"name":"Vendre son or aux ench\u00e8res"}]},{"@type":"WebSite","@id":"https:\/\/www.primardeco.com\/blog\/#website","url":"https:\/\/www.primardeco.com\/blog\/","name":"Primardeco - Blog","description":"Expertises et Ventes aux ench\u00e8res","publisher":{"@id":"https:\/\/www.primardeco.com\/blog\/#organization"},"potentialAction":[{"@type":"SearchAction","target":{"@type":"EntryPoint","urlTemplate":"https:\/\/www.primardeco.com\/blog\/?s={search_term_string}"},"query-input":{"@type":"PropertyValueSpecification","valueRequired":true,"valueName":"search_term_string"}}],"inLanguage":"fr-FR"},{"@type":"Organization","@id":"https:\/\/www.primardeco.com\/blog\/#organization","name":"Le Blog Primardeco, Ventes aux Ench\u00e8res d'Art \u00e0 Toulouse","url":"https:\/\/www.primardeco.com\/blog\/","logo":{"@type":"ImageObject","inLanguage":"fr-FR","@id":"https:\/\/www.primardeco.com\/blog\/#\/schema\/logo\/image\/","url":"https:\/\/www.primardeco.com\/blog\/wp-content\/uploads\/2021\/11\/logo-primardeco-blog.png","contentUrl":"https:\/\/www.primardeco.com\/blog\/wp-content\/uploads\/2021\/11\/logo-primardeco-blog.png","width":282,"height":84,"caption":"Le Blog Primardeco, Ventes aux Ench\u00e8res d'Art \u00e0 Toulouse"},"image":{"@id":"https:\/\/www.primardeco.com\/blog\/#\/schema\/logo\/image\/"},"sameAs":["https:\/\/www.facebook.com\/Primardeco-275817602518624\/","https:\/\/x.com\/PRIMARDECO","https:\/\/www.instagram.com\/primardeco\/"]},{"@type":"Person","@id":"https:\/\/www.primardeco.com\/blog\/#\/schema\/person\/7de13947a1930d4cdcc9da53f15a8bf6","name":"Anne de Colonges-Trotignon,","image":{"@type":"ImageObject","inLanguage":"fr-FR","@id":"https:\/\/www.primardeco.com\/blog\/#\/schema\/person\/image\/","url":"https:\/\/secure.gravatar.com\/avatar\/853054ac9272b8d8231f62d5ba9a57c0838e74856b0112cb96fd18a428d1d335?s=96&d=mm&r=g","contentUrl":"https:\/\/secure.gravatar.com\/avatar\/853054ac9272b8d8231f62d5ba9a57c0838e74856b0112cb96fd18a428d1d335?s=96&d=mm&r=g","caption":"Anne de Colonges-Trotignon,"},"url":"https:\/\/www.primardeco.com\/blog\/author\/anne\/"}]}},"_links":{"self":[{"href":"https:\/\/www.primardeco.com\/blog\/wp-json\/wp\/v2\/posts\/777","targetHints":{"allow":["GET"]}}],"collection":[{"href":"https:\/\/www.primardeco.com\/blog\/wp-json\/wp\/v2\/posts"}],"about":[{"href":"https:\/\/www.primardeco.com\/blog\/wp-json\/wp\/v2\/types\/post"}],"author":[{"embeddable":true,"href":"https:\/\/www.primardeco.com\/blog\/wp-json\/wp\/v2\/users\/2"}],"replies":[{"embeddable":true,"href":"https:\/\/www.primardeco.com\/blog\/wp-json\/wp\/v2\/comments?post=777"}],"version-history":[{"count":9,"href":"https:\/\/www.primardeco.com\/blog\/wp-json\/wp\/v2\/posts\/777\/revisions"}],"predecessor-version":[{"id":1336,"href":"https:\/\/www.primardeco.com\/blog\/wp-json\/wp\/v2\/posts\/777\/revisions\/1336"}],"wp:featuredmedia":[{"embeddable":true,"href":"https:\/\/www.primardeco.com\/blog\/wp-json\/wp\/v2\/media\/792"}],"wp:attachment":[{"href":"https:\/\/www.primardeco.com\/blog\/wp-json\/wp\/v2\/media?parent=777"}],"wp:term":[{"taxonomy":"category","embeddable":true,"href":"https:\/\/www.primardeco.com\/blog\/wp-json\/wp\/v2\/categories?post=777"},{"taxonomy":"post_tag","embeddable":true,"href":"https:\/\/www.primardeco.com\/blog\/wp-json\/wp\/v2\/tags?post=777"}],"curies":[{"name":"wp","href":"https:\/\/api.w.org\/{rel}","templated":true}]}}