{"id":61,"date":"2021-11-19T10:53:03","date_gmt":"2021-11-19T09:53:03","guid":{"rendered":"https:\/\/www.primardeco.com\/blog\/?p=61"},"modified":"2022-03-17T15:37:48","modified_gmt":"2022-03-17T14:37:48","slug":"ecole-beaux-arts-indochine-hanoi","status":"publish","type":"post","link":"https:\/\/www.primardeco.com\/blog\/ecole-beaux-arts-indochine-hanoi\/","title":{"rendered":"La cr\u00e9ation de l\u2019Ecole des Beaux-Arts de l\u2019Indochine (EBAI) \u00e0 Hano\u00ef (1\/4)"},"content":{"rendered":"<p>[et_pb_section fb_built=\u00a0\u00bb1&Prime; _builder_version=\u00a0\u00bb3.22&Prime; global_colors_info=\u00a0\u00bb{}\u00a0\u00bb][et_pb_row _builder_version=\u00a0\u00bb3.25&Prime; background_size=\u00a0\u00bbinitial\u00a0\u00bb background_position=\u00a0\u00bbtop_left\u00a0\u00bb background_repeat=\u00a0\u00bbrepeat\u00a0\u00bb global_colors_info=\u00a0\u00bb{}\u00a0\u00bb][et_pb_column type=\u00a0\u00bb4_4&Prime; _builder_version=\u00a0\u00bb3.25&Prime; custom_padding=\u00a0\u00bb|||\u00a0\u00bb global_colors_info=\u00a0\u00bb{}\u00a0\u00bb custom_padding__hover=\u00a0\u00bb|||\u00a0\u00bb][et_pb_text admin_label=\u00a0\u00bbIntro\u00a0\u00bb _builder_version=\u00a0\u00bb4.14.9&Prime; _module_preset=\u00a0\u00bbdefault\u00a0\u00bb hover_enabled=\u00a0\u00bb0&Prime; global_colors_info=\u00a0\u00bb{}\u00a0\u00bb sticky_enabled=\u00a0\u00bb0&Prime;]<\/p>\n<p><em><span style=\"font-weight: 400;\">Depuis quelques ann\u00e9es, l\u2019art vietnamien conna\u00eet un v\u00e9ritable succ\u00e8s dans les salles des\u00a0 ventes. A l\u2019heure o\u00f9 les ench\u00e8res s\u2019envolent, retour sur cet engouement in\u00e9dit.<\/span><\/em><\/p>\n<p>[\/et_pb_text][et_pb_divider _builder_version=\u00a0\u00bb4.13.0&Prime; _module_preset=\u00a0\u00bbdefault\u00a0\u00bb global_colors_info=\u00a0\u00bb{}\u00a0\u00bb][\/et_pb_divider][et_pb_text _builder_version=\u00a0\u00bb4.14.9&Prime; background_size=\u00a0\u00bbinitial\u00a0\u00bb background_position=\u00a0\u00bbtop_left\u00a0\u00bb background_repeat=\u00a0\u00bbrepeat\u00a0\u00bb hover_enabled=\u00a0\u00bb0&Prime; global_colors_info=\u00a0\u00bb{}\u00a0\u00bb sticky_enabled=\u00a0\u00bb0&Prime;]<\/p>\n<h2><span style=\"font-weight: 400;\">A l\u2019origine, une \u00e9cole<\/span><\/h2>\n<p><span style=\"font-weight: 400;\">La cr\u00e9ation de l\u2019<strong>Ecole Sup\u00e9rieure des Beaux Arts de l\u2019Indochine<\/strong> (EBAI) marque un\u00a0 v\u00e9ritable tournant dans l\u2019histoire de l\u2019art vietnamienne.\u00a0\u00a0<\/span><\/p>\n<p><span style=\"font-weight: 400;\">La\u00a0 cr\u00e9ation\u00a0 de\u00a0 l\u2019EBAI\u00a0 est\u00a0 essentiellement\u00a0 li\u00e9e\u00a0 \u00e0 la\u00a0 rencontre\u00a0 de\u00a0 deux\u00a0 hommes :\u00a0 <strong>Victor\u00a0 Tardieu<\/strong>\u00a0 (1870-1937),\u00a0 peintre\u00a0 acad\u00e9mique\u00a0 fran\u00e7ais,\u00a0 et\u00a0 <strong>Nam\u00a0 So\u2019n<\/strong>\u00a0 (1890-1970),\u00a0 artiste\u00a0 vietnamien\u00a0 autodidacte.\u00a0<\/span><\/p>\n<p>[\/et_pb_text][\/et_pb_column][\/et_pb_row][et_pb_row column_structure=\u00a0\u00bb3_5,2_5&Prime; _builder_version=\u00a0\u00bb4.13.0&Prime; _module_preset=\u00a0\u00bbdefault\u00a0\u00bb global_colors_info=\u00a0\u00bb{}\u00a0\u00bb][et_pb_column type=\u00a0\u00bb3_5&Prime; _builder_version=\u00a0\u00bb4.13.0&Prime; _module_preset=\u00a0\u00bbdefault\u00a0\u00bb global_colors_info=\u00a0\u00bb{}\u00a0\u00bb][et_pb_image src=\u00a0\u00bbhttps:\/\/www.primardeco.com\/blog\/wp-content\/uploads\/2021\/11\/Victor_Tardieu.jpeg\u00a0\u00bb title_text=\u00a0\u00bbVictor_Tardieu\u00a0\u00bb _builder_version=\u00a0\u00bb4.14.1&Prime; _module_preset=\u00a0\u00bbdefault\u00a0\u00bb global_colors_info=\u00a0\u00bb{}\u00a0\u00bb][\/et_pb_image][\/et_pb_column][et_pb_column type=\u00a0\u00bb2_5&Prime; _builder_version=\u00a0\u00bb4.13.0&Prime; _module_preset=\u00a0\u00bbdefault\u00a0\u00bb global_colors_info=\u00a0\u00bb{}\u00a0\u00bb][et_pb_image src=\u00a0\u00bbhttps:\/\/www.primardeco.com\/blog\/wp-content\/uploads\/2021\/11\/Nam-Son.-Flickr-\u00a9manhhai.jpeg\u00a0\u00bb alt=\u00a0\u00bbNam Son. Flickr \u00a9manhhai\u00a0\u00bb title_text=\u00a0\u00bbNam Son. Flickr \u00a9manhhai\u00a0\u00bb _builder_version=\u00a0\u00bb4.14.1&Prime; _module_preset=\u00a0\u00bbdefault\u00a0\u00bb global_colors_info=\u00a0\u00bb{}\u00a0\u00bb][\/et_pb_image][\/et_pb_column][\/et_pb_row][et_pb_row column_structure=\u00a0\u00bb3_5,2_5&Prime; _builder_version=\u00a0\u00bb4.14.1&Prime; _module_preset=\u00a0\u00bbdefault\u00a0\u00bb global_colors_info=\u00a0\u00bb{}\u00a0\u00bb][et_pb_column type=\u00a0\u00bb3_5&Prime; _builder_version=\u00a0\u00bb4.14.1&Prime; _module_preset=\u00a0\u00bbdefault\u00a0\u00bb global_colors_info=\u00a0\u00bb{}\u00a0\u00bb][et_pb_text _builder_version=\u00a0\u00bb4.14.1&Prime; _module_preset=\u00a0\u00bbdefault\u00a0\u00bb global_colors_info=\u00a0\u00bb{}\u00a0\u00bb]<\/p>\n<p><span style=\"font-weight: 400;\">Laur\u00e9at\u00a0 en\u00a0 <strong>1920<\/strong>\u00a0 du\u00a0 prix\u00a0 d\u2019Indochine(<\/span><span style=\"font-weight: 400;\">1) <\/span><span style=\"font-weight: 400;\">organis\u00e9\u00a0 par\u00a0 la\u00a0 <strong>Soci\u00e9t\u00e9 Coloniale des Artistes Fran\u00e7ais<\/strong>(<\/span><span style=\"font-weight: 400;\">2)<\/span><span style=\"font-weight: 400;\">, Victor Tardieu re\u00e7oit une bourse pour partir un\u00a0 an\u00a0 au\u00a0 Vietnam.\u00a0 A\u00a0 Hano\u00ef,\u00a0 alors\u00a0 qu\u2019il\u00a0 est\u00a0 charg\u00e9\u00a0 de\u00a0 r\u00e9aliser\u00a0 un\u00a0 immense\u00a0 d\u00e9cor\u00a0 pour\u00a0 l\u2019amphith\u00e9\u00e2tre\u00a0 de\u00a0 la\u00a0 future\u00a0 universit\u00e9\u00a0 de\u00a0 la\u00a0 ville,\u00a0 il\u00a0 rencontre\u00a0 <strong>Nam\u00a0 So\u2019n<\/strong>(<\/span><span style=\"font-weight: 400;\">3)<\/span><span style=\"font-weight: 400;\">.\u00a0 Les\u00a0 deux\u00a0 hommes,\u00a0 impressionn\u00e9s par\u00a0 le\u00a0 talent\u00a0 des\u00a0 jeunes\u00a0 artistes\u00a0 vietnamiens,\u00a0 r\u00e9alisent\u00a0 l\u2019importance\u00a0 de\u00a0 cr\u00e9er la\u00a0 <strong>premi\u00e8re\u00a0 \u00e9cole\u00a0 des\u00a0 beaux-arts\u00a0 d\u2019Indochine<\/strong>.\u00a0 Le\u00a0 gouvernement\u00a0 colonial\u00a0 fran\u00e7ais,\u00a0 confort\u00e9\u00a0 par le\u00a0 succ\u00e8s\u00a0 de\u00a0 l\u2019Ecole\u00a0 nationale\u00a0 d\u2019Alger(<\/span><span style=\"font-weight: 400;\">4) <\/span><span style=\"font-weight: 400;\">et de\u00a0 l\u2019Ecole\u00a0 des\u00a0 Beaux-arts de Tunis(<\/span><span style=\"font-weight: 400;\">5)<\/span><span style=\"font-weight: 400;\">, soutient le projet. C\u2019est ainsi que l\u2019<strong>Ecole sup\u00e9rieure des Beaux-Arts\u00a0 de l\u2019Indochine (EBAI) ouvre ses portes \u00e0 Hano\u00ef en 1925.<\/strong>\u00a0<\/span><\/p>\n<p>[\/et_pb_text][\/et_pb_column][et_pb_column type=\u00a0\u00bb2_5&Prime; _builder_version=\u00a0\u00bb4.14.1&Prime; _module_preset=\u00a0\u00bbdefault\u00a0\u00bb global_colors_info=\u00a0\u00bb{}\u00a0\u00bb][et_pb_image src=\u00a0\u00bbhttps:\/\/www.primardeco.com\/blog\/wp-content\/uploads\/2021\/11\/Victor-Tardieu-La-Me\u0301tropole-dans-lamphithe\u0301a\u0302tre-de-lUniversite\u0301-dHanoi\u0308.-Flickr.-\u00a9manhhai.jpg\u00a0\u00bb alt=\u00a0\u00bbVictor Tardieu La Me\u0301tropole dans l\u2019amphithe\u0301a\u0302tre de l\u2019Universite\u0301 d\u2019Hanoi\u0308. Flickr. \u00a9manhhai\u00a0\u00bb title_text=\u00a0\u00bbVictor Tardieu La Me\u0301tropole dans l\u2019amphithe\u0301a\u0302tre de l\u2019Universite\u0301 d\u2019Hanoi\u0308. Flickr. \u00a9manhhai\u00a0\u00bb _builder_version=\u00a0\u00bb4.14.1&Prime; _module_preset=\u00a0\u00bbdefault\u00a0\u00bb global_colors_info=\u00a0\u00bb{}\u00a0\u00bb][\/et_pb_image][\/et_pb_column][\/et_pb_row][et_pb_row column_structure=\u00a0\u00bb2_5,3_5&Prime; _builder_version=\u00a0\u00bb4.14.1&Prime; _module_preset=\u00a0\u00bbdefault\u00a0\u00bb global_colors_info=\u00a0\u00bb{}\u00a0\u00bb][et_pb_column type=\u00a0\u00bb2_5&Prime; _builder_version=\u00a0\u00bb4.14.1&Prime; _module_preset=\u00a0\u00bbdefault\u00a0\u00bb global_colors_info=\u00a0\u00bb{}\u00a0\u00bb][et_pb_image src=\u00a0\u00bbhttps:\/\/www.primardeco.com\/blog\/wp-content\/uploads\/2021\/11\/Eleves-de-lEBAI-derrie\u0300re-leur-mai\u0302tre.-Flickr.-\u00a9manhhai.jpg\u00a0\u00bb alt=\u00a0\u00bbEleves de l&rsquo;EBAI derrie\u0300re leur mai\u0302tre. Flickr. \u00a9manhhai\u00a0\u00bb title_text=\u00a0\u00bbEleves de l&rsquo;EBAI derrie\u0300re leur mai\u0302tre. Flickr. \u00a9manhhai\u00a0\u00bb _builder_version=\u00a0\u00bb4.14.1&Prime; _module_preset=\u00a0\u00bbdefault\u00a0\u00bb global_colors_info=\u00a0\u00bb{}\u00a0\u00bb][\/et_pb_image][\/et_pb_column][et_pb_column type=\u00a0\u00bb3_5&Prime; _builder_version=\u00a0\u00bb4.14.1&Prime; _module_preset=\u00a0\u00bbdefault\u00a0\u00bb global_colors_info=\u00a0\u00bb{}\u00a0\u00bb][et_pb_text _builder_version=\u00a0\u00bb4.14.9&Prime; _module_preset=\u00a0\u00bbdefault\u00a0\u00bb hover_enabled=\u00a0\u00bb0&Prime; global_colors_info=\u00a0\u00bb{}\u00a0\u00bb sticky_enabled=\u00a0\u00bb0&Prime;]<\/p>\n<p><span style=\"font-weight: 400;\">Sur le mod\u00e8le\u00a0 de l\u2019<strong>Ecole\u00a0 des Beaux-Arts\u00a0 de\u00a0 Paris<\/strong>, la\u00a0 formation\u00a0 de l\u2019EBAI\u00a0 dure\u00a0 <strong>5\u00a0 ans.<\/strong>\u00a0 Le dessin acad\u00e9mique, la perspective, le modelage, la composition\u00a0 selon les <strong>codes\u00a0 occidentaux<\/strong>\u00a0 ainsi\u00a0 que\u00a0 l\u2019histoire\u00a0 de\u00a0 l\u2019art\u00a0 et\u00a0 l\u2019arch\u00e9ologie\u00a0 y\u00a0 sont\u00a0 enseign\u00e9s. En\u00a0 parall\u00e8le,\u00a0 des conf\u00e9rences sont organis\u00e9es afin d\u2019am\u00e9liorer la culture g\u00e9n\u00e9rale des futurs dipl\u00f4m\u00e9s\u00a0 et d\u2019encourager leur curiosit\u00e9.\u00a0<\/span><\/p>\n<p><span style=\"font-weight: 400;\">Soucieux\u00a0 de\u00a0 proposer\u00a0 un\u00a0 <strong>parcours\u00a0 d\u2019excellence<\/strong>,\u00a0 <strong>Victor\u00a0 Tardieu<\/strong>,\u00a0 premier\u00a0 directeur\u00a0 de\u00a0 l\u2019EBAI, sollicite les laur\u00e9ats du prix d\u2019Indochine pour enseigner le dessin et la peinture \u00e0\u00a0 ses\u00a0 \u00e9l\u00e8ves.\u00a0 Afin\u00a0 de\u00a0 renforcer\u00a0 le\u00a0 prestige\u00a0 de\u00a0 l\u2019\u00e9cole\u00a0 et\u00a0 assurer\u00a0 un\u00a0 bel\u00a0 avenir\u00a0 aux\u00a0 futurs\u00a0 dipl\u00f4m\u00e9s, le nombre d\u2019\u00e9l\u00e8ves s\u00e9lectionn\u00e9 est <strong>limit\u00e9.<\/strong> En ce sens, la premi\u00e8re promotion\u00a0 de\u00a0 l\u2019histoire\u00a0 de\u00a0 l\u2019Ecole\u00a0 Sup\u00e9rieure\u00a0 des\u00a0 Beaux-Arts\u00a0 de\u00a0 l\u2019Indochine\u00a0 ne\u00a0 compte que\u00a0 six\u00a0 \u00e9l\u00e8ves dont les c\u00e9l\u00e8bres <a href=\"https:\/\/www.primardeco.com\/blog\/les-grandes-figures-de-lecole-hanoi\/\"><strong>Mai Thu<\/strong><\/a> et <a href=\"https:\/\/www.primardeco.com\/blog\/les-grandes-figures-de-lecole-hanoi\/\"><strong>L\u00e9 Ph\u00f4<\/strong>. <\/a><\/span><\/p>\n<p><span style=\"font-weight: 400;\">L\u2019EBAI a pour vocation d\u2019accueillir tous les\u00a0 \u00e9tudiants de l\u2019Indochine fran\u00e7aise souhaitant s\u2019orienter vers les m\u00e9tiers des beaux-arts,\u00a0 en r\u00e9alit\u00e9 la majorit\u00e9 d\u2019entre eux vient d\u2019Hano\u00ef et du Tonkin.\u00a0<\/span><\/p>\n<p>[\/et_pb_text][\/et_pb_column][\/et_pb_row][et_pb_row column_structure=\u00a0\u00bb1_2,1_2&Prime; _builder_version=\u00a0\u00bb4.13.0&Prime; _module_preset=\u00a0\u00bbdefault\u00a0\u00bb global_colors_info=\u00a0\u00bb{}\u00a0\u00bb][et_pb_column type=\u00a0\u00bb1_2&Prime; _builder_version=\u00a0\u00bb4.13.0&Prime; _module_preset=\u00a0\u00bbdefault\u00a0\u00bb global_colors_info=\u00a0\u00bb{}\u00a0\u00bb][et_pb_text _builder_version=\u00a0\u00bb4.14.1&Prime; _module_preset=\u00a0\u00bbdefault\u00a0\u00bb global_colors_info=\u00a0\u00bb{}\u00a0\u00bb]<\/p>\n<p><span style=\"font-weight: 400;\">Si\u00a0 les\u00a0 enseignements\u00a0 sont\u00a0 principalement\u00a0 occidentaux,\u00a0 Victor\u00a0 Tardieu\u00a0 et\u00a0 Nam\u00a0 So\u2019n, souhaitent \u00e9galement enseigner \u00e0 leurs \u00e9l\u00e8ves les techniques extr\u00eames orientales\u00a0 comme\u00a0 la\u00a0 <strong>peinture\u00a0 sur\u00a0 soie<\/strong>\u00a0 ou\u00a0 sur\u00a0<strong> laque<\/strong>.\u00a0 L\u2019Ecole\u00a0 Sup\u00e9rieure des\u00a0 Beaux-Arts\u00a0 de\u00a0 l\u2019Indochine\u00a0 formera de\u00a0 nombreux\u00a0 <strong>artistes\u00a0 vietnamiens de\u00a0 renom<\/strong>\u00a0 au\u00a0 style\u00a0 caract\u00e9ristique, entre <strong>tradition et modernit\u00e9<\/strong>.\u00a0<\/span><\/p>\n<p>[\/et_pb_text][\/et_pb_column][et_pb_column type=\u00a0\u00bb1_2&Prime; _builder_version=\u00a0\u00bb4.13.0&Prime; _module_preset=\u00a0\u00bbdefault\u00a0\u00bb global_colors_info=\u00a0\u00bb{}\u00a0\u00bb][et_pb_image src=\u00a0\u00bbhttps:\/\/www.primardeco.com\/blog\/wp-content\/uploads\/2021\/11\/Ecole-des-Beaux-Arts.-Travaux-de\u0301le\u0300ves.\u00a9humazur.univ-cotedazur-scaled.jpeg\u00a0\u00bb alt=\u00a0\u00bbEcole des Beaux-Arts. Travaux d&rsquo;e\u0301le\u0300ves.\u00a9humazur.univ-cotedazur\u00a0\u00bb title_text=\u00a0\u00bbEcole des Beaux-Arts. Travaux d&rsquo;e\u0301le\u0300ves.\u00a9humazur.univ-cotedazur\u00a0\u00bb _builder_version=\u00a0\u00bb4.14.1&Prime; _module_preset=\u00a0\u00bbdefault\u00a0\u00bb global_colors_info=\u00a0\u00bb{}\u00a0\u00bb][\/et_pb_image][\/et_pb_column][\/et_pb_row][et_pb_row _builder_version=\u00a0\u00bb4.14.1&Prime; _module_preset=\u00a0\u00bbdefault\u00a0\u00bb global_colors_info=\u00a0\u00bb{}\u00a0\u00bb][et_pb_column type=\u00a0\u00bb4_4&Prime; _builder_version=\u00a0\u00bb4.14.1&Prime; _module_preset=\u00a0\u00bbdefault\u00a0\u00bb global_colors_info=\u00a0\u00bb{}\u00a0\u00bb][et_pb_divider _builder_version=\u00a0\u00bb4.13.0&Prime; _module_preset=\u00a0\u00bbdefault\u00a0\u00bb global_colors_info=\u00a0\u00bb{}\u00a0\u00bb][\/et_pb_divider][et_pb_text admin_label=\u00a0\u00bbSources\u00a0\u00bb _builder_version=\u00a0\u00bb4.13.0&Prime; _module_preset=\u00a0\u00bbdefault\u00a0\u00bb global_colors_info=\u00a0\u00bb{}\u00a0\u00bb]<\/p>\n<ol>\n<li><em><span style=\"font-weight: 400;\">A cette \u00e9poque, tous les laur\u00e9ats des prix coloniaux recevaient une bourse leur permettant d&rsquo;effectuer un voyage\u00a0 d\u2019\u00e9tude. En contrepartie, ils \u00e9taient souvent charg\u00e9s de r\u00e9aliser sur place une \u0153uvre en l\u2019honneur de la\u00a0 France. <\/span><\/em><\/li>\n<li><em><span style=\"font-weight: 400;\">La Soci\u00e9t\u00e9 des Artistes Fran\u00e7ais voit le jour en 1909. De nombreux prix offrant une bourse de voyage sont associ\u00e9s \u00e0 ses expositions. <\/span><\/em><\/li>\n<li><em>Victor Tardieu, \u00e0 la recherche de mod\u00e8le pour ex\u00e9cuter sa commande, sollicite l\u2019aide de Paul Monet\u00a0 (directeur du Foyer des \u00e9tudiants annamites). C\u2019est \u00e0 cette occasion, qu\u2019il rencontre Nam So\u2019n. <\/em><\/li>\n<li><em>L\u2019Ecole sup\u00e9rieure des Beaux-Arts d\u2019Alger (ESBA) a \u00e9t\u00e9 cr\u00e9\u00e9e en 1843<\/em><\/li>\n<li><em>L\u2019Ecole des Beaux Arts de Tunis a \u00e9t\u00e9 fond\u00e9e en 1923<\/em><\/li>\n<\/ol>\n<p>&nbsp;<\/p>\n<p>[\/et_pb_text][\/et_pb_column][\/et_pb_row][\/et_pb_section]<\/p>\n","protected":false},"excerpt":{"rendered":"<p>Depuis quelques ann\u00e9es, l\u2019art vietnamien conna\u00eet un v\u00e9ritable succ\u00e8s dans les salles des  ventes. A l\u2019heure o\u00f9 les ench\u00e8res s\u2019envolent, retour sur cet engouement in\u00e9dit. <\/p>\n","protected":false},"author":1,"featured_media":315,"comment_status":"closed","ping_status":"closed","sticky":false,"template":"","format":"standard","meta":{"_et_pb_use_builder":"on","_et_pb_old_content":"<!-- wp:paragraph -->\r\n<p>Les biens vendus aux\u00a0<strong>ench\u00e8res<\/strong>\u00a0dans notre\u00a0<strong>salle des ventes PRIMARDECO<\/strong>\u00a0proviennent uniquement de collections priv\u00e9es ou de successions nationales, r\u00e9gionales et toulousaines. L\u2019<strong>h\u00f4tel des ventes PRIMARDECO<\/strong>\u00a0vend aux\u00a0<strong>ench\u00e8res<\/strong>\u00a0toutes sortes d\u2019<strong>antiquit\u00e9s et d\u2019objets d\u2019art<\/strong>\u00a0; notre activit\u00e9 recouvre les sp\u00e9cialit\u00e9s suivantes :<\/p>\r\n<!-- \/wp:paragraph --><!-- wp:paragraph -->\r\n<p>Mobilier d\u2019\u00e9poque et de style, objets d\u2019art et de grande d\u00e9coration, tableaux et gravures, bijoux, argenterie, grands vins, livres anciens et modernes illustr\u00e9s, arts primitifs et arch\u00e9ologie, timbres, soldats de plomb, armes anciennes, instruments de musique, affiches, arts d\u00e9coratifs du XXe, Design, tableaux et gravures, jouets, verreries, photographies\u2026<\/p>\r\n<!-- \/wp:paragraph -->","_et_gb_content_width":"","footnotes":""},"categories":[3],"tags":[13,14],"class_list":["post-61","post","type-post","status-publish","format-standard","has-post-thumbnail","hentry","category-art-asie","tag-art-moderne","tag-art-vietnamien"],"yoast_head":"<!-- This site is optimized with the Yoast SEO plugin v25.6 - https:\/\/yoast.com\/wordpress\/plugins\/seo\/ -->\n<title>La cr\u00e9ation de l\u2019Ecole des Beaux-Arts de l\u2019Indochine (EBAI) \u00e0 Hano\u00ef (1\/4) | Primardeco - Blog<\/title>\n<meta name=\"description\" content=\"En savoir plus sur &quot;La cr\u00e9ation de l\u2019Ecole des Beaux-Arts de l\u2019Indochine (EBAI) \u00e0 Hano\u00ef (1\/4)&quot;, un sujet propos\u00e9 dans la cat\u00e9gorie Art d&#039;Asie par l&#039;\u00e9quipe Primardeco, sp\u00e9cialistes de l&#039;expertise et de la vente aux ench\u00e8res d&#039;art \u00e0 Toulouse.\" \/>\n<meta name=\"robots\" content=\"index, follow, max-snippet:-1, max-image-preview:large, max-video-preview:-1\" \/>\n<link rel=\"canonical\" href=\"https:\/\/www.primardeco.com\/blog\/ecole-beaux-arts-indochine-hanoi\/\" \/>\n<meta property=\"og:locale\" content=\"fr_FR\" \/>\n<meta property=\"og:type\" content=\"article\" \/>\n<meta property=\"og:title\" content=\"La cr\u00e9ation de l\u2019Ecole des Beaux-Arts de l\u2019Indochine (EBAI) \u00e0 Hano\u00ef (1\/4) | Primardeco - Blog\" \/>\n<meta property=\"og:description\" content=\"En savoir plus sur &quot;La cr\u00e9ation de l\u2019Ecole des Beaux-Arts de l\u2019Indochine (EBAI) \u00e0 Hano\u00ef (1\/4)&quot;, un sujet propos\u00e9 dans la cat\u00e9gorie Art d&#039;Asie par l&#039;\u00e9quipe Primardeco, sp\u00e9cialistes de l&#039;expertise et de la vente aux ench\u00e8res d&#039;art \u00e0 Toulouse.\" \/>\n<meta property=\"og:url\" content=\"https:\/\/www.primardeco.com\/blog\/ecole-beaux-arts-indochine-hanoi\/\" \/>\n<meta property=\"og:site_name\" content=\"Primardeco - Blog\" \/>\n<meta property=\"article:publisher\" content=\"https:\/\/www.facebook.com\/Primardeco-275817602518624\/\" \/>\n<meta property=\"article:published_time\" content=\"2021-11-19T09:53:03+00:00\" \/>\n<meta property=\"article:modified_time\" content=\"2022-03-17T14:37:48+00:00\" \/>\n<meta property=\"og:image\" content=\"https:\/\/www.primardeco.com\/blog\/wp-content\/uploads\/2021\/11\/Hanoi-facade-ecole-des-beaux-arts.jpg\" \/>\n\t<meta property=\"og:image:width\" content=\"1000\" \/>\n\t<meta property=\"og:image:height\" content=\"792\" \/>\n\t<meta property=\"og:image:type\" content=\"image\/jpeg\" \/>\n<meta name=\"author\" content=\"Primardeco\" \/>\n<meta name=\"twitter:card\" content=\"summary_large_image\" \/>\n<meta name=\"twitter:creator\" content=\"@PRIMARDECO\" \/>\n<meta name=\"twitter:site\" content=\"@PRIMARDECO\" \/>\n<meta name=\"twitter:label1\" content=\"\u00c9crit par\" \/>\n\t<meta name=\"twitter:data1\" content=\"Primardeco\" \/>\n\t<meta name=\"twitter:label2\" content=\"Dur\u00e9e de lecture estim\u00e9e\" \/>\n\t<meta name=\"twitter:data2\" content=\"6 minutes\" \/>\n<script type=\"application\/ld+json\" class=\"yoast-schema-graph\">{\"@context\":\"https:\/\/schema.org\",\"@graph\":[{\"@type\":\"Article\",\"@id\":\"https:\/\/www.primardeco.com\/blog\/ecole-beaux-arts-indochine-hanoi\/#article\",\"isPartOf\":{\"@id\":\"https:\/\/www.primardeco.com\/blog\/ecole-beaux-arts-indochine-hanoi\/\"},\"author\":{\"name\":\"Primardeco\",\"@id\":\"https:\/\/www.primardeco.com\/blog\/#\/schema\/person\/322a1d6c728a00bdf285ba36fbaad066\"},\"headline\":\"La cr\u00e9ation de l\u2019Ecole des Beaux-Arts de l\u2019Indochine (EBAI) \u00e0 Hano\u00ef (1\/4)\",\"datePublished\":\"2021-11-19T09:53:03+00:00\",\"dateModified\":\"2022-03-17T14:37:48+00:00\",\"mainEntityOfPage\":{\"@id\":\"https:\/\/www.primardeco.com\/blog\/ecole-beaux-arts-indochine-hanoi\/\"},\"wordCount\":1267,\"publisher\":{\"@id\":\"https:\/\/www.primardeco.com\/blog\/#organization\"},\"image\":{\"@id\":\"https:\/\/www.primardeco.com\/blog\/ecole-beaux-arts-indochine-hanoi\/#primaryimage\"},\"thumbnailUrl\":\"https:\/\/www.primardeco.com\/blog\/wp-content\/uploads\/2021\/11\/Hanoi-facade-ecole-des-beaux-arts.jpg\",\"keywords\":[\"Art moderne\",\"Art vietnamien\"],\"articleSection\":[\"Art d'Asie\"],\"inLanguage\":\"fr-FR\"},{\"@type\":\"WebPage\",\"@id\":\"https:\/\/www.primardeco.com\/blog\/ecole-beaux-arts-indochine-hanoi\/\",\"url\":\"https:\/\/www.primardeco.com\/blog\/ecole-beaux-arts-indochine-hanoi\/\",\"name\":\"La cr\u00e9ation de l\u2019Ecole des Beaux-Arts de l\u2019Indochine (EBAI) \u00e0 Hano\u00ef (1\/4) | Primardeco - Blog\",\"isPartOf\":{\"@id\":\"https:\/\/www.primardeco.com\/blog\/#website\"},\"primaryImageOfPage\":{\"@id\":\"https:\/\/www.primardeco.com\/blog\/ecole-beaux-arts-indochine-hanoi\/#primaryimage\"},\"image\":{\"@id\":\"https:\/\/www.primardeco.com\/blog\/ecole-beaux-arts-indochine-hanoi\/#primaryimage\"},\"thumbnailUrl\":\"https:\/\/www.primardeco.com\/blog\/wp-content\/uploads\/2021\/11\/Hanoi-facade-ecole-des-beaux-arts.jpg\",\"datePublished\":\"2021-11-19T09:53:03+00:00\",\"dateModified\":\"2022-03-17T14:37:48+00:00\",\"description\":\"En savoir plus sur \\\"La cr\u00e9ation de l\u2019Ecole des Beaux-Arts de l\u2019Indochine (EBAI) \u00e0 Hano\u00ef (1\/4)\\\", un sujet propos\u00e9 dans la cat\u00e9gorie Art d'Asie par l'\u00e9quipe Primardeco, sp\u00e9cialistes de l'expertise et de la vente aux ench\u00e8res d'art \u00e0 Toulouse.\",\"breadcrumb\":{\"@id\":\"https:\/\/www.primardeco.com\/blog\/ecole-beaux-arts-indochine-hanoi\/#breadcrumb\"},\"inLanguage\":\"fr-FR\",\"potentialAction\":[{\"@type\":\"ReadAction\",\"target\":[\"https:\/\/www.primardeco.com\/blog\/ecole-beaux-arts-indochine-hanoi\/\"]}]},{\"@type\":\"ImageObject\",\"inLanguage\":\"fr-FR\",\"@id\":\"https:\/\/www.primardeco.com\/blog\/ecole-beaux-arts-indochine-hanoi\/#primaryimage\",\"url\":\"https:\/\/www.primardeco.com\/blog\/wp-content\/uploads\/2021\/11\/Hanoi-facade-ecole-des-beaux-arts.jpg\",\"contentUrl\":\"https:\/\/www.primardeco.com\/blog\/wp-content\/uploads\/2021\/11\/Hanoi-facade-ecole-des-beaux-arts.jpg\",\"width\":1000,\"height\":792,\"caption\":\"Ecole des Beaux Arts d'Hanoi - fa\u00e7ade des ateliers - @Biblioth\u00e8que num\u00e9rique de l'Universit\u00e9 de C\u00f4te d'Azur\"},{\"@type\":\"BreadcrumbList\",\"@id\":\"https:\/\/www.primardeco.com\/blog\/ecole-beaux-arts-indochine-hanoi\/#breadcrumb\",\"itemListElement\":[{\"@type\":\"ListItem\",\"position\":1,\"name\":\"Accueil\",\"item\":\"https:\/\/www.primardeco.com\/blog\/\"},{\"@type\":\"ListItem\",\"position\":2,\"name\":\"La cr\u00e9ation de l\u2019Ecole des Beaux-Arts de l\u2019Indochine (EBAI) \u00e0 Hano\u00ef (1\/4)\"}]},{\"@type\":\"WebSite\",\"@id\":\"https:\/\/www.primardeco.com\/blog\/#website\",\"url\":\"https:\/\/www.primardeco.com\/blog\/\",\"name\":\"Primardeco - Blog\",\"description\":\"Expertises et Ventes aux ench\u00e8res\",\"publisher\":{\"@id\":\"https:\/\/www.primardeco.com\/blog\/#organization\"},\"potentialAction\":[{\"@type\":\"SearchAction\",\"target\":{\"@type\":\"EntryPoint\",\"urlTemplate\":\"https:\/\/www.primardeco.com\/blog\/?s={search_term_string}\"},\"query-input\":{\"@type\":\"PropertyValueSpecification\",\"valueRequired\":true,\"valueName\":\"search_term_string\"}}],\"inLanguage\":\"fr-FR\"},{\"@type\":\"Organization\",\"@id\":\"https:\/\/www.primardeco.com\/blog\/#organization\",\"name\":\"Le Blog Primardeco, Ventes aux Ench\u00e8res d'Art \u00e0 Toulouse\",\"url\":\"https:\/\/www.primardeco.com\/blog\/\",\"logo\":{\"@type\":\"ImageObject\",\"inLanguage\":\"fr-FR\",\"@id\":\"https:\/\/www.primardeco.com\/blog\/#\/schema\/logo\/image\/\",\"url\":\"https:\/\/www.primardeco.com\/blog\/wp-content\/uploads\/2021\/11\/logo-primardeco-blog.png\",\"contentUrl\":\"https:\/\/www.primardeco.com\/blog\/wp-content\/uploads\/2021\/11\/logo-primardeco-blog.png\",\"width\":282,\"height\":84,\"caption\":\"Le Blog Primardeco, Ventes aux Ench\u00e8res d'Art \u00e0 Toulouse\"},\"image\":{\"@id\":\"https:\/\/www.primardeco.com\/blog\/#\/schema\/logo\/image\/\"},\"sameAs\":[\"https:\/\/www.facebook.com\/Primardeco-275817602518624\/\",\"https:\/\/x.com\/PRIMARDECO\",\"https:\/\/www.instagram.com\/primardeco\/\"]},{\"@type\":\"Person\",\"@id\":\"https:\/\/www.primardeco.com\/blog\/#\/schema\/person\/322a1d6c728a00bdf285ba36fbaad066\",\"name\":\"Primardeco\",\"image\":{\"@type\":\"ImageObject\",\"inLanguage\":\"fr-FR\",\"@id\":\"https:\/\/www.primardeco.com\/blog\/#\/schema\/person\/image\/\",\"url\":\"https:\/\/secure.gravatar.com\/avatar\/33efd09e5956774f6b4152983a05d8ef3439d180a8a6def1b0603e5dd436c720?s=96&d=mm&r=g\",\"contentUrl\":\"https:\/\/secure.gravatar.com\/avatar\/33efd09e5956774f6b4152983a05d8ef3439d180a8a6def1b0603e5dd436c720?s=96&d=mm&r=g\",\"caption\":\"Primardeco\"},\"sameAs\":[\"https:\/\/www.primardeco.com\/blog\"],\"url\":\"https:\/\/www.primardeco.com\/blog\/author\/admin\/\"}]}<\/script>\n<!-- \/ Yoast SEO plugin. -->","yoast_head_json":{"title":"La cr\u00e9ation de l\u2019Ecole des Beaux-Arts de l\u2019Indochine (EBAI) \u00e0 Hano\u00ef (1\/4) | Primardeco - Blog","description":"En savoir plus sur \"La cr\u00e9ation de l\u2019Ecole des Beaux-Arts de l\u2019Indochine (EBAI) \u00e0 Hano\u00ef (1\/4)\", un sujet propos\u00e9 dans la cat\u00e9gorie Art d'Asie par l'\u00e9quipe Primardeco, sp\u00e9cialistes de l'expertise et de la vente aux ench\u00e8res d'art \u00e0 Toulouse.","robots":{"index":"index","follow":"follow","max-snippet":"max-snippet:-1","max-image-preview":"max-image-preview:large","max-video-preview":"max-video-preview:-1"},"canonical":"https:\/\/www.primardeco.com\/blog\/ecole-beaux-arts-indochine-hanoi\/","og_locale":"fr_FR","og_type":"article","og_title":"La cr\u00e9ation de l\u2019Ecole des Beaux-Arts de l\u2019Indochine (EBAI) \u00e0 Hano\u00ef (1\/4) | Primardeco - Blog","og_description":"En savoir plus sur \"La cr\u00e9ation de l\u2019Ecole des Beaux-Arts de l\u2019Indochine (EBAI) \u00e0 Hano\u00ef (1\/4)\", un sujet propos\u00e9 dans la cat\u00e9gorie Art d'Asie par l'\u00e9quipe Primardeco, sp\u00e9cialistes de l'expertise et de la vente aux ench\u00e8res d'art \u00e0 Toulouse.","og_url":"https:\/\/www.primardeco.com\/blog\/ecole-beaux-arts-indochine-hanoi\/","og_site_name":"Primardeco - Blog","article_publisher":"https:\/\/www.facebook.com\/Primardeco-275817602518624\/","article_published_time":"2021-11-19T09:53:03+00:00","article_modified_time":"2022-03-17T14:37:48+00:00","og_image":[{"width":1000,"height":792,"url":"https:\/\/www.primardeco.com\/blog\/wp-content\/uploads\/2021\/11\/Hanoi-facade-ecole-des-beaux-arts.jpg","type":"image\/jpeg"}],"author":"Primardeco","twitter_card":"summary_large_image","twitter_creator":"@PRIMARDECO","twitter_site":"@PRIMARDECO","twitter_misc":{"\u00c9crit par":"Primardeco","Dur\u00e9e de lecture estim\u00e9e":"6 minutes"},"schema":{"@context":"https:\/\/schema.org","@graph":[{"@type":"Article","@id":"https:\/\/www.primardeco.com\/blog\/ecole-beaux-arts-indochine-hanoi\/#article","isPartOf":{"@id":"https:\/\/www.primardeco.com\/blog\/ecole-beaux-arts-indochine-hanoi\/"},"author":{"name":"Primardeco","@id":"https:\/\/www.primardeco.com\/blog\/#\/schema\/person\/322a1d6c728a00bdf285ba36fbaad066"},"headline":"La cr\u00e9ation de l\u2019Ecole des Beaux-Arts de l\u2019Indochine (EBAI) \u00e0 Hano\u00ef (1\/4)","datePublished":"2021-11-19T09:53:03+00:00","dateModified":"2022-03-17T14:37:48+00:00","mainEntityOfPage":{"@id":"https:\/\/www.primardeco.com\/blog\/ecole-beaux-arts-indochine-hanoi\/"},"wordCount":1267,"publisher":{"@id":"https:\/\/www.primardeco.com\/blog\/#organization"},"image":{"@id":"https:\/\/www.primardeco.com\/blog\/ecole-beaux-arts-indochine-hanoi\/#primaryimage"},"thumbnailUrl":"https:\/\/www.primardeco.com\/blog\/wp-content\/uploads\/2021\/11\/Hanoi-facade-ecole-des-beaux-arts.jpg","keywords":["Art moderne","Art vietnamien"],"articleSection":["Art d'Asie"],"inLanguage":"fr-FR"},{"@type":"WebPage","@id":"https:\/\/www.primardeco.com\/blog\/ecole-beaux-arts-indochine-hanoi\/","url":"https:\/\/www.primardeco.com\/blog\/ecole-beaux-arts-indochine-hanoi\/","name":"La cr\u00e9ation de l\u2019Ecole des Beaux-Arts de l\u2019Indochine (EBAI) \u00e0 Hano\u00ef (1\/4) | Primardeco - Blog","isPartOf":{"@id":"https:\/\/www.primardeco.com\/blog\/#website"},"primaryImageOfPage":{"@id":"https:\/\/www.primardeco.com\/blog\/ecole-beaux-arts-indochine-hanoi\/#primaryimage"},"image":{"@id":"https:\/\/www.primardeco.com\/blog\/ecole-beaux-arts-indochine-hanoi\/#primaryimage"},"thumbnailUrl":"https:\/\/www.primardeco.com\/blog\/wp-content\/uploads\/2021\/11\/Hanoi-facade-ecole-des-beaux-arts.jpg","datePublished":"2021-11-19T09:53:03+00:00","dateModified":"2022-03-17T14:37:48+00:00","description":"En savoir plus sur \"La cr\u00e9ation de l\u2019Ecole des Beaux-Arts de l\u2019Indochine (EBAI) \u00e0 Hano\u00ef (1\/4)\", un sujet propos\u00e9 dans la cat\u00e9gorie Art d'Asie par l'\u00e9quipe Primardeco, sp\u00e9cialistes de l'expertise et de la vente aux ench\u00e8res d'art \u00e0 Toulouse.","breadcrumb":{"@id":"https:\/\/www.primardeco.com\/blog\/ecole-beaux-arts-indochine-hanoi\/#breadcrumb"},"inLanguage":"fr-FR","potentialAction":[{"@type":"ReadAction","target":["https:\/\/www.primardeco.com\/blog\/ecole-beaux-arts-indochine-hanoi\/"]}]},{"@type":"ImageObject","inLanguage":"fr-FR","@id":"https:\/\/www.primardeco.com\/blog\/ecole-beaux-arts-indochine-hanoi\/#primaryimage","url":"https:\/\/www.primardeco.com\/blog\/wp-content\/uploads\/2021\/11\/Hanoi-facade-ecole-des-beaux-arts.jpg","contentUrl":"https:\/\/www.primardeco.com\/blog\/wp-content\/uploads\/2021\/11\/Hanoi-facade-ecole-des-beaux-arts.jpg","width":1000,"height":792,"caption":"Ecole des Beaux Arts d'Hanoi - fa\u00e7ade des ateliers - @Biblioth\u00e8que num\u00e9rique de l'Universit\u00e9 de C\u00f4te d'Azur"},{"@type":"BreadcrumbList","@id":"https:\/\/www.primardeco.com\/blog\/ecole-beaux-arts-indochine-hanoi\/#breadcrumb","itemListElement":[{"@type":"ListItem","position":1,"name":"Accueil","item":"https:\/\/www.primardeco.com\/blog\/"},{"@type":"ListItem","position":2,"name":"La cr\u00e9ation de l\u2019Ecole des Beaux-Arts de l\u2019Indochine (EBAI) \u00e0 Hano\u00ef (1\/4)"}]},{"@type":"WebSite","@id":"https:\/\/www.primardeco.com\/blog\/#website","url":"https:\/\/www.primardeco.com\/blog\/","name":"Primardeco - Blog","description":"Expertises et Ventes aux ench\u00e8res","publisher":{"@id":"https:\/\/www.primardeco.com\/blog\/#organization"},"potentialAction":[{"@type":"SearchAction","target":{"@type":"EntryPoint","urlTemplate":"https:\/\/www.primardeco.com\/blog\/?s={search_term_string}"},"query-input":{"@type":"PropertyValueSpecification","valueRequired":true,"valueName":"search_term_string"}}],"inLanguage":"fr-FR"},{"@type":"Organization","@id":"https:\/\/www.primardeco.com\/blog\/#organization","name":"Le Blog Primardeco, Ventes aux Ench\u00e8res d'Art \u00e0 Toulouse","url":"https:\/\/www.primardeco.com\/blog\/","logo":{"@type":"ImageObject","inLanguage":"fr-FR","@id":"https:\/\/www.primardeco.com\/blog\/#\/schema\/logo\/image\/","url":"https:\/\/www.primardeco.com\/blog\/wp-content\/uploads\/2021\/11\/logo-primardeco-blog.png","contentUrl":"https:\/\/www.primardeco.com\/blog\/wp-content\/uploads\/2021\/11\/logo-primardeco-blog.png","width":282,"height":84,"caption":"Le Blog Primardeco, Ventes aux Ench\u00e8res d'Art \u00e0 Toulouse"},"image":{"@id":"https:\/\/www.primardeco.com\/blog\/#\/schema\/logo\/image\/"},"sameAs":["https:\/\/www.facebook.com\/Primardeco-275817602518624\/","https:\/\/x.com\/PRIMARDECO","https:\/\/www.instagram.com\/primardeco\/"]},{"@type":"Person","@id":"https:\/\/www.primardeco.com\/blog\/#\/schema\/person\/322a1d6c728a00bdf285ba36fbaad066","name":"Primardeco","image":{"@type":"ImageObject","inLanguage":"fr-FR","@id":"https:\/\/www.primardeco.com\/blog\/#\/schema\/person\/image\/","url":"https:\/\/secure.gravatar.com\/avatar\/33efd09e5956774f6b4152983a05d8ef3439d180a8a6def1b0603e5dd436c720?s=96&d=mm&r=g","contentUrl":"https:\/\/secure.gravatar.com\/avatar\/33efd09e5956774f6b4152983a05d8ef3439d180a8a6def1b0603e5dd436c720?s=96&d=mm&r=g","caption":"Primardeco"},"sameAs":["https:\/\/www.primardeco.com\/blog"],"url":"https:\/\/www.primardeco.com\/blog\/author\/admin\/"}]}},"_links":{"self":[{"href":"https:\/\/www.primardeco.com\/blog\/wp-json\/wp\/v2\/posts\/61","targetHints":{"allow":["GET"]}}],"collection":[{"href":"https:\/\/www.primardeco.com\/blog\/wp-json\/wp\/v2\/posts"}],"about":[{"href":"https:\/\/www.primardeco.com\/blog\/wp-json\/wp\/v2\/types\/post"}],"author":[{"embeddable":true,"href":"https:\/\/www.primardeco.com\/blog\/wp-json\/wp\/v2\/users\/1"}],"replies":[{"embeddable":true,"href":"https:\/\/www.primardeco.com\/blog\/wp-json\/wp\/v2\/comments?post=61"}],"version-history":[{"count":11,"href":"https:\/\/www.primardeco.com\/blog\/wp-json\/wp\/v2\/posts\/61\/revisions"}],"predecessor-version":[{"id":1251,"href":"https:\/\/www.primardeco.com\/blog\/wp-json\/wp\/v2\/posts\/61\/revisions\/1251"}],"wp:featuredmedia":[{"embeddable":true,"href":"https:\/\/www.primardeco.com\/blog\/wp-json\/wp\/v2\/media\/315"}],"wp:attachment":[{"href":"https:\/\/www.primardeco.com\/blog\/wp-json\/wp\/v2\/media?parent=61"}],"wp:term":[{"taxonomy":"category","embeddable":true,"href":"https:\/\/www.primardeco.com\/blog\/wp-json\/wp\/v2\/categories?post=61"},{"taxonomy":"post_tag","embeddable":true,"href":"https:\/\/www.primardeco.com\/blog\/wp-json\/wp\/v2\/tags?post=61"}],"curies":[{"name":"wp","href":"https:\/\/api.w.org\/{rel}","templated":true}]}}