{"id":514,"date":"2021-12-07T18:47:17","date_gmt":"2021-12-07T17:47:17","guid":{"rendered":"https:\/\/www.primardeco.com\/blog\/?p=514"},"modified":"2022-03-17T16:28:06","modified_gmt":"2022-03-17T15:28:06","slug":"encore-un-succes-pour-mai-thu-chez-primardeco","status":"publish","type":"post","link":"https:\/\/www.primardeco.com\/blog\/encore-un-succes-pour-mai-thu-chez-primardeco\/","title":{"rendered":"Encore un succ\u00e8s pour Mai Thu chez Primardeco !"},"content":{"rendered":"<p>[et_pb_section fb_built=\u00a0\u00bb1&Prime; _builder_version=\u00a0\u00bb3.22&Prime; global_colors_info=\u00a0\u00bb{}\u00a0\u00bb][et_pb_row _builder_version=\u00a0\u00bb3.25&Prime; background_size=\u00a0\u00bbinitial\u00a0\u00bb background_position=\u00a0\u00bbtop_left\u00a0\u00bb background_repeat=\u00a0\u00bbrepeat\u00a0\u00bb global_colors_info=\u00a0\u00bb{}\u00a0\u00bb][et_pb_column type=\u00a0\u00bb4_4&Prime; _builder_version=\u00a0\u00bb3.25&Prime; custom_padding=\u00a0\u00bb|||\u00a0\u00bb global_colors_info=\u00a0\u00bb{}\u00a0\u00bb custom_padding__hover=\u00a0\u00bb|||\u00a0\u00bb][et_pb_text admin_label=\u00a0\u00bbIntro\u00a0\u00bb _builder_version=\u00a0\u00bb4.14.9&Prime; _module_preset=\u00a0\u00bbdefault\u00a0\u00bb hover_enabled=\u00a0\u00bb0&Prime; global_colors_info=\u00a0\u00bb{}\u00a0\u00bb sticky_enabled=\u00a0\u00bb0&Prime;]<\/p>\n<p><em>Depuis quelques ann\u00e9es, Primardeco se positionne en leader dans l<strong>\u2019<a href=\"https:\/\/www.primardeco.com\/expertise\/art-dasie\/\">expertise et la vente d\u2019\u0153uvres d&rsquo;art vietnamiennes<\/a>.<\/strong> En nouant des relations fortes avec des <strong>experts et des collectionneurs vietnamiens<\/strong>, Primardeco met son exp\u00e9rience et son savoir-faire au service de ses clients vendeurs.<\/em><\/p>\n<p>[\/et_pb_text][et_pb_divider _builder_version=\u00a0\u00bb4.13.0&Prime; _module_preset=\u00a0\u00bbdefault\u00a0\u00bb global_colors_info=\u00a0\u00bb{}\u00a0\u00bb][\/et_pb_divider][\/et_pb_column][\/et_pb_row][et_pb_row column_structure=\u00a0\u00bb1_2,1_2&Prime; _builder_version=\u00a0\u00bb4.13.0&Prime; _module_preset=\u00a0\u00bbdefault\u00a0\u00bb global_colors_info=\u00a0\u00bb{}\u00a0\u00bb][et_pb_column type=\u00a0\u00bb1_2&Prime; _builder_version=\u00a0\u00bb4.13.0&Prime; _module_preset=\u00a0\u00bbdefault\u00a0\u00bb global_colors_info=\u00a0\u00bb{}\u00a0\u00bb][et_pb_text _builder_version=\u00a0\u00bb4.14.9&Prime; _module_preset=\u00a0\u00bbdefault\u00a0\u00bb hover_enabled=\u00a0\u00bb0&Prime; global_colors_info=\u00a0\u00bb{}\u00a0\u00bb sticky_enabled=\u00a0\u00bb0&Prime;]<\/p>\n<h2>\u00a0<\/h2>\n<h2>Une peinture sur soie de Mai Thu adjug\u00e9e 157 500\u20ac\u00a0!<\/h2>\n<p>&nbsp;<\/p>\n<p>Cette <a href=\"https:\/\/www.primardeco.com\/art-de-la-chine-et-dex-orient\/mai-thu-broderie-encre-et-couleurs-sur-soie-signee-en-bas-a-droit-41087\"><strong>peinture sur soie du c\u00e9l\u00e8bre Mai Thu<\/strong><\/a> provenant d\u2019une collection priv\u00e9e a \u00e9t\u00e9 adjug\u00e9e\u00a0<strong>157 500\u20ac<\/strong> !<\/p>\n<p>&nbsp;<\/p>\n<p>D\u00e9couverte, expertis\u00e9e et mise en vente par Primardeco et son expert en Arts d&rsquo;Asie, Pierre Ansas, le succ\u00e8s de cette ench\u00e8re refl\u00e8te le <strong>savoir-faire<\/strong> de la maison de ventes aux ench\u00e8res toulousaine dans l&rsquo;<strong>expertise et la vente aux ench\u00e8res d&rsquo;oeuvres d&rsquo;art vietnamiennes<\/strong>.<\/p>\n<p>&nbsp;<\/p>\n<p>Cette \u0153uvre a \u00e9t\u00e9 vendue avec l\u2019approbation du <strong>comit\u00e9 Mai Thu<\/strong>.<\/p>\n<p>[\/et_pb_text][\/et_pb_column][et_pb_column type=\u00a0\u00bb1_2&Prime; _builder_version=\u00a0\u00bb4.13.0&Prime; _module_preset=\u00a0\u00bbdefault\u00a0\u00bb global_colors_info=\u00a0\u00bb{}\u00a0\u00bb][et_pb_image src=\u00a0\u00bbhttps:\/\/www.primardeco.com\/blog\/wp-content\/uploads\/2021\/12\/Mai-ThuBroderie.-\u00a9Primardeco.jpg\u00a0\u00bb alt=\u00a0\u00bbMai-Thu,Broderie. \u00a9Primardeco\u00a0\u00bb title_text=\u00a0\u00bbMai-Thu,Broderie. \u00a9Primardeco\u00a0\u00bb _builder_version=\u00a0\u00bb4.14.5&Prime; _module_preset=\u00a0\u00bbdefault\u00a0\u00bb global_colors_info=\u00a0\u00bb{}\u00a0\u00bb][\/et_pb_image][\/et_pb_column][\/et_pb_row][et_pb_row _builder_version=\u00a0\u00bb4.14.1&Prime; _module_preset=\u00a0\u00bbdefault\u00a0\u00bb global_colors_info=\u00a0\u00bb{}\u00a0\u00bb][et_pb_column type=\u00a0\u00bb4_4&Prime; _builder_version=\u00a0\u00bb4.14.1&Prime; _module_preset=\u00a0\u00bbdefault\u00a0\u00bb global_colors_info=\u00a0\u00bb{}\u00a0\u00bb][et_pb_text _builder_version=\u00a0\u00bb4.14.9&Prime; _module_preset=\u00a0\u00bbdefault\u00a0\u00bb hover_enabled=\u00a0\u00bb0&Prime; global_colors_info=\u00a0\u00bb{}\u00a0\u00bb sticky_enabled=\u00a0\u00bb0&Prime;]<\/p>\n<h2>Mai Thu, grand ma\u00eetre de la peinture sur soie<\/h2>\n<p>&nbsp;<\/p>\n<p>C\u2019est essentiellement gr\u00e2ce \u00e0 ses <strong>portraits<\/strong>, d\u2019une extr\u00eame finesse, que Mai Thu doit sa notori\u00e9t\u00e9. Cette peinture sur soie, d\u2019une grande d\u00e9licatesse, en t\u00e9moigne. Mai Thu repr\u00e9sente une jeune \u00e9l\u00e9gante entrain de broder, <strong>artisanat tr\u00e8s ancien traditionnel<\/strong> de la culture vietnamienne.<\/p>\n<p>La jeune fille, v\u00eatue d\u2019une robe fendue traditionnelle (<strong><em>\u00e0o d\u00e0i<\/em><\/strong>), semble plong\u00e9e dans ses pens\u00e9es. Le fond monochrome et le format de l\u2019\u0153uvre tr\u00e8s vertical, si caract\u00e9ristiques des \u0153uvres de Mai Thu, accentuent cette sensation. A travers le portrait de cette jeune femme qui allie douceur et m\u00e9lancolie, Mai Thu d\u00e9voile un <strong>Vietnam traditionnel, id\u00e9al et immuable.<\/strong><\/p>\n<p>Avec ses portraits de femmes vietnamiennes notamment, Mai Thu est aujourd\u2019hui consid\u00e9r\u00e9 comme l\u2019un des <strong>grands ma\u00eetres de la peinture sur soie<\/strong> <strong>vietnamienne<\/strong>.<\/p>\n<p>[\/et_pb_text][\/et_pb_column][\/et_pb_row][et_pb_row column_structure=\u00a0\u00bb3_5,2_5&Prime; _builder_version=\u00a0\u00bb4.14.1&Prime; _module_preset=\u00a0\u00bbdefault\u00a0\u00bb global_colors_info=\u00a0\u00bb{}\u00a0\u00bb][et_pb_column type=\u00a0\u00bb3_5&Prime; _builder_version=\u00a0\u00bb4.14.1&Prime; _module_preset=\u00a0\u00bbdefault\u00a0\u00bb global_colors_info=\u00a0\u00bb{}\u00a0\u00bb][et_pb_text _builder_version=\u00a0\u00bb4.14.9&Prime; background_size=\u00a0\u00bbinitial\u00a0\u00bb background_position=\u00a0\u00bbtop_left\u00a0\u00bb background_repeat=\u00a0\u00bbrepeat\u00a0\u00bb hover_enabled=\u00a0\u00bb0&Prime; global_colors_info=\u00a0\u00bb{}\u00a0\u00bb sticky_enabled=\u00a0\u00bb0&Prime;]<\/p>\n<h2>Mai Thu, pionnier de la peinture moderne vietnamienne<\/h2>\n<p>&nbsp;<\/p>\n<p>N\u00e9 en <strong>1906<\/strong> pr\u00e8s d&rsquo;Ha\u00efphong dans le nord du Vietnam &#8211; alors protectorat du Tonkin de l\u2019Indochine Fran\u00e7aise -, Mai Trung Thu grandit au sein d\u2019un milieu ais\u00e9. <strong>El\u00e8ve au lyc\u00e9e fran\u00e7ais<\/strong> d\u2019Hano\u00ef, il assiste aux profonds bouleversements que conna\u00eet son pays sous l\u2019impulsion du gouvernement colonial fran\u00e7ais qui m\u00e8ne d\u2019importantes mesures de modernisations.<\/p>\n<p>En <strong>1925<\/strong>, il int\u00e8gre la premi\u00e8re promotion de l\u2019histoire de l\u2019<a href=\"https:\/\/www.primardeco.com\/blog\/ecole-beaux-arts-indochine-hanoi\/\"><strong>Ecole sup\u00e9rieure des Beaux-Arts de l\u2019Indochine (EBAI)<\/strong> <\/a>dirig\u00e9e par Victor Tardieu. Apr\u00e8s avoir obtenu son dipl\u00f4me en 1930, Mai Thu devient professeur de dessin dans un lyc\u00e9e de Hu\u00e9 jusqu\u2019en 1937. A cette date, et accompagn\u00e9 de deux de ses camarades de promotion <a href=\"https:\/\/www.primardeco.com\/blog\/les-grandes-figures-de-lecole-hanoi\/\"><strong>Le Pho<\/strong> et<\/a><strong><a href=\"https:\/\/www.primardeco.com\/blog\/les-grandes-figures-de-lecole-hanoi\/\"> Vu Cao Dam<\/a>,<\/strong> \u00a0il se rend en France pour l\u2019Exposition internationale des Arts d\u00e9coratifs de Paris. Sous le charme de la capitale, il d\u00e9cide de s\u2019installer d\u00e9finitivement en France. D\u00e8s le d\u00e9but de la Seconde Guerre mondiale, en 1939, Mai Thu s\u2019engage au sein de l\u2019arm\u00e9e fran\u00e7aise. Mais tr\u00e8s vite, en 1941, il est d\u00e9mobilis\u00e9 \u00e0 M\u00e2con. Les notables de la ville d\u00e9couvrent son art et admirent particuli\u00e8rement ses portraits sur soie <strong>alliant tradition vietnamienne et r\u00e9alisme occidental.<\/strong> Tr\u00e8s attach\u00e9 \u00e0 son pays natal et afin d\u2019\u00eatre consid\u00e9r\u00e9 comme peintre asiatique, Mai Thu d\u00e9laisse progressivement la peinture \u00e0 l\u2019huile au profit d\u2019une technique traditionnelle vietnamienne\u00a0: la <strong>peinture sur soie<\/strong>. Tr\u00e8s fier de ses origines, Mai Thu d\u00e9peint un <strong>Vietnam id\u00e9al et immuable.<\/strong> Au cours de sa carri\u00e8re, il ne r\u00e9alise que tr\u00e8s peu de grandes compositions car il estime qu\u2019elles sont trop chronophages et on\u00e9reuses. Il r\u00e9alise au contraire une multitude de petites peintures sur soie encadr\u00e9es \u00e0 la mani\u00e8re asiatique ainsi que de nombreuses lithographies et impressions.<\/p>\n<p>Mai Thu est le chef de file de toute une nouvelle g\u00e9n\u00e9ration d\u2019artistes vietnamiens alliant <strong>traditions ancestrales et modernit\u00e9 occidentale.<\/strong><\/p>\n<p>Repr\u00e9sentant d&rsquo;un v\u00e9ritable bouleversement dans l&rsquo;histoire de l&rsquo;art vietnamienne, la <strong>cote des oeuvres de Mai Thu \u00a0<\/strong>est actuellement tr\u00e8s \u00e9lev\u00e9e. <\/p>\n<p>Quelque soit la technique employ\u00e9e ou le motif repr\u00e9sent\u00e9, les oeuvres de Mai rencontrent toujours un franc succ\u00e8s lors des <strong>ventes aux ench\u00e8res<\/strong>.\u00a0<\/p>\n<p>&nbsp;<\/p>\n<p>[\/et_pb_text][\/et_pb_column][et_pb_column type=\u00a0\u00bb2_5&Prime; _builder_version=\u00a0\u00bb4.14.1&Prime; _module_preset=\u00a0\u00bbdefault\u00a0\u00bb global_colors_info=\u00a0\u00bb{}\u00a0\u00bb][et_pb_image src=\u00a0\u00bbhttps:\/\/www.primardeco.com\/blog\/wp-content\/uploads\/2021\/11\/Portrait-de-Mai-Thu-Sources-Mai-Thu-1906-1980-collection-particuliere-\u00a9-Musee-des-Ursulines-de-Macon-scaled.jpg\u00a0\u00bb alt=\u00a0\u00bbPortrait de Mai Thu : Sources Mai-Thu (1906-1980)\u00a0\u00bb title_text=\u00a0\u00bbPortrait de Mai Thu &#8211; Sources Mai-Thu (1906-1980), collection particuli\u00e8re \u00a9 Mus\u00e9e des Ursulines de M\u00e2con\u00a0\u00bb _builder_version=\u00a0\u00bb4.14.1&Prime; _module_preset=\u00a0\u00bbdefault\u00a0\u00bb global_colors_info=\u00a0\u00bb{}\u00a0\u00bb][\/et_pb_image][et_pb_text _builder_version=\u00a0\u00bb4.14.5&Prime; _module_preset=\u00a0\u00bbdefault\u00a0\u00bb text_font_size=\u00a0\u00bb12px\u00a0\u00bb global_colors_info=\u00a0\u00bb{}\u00a0\u00bb]<\/p>\n<p>Portrait de Mai Thu (1906-1980), collection particuli\u00e8re \u00a9 Mus\u00e9e des Ursulines de M\u00e2con &#8211; Source : https:\/\/www.cernuschi.paris.fr\/<\/p>\n<p>[\/et_pb_text][\/et_pb_column][\/et_pb_row][\/et_pb_section]<\/p>\n","protected":false},"excerpt":{"rendered":"<p>Depuis quelques ann\u00e9es, Primardeco se positionne en leader dans l\u2019expertise et la vente d\u2019\u0153uvres d&rsquo;art vietnamiennes. En nouant des relations fortes avec des experts et des collectionneurs vietnamiens, Primardeco met son exp\u00e9rience et son savoir-faire au service de ses clients vendeurs.\u00a0 Une peinture sur soie de Mai Thu adjug\u00e9e 157 500\u20ac\u00a0! &nbsp; Cette peinture sur [&hellip;]<\/p>\n","protected":false},"author":2,"featured_media":521,"comment_status":"closed","ping_status":"closed","sticky":false,"template":"","format":"standard","meta":{"_et_pb_use_builder":"on","_et_pb_old_content":"","_et_gb_content_width":"","footnotes":""},"categories":[3],"tags":[13,14,15],"class_list":["post-514","post","type-post","status-publish","format-standard","has-post-thumbnail","hentry","category-art-asie","tag-art-moderne","tag-art-vietnamien","tag-resultats-ventes-encheres"],"yoast_head":"<!-- This site is optimized with the Yoast SEO plugin v25.6 - https:\/\/yoast.com\/wordpress\/plugins\/seo\/ -->\n<title>Encore un succ\u00e8s pour Mai Thu chez Primardeco ! | Primardeco - Blog<\/title>\n<meta name=\"description\" content=\"En savoir plus sur &quot;Mai Thu&quot;, un sujet propos\u00e9 par l&#039;\u00e9quipe Primardeco, sp\u00e9cialistes de l&#039;expertise et de la vente aux ench\u00e8res d&#039;art \u00e0 Toulouse.\" \/>\n<meta name=\"robots\" content=\"index, follow, max-snippet:-1, max-image-preview:large, max-video-preview:-1\" \/>\n<link rel=\"canonical\" href=\"https:\/\/www.primardeco.com\/blog\/encore-un-succes-pour-mai-thu-chez-primardeco\/\" \/>\n<meta property=\"og:locale\" content=\"fr_FR\" \/>\n<meta property=\"og:type\" content=\"article\" \/>\n<meta property=\"og:title\" content=\"Encore un succ\u00e8s pour Mai Thu chez Primardeco ! | Primardeco - Blog\" \/>\n<meta property=\"og:description\" content=\"En savoir plus sur &quot;Mai Thu&quot;, un sujet propos\u00e9 par l&#039;\u00e9quipe Primardeco, sp\u00e9cialistes de l&#039;expertise et de la vente aux ench\u00e8res d&#039;art \u00e0 Toulouse.\" \/>\n<meta property=\"og:url\" content=\"https:\/\/www.primardeco.com\/blog\/encore-un-succes-pour-mai-thu-chez-primardeco\/\" \/>\n<meta property=\"og:site_name\" content=\"Primardeco - Blog\" \/>\n<meta property=\"article:publisher\" content=\"https:\/\/www.facebook.com\/Primardeco-275817602518624\/\" \/>\n<meta property=\"article:published_time\" content=\"2021-12-07T17:47:17+00:00\" \/>\n<meta property=\"article:modified_time\" content=\"2022-03-17T15:28:06+00:00\" \/>\n<meta property=\"og:image\" content=\"https:\/\/www.primardeco.com\/blog\/wp-content\/uploads\/2021\/12\/Mai-ThuBroderie.-De\u0301tails-3.-\u00a9Primardeco.jpg\" \/>\n\t<meta property=\"og:image:width\" content=\"899\" \/>\n\t<meta property=\"og:image:height\" content=\"768\" \/>\n\t<meta property=\"og:image:type\" content=\"image\/jpeg\" \/>\n<meta name=\"author\" content=\"Anne de Colonges-Trotignon,\" \/>\n<meta name=\"twitter:card\" content=\"summary_large_image\" \/>\n<meta name=\"twitter:creator\" content=\"@PRIMARDECO\" \/>\n<meta name=\"twitter:site\" content=\"@PRIMARDECO\" \/>\n<meta name=\"twitter:label1\" content=\"\u00c9crit par\" \/>\n\t<meta name=\"twitter:data1\" content=\"Anne de Colonges-Trotignon,\" \/>\n\t<meta name=\"twitter:label2\" content=\"Dur\u00e9e de lecture estim\u00e9e\" \/>\n\t<meta name=\"twitter:data2\" content=\"6 minutes\" \/>\n<script type=\"application\/ld+json\" class=\"yoast-schema-graph\">{\"@context\":\"https:\/\/schema.org\",\"@graph\":[{\"@type\":\"Article\",\"@id\":\"https:\/\/www.primardeco.com\/blog\/encore-un-succes-pour-mai-thu-chez-primardeco\/#article\",\"isPartOf\":{\"@id\":\"https:\/\/www.primardeco.com\/blog\/encore-un-succes-pour-mai-thu-chez-primardeco\/\"},\"author\":{\"name\":\"Anne de Colonges-Trotignon,\",\"@id\":\"https:\/\/www.primardeco.com\/blog\/#\/schema\/person\/7de13947a1930d4cdcc9da53f15a8bf6\"},\"headline\":\"Encore un succ\u00e8s pour Mai Thu chez Primardeco !\",\"datePublished\":\"2021-12-07T17:47:17+00:00\",\"dateModified\":\"2022-03-17T15:28:06+00:00\",\"mainEntityOfPage\":{\"@id\":\"https:\/\/www.primardeco.com\/blog\/encore-un-succes-pour-mai-thu-chez-primardeco\/\"},\"wordCount\":1113,\"publisher\":{\"@id\":\"https:\/\/www.primardeco.com\/blog\/#organization\"},\"image\":{\"@id\":\"https:\/\/www.primardeco.com\/blog\/encore-un-succes-pour-mai-thu-chez-primardeco\/#primaryimage\"},\"thumbnailUrl\":\"https:\/\/www.primardeco.com\/blog\/wp-content\/uploads\/2021\/12\/Mai-ThuBroderie.-De\u0301tails-3.-\u00a9Primardeco.jpg\",\"keywords\":[\"Art moderne\",\"Art vietnamien\",\"r\u00e9sultats de ventes aux ench\u00e8res\"],\"articleSection\":[\"Art d'Asie\"],\"inLanguage\":\"fr-FR\"},{\"@type\":\"WebPage\",\"@id\":\"https:\/\/www.primardeco.com\/blog\/encore-un-succes-pour-mai-thu-chez-primardeco\/\",\"url\":\"https:\/\/www.primardeco.com\/blog\/encore-un-succes-pour-mai-thu-chez-primardeco\/\",\"name\":\"Encore un succ\u00e8s pour Mai Thu chez Primardeco ! | Primardeco - Blog\",\"isPartOf\":{\"@id\":\"https:\/\/www.primardeco.com\/blog\/#website\"},\"primaryImageOfPage\":{\"@id\":\"https:\/\/www.primardeco.com\/blog\/encore-un-succes-pour-mai-thu-chez-primardeco\/#primaryimage\"},\"image\":{\"@id\":\"https:\/\/www.primardeco.com\/blog\/encore-un-succes-pour-mai-thu-chez-primardeco\/#primaryimage\"},\"thumbnailUrl\":\"https:\/\/www.primardeco.com\/blog\/wp-content\/uploads\/2021\/12\/Mai-ThuBroderie.-De\u0301tails-3.-\u00a9Primardeco.jpg\",\"datePublished\":\"2021-12-07T17:47:17+00:00\",\"dateModified\":\"2022-03-17T15:28:06+00:00\",\"description\":\"En savoir plus sur \\\"Mai Thu\\\", un sujet propos\u00e9 par l'\u00e9quipe Primardeco, sp\u00e9cialistes de l'expertise et de la vente aux ench\u00e8res d'art \u00e0 Toulouse.\",\"breadcrumb\":{\"@id\":\"https:\/\/www.primardeco.com\/blog\/encore-un-succes-pour-mai-thu-chez-primardeco\/#breadcrumb\"},\"inLanguage\":\"fr-FR\",\"potentialAction\":[{\"@type\":\"ReadAction\",\"target\":[\"https:\/\/www.primardeco.com\/blog\/encore-un-succes-pour-mai-thu-chez-primardeco\/\"]}]},{\"@type\":\"ImageObject\",\"inLanguage\":\"fr-FR\",\"@id\":\"https:\/\/www.primardeco.com\/blog\/encore-un-succes-pour-mai-thu-chez-primardeco\/#primaryimage\",\"url\":\"https:\/\/www.primardeco.com\/blog\/wp-content\/uploads\/2021\/12\/Mai-ThuBroderie.-De\u0301tails-3.-\u00a9Primardeco.jpg\",\"contentUrl\":\"https:\/\/www.primardeco.com\/blog\/wp-content\/uploads\/2021\/12\/Mai-ThuBroderie.-De\u0301tails-3.-\u00a9Primardeco.jpg\",\"width\":899,\"height\":768,\"caption\":\"Mai-Thu,Broderie. De\u0301tails 3. \u00a9Primardeco\"},{\"@type\":\"BreadcrumbList\",\"@id\":\"https:\/\/www.primardeco.com\/blog\/encore-un-succes-pour-mai-thu-chez-primardeco\/#breadcrumb\",\"itemListElement\":[{\"@type\":\"ListItem\",\"position\":1,\"name\":\"Accueil\",\"item\":\"https:\/\/www.primardeco.com\/blog\/\"},{\"@type\":\"ListItem\",\"position\":2,\"name\":\"Encore un succ\u00e8s pour Mai Thu chez Primardeco !\"}]},{\"@type\":\"WebSite\",\"@id\":\"https:\/\/www.primardeco.com\/blog\/#website\",\"url\":\"https:\/\/www.primardeco.com\/blog\/\",\"name\":\"Primardeco - Blog\",\"description\":\"Expertises et Ventes aux ench\u00e8res\",\"publisher\":{\"@id\":\"https:\/\/www.primardeco.com\/blog\/#organization\"},\"potentialAction\":[{\"@type\":\"SearchAction\",\"target\":{\"@type\":\"EntryPoint\",\"urlTemplate\":\"https:\/\/www.primardeco.com\/blog\/?s={search_term_string}\"},\"query-input\":{\"@type\":\"PropertyValueSpecification\",\"valueRequired\":true,\"valueName\":\"search_term_string\"}}],\"inLanguage\":\"fr-FR\"},{\"@type\":\"Organization\",\"@id\":\"https:\/\/www.primardeco.com\/blog\/#organization\",\"name\":\"Le Blog Primardeco, Ventes aux Ench\u00e8res d'Art \u00e0 Toulouse\",\"url\":\"https:\/\/www.primardeco.com\/blog\/\",\"logo\":{\"@type\":\"ImageObject\",\"inLanguage\":\"fr-FR\",\"@id\":\"https:\/\/www.primardeco.com\/blog\/#\/schema\/logo\/image\/\",\"url\":\"https:\/\/www.primardeco.com\/blog\/wp-content\/uploads\/2021\/11\/logo-primardeco-blog.png\",\"contentUrl\":\"https:\/\/www.primardeco.com\/blog\/wp-content\/uploads\/2021\/11\/logo-primardeco-blog.png\",\"width\":282,\"height\":84,\"caption\":\"Le Blog Primardeco, Ventes aux Ench\u00e8res d'Art \u00e0 Toulouse\"},\"image\":{\"@id\":\"https:\/\/www.primardeco.com\/blog\/#\/schema\/logo\/image\/\"},\"sameAs\":[\"https:\/\/www.facebook.com\/Primardeco-275817602518624\/\",\"https:\/\/x.com\/PRIMARDECO\",\"https:\/\/www.instagram.com\/primardeco\/\"]},{\"@type\":\"Person\",\"@id\":\"https:\/\/www.primardeco.com\/blog\/#\/schema\/person\/7de13947a1930d4cdcc9da53f15a8bf6\",\"name\":\"Anne de Colonges-Trotignon,\",\"image\":{\"@type\":\"ImageObject\",\"inLanguage\":\"fr-FR\",\"@id\":\"https:\/\/www.primardeco.com\/blog\/#\/schema\/person\/image\/\",\"url\":\"https:\/\/secure.gravatar.com\/avatar\/853054ac9272b8d8231f62d5ba9a57c0838e74856b0112cb96fd18a428d1d335?s=96&d=mm&r=g\",\"contentUrl\":\"https:\/\/secure.gravatar.com\/avatar\/853054ac9272b8d8231f62d5ba9a57c0838e74856b0112cb96fd18a428d1d335?s=96&d=mm&r=g\",\"caption\":\"Anne de Colonges-Trotignon,\"},\"url\":\"https:\/\/www.primardeco.com\/blog\/author\/anne\/\"}]}<\/script>\n<!-- \/ Yoast SEO plugin. -->","yoast_head_json":{"title":"Encore un succ\u00e8s pour Mai Thu chez Primardeco ! | Primardeco - Blog","description":"En savoir plus sur \"Mai Thu\", un sujet propos\u00e9 par l'\u00e9quipe Primardeco, sp\u00e9cialistes de l'expertise et de la vente aux ench\u00e8res d'art \u00e0 Toulouse.","robots":{"index":"index","follow":"follow","max-snippet":"max-snippet:-1","max-image-preview":"max-image-preview:large","max-video-preview":"max-video-preview:-1"},"canonical":"https:\/\/www.primardeco.com\/blog\/encore-un-succes-pour-mai-thu-chez-primardeco\/","og_locale":"fr_FR","og_type":"article","og_title":"Encore un succ\u00e8s pour Mai Thu chez Primardeco ! | Primardeco - Blog","og_description":"En savoir plus sur \"Mai Thu\", un sujet propos\u00e9 par l'\u00e9quipe Primardeco, sp\u00e9cialistes de l'expertise et de la vente aux ench\u00e8res d'art \u00e0 Toulouse.","og_url":"https:\/\/www.primardeco.com\/blog\/encore-un-succes-pour-mai-thu-chez-primardeco\/","og_site_name":"Primardeco - Blog","article_publisher":"https:\/\/www.facebook.com\/Primardeco-275817602518624\/","article_published_time":"2021-12-07T17:47:17+00:00","article_modified_time":"2022-03-17T15:28:06+00:00","og_image":[{"width":899,"height":768,"url":"https:\/\/www.primardeco.com\/blog\/wp-content\/uploads\/2021\/12\/Mai-ThuBroderie.-De\u0301tails-3.-\u00a9Primardeco.jpg","type":"image\/jpeg"}],"author":"Anne de Colonges-Trotignon,","twitter_card":"summary_large_image","twitter_creator":"@PRIMARDECO","twitter_site":"@PRIMARDECO","twitter_misc":{"\u00c9crit par":"Anne de Colonges-Trotignon,","Dur\u00e9e de lecture estim\u00e9e":"6 minutes"},"schema":{"@context":"https:\/\/schema.org","@graph":[{"@type":"Article","@id":"https:\/\/www.primardeco.com\/blog\/encore-un-succes-pour-mai-thu-chez-primardeco\/#article","isPartOf":{"@id":"https:\/\/www.primardeco.com\/blog\/encore-un-succes-pour-mai-thu-chez-primardeco\/"},"author":{"name":"Anne de Colonges-Trotignon,","@id":"https:\/\/www.primardeco.com\/blog\/#\/schema\/person\/7de13947a1930d4cdcc9da53f15a8bf6"},"headline":"Encore un succ\u00e8s pour Mai Thu chez Primardeco !","datePublished":"2021-12-07T17:47:17+00:00","dateModified":"2022-03-17T15:28:06+00:00","mainEntityOfPage":{"@id":"https:\/\/www.primardeco.com\/blog\/encore-un-succes-pour-mai-thu-chez-primardeco\/"},"wordCount":1113,"publisher":{"@id":"https:\/\/www.primardeco.com\/blog\/#organization"},"image":{"@id":"https:\/\/www.primardeco.com\/blog\/encore-un-succes-pour-mai-thu-chez-primardeco\/#primaryimage"},"thumbnailUrl":"https:\/\/www.primardeco.com\/blog\/wp-content\/uploads\/2021\/12\/Mai-ThuBroderie.-De\u0301tails-3.-\u00a9Primardeco.jpg","keywords":["Art moderne","Art vietnamien","r\u00e9sultats de ventes aux ench\u00e8res"],"articleSection":["Art d'Asie"],"inLanguage":"fr-FR"},{"@type":"WebPage","@id":"https:\/\/www.primardeco.com\/blog\/encore-un-succes-pour-mai-thu-chez-primardeco\/","url":"https:\/\/www.primardeco.com\/blog\/encore-un-succes-pour-mai-thu-chez-primardeco\/","name":"Encore un succ\u00e8s pour Mai Thu chez Primardeco ! | Primardeco - Blog","isPartOf":{"@id":"https:\/\/www.primardeco.com\/blog\/#website"},"primaryImageOfPage":{"@id":"https:\/\/www.primardeco.com\/blog\/encore-un-succes-pour-mai-thu-chez-primardeco\/#primaryimage"},"image":{"@id":"https:\/\/www.primardeco.com\/blog\/encore-un-succes-pour-mai-thu-chez-primardeco\/#primaryimage"},"thumbnailUrl":"https:\/\/www.primardeco.com\/blog\/wp-content\/uploads\/2021\/12\/Mai-ThuBroderie.-De\u0301tails-3.-\u00a9Primardeco.jpg","datePublished":"2021-12-07T17:47:17+00:00","dateModified":"2022-03-17T15:28:06+00:00","description":"En savoir plus sur \"Mai Thu\", un sujet propos\u00e9 par l'\u00e9quipe Primardeco, sp\u00e9cialistes de l'expertise et de la vente aux ench\u00e8res d'art \u00e0 Toulouse.","breadcrumb":{"@id":"https:\/\/www.primardeco.com\/blog\/encore-un-succes-pour-mai-thu-chez-primardeco\/#breadcrumb"},"inLanguage":"fr-FR","potentialAction":[{"@type":"ReadAction","target":["https:\/\/www.primardeco.com\/blog\/encore-un-succes-pour-mai-thu-chez-primardeco\/"]}]},{"@type":"ImageObject","inLanguage":"fr-FR","@id":"https:\/\/www.primardeco.com\/blog\/encore-un-succes-pour-mai-thu-chez-primardeco\/#primaryimage","url":"https:\/\/www.primardeco.com\/blog\/wp-content\/uploads\/2021\/12\/Mai-ThuBroderie.-De\u0301tails-3.-\u00a9Primardeco.jpg","contentUrl":"https:\/\/www.primardeco.com\/blog\/wp-content\/uploads\/2021\/12\/Mai-ThuBroderie.-De\u0301tails-3.-\u00a9Primardeco.jpg","width":899,"height":768,"caption":"Mai-Thu,Broderie. De\u0301tails 3. \u00a9Primardeco"},{"@type":"BreadcrumbList","@id":"https:\/\/www.primardeco.com\/blog\/encore-un-succes-pour-mai-thu-chez-primardeco\/#breadcrumb","itemListElement":[{"@type":"ListItem","position":1,"name":"Accueil","item":"https:\/\/www.primardeco.com\/blog\/"},{"@type":"ListItem","position":2,"name":"Encore un succ\u00e8s pour Mai Thu chez Primardeco !"}]},{"@type":"WebSite","@id":"https:\/\/www.primardeco.com\/blog\/#website","url":"https:\/\/www.primardeco.com\/blog\/","name":"Primardeco - Blog","description":"Expertises et Ventes aux ench\u00e8res","publisher":{"@id":"https:\/\/www.primardeco.com\/blog\/#organization"},"potentialAction":[{"@type":"SearchAction","target":{"@type":"EntryPoint","urlTemplate":"https:\/\/www.primardeco.com\/blog\/?s={search_term_string}"},"query-input":{"@type":"PropertyValueSpecification","valueRequired":true,"valueName":"search_term_string"}}],"inLanguage":"fr-FR"},{"@type":"Organization","@id":"https:\/\/www.primardeco.com\/blog\/#organization","name":"Le Blog Primardeco, Ventes aux Ench\u00e8res d'Art \u00e0 Toulouse","url":"https:\/\/www.primardeco.com\/blog\/","logo":{"@type":"ImageObject","inLanguage":"fr-FR","@id":"https:\/\/www.primardeco.com\/blog\/#\/schema\/logo\/image\/","url":"https:\/\/www.primardeco.com\/blog\/wp-content\/uploads\/2021\/11\/logo-primardeco-blog.png","contentUrl":"https:\/\/www.primardeco.com\/blog\/wp-content\/uploads\/2021\/11\/logo-primardeco-blog.png","width":282,"height":84,"caption":"Le Blog Primardeco, Ventes aux Ench\u00e8res d'Art \u00e0 Toulouse"},"image":{"@id":"https:\/\/www.primardeco.com\/blog\/#\/schema\/logo\/image\/"},"sameAs":["https:\/\/www.facebook.com\/Primardeco-275817602518624\/","https:\/\/x.com\/PRIMARDECO","https:\/\/www.instagram.com\/primardeco\/"]},{"@type":"Person","@id":"https:\/\/www.primardeco.com\/blog\/#\/schema\/person\/7de13947a1930d4cdcc9da53f15a8bf6","name":"Anne de Colonges-Trotignon,","image":{"@type":"ImageObject","inLanguage":"fr-FR","@id":"https:\/\/www.primardeco.com\/blog\/#\/schema\/person\/image\/","url":"https:\/\/secure.gravatar.com\/avatar\/853054ac9272b8d8231f62d5ba9a57c0838e74856b0112cb96fd18a428d1d335?s=96&d=mm&r=g","contentUrl":"https:\/\/secure.gravatar.com\/avatar\/853054ac9272b8d8231f62d5ba9a57c0838e74856b0112cb96fd18a428d1d335?s=96&d=mm&r=g","caption":"Anne de Colonges-Trotignon,"},"url":"https:\/\/www.primardeco.com\/blog\/author\/anne\/"}]}},"_links":{"self":[{"href":"https:\/\/www.primardeco.com\/blog\/wp-json\/wp\/v2\/posts\/514","targetHints":{"allow":["GET"]}}],"collection":[{"href":"https:\/\/www.primardeco.com\/blog\/wp-json\/wp\/v2\/posts"}],"about":[{"href":"https:\/\/www.primardeco.com\/blog\/wp-json\/wp\/v2\/types\/post"}],"author":[{"embeddable":true,"href":"https:\/\/www.primardeco.com\/blog\/wp-json\/wp\/v2\/users\/2"}],"replies":[{"embeddable":true,"href":"https:\/\/www.primardeco.com\/blog\/wp-json\/wp\/v2\/comments?post=514"}],"version-history":[{"count":12,"href":"https:\/\/www.primardeco.com\/blog\/wp-json\/wp\/v2\/posts\/514\/revisions"}],"predecessor-version":[{"id":1272,"href":"https:\/\/www.primardeco.com\/blog\/wp-json\/wp\/v2\/posts\/514\/revisions\/1272"}],"wp:featuredmedia":[{"embeddable":true,"href":"https:\/\/www.primardeco.com\/blog\/wp-json\/wp\/v2\/media\/521"}],"wp:attachment":[{"href":"https:\/\/www.primardeco.com\/blog\/wp-json\/wp\/v2\/media?parent=514"}],"wp:term":[{"taxonomy":"category","embeddable":true,"href":"https:\/\/www.primardeco.com\/blog\/wp-json\/wp\/v2\/categories?post=514"},{"taxonomy":"post_tag","embeddable":true,"href":"https:\/\/www.primardeco.com\/blog\/wp-json\/wp\/v2\/tags?post=514"}],"curies":[{"name":"wp","href":"https:\/\/api.w.org\/{rel}","templated":true}]}}