{"id":373,"date":"2021-12-02T10:23:02","date_gmt":"2021-12-02T09:23:02","guid":{"rendered":"https:\/\/www.primardeco.com\/blog\/?p=373"},"modified":"2022-03-17T16:31:42","modified_gmt":"2022-03-17T15:31:42","slug":"le-succes-de-lart-vietnamien-aux-encheres-primardeco-aux-premieres-loges-4-4","status":"publish","type":"post","link":"https:\/\/www.primardeco.com\/blog\/le-succes-de-lart-vietnamien-aux-encheres-primardeco-aux-premieres-loges-4-4\/","title":{"rendered":"Le succ\u00e8s de l\u2019art vietnamien aux ench\u00e8res : Primardeco aux premi\u00e8res loges (4\/4)"},"content":{"rendered":"<p>[et_pb_section fb_built=\u00a0\u00bb1&Prime; _builder_version=\u00a0\u00bb3.22&Prime; global_colors_info=\u00a0\u00bb{}\u00a0\u00bb][et_pb_row _builder_version=\u00a0\u00bb3.25&Prime; background_size=\u00a0\u00bbinitial\u00a0\u00bb background_position=\u00a0\u00bbtop_left\u00a0\u00bb background_repeat=\u00a0\u00bbrepeat\u00a0\u00bb global_colors_info=\u00a0\u00bb{}\u00a0\u00bb][et_pb_column type=\u00a0\u00bb4_4&Prime; _builder_version=\u00a0\u00bb3.25&Prime; custom_padding=\u00a0\u00bb|||\u00a0\u00bb global_colors_info=\u00a0\u00bb{}\u00a0\u00bb custom_padding__hover=\u00a0\u00bb|||\u00a0\u00bb][et_pb_text admin_label=\u00a0\u00bbIntro\u00a0\u00bb _builder_version=\u00a0\u00bb4.14.1&Prime; _module_preset=\u00a0\u00bbdefault\u00a0\u00bb global_colors_info=\u00a0\u00bb{}\u00a0\u00bb]<\/p>\n<p><em>Depuis quelques ann\u00e9es, Primardeco se positionne en leader dans<strong><a href=\"https:\/\/www.primardeco.com\/expertise\/art-dasie\/\"> l\u2019expertise et la vente d\u2019\u0153uvres d&rsquo;art vietnamiennes<\/a><\/strong>. En nouant des relations fortes avec des <strong>experts et des collectionneurs vietnamiens<\/strong>, Primardeco met son exp\u00e9rience et son savoir-faire au service de ses clients vendeurs.<\/em><\/p>\n<p>[\/et_pb_text][et_pb_divider _builder_version=\u00a0\u00bb4.13.0&Prime; _module_preset=\u00a0\u00bbdefault\u00a0\u00bb global_colors_info=\u00a0\u00bb{}\u00a0\u00bb][\/et_pb_divider][et_pb_text _builder_version=\u00a0\u00bb4.14.1&Prime; background_size=\u00a0\u00bbinitial\u00a0\u00bb background_position=\u00a0\u00bbtop_left\u00a0\u00bb background_repeat=\u00a0\u00bbrepeat\u00a0\u00bb global_colors_info=\u00a0\u00bb{}\u00a0\u00bb]<\/p>\n<h2>Le renouveau du march\u00e9 de l&rsquo;art vietnamien<\/h2>\n<p>&nbsp;<\/p>\n<p>Le <strong>2 septembre 1945<\/strong>, H\u00f4 Chi Minh proclame l\u2019ind\u00e9pendance de la R\u00e9publique d\u00e9mocratique du Vietnam. L\u2019<a href=\"https:\/\/www.primardeco.com\/blog\/ecole-beaux-arts-indochine-hanoi\/\"><strong>Ecole sup\u00e9rieure des Beaux-Arts de l\u2019Indochine<\/strong><\/a> cr\u00e9\u00e9 par le gouvernement colonial fran\u00e7ais en 1925 devient l\u2019<strong>Ecole des Beaux-Arts de la R\u00e9sistance<\/strong> et l\u2019ensemble du personnel fran\u00e7ais quitte le pays. L\u2019EBAI aura eu une influence unique dans l\u2019<strong>histoire de l\u2019art vietnamienne<\/strong> en tentant de concilier traditions locales et approche occidentale de l\u2019art tant dans les domaines de la peinture, de sculpture ou l\u2019art de la laque.<\/p>\n<p>L&rsquo;Ecole sup\u00e9rieure des Beaux-Arts de l&rsquo;Indochine formera toute une <strong>g\u00e9n\u00e9ration d\u2019artistes \u00e0 l\u2019aube de la modernit\u00e9<\/strong>\u00a0regroup\u00e9e sous le nom d&rsquo;<a href=\"https:\/\/www.primardeco.com\/blog\/ecole-d-hanoi\/\"><strong>Ecole d&rsquo;Hano\u00ef<\/strong> <\/a>dont les c\u00e9l\u00e8bres <a href=\"https:\/\/www.primardeco.com\/blog\/les-grandes-figures-de-lecole-hanoi\/\"><strong>Mai Thu<\/strong>, <strong>Le Pho<\/strong> ou <strong>Vu Cao Dam. <\/strong><\/a>A l\u2019occasion de grandes expositions comme l\u2019Exposition Coloniale de Paris en 1931, ils d\u00e9couvrent la France et tous finirent par s\u2019y installer et y vivre. Tr\u00e8s souvent expos\u00e9s et fort appr\u00e9ci\u00e9s par une <strong>client\u00e8le fran\u00e7aise et am\u00e9ricaine<\/strong>, ils connurent de leur vivant un <strong>grand succ\u00e8s<\/strong> et enrichirent de nombreuses <strong>collections priv\u00e9es occidentales<\/strong>.<\/p>\n<p>A partir des ann\u00e9es 1990, alors que le <strong>Vietnam<\/strong> s\u2019ouvre progressivement au monde, de nouvelles fortunes \u00e9mergent dans cette partie de l\u2019Asie du Sud-Est. Sur le mod\u00e8le chinois, elles red\u00e9couvrent et rach\u00e8tent progressivement leur patrimoine artistique en Europe et notamment en France. Le <strong>march\u00e9 de l\u2019art vietnamien<\/strong> conna\u00eet alors un essor sans pr\u00e9c\u00e9dent.<\/p>\n<p>[\/et_pb_text][\/et_pb_column][\/et_pb_row][et_pb_row _builder_version=\u00a0\u00bb4.14.1&Prime; _module_preset=\u00a0\u00bbdefault\u00a0\u00bb global_colors_info=\u00a0\u00bb{}\u00a0\u00bb][et_pb_column type=\u00a0\u00bb4_4&Prime; _builder_version=\u00a0\u00bb4.14.1&Prime; _module_preset=\u00a0\u00bbdefault\u00a0\u00bb global_colors_info=\u00a0\u00bb{}\u00a0\u00bb][et_pb_text _builder_version=\u00a0\u00bb4.14.9&Prime; _module_preset=\u00a0\u00bbdefault\u00a0\u00bb global_colors_info=\u00a0\u00bb{}\u00a0\u00bb]<\/p>\n<h2>Une expertise sans faille de l&rsquo;art vietnamien<\/h2>\n<p>&nbsp;<\/p>\n<p>Primardeco, conscient du potentiel de ce march\u00e9, a d\u00e9velopp\u00e9 une m\u00e9thode de travail globale unique pour<a href=\"https:\/\/www.primardeco.com\/art-de-la-chine-et-dex-orient\"><strong> l&rsquo;expertise et la vente d&rsquo;oeuvres d&rsquo;art vietnamienne<\/strong><\/a>. En effet, elle s\u2019est rendue sur place afin de mieux conna\u00eetre ce march\u00e9 en pleine expansion et ses diff\u00e9rents acteurs. Primardeco a ainsi affin\u00e9 son expertise. Les <strong>rencontres avec les plus grands collectionneurs priv\u00e9s<\/strong> ont \u00e9t\u00e9 compl\u00e9t\u00e9es par la visite des principaux mus\u00e9es des beaux-arts du pays\u00a0: Hano\u00ef, Sa\u00efgon, Hu\u00e9, etc.<\/p>\n<p>[\/et_pb_text][\/et_pb_column][\/et_pb_row][et_pb_row column_structure=\u00a0\u00bb1_3,1_3,1_3&Prime; _builder_version=\u00a0\u00bb4.13.0&Prime; _module_preset=\u00a0\u00bbdefault\u00a0\u00bb global_colors_info=\u00a0\u00bb{}\u00a0\u00bb][et_pb_column type=\u00a0\u00bb1_3&Prime; _builder_version=\u00a0\u00bb4.13.0&Prime; _module_preset=\u00a0\u00bbdefault\u00a0\u00bb global_colors_info=\u00a0\u00bb{}\u00a0\u00bb][et_pb_image src=\u00a0\u00bbhttps:\/\/www.primardeco.com\/blog\/wp-content\/uploads\/2021\/11\/Muse\u0301e-des-Beaux-Arts-Hanoi.-\u00a9Primardeco-scaled.jpg\u00a0\u00bb alt=\u00a0\u00bbMuse\u0301e des Beaux-Arts Hanoi. \u00a9Primardeco\u00a0\u00bb title_text=\u00a0\u00bbMuse\u0301e des Beaux-Arts Hanoi. \u00a9Primardeco\u00a0\u00bb _builder_version=\u00a0\u00bb4.14.1&Prime; _module_preset=\u00a0\u00bbdefault\u00a0\u00bb global_colors_info=\u00a0\u00bb{}\u00a0\u00bb][\/et_pb_image][\/et_pb_column][et_pb_column type=\u00a0\u00bb1_3&Prime; _builder_version=\u00a0\u00bb4.13.0&Prime; _module_preset=\u00a0\u00bbdefault\u00a0\u00bb global_colors_info=\u00a0\u00bb{}\u00a0\u00bb][et_pb_image src=\u00a0\u00bbhttps:\/\/www.primardeco.com\/blog\/wp-content\/uploads\/2021\/12\/Muse\u0301e-Vietnam.-\u00a9Primardeco-scaled.jpg\u00a0\u00bb alt=\u00a0\u00bbMuse\u0301e Vietnam. \u00a9Primardeco\u00a0\u00bb title_text=\u00a0\u00bbMuse\u0301e Vietnam. \u00a9Primardeco\u00a0\u00bb _builder_version=\u00a0\u00bb4.14.1&Prime; _module_preset=\u00a0\u00bbdefault\u00a0\u00bb global_colors_info=\u00a0\u00bb{}\u00a0\u00bb][\/et_pb_image][\/et_pb_column][et_pb_column type=\u00a0\u00bb1_3&Prime; _builder_version=\u00a0\u00bb4.13.0&Prime; _module_preset=\u00a0\u00bbdefault\u00a0\u00bb global_colors_info=\u00a0\u00bb{}\u00a0\u00bb][et_pb_image src=\u00a0\u00bbhttps:\/\/www.primardeco.com\/blog\/wp-content\/uploads\/2021\/12\/Muse\u0301e-des-Beaux-Arts-Ho-Chi-Minh.-\u00a9Primardeco-scaled.jpg\u00a0\u00bb alt=\u00a0\u00bbMuse\u0301e des Beaux-Arts Ho Chi Minh. \u00a9Primardeco\u00a0\u00bb title_text=\u00a0\u00bbMuse\u0301e des Beaux-Arts Ho Chi Minh. \u00a9Primardeco\u00a0\u00bb _builder_version=\u00a0\u00bb4.14.1&Prime; _module_preset=\u00a0\u00bbdefault\u00a0\u00bb global_colors_info=\u00a0\u00bb{}\u00a0\u00bb][\/et_pb_image][\/et_pb_column][\/et_pb_row][et_pb_row _builder_version=\u00a0\u00bb4.13.0&Prime; _module_preset=\u00a0\u00bbdefault\u00a0\u00bb global_colors_info=\u00a0\u00bb{}\u00a0\u00bb][et_pb_column type=\u00a0\u00bb4_4&Prime; _builder_version=\u00a0\u00bb4.13.0&Prime; _module_preset=\u00a0\u00bbdefault\u00a0\u00bb global_colors_info=\u00a0\u00bb{}\u00a0\u00bb][et_pb_text _builder_version=\u00a0\u00bb4.14.1&Prime; _module_preset=\u00a0\u00bbdefault\u00a0\u00bb min_height=\u00a0\u00bb170px\u00a0\u00bb global_colors_info=\u00a0\u00bb{}\u00a0\u00bb]<\/p>\n<h2>L&rsquo;art vietnamien aux ench\u00e8res : des prix records<\/h2>\n<p>&nbsp;<\/p>\n<p>Assist\u00e9 de son expert en Arts d\u2019Asie <strong>Pierre Ansas<\/strong>, J\u00e9r\u00f4me de Colonges et son \u00e9quipe ont d\u00e9couverts de <a href=\"https:\/\/www.primardeco.com\/art-de-la-chine-et-dex-orient\">nombreux <strong>chefs d&rsquo;oeuvres de l&rsquo;art vietnamien<\/strong> <\/a>dans des collections priv\u00e9es fran\u00e7aises. S\u00fbr de leur provenance, d\u2019une grande qualit\u00e9 et pr\u00e9sent\u00e9es sur un march\u00e9 international ces \u0153uvres ont atteint des prix records lors des ventes aux ench\u00e8res organis\u00e9es par Primardeco\u00a0allant jusqu\u2019\u00e0 plusieurs centaines de milliers d\u2019euros \u00e0 l\u2019exemple d\u2019une <a href=\"https:\/\/www.primardeco.com\/art-de-la-chine-et-dex-orient\/vu-cao-dam-1908-2000-paire-de-peintures-verticales-jeune-indochino-30707\">paire de peintures verticales sign\u00e9e <strong>Vu Cao Dam<\/strong><\/a> adjug\u00e9e \u00e0 <strong>265 000\u20ac<\/strong> et d\u2019une <a href=\"https:\/\/www.primardeco.com\/art-de-la-chine-et-dex-orient\/mai-thu-1906-1980-jeunes-filles-au-miroir-aquarelle-sur-soie-dim-32767\">aquarelle sur soie de <strong>Mai Thu<\/strong><\/a> \u00ab Jeunes filles au miroir \u00bb adjug\u00e9e <strong>231 250\u20ac<\/strong>.\u00a0<\/p>\n<p>[\/et_pb_text][\/et_pb_column][\/et_pb_row][et_pb_row column_structure=\u00a0\u00bb1_2,1_2&Prime; _builder_version=\u00a0\u00bb4.14.1&Prime; _module_preset=\u00a0\u00bbdefault\u00a0\u00bb global_colors_info=\u00a0\u00bb{}\u00a0\u00bb][et_pb_column type=\u00a0\u00bb1_2&Prime; _builder_version=\u00a0\u00bb4.14.1&Prime; _module_preset=\u00a0\u00bbdefault\u00a0\u00bb global_colors_info=\u00a0\u00bb{}\u00a0\u00bb][et_pb_image src=\u00a0\u00bbhttps:\/\/www.primardeco.com\/blog\/wp-content\/uploads\/2021\/11\/51f99552081f0b6bc1483594f12c758e64150a4f.jpeg\u00a0\u00bb alt=\u00a0\u00bbVu Cao Dame, Paire de peintures verticales, Jeune indochinoise se coiffant, Jeune indochinoise accoud\u00e9e \u00e0 la balustrade. \u00a9PRIMARDECO\u00a0\u00bb title_text=\u00a0\u00bbVu Cao Dame, Paire de peintures  verticales, Jeune indochinoise se coiffant, Jeune indochinoise accoud\u00e9e \u00e0 la  balustrade. \u00a9PRIMARDECO\u00a0\u00bb _builder_version=\u00a0\u00bb4.14.1&Prime; _module_preset=\u00a0\u00bbdefault\u00a0\u00bb global_colors_info=\u00a0\u00bb{}\u00a0\u00bb][\/et_pb_image][\/et_pb_column][et_pb_column type=\u00a0\u00bb1_2&Prime; _builder_version=\u00a0\u00bb4.14.1&Prime; _module_preset=\u00a0\u00bbdefault\u00a0\u00bb global_colors_info=\u00a0\u00bb{}\u00a0\u00bb][et_pb_image src=\u00a0\u00bbhttps:\/\/www.primardeco.com\/blog\/wp-content\/uploads\/2021\/11\/JEUNES-FILLES-AU-MIROIR-MAI-THU.jpeg\u00a0\u00bb alt=\u00a0\u00bbMai Thu. Jeunes filles au miroir. \u00a9 Primardeco \u00a0\u00bb title_text=\u00a0\u00bbMai Thu. Jeunes filles au miroir. \u00a9 Primardeco\u00a0\u00bb _builder_version=\u00a0\u00bb4.14.1&Prime; _module_preset=\u00a0\u00bbdefault\u00a0\u00bb global_colors_info=\u00a0\u00bb{}\u00a0\u00bb][\/et_pb_image][\/et_pb_column][\/et_pb_row][et_pb_row column_structure=\u00a0\u00bb2_5,3_5&Prime; _builder_version=\u00a0\u00bb4.14.1&Prime; _module_preset=\u00a0\u00bbdefault\u00a0\u00bb global_colors_info=\u00a0\u00bb{}\u00a0\u00bb][et_pb_column type=\u00a0\u00bb2_5&Prime; _builder_version=\u00a0\u00bb4.14.1&Prime; _module_preset=\u00a0\u00bbdefault\u00a0\u00bb global_colors_info=\u00a0\u00bb{}\u00a0\u00bb][et_pb_image src=\u00a0\u00bbhttps:\/\/www.primardeco.com\/blog\/wp-content\/uploads\/2021\/11\/EXPO-MAI-THU.jpeg\u00a0\u00bb alt=\u00a0\u00bbMai Thu. Echo d&rsquo;un Vietnam r\u00eav\u00e9. \u00a9Mus\u00e9e des Ursulines &#8211; M\u00e2con \u00a0\u00bb title_text=\u00a0\u00bbMai Thu. Echo d&rsquo;un Vietnam r\u00eav\u00e9. \u00a9Mus\u00e9e des Ursulines &#8211; M\u00e2con \u00a0\u00bb align=\u00a0\u00bbright\u00a0\u00bb _builder_version=\u00a0\u00bb4.14.1&Prime; _module_preset=\u00a0\u00bbdefault\u00a0\u00bb global_colors_info=\u00a0\u00bb{}\u00a0\u00bb][\/et_pb_image][et_pb_text _builder_version=\u00a0\u00bb4.14.1&Prime; _module_preset=\u00a0\u00bbdefault\u00a0\u00bb global_colors_info=\u00a0\u00bb{}\u00a0\u00bb][\/et_pb_text][\/et_pb_column][et_pb_column type=\u00a0\u00bb3_5&Prime; _builder_version=\u00a0\u00bb4.14.1&Prime; _module_preset=\u00a0\u00bbdefault\u00a0\u00bb global_colors_info=\u00a0\u00bb{}\u00a0\u00bb][et_pb_text _builder_version=\u00a0\u00bb4.14.1&Prime; _module_preset=\u00a0\u00bbdefault\u00a0\u00bb global_colors_info=\u00a0\u00bb{}\u00a0\u00bb]<\/p>\n<h2>L&rsquo;art vietnamien pr\u00e9sent\u00e9 au grand public<\/h2>\n<p>&nbsp;<\/p>\n<p>Parall\u00e8lement, de nombreuses publications et <strong>expositions<\/strong> sont actuellement consacr\u00e9es aux <strong>grands artistes vietnamiens<\/strong> de cette p\u00e9riode. L\u2019exposition <strong><em>Mai-Thu. Echo d\u2019un Vietnam r\u00eav\u00e9<\/em> <\/strong>pr\u00e9sent\u00e9e au <strong>mus\u00e9e des Ursulines \u00e0 M\u00e2con<\/strong> du 16 juin au 14 octobre 2021 en est un bel exemple. Cette grande r\u00e9trospective de l\u2019artiste vietnamien est une premi\u00e8re en France et a \u00e9t\u00e9 reconnue d\u2019<strong>int\u00e9r\u00eat national par le Minist\u00e8re de la Culture<\/strong>.<\/p>\n<p>[\/et_pb_text][\/et_pb_column][\/et_pb_row][\/et_pb_section]<\/p>\n","protected":false},"excerpt":{"rendered":"<p>Depuis quelques ann\u00e9es, Primardeco se positionne en leader dans l\u2019expertise et la vente d\u2019\u0153uvres d&rsquo;art vietnamiennes. En nouant des relations fortes avec des experts et des collectionneurs vietnamiens, Primardeco met son exp\u00e9rience et son savoir-faire au service de ses clients vendeurs.Le renouveau du march\u00e9 de l&rsquo;art vietnamien &nbsp; Le 2 septembre 1945, H\u00f4 Chi Minh [&hellip;]<\/p>\n","protected":false},"author":2,"featured_media":376,"comment_status":"closed","ping_status":"closed","sticky":false,"template":"","format":"standard","meta":{"_et_pb_use_builder":"on","_et_pb_old_content":"","_et_gb_content_width":"","footnotes":""},"categories":[3],"tags":[13,14],"class_list":["post-373","post","type-post","status-publish","format-standard","has-post-thumbnail","hentry","category-art-asie","tag-art-moderne","tag-art-vietnamien"],"yoast_head":"<!-- This site is optimized with the Yoast SEO plugin v25.6 - https:\/\/yoast.com\/wordpress\/plugins\/seo\/ -->\n<title>Le succ\u00e8s de l\u2019art vietnamien aux ench\u00e8res : Primardeco aux premi\u00e8res loges (4\/4) | Primardeco - Blog<\/title>\n<meta name=\"description\" content=\"En savoir plus sur &quot;Le succ\u00e8s de l\u2019art vietnamien aux ench\u00e8res : Primardeco aux premi\u00e8res loges (4\/4)&quot;, un sujet propos\u00e9 dans la cat\u00e9gorie Art d&#039;Asie par l&#039;\u00e9quipe Primardeco, sp\u00e9cialistes de l&#039;expertise et de la vente aux ench\u00e8res d&#039;art \u00e0 Toulouse.\" \/>\n<meta name=\"robots\" content=\"index, follow, max-snippet:-1, max-image-preview:large, max-video-preview:-1\" \/>\n<link rel=\"canonical\" href=\"https:\/\/www.primardeco.com\/blog\/le-succes-de-lart-vietnamien-aux-encheres-primardeco-aux-premieres-loges-4-4\/\" \/>\n<meta property=\"og:locale\" content=\"fr_FR\" \/>\n<meta property=\"og:type\" content=\"article\" \/>\n<meta property=\"og:title\" content=\"Le succ\u00e8s de l\u2019art vietnamien aux ench\u00e8res : Primardeco aux premi\u00e8res loges (4\/4) | Primardeco - Blog\" \/>\n<meta property=\"og:description\" content=\"En savoir plus sur &quot;Le succ\u00e8s de l\u2019art vietnamien aux ench\u00e8res : Primardeco aux premi\u00e8res loges (4\/4)&quot;, un sujet propos\u00e9 dans la cat\u00e9gorie Art d&#039;Asie par l&#039;\u00e9quipe Primardeco, sp\u00e9cialistes de l&#039;expertise et de la vente aux ench\u00e8res d&#039;art \u00e0 Toulouse.\" \/>\n<meta property=\"og:url\" content=\"https:\/\/www.primardeco.com\/blog\/le-succes-de-lart-vietnamien-aux-encheres-primardeco-aux-premieres-loges-4-4\/\" \/>\n<meta property=\"og:site_name\" content=\"Primardeco - Blog\" \/>\n<meta property=\"article:publisher\" content=\"https:\/\/www.facebook.com\/Primardeco-275817602518624\/\" \/>\n<meta property=\"article:published_time\" content=\"2021-12-02T09:23:02+00:00\" \/>\n<meta property=\"article:modified_time\" content=\"2022-03-17T15:31:42+00:00\" \/>\n<meta property=\"og:image\" content=\"https:\/\/www.primardeco.com\/blog\/wp-content\/uploads\/2021\/11\/VENTE.jpeg\" \/>\n\t<meta property=\"og:image:width\" content=\"1080\" \/>\n\t<meta property=\"og:image:height\" content=\"573\" \/>\n\t<meta property=\"og:image:type\" content=\"image\/jpeg\" \/>\n<meta name=\"author\" content=\"Anne de Colonges-Trotignon,\" \/>\n<meta name=\"twitter:card\" content=\"summary_large_image\" \/>\n<meta name=\"twitter:creator\" content=\"@PRIMARDECO\" \/>\n<meta name=\"twitter:site\" content=\"@PRIMARDECO\" \/>\n<meta name=\"twitter:label1\" content=\"\u00c9crit par\" \/>\n\t<meta name=\"twitter:data1\" content=\"Anne de Colonges-Trotignon,\" \/>\n\t<meta name=\"twitter:label2\" content=\"Dur\u00e9e de lecture estim\u00e9e\" \/>\n\t<meta name=\"twitter:data2\" content=\"6 minutes\" \/>\n<script type=\"application\/ld+json\" class=\"yoast-schema-graph\">{\"@context\":\"https:\/\/schema.org\",\"@graph\":[{\"@type\":\"Article\",\"@id\":\"https:\/\/www.primardeco.com\/blog\/le-succes-de-lart-vietnamien-aux-encheres-primardeco-aux-premieres-loges-4-4\/#article\",\"isPartOf\":{\"@id\":\"https:\/\/www.primardeco.com\/blog\/le-succes-de-lart-vietnamien-aux-encheres-primardeco-aux-premieres-loges-4-4\/\"},\"author\":{\"name\":\"Anne de Colonges-Trotignon,\",\"@id\":\"https:\/\/www.primardeco.com\/blog\/#\/schema\/person\/7de13947a1930d4cdcc9da53f15a8bf6\"},\"headline\":\"Le succ\u00e8s de l\u2019art vietnamien aux ench\u00e8res : Primardeco aux premi\u00e8res loges (4\/4)\",\"datePublished\":\"2021-12-02T09:23:02+00:00\",\"dateModified\":\"2022-03-17T15:31:42+00:00\",\"mainEntityOfPage\":{\"@id\":\"https:\/\/www.primardeco.com\/blog\/le-succes-de-lart-vietnamien-aux-encheres-primardeco-aux-premieres-loges-4-4\/\"},\"wordCount\":1290,\"publisher\":{\"@id\":\"https:\/\/www.primardeco.com\/blog\/#organization\"},\"image\":{\"@id\":\"https:\/\/www.primardeco.com\/blog\/le-succes-de-lart-vietnamien-aux-encheres-primardeco-aux-premieres-loges-4-4\/#primaryimage\"},\"thumbnailUrl\":\"https:\/\/www.primardeco.com\/blog\/wp-content\/uploads\/2021\/11\/VENTE.jpeg\",\"keywords\":[\"Art moderne\",\"Art vietnamien\"],\"articleSection\":[\"Art d'Asie\"],\"inLanguage\":\"fr-FR\"},{\"@type\":\"WebPage\",\"@id\":\"https:\/\/www.primardeco.com\/blog\/le-succes-de-lart-vietnamien-aux-encheres-primardeco-aux-premieres-loges-4-4\/\",\"url\":\"https:\/\/www.primardeco.com\/blog\/le-succes-de-lart-vietnamien-aux-encheres-primardeco-aux-premieres-loges-4-4\/\",\"name\":\"Le succ\u00e8s de l\u2019art vietnamien aux ench\u00e8res : Primardeco aux premi\u00e8res loges (4\/4) | Primardeco - Blog\",\"isPartOf\":{\"@id\":\"https:\/\/www.primardeco.com\/blog\/#website\"},\"primaryImageOfPage\":{\"@id\":\"https:\/\/www.primardeco.com\/blog\/le-succes-de-lart-vietnamien-aux-encheres-primardeco-aux-premieres-loges-4-4\/#primaryimage\"},\"image\":{\"@id\":\"https:\/\/www.primardeco.com\/blog\/le-succes-de-lart-vietnamien-aux-encheres-primardeco-aux-premieres-loges-4-4\/#primaryimage\"},\"thumbnailUrl\":\"https:\/\/www.primardeco.com\/blog\/wp-content\/uploads\/2021\/11\/VENTE.jpeg\",\"datePublished\":\"2021-12-02T09:23:02+00:00\",\"dateModified\":\"2022-03-17T15:31:42+00:00\",\"description\":\"En savoir plus sur \\\"Le succ\u00e8s de l\u2019art vietnamien aux ench\u00e8res : Primardeco aux premi\u00e8res loges (4\/4)\\\", un sujet propos\u00e9 dans la cat\u00e9gorie Art d'Asie par l'\u00e9quipe Primardeco, sp\u00e9cialistes de l'expertise et de la vente aux ench\u00e8res d'art \u00e0 Toulouse.\",\"breadcrumb\":{\"@id\":\"https:\/\/www.primardeco.com\/blog\/le-succes-de-lart-vietnamien-aux-encheres-primardeco-aux-premieres-loges-4-4\/#breadcrumb\"},\"inLanguage\":\"fr-FR\",\"potentialAction\":[{\"@type\":\"ReadAction\",\"target\":[\"https:\/\/www.primardeco.com\/blog\/le-succes-de-lart-vietnamien-aux-encheres-primardeco-aux-premieres-loges-4-4\/\"]}]},{\"@type\":\"ImageObject\",\"inLanguage\":\"fr-FR\",\"@id\":\"https:\/\/www.primardeco.com\/blog\/le-succes-de-lart-vietnamien-aux-encheres-primardeco-aux-premieres-loges-4-4\/#primaryimage\",\"url\":\"https:\/\/www.primardeco.com\/blog\/wp-content\/uploads\/2021\/11\/VENTE.jpeg\",\"contentUrl\":\"https:\/\/www.primardeco.com\/blog\/wp-content\/uploads\/2021\/11\/VENTE.jpeg\",\"width\":1080,\"height\":573,\"caption\":\"Ventes aux ench\u00e8res art vietnamien \u00e0 Toulouse. \u00a9 Primardeco\"},{\"@type\":\"BreadcrumbList\",\"@id\":\"https:\/\/www.primardeco.com\/blog\/le-succes-de-lart-vietnamien-aux-encheres-primardeco-aux-premieres-loges-4-4\/#breadcrumb\",\"itemListElement\":[{\"@type\":\"ListItem\",\"position\":1,\"name\":\"Accueil\",\"item\":\"https:\/\/www.primardeco.com\/blog\/\"},{\"@type\":\"ListItem\",\"position\":2,\"name\":\"Le succ\u00e8s de l\u2019art vietnamien aux ench\u00e8res : Primardeco aux premi\u00e8res loges (4\/4)\"}]},{\"@type\":\"WebSite\",\"@id\":\"https:\/\/www.primardeco.com\/blog\/#website\",\"url\":\"https:\/\/www.primardeco.com\/blog\/\",\"name\":\"Primardeco - Blog\",\"description\":\"Expertises et Ventes aux ench\u00e8res\",\"publisher\":{\"@id\":\"https:\/\/www.primardeco.com\/blog\/#organization\"},\"potentialAction\":[{\"@type\":\"SearchAction\",\"target\":{\"@type\":\"EntryPoint\",\"urlTemplate\":\"https:\/\/www.primardeco.com\/blog\/?s={search_term_string}\"},\"query-input\":{\"@type\":\"PropertyValueSpecification\",\"valueRequired\":true,\"valueName\":\"search_term_string\"}}],\"inLanguage\":\"fr-FR\"},{\"@type\":\"Organization\",\"@id\":\"https:\/\/www.primardeco.com\/blog\/#organization\",\"name\":\"Le Blog Primardeco, Ventes aux Ench\u00e8res d'Art \u00e0 Toulouse\",\"url\":\"https:\/\/www.primardeco.com\/blog\/\",\"logo\":{\"@type\":\"ImageObject\",\"inLanguage\":\"fr-FR\",\"@id\":\"https:\/\/www.primardeco.com\/blog\/#\/schema\/logo\/image\/\",\"url\":\"https:\/\/www.primardeco.com\/blog\/wp-content\/uploads\/2021\/11\/logo-primardeco-blog.png\",\"contentUrl\":\"https:\/\/www.primardeco.com\/blog\/wp-content\/uploads\/2021\/11\/logo-primardeco-blog.png\",\"width\":282,\"height\":84,\"caption\":\"Le Blog Primardeco, Ventes aux Ench\u00e8res d'Art \u00e0 Toulouse\"},\"image\":{\"@id\":\"https:\/\/www.primardeco.com\/blog\/#\/schema\/logo\/image\/\"},\"sameAs\":[\"https:\/\/www.facebook.com\/Primardeco-275817602518624\/\",\"https:\/\/x.com\/PRIMARDECO\",\"https:\/\/www.instagram.com\/primardeco\/\"]},{\"@type\":\"Person\",\"@id\":\"https:\/\/www.primardeco.com\/blog\/#\/schema\/person\/7de13947a1930d4cdcc9da53f15a8bf6\",\"name\":\"Anne de Colonges-Trotignon,\",\"image\":{\"@type\":\"ImageObject\",\"inLanguage\":\"fr-FR\",\"@id\":\"https:\/\/www.primardeco.com\/blog\/#\/schema\/person\/image\/\",\"url\":\"https:\/\/secure.gravatar.com\/avatar\/853054ac9272b8d8231f62d5ba9a57c0838e74856b0112cb96fd18a428d1d335?s=96&d=mm&r=g\",\"contentUrl\":\"https:\/\/secure.gravatar.com\/avatar\/853054ac9272b8d8231f62d5ba9a57c0838e74856b0112cb96fd18a428d1d335?s=96&d=mm&r=g\",\"caption\":\"Anne de Colonges-Trotignon,\"},\"url\":\"https:\/\/www.primardeco.com\/blog\/author\/anne\/\"}]}<\/script>\n<!-- \/ Yoast SEO plugin. -->","yoast_head_json":{"title":"Le succ\u00e8s de l\u2019art vietnamien aux ench\u00e8res : Primardeco aux premi\u00e8res loges (4\/4) | Primardeco - Blog","description":"En savoir plus sur \"Le succ\u00e8s de l\u2019art vietnamien aux ench\u00e8res : Primardeco aux premi\u00e8res loges (4\/4)\", un sujet propos\u00e9 dans la cat\u00e9gorie Art d'Asie par l'\u00e9quipe Primardeco, sp\u00e9cialistes de l'expertise et de la vente aux ench\u00e8res d'art \u00e0 Toulouse.","robots":{"index":"index","follow":"follow","max-snippet":"max-snippet:-1","max-image-preview":"max-image-preview:large","max-video-preview":"max-video-preview:-1"},"canonical":"https:\/\/www.primardeco.com\/blog\/le-succes-de-lart-vietnamien-aux-encheres-primardeco-aux-premieres-loges-4-4\/","og_locale":"fr_FR","og_type":"article","og_title":"Le succ\u00e8s de l\u2019art vietnamien aux ench\u00e8res : Primardeco aux premi\u00e8res loges (4\/4) | Primardeco - Blog","og_description":"En savoir plus sur \"Le succ\u00e8s de l\u2019art vietnamien aux ench\u00e8res : Primardeco aux premi\u00e8res loges (4\/4)\", un sujet propos\u00e9 dans la cat\u00e9gorie Art d'Asie par l'\u00e9quipe Primardeco, sp\u00e9cialistes de l'expertise et de la vente aux ench\u00e8res d'art \u00e0 Toulouse.","og_url":"https:\/\/www.primardeco.com\/blog\/le-succes-de-lart-vietnamien-aux-encheres-primardeco-aux-premieres-loges-4-4\/","og_site_name":"Primardeco - Blog","article_publisher":"https:\/\/www.facebook.com\/Primardeco-275817602518624\/","article_published_time":"2021-12-02T09:23:02+00:00","article_modified_time":"2022-03-17T15:31:42+00:00","og_image":[{"width":1080,"height":573,"url":"https:\/\/www.primardeco.com\/blog\/wp-content\/uploads\/2021\/11\/VENTE.jpeg","type":"image\/jpeg"}],"author":"Anne de Colonges-Trotignon,","twitter_card":"summary_large_image","twitter_creator":"@PRIMARDECO","twitter_site":"@PRIMARDECO","twitter_misc":{"\u00c9crit par":"Anne de Colonges-Trotignon,","Dur\u00e9e de lecture estim\u00e9e":"6 minutes"},"schema":{"@context":"https:\/\/schema.org","@graph":[{"@type":"Article","@id":"https:\/\/www.primardeco.com\/blog\/le-succes-de-lart-vietnamien-aux-encheres-primardeco-aux-premieres-loges-4-4\/#article","isPartOf":{"@id":"https:\/\/www.primardeco.com\/blog\/le-succes-de-lart-vietnamien-aux-encheres-primardeco-aux-premieres-loges-4-4\/"},"author":{"name":"Anne de Colonges-Trotignon,","@id":"https:\/\/www.primardeco.com\/blog\/#\/schema\/person\/7de13947a1930d4cdcc9da53f15a8bf6"},"headline":"Le succ\u00e8s de l\u2019art vietnamien aux ench\u00e8res : Primardeco aux premi\u00e8res loges (4\/4)","datePublished":"2021-12-02T09:23:02+00:00","dateModified":"2022-03-17T15:31:42+00:00","mainEntityOfPage":{"@id":"https:\/\/www.primardeco.com\/blog\/le-succes-de-lart-vietnamien-aux-encheres-primardeco-aux-premieres-loges-4-4\/"},"wordCount":1290,"publisher":{"@id":"https:\/\/www.primardeco.com\/blog\/#organization"},"image":{"@id":"https:\/\/www.primardeco.com\/blog\/le-succes-de-lart-vietnamien-aux-encheres-primardeco-aux-premieres-loges-4-4\/#primaryimage"},"thumbnailUrl":"https:\/\/www.primardeco.com\/blog\/wp-content\/uploads\/2021\/11\/VENTE.jpeg","keywords":["Art moderne","Art vietnamien"],"articleSection":["Art d'Asie"],"inLanguage":"fr-FR"},{"@type":"WebPage","@id":"https:\/\/www.primardeco.com\/blog\/le-succes-de-lart-vietnamien-aux-encheres-primardeco-aux-premieres-loges-4-4\/","url":"https:\/\/www.primardeco.com\/blog\/le-succes-de-lart-vietnamien-aux-encheres-primardeco-aux-premieres-loges-4-4\/","name":"Le succ\u00e8s de l\u2019art vietnamien aux ench\u00e8res : Primardeco aux premi\u00e8res loges (4\/4) | Primardeco - Blog","isPartOf":{"@id":"https:\/\/www.primardeco.com\/blog\/#website"},"primaryImageOfPage":{"@id":"https:\/\/www.primardeco.com\/blog\/le-succes-de-lart-vietnamien-aux-encheres-primardeco-aux-premieres-loges-4-4\/#primaryimage"},"image":{"@id":"https:\/\/www.primardeco.com\/blog\/le-succes-de-lart-vietnamien-aux-encheres-primardeco-aux-premieres-loges-4-4\/#primaryimage"},"thumbnailUrl":"https:\/\/www.primardeco.com\/blog\/wp-content\/uploads\/2021\/11\/VENTE.jpeg","datePublished":"2021-12-02T09:23:02+00:00","dateModified":"2022-03-17T15:31:42+00:00","description":"En savoir plus sur \"Le succ\u00e8s de l\u2019art vietnamien aux ench\u00e8res : Primardeco aux premi\u00e8res loges (4\/4)\", un sujet propos\u00e9 dans la cat\u00e9gorie Art d'Asie par l'\u00e9quipe Primardeco, sp\u00e9cialistes de l'expertise et de la vente aux ench\u00e8res d'art \u00e0 Toulouse.","breadcrumb":{"@id":"https:\/\/www.primardeco.com\/blog\/le-succes-de-lart-vietnamien-aux-encheres-primardeco-aux-premieres-loges-4-4\/#breadcrumb"},"inLanguage":"fr-FR","potentialAction":[{"@type":"ReadAction","target":["https:\/\/www.primardeco.com\/blog\/le-succes-de-lart-vietnamien-aux-encheres-primardeco-aux-premieres-loges-4-4\/"]}]},{"@type":"ImageObject","inLanguage":"fr-FR","@id":"https:\/\/www.primardeco.com\/blog\/le-succes-de-lart-vietnamien-aux-encheres-primardeco-aux-premieres-loges-4-4\/#primaryimage","url":"https:\/\/www.primardeco.com\/blog\/wp-content\/uploads\/2021\/11\/VENTE.jpeg","contentUrl":"https:\/\/www.primardeco.com\/blog\/wp-content\/uploads\/2021\/11\/VENTE.jpeg","width":1080,"height":573,"caption":"Ventes aux ench\u00e8res art vietnamien \u00e0 Toulouse. \u00a9 Primardeco"},{"@type":"BreadcrumbList","@id":"https:\/\/www.primardeco.com\/blog\/le-succes-de-lart-vietnamien-aux-encheres-primardeco-aux-premieres-loges-4-4\/#breadcrumb","itemListElement":[{"@type":"ListItem","position":1,"name":"Accueil","item":"https:\/\/www.primardeco.com\/blog\/"},{"@type":"ListItem","position":2,"name":"Le succ\u00e8s de l\u2019art vietnamien aux ench\u00e8res : Primardeco aux premi\u00e8res loges (4\/4)"}]},{"@type":"WebSite","@id":"https:\/\/www.primardeco.com\/blog\/#website","url":"https:\/\/www.primardeco.com\/blog\/","name":"Primardeco - Blog","description":"Expertises et Ventes aux ench\u00e8res","publisher":{"@id":"https:\/\/www.primardeco.com\/blog\/#organization"},"potentialAction":[{"@type":"SearchAction","target":{"@type":"EntryPoint","urlTemplate":"https:\/\/www.primardeco.com\/blog\/?s={search_term_string}"},"query-input":{"@type":"PropertyValueSpecification","valueRequired":true,"valueName":"search_term_string"}}],"inLanguage":"fr-FR"},{"@type":"Organization","@id":"https:\/\/www.primardeco.com\/blog\/#organization","name":"Le Blog Primardeco, Ventes aux Ench\u00e8res d'Art \u00e0 Toulouse","url":"https:\/\/www.primardeco.com\/blog\/","logo":{"@type":"ImageObject","inLanguage":"fr-FR","@id":"https:\/\/www.primardeco.com\/blog\/#\/schema\/logo\/image\/","url":"https:\/\/www.primardeco.com\/blog\/wp-content\/uploads\/2021\/11\/logo-primardeco-blog.png","contentUrl":"https:\/\/www.primardeco.com\/blog\/wp-content\/uploads\/2021\/11\/logo-primardeco-blog.png","width":282,"height":84,"caption":"Le Blog Primardeco, Ventes aux Ench\u00e8res d'Art \u00e0 Toulouse"},"image":{"@id":"https:\/\/www.primardeco.com\/blog\/#\/schema\/logo\/image\/"},"sameAs":["https:\/\/www.facebook.com\/Primardeco-275817602518624\/","https:\/\/x.com\/PRIMARDECO","https:\/\/www.instagram.com\/primardeco\/"]},{"@type":"Person","@id":"https:\/\/www.primardeco.com\/blog\/#\/schema\/person\/7de13947a1930d4cdcc9da53f15a8bf6","name":"Anne de Colonges-Trotignon,","image":{"@type":"ImageObject","inLanguage":"fr-FR","@id":"https:\/\/www.primardeco.com\/blog\/#\/schema\/person\/image\/","url":"https:\/\/secure.gravatar.com\/avatar\/853054ac9272b8d8231f62d5ba9a57c0838e74856b0112cb96fd18a428d1d335?s=96&d=mm&r=g","contentUrl":"https:\/\/secure.gravatar.com\/avatar\/853054ac9272b8d8231f62d5ba9a57c0838e74856b0112cb96fd18a428d1d335?s=96&d=mm&r=g","caption":"Anne de Colonges-Trotignon,"},"url":"https:\/\/www.primardeco.com\/blog\/author\/anne\/"}]}},"_links":{"self":[{"href":"https:\/\/www.primardeco.com\/blog\/wp-json\/wp\/v2\/posts\/373","targetHints":{"allow":["GET"]}}],"collection":[{"href":"https:\/\/www.primardeco.com\/blog\/wp-json\/wp\/v2\/posts"}],"about":[{"href":"https:\/\/www.primardeco.com\/blog\/wp-json\/wp\/v2\/types\/post"}],"author":[{"embeddable":true,"href":"https:\/\/www.primardeco.com\/blog\/wp-json\/wp\/v2\/users\/2"}],"replies":[{"embeddable":true,"href":"https:\/\/www.primardeco.com\/blog\/wp-json\/wp\/v2\/comments?post=373"}],"version-history":[{"count":17,"href":"https:\/\/www.primardeco.com\/blog\/wp-json\/wp\/v2\/posts\/373\/revisions"}],"predecessor-version":[{"id":1274,"href":"https:\/\/www.primardeco.com\/blog\/wp-json\/wp\/v2\/posts\/373\/revisions\/1274"}],"wp:featuredmedia":[{"embeddable":true,"href":"https:\/\/www.primardeco.com\/blog\/wp-json\/wp\/v2\/media\/376"}],"wp:attachment":[{"href":"https:\/\/www.primardeco.com\/blog\/wp-json\/wp\/v2\/media?parent=373"}],"wp:term":[{"taxonomy":"category","embeddable":true,"href":"https:\/\/www.primardeco.com\/blog\/wp-json\/wp\/v2\/categories?post=373"},{"taxonomy":"post_tag","embeddable":true,"href":"https:\/\/www.primardeco.com\/blog\/wp-json\/wp\/v2\/tags?post=373"}],"curies":[{"name":"wp","href":"https:\/\/api.w.org\/{rel}","templated":true}]}}