{"id":2875,"date":"2024-05-05T12:11:38","date_gmt":"2024-05-05T10:11:38","guid":{"rendered":"https:\/\/www.primardeco.com\/blog\/?p=2875"},"modified":"2024-05-05T12:11:42","modified_gmt":"2024-05-05T10:11:42","slug":"entre-devotion-et-collection-les-reliquaires","status":"publish","type":"post","link":"https:\/\/www.primardeco.com\/blog\/entre-devotion-et-collection-les-reliquaires\/","title":{"rendered":"ENTRE D\u00c9VOTION ET COLLECTION : LES RELIQUAIRES"},"content":{"rendered":"<p>[et_pb_section fb_built=\u00a0\u00bb1&Prime; _builder_version=\u00a0\u00bb4.16&Prime; global_colors_info=\u00a0\u00bb{}\u00a0\u00bb][et_pb_row _builder_version=\u00a0\u00bb4.16&Prime; background_size=\u00a0\u00bbinitial\u00a0\u00bb background_position=\u00a0\u00bbtop_left\u00a0\u00bb background_repeat=\u00a0\u00bbrepeat\u00a0\u00bb global_colors_info=\u00a0\u00bb{}\u00a0\u00bb][et_pb_column type=\u00a0\u00bb4_4&Prime; _builder_version=\u00a0\u00bb4.16&Prime; custom_padding=\u00a0\u00bb|||\u00a0\u00bb global_colors_info=\u00a0\u00bb{}\u00a0\u00bb custom_padding__hover=\u00a0\u00bb|||\u00a0\u00bb][et_pb_text admin_label=\u00a0\u00bbIntro\u00a0\u00bb _builder_version=\u00a0\u00bb4.25.0&Prime; _module_preset=\u00a0\u00bbdefault\u00a0\u00bb custom_padding=\u00a0\u00bb1px|||||\u00a0\u00bb global_colors_info=\u00a0\u00bb{}\u00a0\u00bb]<i>Alors que les reliquaires figurent r\u00e9guli\u00e8rement aux catalogues des<a href=\"https:\/\/www.primardeco.com\/ventes-aux-encheres\/annee-2024\/26-04-412\"> ventes d\u2019<\/a><\/i><a href=\"https:\/\/www.primardeco.com\/ventes-aux-encheres\/annee-2024\/26-04-412\"><b><i>Objets d\u2019art<\/i><\/b><i> et d\u2019<\/i><b><i>Art sacr\u00e9<\/i><\/b><\/a><i>, retour sur l\u2019histoire de ces objets de d\u00e9votion atypiques.<\/i><br \/>\n[\/et_pb_text][et_pb_divider _builder_version=\u00a0\u00bb4.16&Prime; _module_preset=\u00a0\u00bbdefault\u00a0\u00bb global_colors_info=\u00a0\u00bb{}\u00a0\u00bb][\/et_pb_divider][\/et_pb_column][\/et_pb_row][et_pb_row _builder_version=\u00a0\u00bb4.16&Prime; _module_preset=\u00a0\u00bbdefault\u00a0\u00bb global_colors_info=\u00a0\u00bb{}\u00a0\u00bb][et_pb_column type=\u00a0\u00bb4_4&Prime; _builder_version=\u00a0\u00bb4.16&Prime; _module_preset=\u00a0\u00bbdefault\u00a0\u00bb global_colors_info=\u00a0\u00bb{}\u00a0\u00bb][et_pb_text _builder_version=\u00a0\u00bb4.25.0&Prime; _module_preset=\u00a0\u00bbdefault\u00a0\u00bb global_colors_info=\u00a0\u00bb{}\u00a0\u00bb]<\/p>\n<h2><b>Qu\u2019est ce qu\u2019un reliquaire ? <\/b><\/h2>\n<p>&nbsp;<\/p>\n<p>Le terme \u00ab\u00a0<b>relique\u00a0<\/b>\u00bb est issu du latin<i> reliquiae, reliquus<\/i> qui signifie \u00ab\u00a0qui reste\u00a0\u00bb. Selon l\u2019\u00e9tymologie latine, les reliquaires sont des objets qui ont pour fonction principale de<b> conserver et d\u2019exposer des reliques<\/b>.<\/p>\n<p>S\u2019ils sont majoritaires, les reliquaires ne sont pas obligatoirement religieux. Ils accueillent alors le souvenir de grands personnages historiques. En lien avec la l\u00e9gende napol\u00e9onienne, les <b>reliquaires de Napol\u00e9on Ier<\/b> sont par exemple tr\u00e8s nombreux.<br \/>\n[\/et_pb_text][et_pb_text _builder_version=\u00a0\u00bb4.25.0&Prime; _module_preset=\u00a0\u00bbdefault\u00a0\u00bb global_colors_info=\u00a0\u00bb{}\u00a0\u00bb]<\/p>\n<h2><b>Qu\u2019est ce qu\u2019une relique ?<span class=\"Apple-converted-space\">\u00a0<\/span><\/b><\/h2>\n<p>&nbsp;<\/p>\n<p>Le terme \u00ab\u00a0relique\u00a0\u00bb d\u00e9signe les <b>restes mortels <\/b>(principalement des ossements) de saints personnages, des objets leur ayant appartenu ou ayant \u00e9t\u00e9 en contact avec leur corps (morceau de v\u00eatement, instrument du martyre, etc).<span class=\"Apple-converted-space\">\u00a0<\/span><\/p>\n<p>On distingue trois grandes cat\u00e9gories de reliques :<span class=\"Apple-converted-space\">\u00a0<\/span><\/p>\n<ul>\n<li>Les reliques <b>corporelles<\/b> : une partie du corps du saint (ossements\u2026)<\/li>\n<li>Les reliques<b> non-corporelles<\/b> : un objet ayant appartenu au saint personnage.<\/li>\n<li>Les reliques <b>repr\u00e9sentatives,<\/b> c\u2019est-\u00e0-dire tout objet ayant \u00e9t\u00e9 mis en contact avec les ossements du saint ou son s\u00e9pulcre.<\/li>\n<\/ul>\n<p>[\/et_pb_text][\/et_pb_column][\/et_pb_row][et_pb_row _builder_version=\u00a0\u00bb4.25.0&Prime; _module_preset=\u00a0\u00bbdefault\u00a0\u00bb global_colors_info=\u00a0\u00bb{}\u00a0\u00bb][et_pb_column type=\u00a0\u00bb4_4&Prime; _builder_version=\u00a0\u00bb4.25.0&Prime; _module_preset=\u00a0\u00bbdefault\u00a0\u00bb global_colors_info=\u00a0\u00bb{}\u00a0\u00bb][et_pb_text _builder_version=\u00a0\u00bb4.25.0&Prime; _module_preset=\u00a0\u00bbdefault\u00a0\u00bb global_colors_info=\u00a0\u00bb{}\u00a0\u00bb]<\/p>\n<h2><b>Le culte des reliques<span class=\"Apple-converted-space\">\u00a0<\/span><\/b><\/h2>\n<p>&nbsp;<\/p>\n<p>Depuis les premiers si\u00e8cles du christianisme, l\u2019<b>Eglise<\/b> encourage la v\u00e9n\u00e9ration des reliques. Le <b>Grand Robert<\/b> d\u00e9finit d\u2019ailleurs ainsi le terme relique : \u00ab Dans la religion catholique, corps entier ou fragment de corps d\u2019un saint ou d\u2019un bienheureux, dont le culte est autoris\u00e9 par l\u2019Eglise \u00bb.<br \/>\n[\/et_pb_text][et_pb_image src=\u00a0\u00bbhttps:\/\/www.primardeco.com\/blog\/wp-content\/uploads\/2024\/05\/Couronne_depines_-_Crown_of_Thorns_Notre_Dame_Paris-\u00a9Wikipedia.jpeg\u00a0\u00bb alt=\u00a0\u00bbCouronne_d&rsquo;epines_-_Crown_of_Thorns_Notre_Dame_Paris \u00a9Wikip\u00e9dia\u00a0\u00bb title_text=\u00a0\u00bbCouronne_d&rsquo;epines_-_Crown_of_Thorns_Notre_Dame_Paris \u00a9Wikip\u00e9dia\u00a0\u00bb _builder_version=\u00a0\u00bb4.25.0&Prime; _module_preset=\u00a0\u00bbdefault\u00a0\u00bb global_colors_info=\u00a0\u00bb{}\u00a0\u00bb][\/et_pb_image][et_pb_text _builder_version=\u00a0\u00bb4.25.0&Prime; _module_preset=\u00a0\u00bbdefault\u00a0\u00bb global_colors_info=\u00a0\u00bb{}\u00a0\u00bb]A l\u2019origine de nombreux p\u00e8lerinages, processions et miracles dans le monde, les reliques sont sacr\u00e9es et v\u00e9n\u00e9r\u00e9es par les fid\u00e8les. Parmi les reliques chr\u00e9tiennes les plus connues figurent le corps rest\u00e9 intact de <b>Bernadette de Lourdes<\/b>, le coeur du <b>Saint Cur\u00e9 d\u2019Ars<\/b>, la langue de <b>Saint-Antoine de Padoue<\/b>, les restes de <b>Sainte Th\u00e9r\u00e8se de Lisieux<\/b> ou encore la <b>couronne du Christ <\/b>\u00e0 Notre Dame de Paris\u2026<br \/>\n[\/et_pb_text][\/et_pb_column][\/et_pb_row][et_pb_row _builder_version=\u00a0\u00bb4.24.0&Prime; _module_preset=\u00a0\u00bbdefault\u00a0\u00bb global_colors_info=\u00a0\u00bb{}\u00a0\u00bb][et_pb_column type=\u00a0\u00bb4_4&Prime; _builder_version=\u00a0\u00bb4.24.0&Prime; _module_preset=\u00a0\u00bbdefault\u00a0\u00bb global_colors_info=\u00a0\u00bb{}\u00a0\u00bb][et_pb_text _builder_version=\u00a0\u00bb4.25.0&Prime; _module_preset=\u00a0\u00bbdefault\u00a0\u00bb global_colors_info=\u00a0\u00bb{}\u00a0\u00bb]<\/p>\n<h2><b>Les diff\u00e9rentes cat\u00e9gories de reliquaires<\/b><\/h2>\n<p>&nbsp;<\/p>\n<p>Au cours du temps, les <b>reliquaires <\/b>ont pris des formes tr\u00e8s vari\u00e9es, mais certaines g\u00e9n\u00e9ralit\u00e9s peuvent \u00eatre \u00e9nonc\u00e9es.<span class=\"Apple-converted-space\">\u00a0<\/span><br \/>\n[\/et_pb_text][\/et_pb_column][\/et_pb_row][et_pb_row column_structure=\u00a0\u00bb1_2,1_2&Prime; _builder_version=\u00a0\u00bb4.25.0&Prime; _module_preset=\u00a0\u00bbdefault\u00a0\u00bb global_colors_info=\u00a0\u00bb{}\u00a0\u00bb][et_pb_column type=\u00a0\u00bb1_2&Prime; _builder_version=\u00a0\u00bb4.25.0&Prime; _module_preset=\u00a0\u00bbdefault\u00a0\u00bb global_colors_info=\u00a0\u00bb{}\u00a0\u00bb][et_pb_text _builder_version=\u00a0\u00bb4.25.0&Prime; _module_preset=\u00a0\u00bbdefault\u00a0\u00bb global_colors_info=\u00a0\u00bb{}\u00a0\u00bb]Les reliquaires de grande taille prennent couramment la forme de coffret et sont appel\u00e9s <b>ch\u00e2sses<\/b>.<span class=\"Apple-converted-space\">\u00a0<\/span><br \/>\n[\/et_pb_text][\/et_pb_column][et_pb_column type=\u00a0\u00bb1_2&Prime; _builder_version=\u00a0\u00bb4.25.0&Prime; _module_preset=\u00a0\u00bbdefault\u00a0\u00bb global_colors_info=\u00a0\u00bb{}\u00a0\u00bb][et_pb_image src=\u00a0\u00bbhttps:\/\/www.primardeco.com\/blog\/wp-content\/uploads\/2024\/05\/Albi_Cathedrale_Sainte-Cecile_-_Tresor_-_Chasse_reliquaire_XIIIe_Labessiere-Candeil_Palissy-\u00a9Wikipedia.jpeg\u00a0\u00bb alt=\u00a0\u00bb(Albi)_Cath\u00e9drale_Sainte-C\u00e9cile_-_Tr\u00e8sor_-_Ch\u00e2sse_reliquaire_XIIIe_Labessi\u00e8re-Candeil_Palissy \u00a9Wikip\u00e9dia\u00a0\u00bb title_text=\u00a0\u00bb(Albi)_Cath\u00e9drale_Sainte-C\u00e9cile_-_Tr\u00e8sor_-_Ch\u00e2sse_reliquaire_XIIIe_Labessi\u00e8re-Candeil_Palissy \u00a9Wikip\u00e9dia\u00a0\u00bb _builder_version=\u00a0\u00bb4.25.0&Prime; _module_preset=\u00a0\u00bbdefault\u00a0\u00bb global_colors_info=\u00a0\u00bb{}\u00a0\u00bb][\/et_pb_image][\/et_pb_column][\/et_pb_row][et_pb_row _builder_version=\u00a0\u00bb4.25.0&Prime; _module_preset=\u00a0\u00bbdefault\u00a0\u00bb global_colors_info=\u00a0\u00bb{}\u00a0\u00bb][et_pb_column type=\u00a0\u00bb4_4&Prime; _builder_version=\u00a0\u00bb4.25.0&Prime; _module_preset=\u00a0\u00bbdefault\u00a0\u00bb global_colors_info=\u00a0\u00bb{}\u00a0\u00bb][et_pb_text _builder_version=\u00a0\u00bb4.25.0&Prime; _module_preset=\u00a0\u00bbdefault\u00a0\u00bb global_colors_info=\u00a0\u00bb{}\u00a0\u00bb]Au contraire, il existe des reliquaires bien plus petits qui peuvent \u00eatre port\u00e9s autour du cou comme les \u00ab\u00a0<b>encolpion<\/b>\u00a0\u00bb.<br \/>\n[\/et_pb_text][\/et_pb_column][\/et_pb_row][et_pb_row column_structure=\u00a0\u00bb1_2,1_2&Prime; _builder_version=\u00a0\u00bb4.25.0&Prime; _module_preset=\u00a0\u00bbdefault\u00a0\u00bb global_colors_info=\u00a0\u00bb{}\u00a0\u00bb][et_pb_column type=\u00a0\u00bb1_2&Prime; _builder_version=\u00a0\u00bb4.25.0&Prime; _module_preset=\u00a0\u00bbdefault\u00a0\u00bb global_colors_info=\u00a0\u00bb{}\u00a0\u00bb][et_pb_image src=\u00a0\u00bbhttps:\/\/www.primardeco.com\/blog\/wp-content\/uploads\/2024\/05\/Le_Musee_Paul_Dupuy_-_Chasse_de_saint-Exupere-\u00a9Wikipedia-scaled.jpeg\u00a0\u00bb alt=\u00a0\u00bbLe Mus\u00e9e Paul Dupuy &#8211; Ch\u00e2sse de saint-Exup\u00e8re\u00a0\u00bb title_text=\u00a0\u00bbLe Mus\u00e9e Paul Dupuy &#8211; Ch\u00e2sse de saint-Exup\u00e8re \u00a9Wikip\u00e9dia\u00a0\u00bb _builder_version=\u00a0\u00bb4.25.0&Prime; _module_preset=\u00a0\u00bbdefault\u00a0\u00bb global_colors_info=\u00a0\u00bb{}\u00a0\u00bb][\/et_pb_image][\/et_pb_column][et_pb_column type=\u00a0\u00bb1_2&Prime; _builder_version=\u00a0\u00bb4.25.0&Prime; _module_preset=\u00a0\u00bbdefault\u00a0\u00bb global_colors_info=\u00a0\u00bb{}\u00a0\u00bb][et_pb_text _builder_version=\u00a0\u00bb4.25.0&Prime; _module_preset=\u00a0\u00bbdefault\u00a0\u00bb global_colors_info=\u00a0\u00bb{}\u00a0\u00bb]Les <i>capella<\/i> (<b>petites ch\u00e2sses<\/b>) sont une autre forme couramment employ\u00e9e au cours du temps pour conserver les reliques.<br \/>\n[\/et_pb_text][\/et_pb_column][\/et_pb_row][et_pb_row _builder_version=\u00a0\u00bb4.25.0&Prime; _module_preset=\u00a0\u00bbdefault\u00a0\u00bb global_colors_info=\u00a0\u00bb{}\u00a0\u00bb][et_pb_column type=\u00a0\u00bb4_4&Prime; _builder_version=\u00a0\u00bb4.25.0&Prime; _module_preset=\u00a0\u00bbdefault\u00a0\u00bb global_colors_info=\u00a0\u00bb{}\u00a0\u00bb][et_pb_text _builder_version=\u00a0\u00bb4.25.0&Prime; _module_preset=\u00a0\u00bbdefault\u00a0\u00bb global_colors_info=\u00a0\u00bb{}\u00a0\u00bb]Enfin, des <b>reliquaires dits \u00ab\u00a0morphologiques\u00a0\u00bb <\/b>\u00e0<b> <\/b>la forme de la partie du corps qu\u2019ils contiennent (pied, cr\u00e2ne\u2026) ont \u00e9t\u00e9 cr\u00e9\u00e9s comme le <b>bras de reliquaire de Saint Ursule<\/b>.<span class=\"Apple-converted-space\">\u00a0<\/span><br \/>\n[\/et_pb_text][et_pb_image src=\u00a0\u00bbhttps:\/\/www.primardeco.com\/blog\/wp-content\/uploads\/2024\/05\/Bras-reliquaire-de-Saint-Ursule-\u00a9Wikipedia.jpeg\u00a0\u00bb alt=\u00a0\u00bbBras reliquaire de Saint Ursule \u00a9Wikip\u00e9dia\u00a0\u00bb title_text=\u00a0\u00bbBras reliquaire de Saint Ursule \u00a9Wikip\u00e9dia\u00a0\u00bb _builder_version=\u00a0\u00bb4.25.0&Prime; _module_preset=\u00a0\u00bbdefault\u00a0\u00bb global_colors_info=\u00a0\u00bb{}\u00a0\u00bb][\/et_pb_image][\/et_pb_column][\/et_pb_row][et_pb_row _builder_version=\u00a0\u00bb4.23.1&Prime; _module_preset=\u00a0\u00bbdefault\u00a0\u00bb global_colors_info=\u00a0\u00bb{}\u00a0\u00bb][et_pb_column type=\u00a0\u00bb4_4&Prime; _builder_version=\u00a0\u00bb4.23.1&Prime; _module_preset=\u00a0\u00bbdefault\u00a0\u00bb global_colors_info=\u00a0\u00bb{}\u00a0\u00bb][et_pb_text _builder_version=\u00a0\u00bb4.25.0&Prime; _module_preset=\u00a0\u00bbdefault\u00a0\u00bb global_colors_info=\u00a0\u00bb{}\u00a0\u00bb]<\/p>\n<h2><b>Les reliquaires, des objets d\u2019art ?<span class=\"Apple-converted-space\">\u00a0<\/span><\/b><\/h2>\n<p>&nbsp;<\/p>\n<p>De taille, de formes, de mat\u00e9riaux tr\u00e8s divers, les reliquaires existent depuis le d\u00e9but du christianisme et sont des t\u00e9moins de l\u2019<b>art de statuaire<\/b>, de l\u2019<b>orf\u00e8vrerie<\/b> et des <b>arts d\u00e9coratifs<\/b> au service du sacr\u00e9.<\/p>\n<p>Le reliquaire du Clou et du Bois de la Croix r\u00e9alis\u00e9 par <b>Placide Poussielgue-Rusand <\/b>(1824-1889) d&rsquo;apr\u00e8s les dessins d&rsquo;<b>Eug\u00e8ne Viollet-le-Duc <\/b>est un bel exemple ce que les artisans ont pu produire comme chef d\u2019oeuvre pour la conservation et la v\u00e9n\u00e9ration des <b>saintes reliques<\/b>.<span class=\"Apple-converted-space\">\u00a0<\/span><\/p>\n<p>&nbsp;<br \/>\n[\/et_pb_text][\/et_pb_column][\/et_pb_row][et_pb_row _builder_version=\u00a0\u00bb4.24.0&Prime; _module_preset=\u00a0\u00bbdefault\u00a0\u00bb custom_margin=\u00a0\u00bb-33px|auto||auto||\u00a0\u00bb global_colors_info=\u00a0\u00bb{}\u00a0\u00bb][et_pb_column type=\u00a0\u00bb4_4&Prime; _builder_version=\u00a0\u00bb4.24.0&Prime; _module_preset=\u00a0\u00bbdefault\u00a0\u00bb global_colors_info=\u00a0\u00bb{}\u00a0\u00bb][et_pb_image src=\u00a0\u00bbhttps:\/\/www.primardeco.com\/blog\/wp-content\/uploads\/2024\/05\/Reliquaire_du_Clou_et_du_Bois_de_la_Croix-\u00a9Wikipedia-scaled.jpeg\u00a0\u00bb alt=\u00a0\u00bbReliquaire_du_Clou_et_du_Bois_de_la_Croix \u00a9Wikip\u00e9dia\u00a0\u00bb title_text=\u00a0\u00bbReliquaire_du_Clou_et_du_Bois_de_la_Croix \u00a9Wikip\u00e9dia\u00a0\u00bb _builder_version=\u00a0\u00bb4.25.0&Prime; _module_preset=\u00a0\u00bbdefault\u00a0\u00bb global_colors_info=\u00a0\u00bb{}\u00a0\u00bb][\/et_pb_image][et_pb_text _builder_version=\u00a0\u00bb4.25.0&Prime; _module_preset=\u00a0\u00bbdefault\u00a0\u00bb global_colors_info=\u00a0\u00bb{}\u00a0\u00bb]On observe deux anges soutenant un plateau sur lequel se dresse une croix latine qui abrite la parcelle de la<b> Vraie-Croix<\/b>. Au-dessous, un reliquaire en cristal maintenu par deux volutes, est destin\u00e9 \u00e0 recevoir le clou de la <b>Crucifixion<\/b>. V\u00e9ritable <b>chef d\u2019oeuvre d\u2019orf\u00e8vrerie<\/b>, ce reliquaire fait partie du <b>Tr\u00e9sor de la cath\u00e9drale Notre-Dame de Paris<\/b> et est class\u00e9 <b>monument historique<\/b>.<span class=\"Apple-converted-space\">\u00a0<\/span><br \/>\n[\/et_pb_text][et_pb_text _builder_version=\u00a0\u00bb4.25.0&Prime; _module_preset=\u00a0\u00bbdefault\u00a0\u00bb global_colors_info=\u00a0\u00bb{}\u00a0\u00bb]<\/p>\n<h2><b>Les reliquaires aux ench\u00e8res<span class=\"Apple-converted-space\">\u00a0<\/span><\/b><\/h2>\n<p>&nbsp;<\/p>\n<p>En tant qu\u2019oeuvres d\u2019art, les reliquaires peuvent \u00eatre vendus aux <b>ench\u00e8res<\/b>. Les prix sont tr\u00e8s al\u00e9atoires allant de quelques centaines \u00e0 plusieurs milliers d\u2019euros.<span class=\"Apple-converted-space\">\u00a0<\/span><br \/>\n[\/et_pb_text][\/et_pb_column][\/et_pb_row][et_pb_row column_structure=\u00a0\u00bb1_2,1_2&Prime; _builder_version=\u00a0\u00bb4.24.3&Prime; _module_preset=\u00a0\u00bbdefault\u00a0\u00bb global_colors_info=\u00a0\u00bb{}\u00a0\u00bb][et_pb_column type=\u00a0\u00bb1_2&Prime; _builder_version=\u00a0\u00bb4.24.3&Prime; _module_preset=\u00a0\u00bbdefault\u00a0\u00bb global_colors_info=\u00a0\u00bb{}\u00a0\u00bb][et_pb_text _builder_version=\u00a0\u00bb4.25.0&Prime; _module_preset=\u00a0\u00bbdefault\u00a0\u00bb global_colors_info=\u00a0\u00bb{}\u00a0\u00bb]Les dessins pr\u00e9paratoires de ces objets de d\u00e9votion peuvent aussi avoir une importante valeur comme ce magnifique projet de reliquaire issu des fonds d\u2019archives des <b>orf\u00e8vres Paraud<\/b>, <b>Boullier<\/b>, <b>Trioullier<\/b> et <b>Montagnier<\/b>. Dat\u00e9 du XVIIIe si\u00e8cle, ce dessin \u00e0 la plume et l\u2019encre noire a \u00e9t\u00e9 pr\u00e9empt\u00e9 par le Minist\u00e8re de la Culture lors de l\u2019une de nos ventes aux ench\u00e8res.<br \/>\n[\/et_pb_text][\/et_pb_column][et_pb_column type=\u00a0\u00bb1_2&Prime; _builder_version=\u00a0\u00bb4.24.3&Prime; _module_preset=\u00a0\u00bbdefault\u00a0\u00bb global_colors_info=\u00a0\u00bb{}\u00a0\u00bb][et_pb_image src=\u00a0\u00bbhttps:\/\/www.primardeco.com\/blog\/wp-content\/uploads\/2024\/05\/Dessin-reliquaire-\u00a9Primardeco.jpeg\u00a0\u00bb alt=\u00a0\u00bb Dessin reliquaire \u00a9Primardeco\u00a0\u00bb title_text=\u00a0\u00bbDessin reliquaire \u00a9Primardeco\u00a0\u00bb _builder_version=\u00a0\u00bb4.25.0&Prime; _module_preset=\u00a0\u00bbdefault\u00a0\u00bb global_colors_info=\u00a0\u00bb{}\u00a0\u00bb][\/et_pb_image][\/et_pb_column][\/et_pb_row][et_pb_row _builder_version=\u00a0\u00bb4.23.1&Prime; _module_preset=\u00a0\u00bbdefault\u00a0\u00bb global_colors_info=\u00a0\u00bb{}\u00a0\u00bb][et_pb_column type=\u00a0\u00bb4_4&Prime; _builder_version=\u00a0\u00bb4.23.1&Prime; _module_preset=\u00a0\u00bbdefault\u00a0\u00bb global_colors_info=\u00a0\u00bb{}\u00a0\u00bb][et_pb_text _builder_version=\u00a0\u00bb4.25.0&Prime; _module_preset=\u00a0\u00bbdefault\u00a0\u00bb global_colors_info=\u00a0\u00bb{}\u00a0\u00bb]<i>Instaur\u00e9 d\u00e8s le d\u00e9but du christianisme, le <\/i><b><i>culte des reliques <\/i><\/b><i>a donn\u00e9 naissance aux <\/i><b><i>reliquaires<\/i><\/b><i>. Au fil du temps, ces objets de d\u00e9votion, reflets de l\u2019\u00e9volution du monde chr\u00e9tien, ont chang\u00e9 de forme, de taille, d\u2019usage et de technique. R\u00e9guli\u00e8rement pr\u00e9sent\u00e9s aux <\/i><b><i>ench\u00e8res<\/i><\/b><i>, la vente des reliquaires est autoris\u00e9e par le <\/i><b><i>droit canonique<\/i><\/b><i>.<span class=\"Apple-converted-space\">\u00a0<\/span><\/i><br \/>\n[\/et_pb_text][\/et_pb_column][\/et_pb_row][et_pb_row _builder_version=\u00a0\u00bb4.16&Prime; _module_preset=\u00a0\u00bbdefault\u00a0\u00bb global_colors_info=\u00a0\u00bb{}\u00a0\u00bb][et_pb_column type=\u00a0\u00bb4_4&Prime; _builder_version=\u00a0\u00bb4.16&Prime; _module_preset=\u00a0\u00bbdefault\u00a0\u00bb global_colors_info=\u00a0\u00bb{}\u00a0\u00bb][et_pb_divider _builder_version=\u00a0\u00bb4.16&Prime; _module_preset=\u00a0\u00bbdefault\u00a0\u00bb global_colors_info=\u00a0\u00bb{}\u00a0\u00bb][\/et_pb_divider][\/et_pb_column][\/et_pb_row][\/et_pb_section]<\/p>\n","protected":false},"excerpt":{"rendered":"<p>Alors que les reliquaires figurent r\u00e9guli\u00e8rement aux catalogues des ventes d\u2019Objets d\u2019art et d\u2019Art sacr\u00e9, retour sur l\u2019histoire de ces objets de d\u00e9votion atypiques. Qu\u2019est ce qu\u2019un reliquaire ? &nbsp; Le terme \u00ab\u00a0relique\u00a0\u00bb est issu du latin reliquiae, reliquus qui signifie \u00ab\u00a0qui reste\u00a0\u00bb. Selon l\u2019\u00e9tymologie latine, les reliquaires sont des objets qui ont pour fonction [&hellip;]<\/p>\n","protected":false},"author":2,"featured_media":2888,"comment_status":"closed","ping_status":"closed","sticky":false,"template":"","format":"standard","meta":{"_et_pb_use_builder":"on","_et_pb_old_content":"","_et_gb_content_width":"","footnotes":""},"categories":[8],"tags":[53,91,92],"class_list":["post-2875","post","type-post","status-publish","format-standard","has-post-thumbnail","hentry","category-objets-dart-antiquites","tag-argenterie-orfevrerie","tag-art-sacre","tag-reliquaire"],"yoast_head":"<!-- This site is optimized with the Yoast SEO plugin v25.6 - https:\/\/yoast.com\/wordpress\/plugins\/seo\/ -->\n<title>ENTRE D\u00c9VOTION ET COLLECTION : LES RELIQUAIRES | Primardeco - Blog<\/title>\n<meta name=\"description\" content=\"En savoir plus sur &quot;ENTRE D\u00c9VOTION ET COLLECTION : LES RELIQUAIRES&quot;, un sujet propos\u00e9 dans la cat\u00e9gorie Objets d&#039;art &amp; antiquit\u00e9s par l&#039;\u00e9quipe Primardeco, sp\u00e9cialistes de l&#039;expertise et de la vente aux ench\u00e8res d&#039;art \u00e0 Toulouse.\" \/>\n<meta name=\"robots\" content=\"index, follow, max-snippet:-1, max-image-preview:large, max-video-preview:-1\" \/>\n<link rel=\"canonical\" href=\"https:\/\/www.primardeco.com\/blog\/entre-devotion-et-collection-les-reliquaires\/\" \/>\n<meta property=\"og:locale\" content=\"fr_FR\" \/>\n<meta property=\"og:type\" content=\"article\" \/>\n<meta property=\"og:title\" content=\"ENTRE D\u00c9VOTION ET COLLECTION : LES RELIQUAIRES | Primardeco - Blog\" \/>\n<meta property=\"og:description\" content=\"En savoir plus sur &quot;ENTRE D\u00c9VOTION ET COLLECTION : LES RELIQUAIRES&quot;, un sujet propos\u00e9 dans la cat\u00e9gorie Objets d&#039;art &amp; antiquit\u00e9s par l&#039;\u00e9quipe Primardeco, sp\u00e9cialistes de l&#039;expertise et de la vente aux ench\u00e8res d&#039;art \u00e0 Toulouse.\" \/>\n<meta property=\"og:url\" content=\"https:\/\/www.primardeco.com\/blog\/entre-devotion-et-collection-les-reliquaires\/\" \/>\n<meta property=\"og:site_name\" content=\"Primardeco - Blog\" \/>\n<meta property=\"article:publisher\" content=\"https:\/\/www.facebook.com\/Primardeco-275817602518624\/\" \/>\n<meta property=\"article:published_time\" content=\"2024-05-05T10:11:38+00:00\" \/>\n<meta property=\"article:modified_time\" content=\"2024-05-05T10:11:42+00:00\" \/>\n<meta property=\"og:image\" content=\"https:\/\/www.primardeco.com\/blog\/wp-content\/uploads\/2024\/05\/Reliquaire-\u00a9Primardeco.jpeg\" \/>\n\t<meta property=\"og:image:width\" content=\"720\" \/>\n\t<meta property=\"og:image:height\" content=\"540\" \/>\n\t<meta property=\"og:image:type\" content=\"image\/jpeg\" \/>\n<meta name=\"author\" content=\"Anne de Colonges-Trotignon,\" \/>\n<meta name=\"twitter:card\" content=\"summary_large_image\" \/>\n<meta name=\"twitter:creator\" content=\"@PRIMARDECO\" \/>\n<meta name=\"twitter:site\" content=\"@PRIMARDECO\" \/>\n<meta name=\"twitter:label1\" content=\"\u00c9crit par\" \/>\n\t<meta name=\"twitter:data1\" content=\"Anne de Colonges-Trotignon,\" \/>\n\t<meta name=\"twitter:label2\" content=\"Dur\u00e9e de lecture estim\u00e9e\" \/>\n\t<meta name=\"twitter:data2\" content=\"5 minutes\" \/>\n<script type=\"application\/ld+json\" class=\"yoast-schema-graph\">{\"@context\":\"https:\/\/schema.org\",\"@graph\":[{\"@type\":\"Article\",\"@id\":\"https:\/\/www.primardeco.com\/blog\/entre-devotion-et-collection-les-reliquaires\/#article\",\"isPartOf\":{\"@id\":\"https:\/\/www.primardeco.com\/blog\/entre-devotion-et-collection-les-reliquaires\/\"},\"author\":{\"name\":\"Anne de Colonges-Trotignon,\",\"@id\":\"https:\/\/www.primardeco.com\/blog\/#\/schema\/person\/7de13947a1930d4cdcc9da53f15a8bf6\"},\"headline\":\"ENTRE D\u00c9VOTION ET COLLECTION : LES RELIQUAIRES\",\"datePublished\":\"2024-05-05T10:11:38+00:00\",\"dateModified\":\"2024-05-05T10:11:42+00:00\",\"mainEntityOfPage\":{\"@id\":\"https:\/\/www.primardeco.com\/blog\/entre-devotion-et-collection-les-reliquaires\/\"},\"wordCount\":1822,\"publisher\":{\"@id\":\"https:\/\/www.primardeco.com\/blog\/#organization\"},\"image\":{\"@id\":\"https:\/\/www.primardeco.com\/blog\/entre-devotion-et-collection-les-reliquaires\/#primaryimage\"},\"thumbnailUrl\":\"https:\/\/www.primardeco.com\/blog\/wp-content\/uploads\/2024\/05\/Reliquaire-\u00a9Primardeco.jpeg\",\"keywords\":[\"Argenterie &amp; orf\u00e8vrerie\",\"Art sacr\u00e9\",\"Reliquaire\"],\"articleSection\":[\"Objets d'art &amp; antiquit\u00e9s\"],\"inLanguage\":\"fr-FR\"},{\"@type\":\"WebPage\",\"@id\":\"https:\/\/www.primardeco.com\/blog\/entre-devotion-et-collection-les-reliquaires\/\",\"url\":\"https:\/\/www.primardeco.com\/blog\/entre-devotion-et-collection-les-reliquaires\/\",\"name\":\"ENTRE D\u00c9VOTION ET COLLECTION : LES RELIQUAIRES | Primardeco - Blog\",\"isPartOf\":{\"@id\":\"https:\/\/www.primardeco.com\/blog\/#website\"},\"primaryImageOfPage\":{\"@id\":\"https:\/\/www.primardeco.com\/blog\/entre-devotion-et-collection-les-reliquaires\/#primaryimage\"},\"image\":{\"@id\":\"https:\/\/www.primardeco.com\/blog\/entre-devotion-et-collection-les-reliquaires\/#primaryimage\"},\"thumbnailUrl\":\"https:\/\/www.primardeco.com\/blog\/wp-content\/uploads\/2024\/05\/Reliquaire-\u00a9Primardeco.jpeg\",\"datePublished\":\"2024-05-05T10:11:38+00:00\",\"dateModified\":\"2024-05-05T10:11:42+00:00\",\"description\":\"En savoir plus sur \\\"ENTRE D\u00c9VOTION ET COLLECTION : LES RELIQUAIRES\\\", un sujet propos\u00e9 dans la cat\u00e9gorie Objets d'art &amp; antiquit\u00e9s par l'\u00e9quipe Primardeco, sp\u00e9cialistes de l'expertise et de la vente aux ench\u00e8res d'art \u00e0 Toulouse.\",\"breadcrumb\":{\"@id\":\"https:\/\/www.primardeco.com\/blog\/entre-devotion-et-collection-les-reliquaires\/#breadcrumb\"},\"inLanguage\":\"fr-FR\",\"potentialAction\":[{\"@type\":\"ReadAction\",\"target\":[\"https:\/\/www.primardeco.com\/blog\/entre-devotion-et-collection-les-reliquaires\/\"]}]},{\"@type\":\"ImageObject\",\"inLanguage\":\"fr-FR\",\"@id\":\"https:\/\/www.primardeco.com\/blog\/entre-devotion-et-collection-les-reliquaires\/#primaryimage\",\"url\":\"https:\/\/www.primardeco.com\/blog\/wp-content\/uploads\/2024\/05\/Reliquaire-\u00a9Primardeco.jpeg\",\"contentUrl\":\"https:\/\/www.primardeco.com\/blog\/wp-content\/uploads\/2024\/05\/Reliquaire-\u00a9Primardeco.jpeg\",\"width\":720,\"height\":540,\"caption\":\"Reliquaire \u00a9Primardeco\"},{\"@type\":\"BreadcrumbList\",\"@id\":\"https:\/\/www.primardeco.com\/blog\/entre-devotion-et-collection-les-reliquaires\/#breadcrumb\",\"itemListElement\":[{\"@type\":\"ListItem\",\"position\":1,\"name\":\"Accueil\",\"item\":\"https:\/\/www.primardeco.com\/blog\/\"},{\"@type\":\"ListItem\",\"position\":2,\"name\":\"ENTRE D\u00c9VOTION ET COLLECTION : LES RELIQUAIRES\"}]},{\"@type\":\"WebSite\",\"@id\":\"https:\/\/www.primardeco.com\/blog\/#website\",\"url\":\"https:\/\/www.primardeco.com\/blog\/\",\"name\":\"Primardeco - Blog\",\"description\":\"Expertises et Ventes aux ench\u00e8res\",\"publisher\":{\"@id\":\"https:\/\/www.primardeco.com\/blog\/#organization\"},\"potentialAction\":[{\"@type\":\"SearchAction\",\"target\":{\"@type\":\"EntryPoint\",\"urlTemplate\":\"https:\/\/www.primardeco.com\/blog\/?s={search_term_string}\"},\"query-input\":{\"@type\":\"PropertyValueSpecification\",\"valueRequired\":true,\"valueName\":\"search_term_string\"}}],\"inLanguage\":\"fr-FR\"},{\"@type\":\"Organization\",\"@id\":\"https:\/\/www.primardeco.com\/blog\/#organization\",\"name\":\"Le Blog Primardeco, Ventes aux Ench\u00e8res d'Art \u00e0 Toulouse\",\"url\":\"https:\/\/www.primardeco.com\/blog\/\",\"logo\":{\"@type\":\"ImageObject\",\"inLanguage\":\"fr-FR\",\"@id\":\"https:\/\/www.primardeco.com\/blog\/#\/schema\/logo\/image\/\",\"url\":\"https:\/\/www.primardeco.com\/blog\/wp-content\/uploads\/2021\/11\/logo-primardeco-blog.png\",\"contentUrl\":\"https:\/\/www.primardeco.com\/blog\/wp-content\/uploads\/2021\/11\/logo-primardeco-blog.png\",\"width\":282,\"height\":84,\"caption\":\"Le Blog Primardeco, Ventes aux Ench\u00e8res d'Art \u00e0 Toulouse\"},\"image\":{\"@id\":\"https:\/\/www.primardeco.com\/blog\/#\/schema\/logo\/image\/\"},\"sameAs\":[\"https:\/\/www.facebook.com\/Primardeco-275817602518624\/\",\"https:\/\/x.com\/PRIMARDECO\",\"https:\/\/www.instagram.com\/primardeco\/\"]},{\"@type\":\"Person\",\"@id\":\"https:\/\/www.primardeco.com\/blog\/#\/schema\/person\/7de13947a1930d4cdcc9da53f15a8bf6\",\"name\":\"Anne de Colonges-Trotignon,\",\"image\":{\"@type\":\"ImageObject\",\"inLanguage\":\"fr-FR\",\"@id\":\"https:\/\/www.primardeco.com\/blog\/#\/schema\/person\/image\/\",\"url\":\"https:\/\/secure.gravatar.com\/avatar\/853054ac9272b8d8231f62d5ba9a57c0838e74856b0112cb96fd18a428d1d335?s=96&d=mm&r=g\",\"contentUrl\":\"https:\/\/secure.gravatar.com\/avatar\/853054ac9272b8d8231f62d5ba9a57c0838e74856b0112cb96fd18a428d1d335?s=96&d=mm&r=g\",\"caption\":\"Anne de Colonges-Trotignon,\"},\"url\":\"https:\/\/www.primardeco.com\/blog\/author\/anne\/\"}]}<\/script>\n<!-- \/ Yoast SEO plugin. -->","yoast_head_json":{"title":"ENTRE D\u00c9VOTION ET COLLECTION : LES RELIQUAIRES | Primardeco - Blog","description":"En savoir plus sur \"ENTRE D\u00c9VOTION ET COLLECTION : LES RELIQUAIRES\", un sujet propos\u00e9 dans la cat\u00e9gorie Objets d'art &amp; antiquit\u00e9s par l'\u00e9quipe Primardeco, sp\u00e9cialistes de l'expertise et de la vente aux ench\u00e8res d'art \u00e0 Toulouse.","robots":{"index":"index","follow":"follow","max-snippet":"max-snippet:-1","max-image-preview":"max-image-preview:large","max-video-preview":"max-video-preview:-1"},"canonical":"https:\/\/www.primardeco.com\/blog\/entre-devotion-et-collection-les-reliquaires\/","og_locale":"fr_FR","og_type":"article","og_title":"ENTRE D\u00c9VOTION ET COLLECTION : LES RELIQUAIRES | Primardeco - Blog","og_description":"En savoir plus sur \"ENTRE D\u00c9VOTION ET COLLECTION : LES RELIQUAIRES\", un sujet propos\u00e9 dans la cat\u00e9gorie Objets d'art &amp; antiquit\u00e9s par l'\u00e9quipe Primardeco, sp\u00e9cialistes de l'expertise et de la vente aux ench\u00e8res d'art \u00e0 Toulouse.","og_url":"https:\/\/www.primardeco.com\/blog\/entre-devotion-et-collection-les-reliquaires\/","og_site_name":"Primardeco - Blog","article_publisher":"https:\/\/www.facebook.com\/Primardeco-275817602518624\/","article_published_time":"2024-05-05T10:11:38+00:00","article_modified_time":"2024-05-05T10:11:42+00:00","og_image":[{"width":720,"height":540,"url":"https:\/\/www.primardeco.com\/blog\/wp-content\/uploads\/2024\/05\/Reliquaire-\u00a9Primardeco.jpeg","type":"image\/jpeg"}],"author":"Anne de Colonges-Trotignon,","twitter_card":"summary_large_image","twitter_creator":"@PRIMARDECO","twitter_site":"@PRIMARDECO","twitter_misc":{"\u00c9crit par":"Anne de Colonges-Trotignon,","Dur\u00e9e de lecture estim\u00e9e":"5 minutes"},"schema":{"@context":"https:\/\/schema.org","@graph":[{"@type":"Article","@id":"https:\/\/www.primardeco.com\/blog\/entre-devotion-et-collection-les-reliquaires\/#article","isPartOf":{"@id":"https:\/\/www.primardeco.com\/blog\/entre-devotion-et-collection-les-reliquaires\/"},"author":{"name":"Anne de Colonges-Trotignon,","@id":"https:\/\/www.primardeco.com\/blog\/#\/schema\/person\/7de13947a1930d4cdcc9da53f15a8bf6"},"headline":"ENTRE D\u00c9VOTION ET COLLECTION : LES RELIQUAIRES","datePublished":"2024-05-05T10:11:38+00:00","dateModified":"2024-05-05T10:11:42+00:00","mainEntityOfPage":{"@id":"https:\/\/www.primardeco.com\/blog\/entre-devotion-et-collection-les-reliquaires\/"},"wordCount":1822,"publisher":{"@id":"https:\/\/www.primardeco.com\/blog\/#organization"},"image":{"@id":"https:\/\/www.primardeco.com\/blog\/entre-devotion-et-collection-les-reliquaires\/#primaryimage"},"thumbnailUrl":"https:\/\/www.primardeco.com\/blog\/wp-content\/uploads\/2024\/05\/Reliquaire-\u00a9Primardeco.jpeg","keywords":["Argenterie &amp; orf\u00e8vrerie","Art sacr\u00e9","Reliquaire"],"articleSection":["Objets d'art &amp; antiquit\u00e9s"],"inLanguage":"fr-FR"},{"@type":"WebPage","@id":"https:\/\/www.primardeco.com\/blog\/entre-devotion-et-collection-les-reliquaires\/","url":"https:\/\/www.primardeco.com\/blog\/entre-devotion-et-collection-les-reliquaires\/","name":"ENTRE D\u00c9VOTION ET COLLECTION : LES RELIQUAIRES | Primardeco - Blog","isPartOf":{"@id":"https:\/\/www.primardeco.com\/blog\/#website"},"primaryImageOfPage":{"@id":"https:\/\/www.primardeco.com\/blog\/entre-devotion-et-collection-les-reliquaires\/#primaryimage"},"image":{"@id":"https:\/\/www.primardeco.com\/blog\/entre-devotion-et-collection-les-reliquaires\/#primaryimage"},"thumbnailUrl":"https:\/\/www.primardeco.com\/blog\/wp-content\/uploads\/2024\/05\/Reliquaire-\u00a9Primardeco.jpeg","datePublished":"2024-05-05T10:11:38+00:00","dateModified":"2024-05-05T10:11:42+00:00","description":"En savoir plus sur \"ENTRE D\u00c9VOTION ET COLLECTION : LES RELIQUAIRES\", un sujet propos\u00e9 dans la cat\u00e9gorie Objets d'art &amp; antiquit\u00e9s par l'\u00e9quipe Primardeco, sp\u00e9cialistes de l'expertise et de la vente aux ench\u00e8res d'art \u00e0 Toulouse.","breadcrumb":{"@id":"https:\/\/www.primardeco.com\/blog\/entre-devotion-et-collection-les-reliquaires\/#breadcrumb"},"inLanguage":"fr-FR","potentialAction":[{"@type":"ReadAction","target":["https:\/\/www.primardeco.com\/blog\/entre-devotion-et-collection-les-reliquaires\/"]}]},{"@type":"ImageObject","inLanguage":"fr-FR","@id":"https:\/\/www.primardeco.com\/blog\/entre-devotion-et-collection-les-reliquaires\/#primaryimage","url":"https:\/\/www.primardeco.com\/blog\/wp-content\/uploads\/2024\/05\/Reliquaire-\u00a9Primardeco.jpeg","contentUrl":"https:\/\/www.primardeco.com\/blog\/wp-content\/uploads\/2024\/05\/Reliquaire-\u00a9Primardeco.jpeg","width":720,"height":540,"caption":"Reliquaire \u00a9Primardeco"},{"@type":"BreadcrumbList","@id":"https:\/\/www.primardeco.com\/blog\/entre-devotion-et-collection-les-reliquaires\/#breadcrumb","itemListElement":[{"@type":"ListItem","position":1,"name":"Accueil","item":"https:\/\/www.primardeco.com\/blog\/"},{"@type":"ListItem","position":2,"name":"ENTRE D\u00c9VOTION ET COLLECTION : LES RELIQUAIRES"}]},{"@type":"WebSite","@id":"https:\/\/www.primardeco.com\/blog\/#website","url":"https:\/\/www.primardeco.com\/blog\/","name":"Primardeco - Blog","description":"Expertises et Ventes aux ench\u00e8res","publisher":{"@id":"https:\/\/www.primardeco.com\/blog\/#organization"},"potentialAction":[{"@type":"SearchAction","target":{"@type":"EntryPoint","urlTemplate":"https:\/\/www.primardeco.com\/blog\/?s={search_term_string}"},"query-input":{"@type":"PropertyValueSpecification","valueRequired":true,"valueName":"search_term_string"}}],"inLanguage":"fr-FR"},{"@type":"Organization","@id":"https:\/\/www.primardeco.com\/blog\/#organization","name":"Le Blog Primardeco, Ventes aux Ench\u00e8res d'Art \u00e0 Toulouse","url":"https:\/\/www.primardeco.com\/blog\/","logo":{"@type":"ImageObject","inLanguage":"fr-FR","@id":"https:\/\/www.primardeco.com\/blog\/#\/schema\/logo\/image\/","url":"https:\/\/www.primardeco.com\/blog\/wp-content\/uploads\/2021\/11\/logo-primardeco-blog.png","contentUrl":"https:\/\/www.primardeco.com\/blog\/wp-content\/uploads\/2021\/11\/logo-primardeco-blog.png","width":282,"height":84,"caption":"Le Blog Primardeco, Ventes aux Ench\u00e8res d'Art \u00e0 Toulouse"},"image":{"@id":"https:\/\/www.primardeco.com\/blog\/#\/schema\/logo\/image\/"},"sameAs":["https:\/\/www.facebook.com\/Primardeco-275817602518624\/","https:\/\/x.com\/PRIMARDECO","https:\/\/www.instagram.com\/primardeco\/"]},{"@type":"Person","@id":"https:\/\/www.primardeco.com\/blog\/#\/schema\/person\/7de13947a1930d4cdcc9da53f15a8bf6","name":"Anne de Colonges-Trotignon,","image":{"@type":"ImageObject","inLanguage":"fr-FR","@id":"https:\/\/www.primardeco.com\/blog\/#\/schema\/person\/image\/","url":"https:\/\/secure.gravatar.com\/avatar\/853054ac9272b8d8231f62d5ba9a57c0838e74856b0112cb96fd18a428d1d335?s=96&d=mm&r=g","contentUrl":"https:\/\/secure.gravatar.com\/avatar\/853054ac9272b8d8231f62d5ba9a57c0838e74856b0112cb96fd18a428d1d335?s=96&d=mm&r=g","caption":"Anne de Colonges-Trotignon,"},"url":"https:\/\/www.primardeco.com\/blog\/author\/anne\/"}]}},"_links":{"self":[{"href":"https:\/\/www.primardeco.com\/blog\/wp-json\/wp\/v2\/posts\/2875","targetHints":{"allow":["GET"]}}],"collection":[{"href":"https:\/\/www.primardeco.com\/blog\/wp-json\/wp\/v2\/posts"}],"about":[{"href":"https:\/\/www.primardeco.com\/blog\/wp-json\/wp\/v2\/types\/post"}],"author":[{"embeddable":true,"href":"https:\/\/www.primardeco.com\/blog\/wp-json\/wp\/v2\/users\/2"}],"replies":[{"embeddable":true,"href":"https:\/\/www.primardeco.com\/blog\/wp-json\/wp\/v2\/comments?post=2875"}],"version-history":[{"count":5,"href":"https:\/\/www.primardeco.com\/blog\/wp-json\/wp\/v2\/posts\/2875\/revisions"}],"predecessor-version":[{"id":2890,"href":"https:\/\/www.primardeco.com\/blog\/wp-json\/wp\/v2\/posts\/2875\/revisions\/2890"}],"wp:featuredmedia":[{"embeddable":true,"href":"https:\/\/www.primardeco.com\/blog\/wp-json\/wp\/v2\/media\/2888"}],"wp:attachment":[{"href":"https:\/\/www.primardeco.com\/blog\/wp-json\/wp\/v2\/media?parent=2875"}],"wp:term":[{"taxonomy":"category","embeddable":true,"href":"https:\/\/www.primardeco.com\/blog\/wp-json\/wp\/v2\/categories?post=2875"},{"taxonomy":"post_tag","embeddable":true,"href":"https:\/\/www.primardeco.com\/blog\/wp-json\/wp\/v2\/tags?post=2875"}],"curies":[{"name":"wp","href":"https:\/\/api.w.org\/{rel}","templated":true}]}}