{"id":2716,"date":"2023-12-22T08:36:57","date_gmt":"2023-12-22T07:36:57","guid":{"rendered":"https:\/\/www.primardeco.com\/blog\/?p=2716"},"modified":"2024-01-08T09:24:14","modified_gmt":"2024-01-08T08:24:14","slug":"une-annee-dencheres","status":"publish","type":"post","link":"https:\/\/www.primardeco.com\/blog\/une-annee-dencheres\/","title":{"rendered":"Une ann\u00e9e d&rsquo;ench\u00e8res !"},"content":{"rendered":"<p>[et_pb_section fb_built=\u00a0\u00bb1&Prime; _builder_version=\u00a0\u00bb4.16&Prime; global_colors_info=\u00a0\u00bb{}\u00a0\u00bb][et_pb_row _builder_version=\u00a0\u00bb4.16&Prime; background_size=\u00a0\u00bbinitial\u00a0\u00bb background_position=\u00a0\u00bbtop_left\u00a0\u00bb background_repeat=\u00a0\u00bbrepeat\u00a0\u00bb global_colors_info=\u00a0\u00bb{}\u00a0\u00bb][et_pb_column type=\u00a0\u00bb4_4&Prime; _builder_version=\u00a0\u00bb4.16&Prime; custom_padding=\u00a0\u00bb|||\u00a0\u00bb global_colors_info=\u00a0\u00bb{}\u00a0\u00bb custom_padding__hover=\u00a0\u00bb|||\u00a0\u00bb][et_pb_text admin_label=\u00a0\u00bbIntro\u00a0\u00bb _builder_version=\u00a0\u00bb4.23.1&Prime; _module_preset=\u00a0\u00bbdefault\u00a0\u00bb custom_padding=\u00a0\u00bb1px|||||\u00a0\u00bb global_colors_info=\u00a0\u00bb{}\u00a0\u00bb]<\/p>\n<p><i>Alors que l\u2019ann\u00e9e 2023 touche \u00e0 sa fin, retour sur les jolis r\u00e9sultats de notre <a href=\"https:\/\/www.primardeco.com\">maison de ventes<\/a> qui mettent en lumi\u00e8re les <\/i><b><i>tendances du march\u00e9 de l\u2019art<\/i><\/b><i>.<span class=\"Apple-converted-space\">\u00a0<\/span><\/i><\/p>\n<p>[\/et_pb_text][et_pb_divider _builder_version=\u00a0\u00bb4.16&Prime; _module_preset=\u00a0\u00bbdefault\u00a0\u00bb global_colors_info=\u00a0\u00bb{}\u00a0\u00bb][\/et_pb_divider][\/et_pb_column][\/et_pb_row][et_pb_row _builder_version=\u00a0\u00bb4.16&Prime; _module_preset=\u00a0\u00bbdefault\u00a0\u00bb global_colors_info=\u00a0\u00bb{}\u00a0\u00bb][et_pb_column type=\u00a0\u00bb4_4&Prime; _builder_version=\u00a0\u00bb4.16&Prime; _module_preset=\u00a0\u00bbdefault\u00a0\u00bb global_colors_info=\u00a0\u00bb{}\u00a0\u00bb][et_pb_text _builder_version=\u00a0\u00bb4.23.1&Prime; _module_preset=\u00a0\u00bbdefault\u00a0\u00bb global_colors_info=\u00a0\u00bb{}\u00a0\u00bb]<\/p>\n<h2><b>Les arts asiatiques\u00a0<\/b><\/h2>\n<p>&nbsp;<\/p>\n<p>Impr\u00e9visible, inconstant, surprenant, fascinant\u2026 tels sont les termes qui pourraient, entre autres, qualifier le <b>march\u00e9 des arts asiatiques en 2023<\/b>. Cette petite bo\u00eete \u00e0 cire \u00e0 cachet en porcelaine \u00e9maill\u00e9e estim\u00e9e 800 &#8211; 1 200\u20ac et adjug\u00e9e <b>95 760\u20ac<\/b> ou ce pot en porcelaine de style <b>Doucai<\/b> vendu 61 740\u20ac sont r\u00e9v\u00e9lateurs.<\/p>\n<p>[\/et_pb_text][\/et_pb_column][\/et_pb_row][et_pb_row column_structure=\u00a0\u00bb1_2,1_2&Prime; _builder_version=\u00a0\u00bb4.23.1&Prime; _module_preset=\u00a0\u00bbdefault\u00a0\u00bb custom_padding=\u00a0\u00bb0px|||||\u00a0\u00bb global_colors_info=\u00a0\u00bb{}\u00a0\u00bb][et_pb_column type=\u00a0\u00bb1_2&Prime; _builder_version=\u00a0\u00bb4.23.1&Prime; _module_preset=\u00a0\u00bbdefault\u00a0\u00bb global_colors_info=\u00a0\u00bb{}\u00a0\u00bb][et_pb_image src=\u00a0\u00bbhttps:\/\/www.primardeco.com\/blog\/wp-content\/uploads\/2023\/12\/0002-1-copie-scaled.jpeg\u00a0\u00bb alt=\u00a0\u00bbBo\u00eete \u00e0 cire \u00e0 cachet en porcelaine \u00e9maill\u00e9e \u00a9Primardeco\u00a0\u00bb title_text=\u00a0\u00bbBo\u00eete \u00e0 cire \u00e0 cachet en porcelaine \u00e9maill\u00e9e \u00a9Primardeco\u00a0\u00bb _builder_version=\u00a0\u00bb4.23.1&Prime; _module_preset=\u00a0\u00bbdefault\u00a0\u00bb global_colors_info=\u00a0\u00bb{}\u00a0\u00bb][\/et_pb_image][\/et_pb_column][et_pb_column type=\u00a0\u00bb1_2&Prime; _builder_version=\u00a0\u00bb4.23.1&Prime; _module_preset=\u00a0\u00bbdefault\u00a0\u00bb global_colors_info=\u00a0\u00bb{}\u00a0\u00bb][et_pb_image src=\u00a0\u00bbhttps:\/\/www.primardeco.com\/blog\/wp-content\/uploads\/2023\/12\/0096-1-copie-2.jpg\u00a0\u00bb alt=\u00a0\u00bbPorcelaine Doucai \u00a9Primardeco\u00a0\u00bb title_text=\u00a0\u00bbPorcelaine Doucai \u00a9Primardeco\u00a0\u00bb _builder_version=\u00a0\u00bb4.23.1&Prime; _module_preset=\u00a0\u00bbdefault\u00a0\u00bb global_colors_info=\u00a0\u00bb{}\u00a0\u00bb][\/et_pb_image][\/et_pb_column][\/et_pb_row][et_pb_row _builder_version=\u00a0\u00bb4.23.1&Prime; _module_preset=\u00a0\u00bbdefault\u00a0\u00bb global_colors_info=\u00a0\u00bb{}\u00a0\u00bb][et_pb_column type=\u00a0\u00bb4_4&Prime; _builder_version=\u00a0\u00bb4.23.1&Prime; _module_preset=\u00a0\u00bbdefault\u00a0\u00bb global_colors_info=\u00a0\u00bb{}\u00a0\u00bb][et_pb_text _builder_version=\u00a0\u00bb4.23.1&Prime; _module_preset=\u00a0\u00bbdefault\u00a0\u00bb global_colors_info=\u00a0\u00bb{}\u00a0\u00bb]<\/p>\n<h2><b>L\u2019art moderne<span class=\"Apple-converted-space\">\u00a0<\/span><\/b><\/h2>\n<p><b><span class=\"Apple-converted-space\"><\/span><\/b><\/p>\n<p>Cette ann\u00e9e encore, les <b>ventes aux ench\u00e8res<\/b> auront permis de re-d\u00e9couvrir des oeuvres in\u00e9dites de grands ma\u00eetres comme cette toile d\u2019<b>Albert Gleizes<\/b>, joyau du <b>cubisme<\/b>, adjug\u00e9e <b>113 400\u20ac<\/b>.<span class=\"Apple-converted-space\">\u00a0<\/span><\/p>\n<p>[\/et_pb_text][et_pb_image src=\u00a0\u00bbhttps:\/\/www.primardeco.com\/blog\/wp-content\/uploads\/2023\/12\/Adjuge-113-400E-copie-scaled.jpeg\u00a0\u00bb alt=\u00a0\u00bbAlbert Gleizes, Nature morte aux bouteilles (1916) \u00a9Primardeco\u00a0\u00bb title_text=\u00a0\u00bbAlbert Gleizes, Nature morte aux bouteilles (1916) \u00a9Primardeco\u00a0\u00bb _builder_version=\u00a0\u00bb4.23.1&Prime; _module_preset=\u00a0\u00bbdefault\u00a0\u00bb custom_margin=\u00a0\u00bb||49px|||\u00a0\u00bb global_colors_info=\u00a0\u00bb{}\u00a0\u00bb][\/et_pb_image][\/et_pb_column][\/et_pb_row][et_pb_row column_structure=\u00a0\u00bb1_2,1_2&Prime; _builder_version=\u00a0\u00bb4.23.1&Prime; _module_preset=\u00a0\u00bbdefault\u00a0\u00bb custom_margin=\u00a0\u00bb-35px|auto||auto||\u00a0\u00bb global_colors_info=\u00a0\u00bb{}\u00a0\u00bb][et_pb_column type=\u00a0\u00bb1_2&Prime; _builder_version=\u00a0\u00bb4.23.1&Prime; _module_preset=\u00a0\u00bbdefault\u00a0\u00bb global_colors_info=\u00a0\u00bb{}\u00a0\u00bb][et_pb_text _builder_version=\u00a0\u00bb4.23.1&Prime; _module_preset=\u00a0\u00bbdefault\u00a0\u00bb global_colors_info=\u00a0\u00bb{}\u00a0\u00bb]<\/p>\n<p>Les <b>ventes aux ench\u00e8res<\/b> sont \u00e9galement l\u2019occasion de pr\u00e9senter des artistes moins connus du grand public comme <b>E. Cazaux<\/b> dont la sculpture \u00ab\u00a0Femme nue \u00e0 la draperie\u00a0\u00bb s\u2019est vendue \u00e0 plus de 40 000\u20ac.<\/p>\n<p>[\/et_pb_text][\/et_pb_column][et_pb_column type=\u00a0\u00bb1_2&Prime; _builder_version=\u00a0\u00bb4.23.1&Prime; _module_preset=\u00a0\u00bbdefault\u00a0\u00bb global_colors_info=\u00a0\u00bb{}\u00a0\u00bb][et_pb_image src=\u00a0\u00bbhttps:\/\/www.primardeco.com\/blog\/wp-content\/uploads\/2023\/12\/0018-2-copie-scaled.jpg\u00a0\u00bb alt=\u00a0\u00bbE. Cazaux &#8211; Sculpture \u00a9Primardeco\u00a0\u00bb title_text=\u00a0\u00bbE. Cazaux &#8211; Sculpture \u00a9Primardeco\u00a0\u00bb _builder_version=\u00a0\u00bb4.23.1&Prime; _module_preset=\u00a0\u00bbdefault\u00a0\u00bb global_colors_info=\u00a0\u00bb{}\u00a0\u00bb][\/et_pb_image][\/et_pb_column][\/et_pb_row][et_pb_row _builder_version=\u00a0\u00bb4.23.1&Prime; _module_preset=\u00a0\u00bbdefault\u00a0\u00bb global_colors_info=\u00a0\u00bb{}\u00a0\u00bb][et_pb_column type=\u00a0\u00bb4_4&Prime; _builder_version=\u00a0\u00bb4.23.1&Prime; _module_preset=\u00a0\u00bbdefault\u00a0\u00bb global_colors_info=\u00a0\u00bb{}\u00a0\u00bb][et_pb_text _builder_version=\u00a0\u00bb4.23.1&Prime; _module_preset=\u00a0\u00bbdefault\u00a0\u00bb global_colors_info=\u00a0\u00bb{}\u00a0\u00bb]<\/p>\n<h2><b>Bijoux &amp; Pierres pr\u00e9cieuses<\/b><\/h2>\n<p><b><\/b><\/p>\n<p>Les <b>bijoux<\/b> et les pierres d\u2019exception ont brill\u00e9 cette ann\u00e9e sur le <b>march\u00e9 de l\u2019art<\/b> international. Valeur refuge, recherch\u00e9es, rares, les belles <b>pierres <\/b>se sont vendues \u00e0 prix d\u2019or comme ce somptueux <b>saphir de Cachemire <\/b>de 6,20 cts adjug\u00e9 <b>95 000 \u20ac<\/b> !<span class=\"Apple-converted-space\">\u00a0<\/span><\/p>\n<p>[\/et_pb_text][et_pb_image src=\u00a0\u00bbhttps:\/\/www.primardeco.com\/blog\/wp-content\/uploads\/2023\/12\/PB027563-fond-blanc-copie.jpg\u00a0\u00bb alt=\u00a0\u00bbSaphir de Cachemire \u00a9Primardeco\u00a0\u00bb title_text=\u00a0\u00bbSaphir de Cachemire \u00a9Primardeco\u00a0\u00bb _builder_version=\u00a0\u00bb4.23.1&Prime; _module_preset=\u00a0\u00bbdefault\u00a0\u00bb global_colors_info=\u00a0\u00bb{}\u00a0\u00bb][\/et_pb_image][et_pb_text _builder_version=\u00a0\u00bb4.23.1&Prime; _module_preset=\u00a0\u00bbdefault\u00a0\u00bb global_colors_info=\u00a0\u00bb{}\u00a0\u00bb]<\/p>\n<h2><b>Le vintage \u00e0 l\u2019honneur !<span class=\"Apple-converted-space\">\u00a0<\/span><\/b><\/h2>\n<p><b><span class=\"Apple-converted-space\"><\/span><\/b><\/p>\n<p>Cette ann\u00e9e aura prouv\u00e9 que le <b>vintage <\/b>a plus que jamais la cote sur le <b>march\u00e9 de l\u2019art<\/b>. A l\u2019heure de la tendance de la seconde main, les mod\u00e8les (v\u00eatements, maroquinerie &amp; accessoires) des grandes maisons (<b>Herm\u00e8s, Gucci, Chanel, Louis Vuitton<\/b>\u2026) sont particuli\u00e8rement recherch\u00e9s en ventes aux ench\u00e8res. Ce sac <b>Birkin <\/b>adjug\u00e9 10 224\u20ac ou encore cette malle <b>Vuitton <\/b>vendue \u00e0 plus de 13 500\u20ac en sont la preuve.<span class=\"Apple-converted-space\">\u00a0<\/span><\/p>\n<p>[\/et_pb_text][\/et_pb_column][\/et_pb_row][et_pb_row column_structure=\u00a0\u00bb1_2,1_2&Prime; _builder_version=\u00a0\u00bb4.23.1&Prime; _module_preset=\u00a0\u00bbdefault\u00a0\u00bb global_colors_info=\u00a0\u00bb{}\u00a0\u00bb][et_pb_column type=\u00a0\u00bb1_2&Prime; _builder_version=\u00a0\u00bb4.23.1&Prime; _module_preset=\u00a0\u00bbdefault\u00a0\u00bb global_colors_info=\u00a0\u00bb{}\u00a0\u00bb][et_pb_image src=\u00a0\u00bbhttps:\/\/www.primardeco.com\/blog\/wp-content\/uploads\/2023\/12\/0015-1-scaled.jpeg\u00a0\u00bb alt=\u00a0\u00bbSac Birkin Herm\u00e8s \u00a9Primardeco\u00a0\u00bb title_text=\u00a0\u00bbSac Birkin Herm\u00e8s \u00a9Primardeco\u00a0\u00bb _builder_version=\u00a0\u00bb4.23.1&Prime; _module_preset=\u00a0\u00bbdefault\u00a0\u00bb global_colors_info=\u00a0\u00bb{}\u00a0\u00bb][\/et_pb_image][\/et_pb_column][et_pb_column type=\u00a0\u00bb1_2&Prime; _builder_version=\u00a0\u00bb4.23.1&Prime; _module_preset=\u00a0\u00bbdefault\u00a0\u00bb global_colors_info=\u00a0\u00bb{}\u00a0\u00bb][et_pb_image src=\u00a0\u00bbhttps:\/\/www.primardeco.com\/blog\/wp-content\/uploads\/2023\/12\/0017-1-scaled.jpeg\u00a0\u00bb alt=\u00a0\u00bbMalle Louis Vuitton \u00a9Primardeco\u00a0\u00bb title_text=\u00a0\u00bbMalle Louis Vuitton \u00a9Primardeco\u00a0\u00bb _builder_version=\u00a0\u00bb4.23.1&Prime; _module_preset=\u00a0\u00bbdefault\u00a0\u00bb global_colors_info=\u00a0\u00bb{}\u00a0\u00bb][\/et_pb_image][\/et_pb_column][\/et_pb_row][et_pb_row _builder_version=\u00a0\u00bb4.23.1&Prime; _module_preset=\u00a0\u00bbdefault\u00a0\u00bb global_colors_info=\u00a0\u00bb{}\u00a0\u00bb][et_pb_column type=\u00a0\u00bb4_4&Prime; _builder_version=\u00a0\u00bb4.23.1&Prime; _module_preset=\u00a0\u00bbdefault\u00a0\u00bb global_colors_info=\u00a0\u00bb{}\u00a0\u00bb][et_pb_text _builder_version=\u00a0\u00bb4.23.1&Prime; _module_preset=\u00a0\u00bbdefault\u00a0\u00bb global_colors_info=\u00a0\u00bb{}\u00a0\u00bb]<\/p>\n<h2><b>Vins, Champagnes &amp; Spiritueux<span class=\"Apple-converted-space\">\u00a0<\/span><\/b><\/h2>\n<p><b><span class=\"Apple-converted-space\"><\/span><\/b><\/p>\n<p>En 2023, les r\u00e9sultats des bouteilles de vins &amp; spiritueux confirment une tendance constat\u00e9e depuis quelques ann\u00e9es : le march\u00e9 est en plein essor et les acheteurs, dispers\u00e9s dans le monde entier, sont pr\u00eat \u00e0 d\u00e9bourser des sommes astronomiques pour acqu\u00e9rir des <b>grands crus <\/b>\u00e0 l\u2019image de cette caisse de 3 <b>Petrus Pomerol <\/b>2020 adjug\u00e9e <b>14 950\u20ac<\/b>.<span class=\"Apple-converted-space\">\u00a0<\/span><\/p>\n<p>[\/et_pb_text][et_pb_image src=\u00a0\u00bbhttps:\/\/www.primardeco.com\/blog\/wp-content\/uploads\/2023\/12\/120-copie-scaled.jpg\u00a0\u00bb alt=\u00a0\u00bbPetrus Pomerol \u00a9Primardeco\u00a0\u00bb title_text=\u00a0\u00bbPetrus Pomerol \u00a9Primardeco\u00a0\u00bb _builder_version=\u00a0\u00bb4.23.1&Prime; _module_preset=\u00a0\u00bbdefault\u00a0\u00bb global_colors_info=\u00a0\u00bb{}\u00a0\u00bb][\/et_pb_image][\/et_pb_column][\/et_pb_row][et_pb_row column_structure=\u00a0\u00bb1_2,1_2&Prime; _builder_version=\u00a0\u00bb4.23.1&Prime; _module_preset=\u00a0\u00bbdefault\u00a0\u00bb global_colors_info=\u00a0\u00bb{}\u00a0\u00bb][et_pb_column type=\u00a0\u00bb1_2&Prime; _builder_version=\u00a0\u00bb4.23.1&Prime; _module_preset=\u00a0\u00bbdefault\u00a0\u00bb global_colors_info=\u00a0\u00bb{}\u00a0\u00bb][et_pb_text _builder_version=\u00a0\u00bb4.23.1&Prime; _module_preset=\u00a0\u00bbdefault\u00a0\u00bb global_colors_info=\u00a0\u00bb{}\u00a0\u00bb]<\/p>\n<p>Les <b>spiritueux<\/b>, notamment fran\u00e7ais, connaissent un succ\u00e8s grandissant comme en t\u00e9moignent cette <b>Chartreuse <\/b>verte (p\u00e9riode 1941\/1951) vendue 1 880 \u20ac ou encore une bouteille de <b>Rhum J.Bailly<\/b>\u00a045\u00b0 (1939) adjug\u00e9e<b> 2 045\u20ac<\/b>.<\/p>\n<p>[\/et_pb_text][\/et_pb_column][et_pb_column type=\u00a0\u00bb1_2&Prime; _builder_version=\u00a0\u00bb4.23.1&Prime; _module_preset=\u00a0\u00bbdefault\u00a0\u00bb global_colors_info=\u00a0\u00bb{}\u00a0\u00bb][et_pb_image src=\u00a0\u00bbhttps:\/\/www.primardeco.com\/blog\/wp-content\/uploads\/2023\/12\/270-scaled.jpg\u00a0\u00bb alt=\u00a0\u00bbChartreuse verte \u00a9Primardeco\u00a0\u00bb title_text=\u00a0\u00bbChartreuse verte \u00a9Primardeco\u00a0\u00bb _builder_version=\u00a0\u00bb4.23.1&Prime; _module_preset=\u00a0\u00bbdefault\u00a0\u00bb global_colors_info=\u00a0\u00bb{}\u00a0\u00bb][\/et_pb_image][\/et_pb_column][\/et_pb_row][et_pb_row _builder_version=\u00a0\u00bb4.23.1&Prime; _module_preset=\u00a0\u00bbdefault\u00a0\u00bb global_colors_info=\u00a0\u00bb{}\u00a0\u00bb][et_pb_column type=\u00a0\u00bb4_4&Prime; _builder_version=\u00a0\u00bb4.23.1&Prime; _module_preset=\u00a0\u00bbdefault\u00a0\u00bb global_colors_info=\u00a0\u00bb{}\u00a0\u00bb][et_pb_text _builder_version=\u00a0\u00bb4.23.1&Prime; _module_preset=\u00a0\u00bbdefault\u00a0\u00bb global_colors_info=\u00a0\u00bb{}\u00a0\u00bb]<\/p>\n<p>Apr\u00e8s quelques balbutiements, le<b> champagne<\/b> trouve d\u00e9sormais sa place sur le <b>march\u00e9 des alcools<\/b>. Les prix augmentent progressivement ce qui laisse pr\u00e9sager un avenir prometteur en 2024.<span class=\"Apple-converted-space\">\u00a0<\/span><\/p>\n<p>[\/et_pb_text][et_pb_text _builder_version=\u00a0\u00bb4.23.1&Prime; _module_preset=\u00a0\u00bbdefault\u00a0\u00bb global_colors_info=\u00a0\u00bb{}\u00a0\u00bb]<\/p>\n<h2><b>Mobilier ancien &amp; design<span class=\"Apple-converted-space\">\u00a0<\/span><\/b><\/h2>\n<p><b><span class=\"Apple-converted-space\"><\/span><\/b><\/p>\n<p>Si le mobilier ancien fut un peu d\u00e9laiss\u00e9\u00a0ces derni\u00e8res ann\u00e9es, il semble signer son grand retour sur le march\u00e9 de l\u2019art. Le <b>mobilier classique<\/b>, notamment sign\u00e9, retrouve sa place de choix comme le r\u00e9v\u00e8le cette commode Louis XV adjug\u00e9e <b>8 900\u20ac.<\/b><\/p>\n<p>[\/et_pb_text][et_pb_image src=\u00a0\u00bbhttps:\/\/www.primardeco.com\/blog\/wp-content\/uploads\/2023\/12\/Commode-Louis-XV-\u00a9Primardeco.jpeg\u00a0\u00bb alt=\u00a0\u00bbCommode Louis XV \u00a9Primardeco\u00a0\u00bb title_text=\u00a0\u00bbCommode Louis XV \u00a9Primardeco\u00a0\u00bb _builder_version=\u00a0\u00bb4.23.1&Prime; _module_preset=\u00a0\u00bbdefault\u00a0\u00bb global_colors_info=\u00a0\u00bb{}\u00a0\u00bb][\/et_pb_image][\/et_pb_column][\/et_pb_row][et_pb_row column_structure=\u00a0\u00bb1_2,1_2&Prime; _builder_version=\u00a0\u00bb4.23.1&Prime; _module_preset=\u00a0\u00bbdefault\u00a0\u00bb global_colors_info=\u00a0\u00bb{}\u00a0\u00bb][et_pb_column type=\u00a0\u00bb1_2&Prime; _builder_version=\u00a0\u00bb4.23.1&Prime; _module_preset=\u00a0\u00bbdefault\u00a0\u00bb global_colors_info=\u00a0\u00bb{}\u00a0\u00bb][et_pb_text _builder_version=\u00a0\u00bb4.23.1&Prime; _module_preset=\u00a0\u00bbdefault\u00a0\u00bb global_colors_info=\u00a0\u00bb{}\u00a0\u00bb]<\/p>\n<p>De son c\u00f4t\u00e9, le mobilier design a plus que jamais la cote et les <b>ventes aux ench\u00e8res<\/b> voient d\u00e9filer les grands noms du <b>design <\/b>du XXe si\u00e8cle comme celui de<b> Fran\u00e7ois Colette<\/b> et son mobile adjug\u00e9 4 984\u20ac !<span class=\"Apple-converted-space\">\u00a0<\/span><\/p>\n<p>[\/et_pb_text][\/et_pb_column][et_pb_column type=\u00a0\u00bb1_2&Prime; _builder_version=\u00a0\u00bb4.23.1&Prime; _module_preset=\u00a0\u00bbdefault\u00a0\u00bb global_colors_info=\u00a0\u00bb{}\u00a0\u00bb][et_pb_image src=\u00a0\u00bbhttps:\/\/www.primardeco.com\/blog\/wp-content\/uploads\/2023\/12\/Mobile-Francois-Colette-\u00a9Primardeco.jpg\u00a0\u00bb alt=\u00a0\u00bbMobile Fran\u00e7ois COLETTE  \u00a9Primardeco\u00a0\u00bb title_text=\u00a0\u00bbMobile Fran\u00e7ois COLETTE  \u00a9Primardeco\u00a0\u00bb _builder_version=\u00a0\u00bb4.23.1&Prime; _module_preset=\u00a0\u00bbdefault\u00a0\u00bb global_colors_info=\u00a0\u00bb{}\u00a0\u00bb][\/et_pb_image][\/et_pb_column][\/et_pb_row][et_pb_row column_structure=\u00a0\u00bb1_2,1_2&Prime; _builder_version=\u00a0\u00bb4.23.1&Prime; _module_preset=\u00a0\u00bbdefault\u00a0\u00bb global_colors_info=\u00a0\u00bb{}\u00a0\u00bb][et_pb_column type=\u00a0\u00bb1_2&Prime; _builder_version=\u00a0\u00bb4.23.1&Prime; _module_preset=\u00a0\u00bbdefault\u00a0\u00bb global_colors_info=\u00a0\u00bb{}\u00a0\u00bb][et_pb_image src=\u00a0\u00bbhttps:\/\/www.primardeco.com\/blog\/wp-content\/uploads\/2023\/12\/1160E-0468-1-copie-scaled.jpeg\u00a0\u00bb alt=\u00a0\u00bbM\u00e9daille slovaque \u00a9Primardeco\u00a0\u00bb title_text=\u00a0\u00bbM\u00e9daille slovaque \u00a9Primardeco\u00a0\u00bb _builder_version=\u00a0\u00bb4.23.1&Prime; _module_preset=\u00a0\u00bbdefault\u00a0\u00bb global_colors_info=\u00a0\u00bb{}\u00a0\u00bb][\/et_pb_image][\/et_pb_column][et_pb_column type=\u00a0\u00bb1_2&Prime; _builder_version=\u00a0\u00bb4.23.1&Prime; _module_preset=\u00a0\u00bbdefault\u00a0\u00bb global_colors_info=\u00a0\u00bb{}\u00a0\u00bb][et_pb_text _builder_version=\u00a0\u00bb4.23.1&Prime; _module_preset=\u00a0\u00bbdefault\u00a0\u00bb global_colors_info=\u00a0\u00bb{}\u00a0\u00bb]<\/p>\n<h2><b>Le Militaria en force<span class=\"Apple-converted-space\">\u00a0<\/span><\/b><\/h2>\n<p>&nbsp;<\/p>\n<p>Les <b>m\u00e9dailles militaires <\/b>s\u00e9duisent. March\u00e9 de niche, acheteurs internationaux, tous les ingr\u00e9dients sont r\u00e9unis pour cr\u00e9er de<b> belles ench\u00e8res.<\/b> Cette d\u00e9coration slovaque a par exemple \u00e9t\u00e9 adjug\u00e9e 1 160\u20ac.<\/p>\n<p>[\/et_pb_text][\/et_pb_column][\/et_pb_row][et_pb_row _builder_version=\u00a0\u00bb4.22.1&Prime; _module_preset=\u00a0\u00bbdefault\u00a0\u00bb custom_margin=\u00a0\u00bb-28px|auto||auto||\u00a0\u00bb global_colors_info=\u00a0\u00bb{}\u00a0\u00bb][et_pb_column type=\u00a0\u00bb4_4&Prime; _builder_version=\u00a0\u00bb4.22.1&Prime; _module_preset=\u00a0\u00bbdefault\u00a0\u00bb global_colors_info=\u00a0\u00bb{}\u00a0\u00bb][et_pb_text _builder_version=\u00a0\u00bb4.23.1&Prime; _module_preset=\u00a0\u00bbdefault\u00a0\u00bb min_height=\u00a0\u00bb31px\u00a0\u00bb custom_padding=\u00a0\u00bb43px|||||\u00a0\u00bb hover_enabled=\u00a0\u00bb0&Prime; global_colors_info=\u00a0\u00bb{}\u00a0\u00bb sticky_enabled=\u00a0\u00bb0&Prime;]<\/p>\n<p style=\"text-align: center;\"><i>Cette ann\u00e9e 2023 aura plus que jamais \u00e9t\u00e9 riche et vari\u00e9e ! Vivement 2024 pour de nouvelles aventures historiques et artistiques !<span class=\"Apple-converted-space\">\u00a0<\/span><\/i><\/p>\n<p>[\/et_pb_text][\/et_pb_column][\/et_pb_row][et_pb_row _builder_version=\u00a0\u00bb4.16&Prime; _module_preset=\u00a0\u00bbdefault\u00a0\u00bb global_colors_info=\u00a0\u00bb{}\u00a0\u00bb][et_pb_column type=\u00a0\u00bb4_4&Prime; _builder_version=\u00a0\u00bb4.16&Prime; _module_preset=\u00a0\u00bbdefault\u00a0\u00bb global_colors_info=\u00a0\u00bb{}\u00a0\u00bb][et_pb_divider _builder_version=\u00a0\u00bb4.16&Prime; _module_preset=\u00a0\u00bbdefault\u00a0\u00bb global_colors_info=\u00a0\u00bb{}\u00a0\u00bb][\/et_pb_divider][\/et_pb_column][\/et_pb_row][\/et_pb_section]<\/p>\n","protected":false},"excerpt":{"rendered":"<p>Alors que l\u2019ann\u00e9e 2023 touche \u00e0 sa fin, retour sur les jolis r\u00e9sultats de notre maison de ventes qui mettent en lumi\u00e8re les tendances du march\u00e9 de l\u2019art.\u00a0Les arts asiatiques\u00a0 &nbsp; Impr\u00e9visible, inconstant, surprenant, fascinant\u2026 tels sont les termes qui pourraient, entre autres, qualifier le march\u00e9 des arts asiatiques en 2023. Cette petite bo\u00eete \u00e0 [&hellip;]<\/p>\n","protected":false},"author":2,"featured_media":2734,"comment_status":"closed","ping_status":"closed","sticky":false,"template":"","format":"standard","meta":{"_et_pb_use_builder":"on","_et_pb_old_content":"","_et_gb_content_width":"","footnotes":""},"categories":[8],"tags":[69,13,73,29,55,15],"class_list":["post-2716","post","type-post","status-publish","format-standard","has-post-thumbnail","hentry","category-objets-dart-antiquites","tag-alcools-anciens-spiritueux","tag-art-moderne","tag-arts-de-la-chine","tag-bijoux","tag-mode-maroquinerie-vintage","tag-resultats-ventes-encheres"],"yoast_head":"<!-- This site is optimized with the Yoast SEO plugin v25.6 - https:\/\/yoast.com\/wordpress\/plugins\/seo\/ -->\n<title>Une ann\u00e9e d&#039;ench\u00e8res ! | Primardeco - Blog<\/title>\n<meta name=\"description\" content=\"En savoir plus sur &quot;Une ann\u00e9e d&#039;ench\u00e8res !&quot;, un sujet propos\u00e9 dans la cat\u00e9gorie Objets d&#039;art &amp; antiquit\u00e9s par l&#039;\u00e9quipe Primardeco, sp\u00e9cialistes de l&#039;expertise et de la vente aux ench\u00e8res d&#039;art \u00e0 Toulouse.\" \/>\n<meta name=\"robots\" content=\"index, follow, max-snippet:-1, max-image-preview:large, max-video-preview:-1\" \/>\n<link rel=\"canonical\" href=\"https:\/\/www.primardeco.com\/blog\/une-annee-dencheres\/\" \/>\n<meta property=\"og:locale\" content=\"fr_FR\" \/>\n<meta property=\"og:type\" content=\"article\" \/>\n<meta property=\"og:title\" content=\"Une ann\u00e9e d&#039;ench\u00e8res ! | Primardeco - Blog\" \/>\n<meta property=\"og:description\" content=\"En savoir plus sur &quot;Une ann\u00e9e d&#039;ench\u00e8res !&quot;, un sujet propos\u00e9 dans la cat\u00e9gorie Objets d&#039;art &amp; antiquit\u00e9s par l&#039;\u00e9quipe Primardeco, sp\u00e9cialistes de l&#039;expertise et de la vente aux ench\u00e8res d&#039;art \u00e0 Toulouse.\" \/>\n<meta property=\"og:url\" content=\"https:\/\/www.primardeco.com\/blog\/une-annee-dencheres\/\" \/>\n<meta property=\"og:site_name\" content=\"Primardeco - Blog\" \/>\n<meta property=\"article:publisher\" content=\"https:\/\/www.facebook.com\/Primardeco-275817602518624\/\" \/>\n<meta property=\"article:published_time\" content=\"2023-12-22T07:36:57+00:00\" \/>\n<meta property=\"article:modified_time\" content=\"2024-01-08T08:24:14+00:00\" \/>\n<meta property=\"og:image\" content=\"https:\/\/www.primardeco.com\/blog\/wp-content\/uploads\/2023\/12\/Commencez-copie-2.jpg\" \/>\n\t<meta property=\"og:image:width\" content=\"2000\" \/>\n\t<meta property=\"og:image:height\" content=\"1600\" \/>\n\t<meta property=\"og:image:type\" content=\"image\/jpeg\" \/>\n<meta name=\"author\" content=\"Anne de Colonges-Trotignon,\" \/>\n<meta name=\"twitter:card\" content=\"summary_large_image\" \/>\n<meta name=\"twitter:creator\" content=\"@PRIMARDECO\" \/>\n<meta name=\"twitter:site\" content=\"@PRIMARDECO\" \/>\n<meta name=\"twitter:label1\" content=\"\u00c9crit par\" \/>\n\t<meta name=\"twitter:data1\" content=\"Anne de Colonges-Trotignon,\" \/>\n\t<meta name=\"twitter:label2\" content=\"Dur\u00e9e de lecture estim\u00e9e\" \/>\n\t<meta name=\"twitter:data2\" content=\"6 minutes\" \/>\n<script type=\"application\/ld+json\" class=\"yoast-schema-graph\">{\"@context\":\"https:\/\/schema.org\",\"@graph\":[{\"@type\":\"Article\",\"@id\":\"https:\/\/www.primardeco.com\/blog\/une-annee-dencheres\/#article\",\"isPartOf\":{\"@id\":\"https:\/\/www.primardeco.com\/blog\/une-annee-dencheres\/\"},\"author\":{\"name\":\"Anne de Colonges-Trotignon,\",\"@id\":\"https:\/\/www.primardeco.com\/blog\/#\/schema\/person\/7de13947a1930d4cdcc9da53f15a8bf6\"},\"headline\":\"Une ann\u00e9e d&rsquo;ench\u00e8res !\",\"datePublished\":\"2023-12-22T07:36:57+00:00\",\"dateModified\":\"2024-01-08T08:24:14+00:00\",\"mainEntityOfPage\":{\"@id\":\"https:\/\/www.primardeco.com\/blog\/une-annee-dencheres\/\"},\"wordCount\":1778,\"publisher\":{\"@id\":\"https:\/\/www.primardeco.com\/blog\/#organization\"},\"image\":{\"@id\":\"https:\/\/www.primardeco.com\/blog\/une-annee-dencheres\/#primaryimage\"},\"thumbnailUrl\":\"https:\/\/www.primardeco.com\/blog\/wp-content\/uploads\/2023\/12\/Commencez-copie-2.jpg\",\"keywords\":[\"Alcools anciens &amp; spiritueux\",\"Art moderne\",\"Arts de la Chine\",\"Bijoux\",\"Mode &amp; maroquinerie vintage\",\"r\u00e9sultats de ventes aux ench\u00e8res\"],\"articleSection\":[\"Objets d'art &amp; antiquit\u00e9s\"],\"inLanguage\":\"fr-FR\"},{\"@type\":\"WebPage\",\"@id\":\"https:\/\/www.primardeco.com\/blog\/une-annee-dencheres\/\",\"url\":\"https:\/\/www.primardeco.com\/blog\/une-annee-dencheres\/\",\"name\":\"Une ann\u00e9e d'ench\u00e8res ! | Primardeco - Blog\",\"isPartOf\":{\"@id\":\"https:\/\/www.primardeco.com\/blog\/#website\"},\"primaryImageOfPage\":{\"@id\":\"https:\/\/www.primardeco.com\/blog\/une-annee-dencheres\/#primaryimage\"},\"image\":{\"@id\":\"https:\/\/www.primardeco.com\/blog\/une-annee-dencheres\/#primaryimage\"},\"thumbnailUrl\":\"https:\/\/www.primardeco.com\/blog\/wp-content\/uploads\/2023\/12\/Commencez-copie-2.jpg\",\"datePublished\":\"2023-12-22T07:36:57+00:00\",\"dateModified\":\"2024-01-08T08:24:14+00:00\",\"description\":\"En savoir plus sur \\\"Une ann\u00e9e d'ench\u00e8res !\\\", un sujet propos\u00e9 dans la cat\u00e9gorie Objets d'art &amp; antiquit\u00e9s par l'\u00e9quipe Primardeco, sp\u00e9cialistes de l'expertise et de la vente aux ench\u00e8res d'art \u00e0 Toulouse.\",\"breadcrumb\":{\"@id\":\"https:\/\/www.primardeco.com\/blog\/une-annee-dencheres\/#breadcrumb\"},\"inLanguage\":\"fr-FR\",\"potentialAction\":[{\"@type\":\"ReadAction\",\"target\":[\"https:\/\/www.primardeco.com\/blog\/une-annee-dencheres\/\"]}]},{\"@type\":\"ImageObject\",\"inLanguage\":\"fr-FR\",\"@id\":\"https:\/\/www.primardeco.com\/blog\/une-annee-dencheres\/#primaryimage\",\"url\":\"https:\/\/www.primardeco.com\/blog\/wp-content\/uploads\/2023\/12\/Commencez-copie-2.jpg\",\"contentUrl\":\"https:\/\/www.primardeco.com\/blog\/wp-content\/uploads\/2023\/12\/Commencez-copie-2.jpg\",\"width\":2000,\"height\":1600,\"caption\":\"R\u00e9sultats ench\u00e8res 2023 \u00a9Primardeco\"},{\"@type\":\"BreadcrumbList\",\"@id\":\"https:\/\/www.primardeco.com\/blog\/une-annee-dencheres\/#breadcrumb\",\"itemListElement\":[{\"@type\":\"ListItem\",\"position\":1,\"name\":\"Accueil\",\"item\":\"https:\/\/www.primardeco.com\/blog\/\"},{\"@type\":\"ListItem\",\"position\":2,\"name\":\"Une ann\u00e9e d&rsquo;ench\u00e8res !\"}]},{\"@type\":\"WebSite\",\"@id\":\"https:\/\/www.primardeco.com\/blog\/#website\",\"url\":\"https:\/\/www.primardeco.com\/blog\/\",\"name\":\"Primardeco - Blog\",\"description\":\"Expertises et Ventes aux ench\u00e8res\",\"publisher\":{\"@id\":\"https:\/\/www.primardeco.com\/blog\/#organization\"},\"potentialAction\":[{\"@type\":\"SearchAction\",\"target\":{\"@type\":\"EntryPoint\",\"urlTemplate\":\"https:\/\/www.primardeco.com\/blog\/?s={search_term_string}\"},\"query-input\":{\"@type\":\"PropertyValueSpecification\",\"valueRequired\":true,\"valueName\":\"search_term_string\"}}],\"inLanguage\":\"fr-FR\"},{\"@type\":\"Organization\",\"@id\":\"https:\/\/www.primardeco.com\/blog\/#organization\",\"name\":\"Le Blog Primardeco, Ventes aux Ench\u00e8res d'Art \u00e0 Toulouse\",\"url\":\"https:\/\/www.primardeco.com\/blog\/\",\"logo\":{\"@type\":\"ImageObject\",\"inLanguage\":\"fr-FR\",\"@id\":\"https:\/\/www.primardeco.com\/blog\/#\/schema\/logo\/image\/\",\"url\":\"https:\/\/www.primardeco.com\/blog\/wp-content\/uploads\/2021\/11\/logo-primardeco-blog.png\",\"contentUrl\":\"https:\/\/www.primardeco.com\/blog\/wp-content\/uploads\/2021\/11\/logo-primardeco-blog.png\",\"width\":282,\"height\":84,\"caption\":\"Le Blog Primardeco, Ventes aux Ench\u00e8res d'Art \u00e0 Toulouse\"},\"image\":{\"@id\":\"https:\/\/www.primardeco.com\/blog\/#\/schema\/logo\/image\/\"},\"sameAs\":[\"https:\/\/www.facebook.com\/Primardeco-275817602518624\/\",\"https:\/\/x.com\/PRIMARDECO\",\"https:\/\/www.instagram.com\/primardeco\/\"]},{\"@type\":\"Person\",\"@id\":\"https:\/\/www.primardeco.com\/blog\/#\/schema\/person\/7de13947a1930d4cdcc9da53f15a8bf6\",\"name\":\"Anne de Colonges-Trotignon,\",\"image\":{\"@type\":\"ImageObject\",\"inLanguage\":\"fr-FR\",\"@id\":\"https:\/\/www.primardeco.com\/blog\/#\/schema\/person\/image\/\",\"url\":\"https:\/\/secure.gravatar.com\/avatar\/853054ac9272b8d8231f62d5ba9a57c0838e74856b0112cb96fd18a428d1d335?s=96&d=mm&r=g\",\"contentUrl\":\"https:\/\/secure.gravatar.com\/avatar\/853054ac9272b8d8231f62d5ba9a57c0838e74856b0112cb96fd18a428d1d335?s=96&d=mm&r=g\",\"caption\":\"Anne de Colonges-Trotignon,\"},\"url\":\"https:\/\/www.primardeco.com\/blog\/author\/anne\/\"}]}<\/script>\n<!-- \/ Yoast SEO plugin. -->","yoast_head_json":{"title":"Une ann\u00e9e d'ench\u00e8res ! | Primardeco - Blog","description":"En savoir plus sur \"Une ann\u00e9e d'ench\u00e8res !\", un sujet propos\u00e9 dans la cat\u00e9gorie Objets d'art &amp; antiquit\u00e9s par l'\u00e9quipe Primardeco, sp\u00e9cialistes de l'expertise et de la vente aux ench\u00e8res d'art \u00e0 Toulouse.","robots":{"index":"index","follow":"follow","max-snippet":"max-snippet:-1","max-image-preview":"max-image-preview:large","max-video-preview":"max-video-preview:-1"},"canonical":"https:\/\/www.primardeco.com\/blog\/une-annee-dencheres\/","og_locale":"fr_FR","og_type":"article","og_title":"Une ann\u00e9e d'ench\u00e8res ! | Primardeco - Blog","og_description":"En savoir plus sur \"Une ann\u00e9e d'ench\u00e8res !\", un sujet propos\u00e9 dans la cat\u00e9gorie Objets d'art &amp; antiquit\u00e9s par l'\u00e9quipe Primardeco, sp\u00e9cialistes de l'expertise et de la vente aux ench\u00e8res d'art \u00e0 Toulouse.","og_url":"https:\/\/www.primardeco.com\/blog\/une-annee-dencheres\/","og_site_name":"Primardeco - Blog","article_publisher":"https:\/\/www.facebook.com\/Primardeco-275817602518624\/","article_published_time":"2023-12-22T07:36:57+00:00","article_modified_time":"2024-01-08T08:24:14+00:00","og_image":[{"width":2000,"height":1600,"url":"https:\/\/www.primardeco.com\/blog\/wp-content\/uploads\/2023\/12\/Commencez-copie-2.jpg","type":"image\/jpeg"}],"author":"Anne de Colonges-Trotignon,","twitter_card":"summary_large_image","twitter_creator":"@PRIMARDECO","twitter_site":"@PRIMARDECO","twitter_misc":{"\u00c9crit par":"Anne de Colonges-Trotignon,","Dur\u00e9e de lecture estim\u00e9e":"6 minutes"},"schema":{"@context":"https:\/\/schema.org","@graph":[{"@type":"Article","@id":"https:\/\/www.primardeco.com\/blog\/une-annee-dencheres\/#article","isPartOf":{"@id":"https:\/\/www.primardeco.com\/blog\/une-annee-dencheres\/"},"author":{"name":"Anne de Colonges-Trotignon,","@id":"https:\/\/www.primardeco.com\/blog\/#\/schema\/person\/7de13947a1930d4cdcc9da53f15a8bf6"},"headline":"Une ann\u00e9e d&rsquo;ench\u00e8res !","datePublished":"2023-12-22T07:36:57+00:00","dateModified":"2024-01-08T08:24:14+00:00","mainEntityOfPage":{"@id":"https:\/\/www.primardeco.com\/blog\/une-annee-dencheres\/"},"wordCount":1778,"publisher":{"@id":"https:\/\/www.primardeco.com\/blog\/#organization"},"image":{"@id":"https:\/\/www.primardeco.com\/blog\/une-annee-dencheres\/#primaryimage"},"thumbnailUrl":"https:\/\/www.primardeco.com\/blog\/wp-content\/uploads\/2023\/12\/Commencez-copie-2.jpg","keywords":["Alcools anciens &amp; spiritueux","Art moderne","Arts de la Chine","Bijoux","Mode &amp; maroquinerie vintage","r\u00e9sultats de ventes aux ench\u00e8res"],"articleSection":["Objets d'art &amp; antiquit\u00e9s"],"inLanguage":"fr-FR"},{"@type":"WebPage","@id":"https:\/\/www.primardeco.com\/blog\/une-annee-dencheres\/","url":"https:\/\/www.primardeco.com\/blog\/une-annee-dencheres\/","name":"Une ann\u00e9e d'ench\u00e8res ! | Primardeco - Blog","isPartOf":{"@id":"https:\/\/www.primardeco.com\/blog\/#website"},"primaryImageOfPage":{"@id":"https:\/\/www.primardeco.com\/blog\/une-annee-dencheres\/#primaryimage"},"image":{"@id":"https:\/\/www.primardeco.com\/blog\/une-annee-dencheres\/#primaryimage"},"thumbnailUrl":"https:\/\/www.primardeco.com\/blog\/wp-content\/uploads\/2023\/12\/Commencez-copie-2.jpg","datePublished":"2023-12-22T07:36:57+00:00","dateModified":"2024-01-08T08:24:14+00:00","description":"En savoir plus sur \"Une ann\u00e9e d'ench\u00e8res !\", un sujet propos\u00e9 dans la cat\u00e9gorie Objets d'art &amp; antiquit\u00e9s par l'\u00e9quipe Primardeco, sp\u00e9cialistes de l'expertise et de la vente aux ench\u00e8res d'art \u00e0 Toulouse.","breadcrumb":{"@id":"https:\/\/www.primardeco.com\/blog\/une-annee-dencheres\/#breadcrumb"},"inLanguage":"fr-FR","potentialAction":[{"@type":"ReadAction","target":["https:\/\/www.primardeco.com\/blog\/une-annee-dencheres\/"]}]},{"@type":"ImageObject","inLanguage":"fr-FR","@id":"https:\/\/www.primardeco.com\/blog\/une-annee-dencheres\/#primaryimage","url":"https:\/\/www.primardeco.com\/blog\/wp-content\/uploads\/2023\/12\/Commencez-copie-2.jpg","contentUrl":"https:\/\/www.primardeco.com\/blog\/wp-content\/uploads\/2023\/12\/Commencez-copie-2.jpg","width":2000,"height":1600,"caption":"R\u00e9sultats ench\u00e8res 2023 \u00a9Primardeco"},{"@type":"BreadcrumbList","@id":"https:\/\/www.primardeco.com\/blog\/une-annee-dencheres\/#breadcrumb","itemListElement":[{"@type":"ListItem","position":1,"name":"Accueil","item":"https:\/\/www.primardeco.com\/blog\/"},{"@type":"ListItem","position":2,"name":"Une ann\u00e9e d&rsquo;ench\u00e8res !"}]},{"@type":"WebSite","@id":"https:\/\/www.primardeco.com\/blog\/#website","url":"https:\/\/www.primardeco.com\/blog\/","name":"Primardeco - Blog","description":"Expertises et Ventes aux ench\u00e8res","publisher":{"@id":"https:\/\/www.primardeco.com\/blog\/#organization"},"potentialAction":[{"@type":"SearchAction","target":{"@type":"EntryPoint","urlTemplate":"https:\/\/www.primardeco.com\/blog\/?s={search_term_string}"},"query-input":{"@type":"PropertyValueSpecification","valueRequired":true,"valueName":"search_term_string"}}],"inLanguage":"fr-FR"},{"@type":"Organization","@id":"https:\/\/www.primardeco.com\/blog\/#organization","name":"Le Blog Primardeco, Ventes aux Ench\u00e8res d'Art \u00e0 Toulouse","url":"https:\/\/www.primardeco.com\/blog\/","logo":{"@type":"ImageObject","inLanguage":"fr-FR","@id":"https:\/\/www.primardeco.com\/blog\/#\/schema\/logo\/image\/","url":"https:\/\/www.primardeco.com\/blog\/wp-content\/uploads\/2021\/11\/logo-primardeco-blog.png","contentUrl":"https:\/\/www.primardeco.com\/blog\/wp-content\/uploads\/2021\/11\/logo-primardeco-blog.png","width":282,"height":84,"caption":"Le Blog Primardeco, Ventes aux Ench\u00e8res d'Art \u00e0 Toulouse"},"image":{"@id":"https:\/\/www.primardeco.com\/blog\/#\/schema\/logo\/image\/"},"sameAs":["https:\/\/www.facebook.com\/Primardeco-275817602518624\/","https:\/\/x.com\/PRIMARDECO","https:\/\/www.instagram.com\/primardeco\/"]},{"@type":"Person","@id":"https:\/\/www.primardeco.com\/blog\/#\/schema\/person\/7de13947a1930d4cdcc9da53f15a8bf6","name":"Anne de Colonges-Trotignon,","image":{"@type":"ImageObject","inLanguage":"fr-FR","@id":"https:\/\/www.primardeco.com\/blog\/#\/schema\/person\/image\/","url":"https:\/\/secure.gravatar.com\/avatar\/853054ac9272b8d8231f62d5ba9a57c0838e74856b0112cb96fd18a428d1d335?s=96&d=mm&r=g","contentUrl":"https:\/\/secure.gravatar.com\/avatar\/853054ac9272b8d8231f62d5ba9a57c0838e74856b0112cb96fd18a428d1d335?s=96&d=mm&r=g","caption":"Anne de Colonges-Trotignon,"},"url":"https:\/\/www.primardeco.com\/blog\/author\/anne\/"}]}},"_links":{"self":[{"href":"https:\/\/www.primardeco.com\/blog\/wp-json\/wp\/v2\/posts\/2716","targetHints":{"allow":["GET"]}}],"collection":[{"href":"https:\/\/www.primardeco.com\/blog\/wp-json\/wp\/v2\/posts"}],"about":[{"href":"https:\/\/www.primardeco.com\/blog\/wp-json\/wp\/v2\/types\/post"}],"author":[{"embeddable":true,"href":"https:\/\/www.primardeco.com\/blog\/wp-json\/wp\/v2\/users\/2"}],"replies":[{"embeddable":true,"href":"https:\/\/www.primardeco.com\/blog\/wp-json\/wp\/v2\/comments?post=2716"}],"version-history":[{"count":6,"href":"https:\/\/www.primardeco.com\/blog\/wp-json\/wp\/v2\/posts\/2716\/revisions"}],"predecessor-version":[{"id":2739,"href":"https:\/\/www.primardeco.com\/blog\/wp-json\/wp\/v2\/posts\/2716\/revisions\/2739"}],"wp:featuredmedia":[{"embeddable":true,"href":"https:\/\/www.primardeco.com\/blog\/wp-json\/wp\/v2\/media\/2734"}],"wp:attachment":[{"href":"https:\/\/www.primardeco.com\/blog\/wp-json\/wp\/v2\/media?parent=2716"}],"wp:term":[{"taxonomy":"category","embeddable":true,"href":"https:\/\/www.primardeco.com\/blog\/wp-json\/wp\/v2\/categories?post=2716"},{"taxonomy":"post_tag","embeddable":true,"href":"https:\/\/www.primardeco.com\/blog\/wp-json\/wp\/v2\/tags?post=2716"}],"curies":[{"name":"wp","href":"https:\/\/api.w.org\/{rel}","templated":true}]}}