{"id":2565,"date":"2023-10-03T15:22:53","date_gmt":"2023-10-03T13:22:53","guid":{"rendered":"https:\/\/www.primardeco.com\/blog\/?p=2565"},"modified":"2023-10-04T09:53:43","modified_gmt":"2023-10-04T07:53:43","slug":"lordre-pontifical-saint-gregoire-le-grand","status":"publish","type":"post","link":"https:\/\/www.primardeco.com\/blog\/lordre-pontifical-saint-gregoire-le-grand\/","title":{"rendered":"L&rsquo;ordre pontifical Saint Gr\u00e9goire-le-Grand"},"content":{"rendered":"<p>[et_pb_section fb_built=\u00a0\u00bb1&Prime; _builder_version=\u00a0\u00bb4.16&Prime; global_colors_info=\u00a0\u00bb{}\u00a0\u00bb][et_pb_row _builder_version=\u00a0\u00bb4.16&Prime; background_size=\u00a0\u00bbinitial\u00a0\u00bb background_position=\u00a0\u00bbtop_left\u00a0\u00bb background_repeat=\u00a0\u00bbrepeat\u00a0\u00bb global_colors_info=\u00a0\u00bb{}\u00a0\u00bb][et_pb_column type=\u00a0\u00bb4_4&Prime; _builder_version=\u00a0\u00bb4.16&Prime; custom_padding=\u00a0\u00bb|||\u00a0\u00bb global_colors_info=\u00a0\u00bb{}\u00a0\u00bb custom_padding__hover=\u00a0\u00bb|||\u00a0\u00bb][et_pb_text admin_label=\u00a0\u00bbIntro\u00a0\u00bb _builder_version=\u00a0\u00bb4.22.1&Prime; _module_preset=\u00a0\u00bbdefault\u00a0\u00bb custom_padding=\u00a0\u00bb1px|||||\u00a0\u00bb global_colors_info=\u00a0\u00bb{}\u00a0\u00bb]<\/p>\n<p><i>Lors de sa prochaine vente aux ench\u00e8res consacr\u00e9e aux <\/i><a href=\"https:\/\/www.primardeco.com\/ventes-aux-encheres\/annee-2023\/06-10-363\"><b><i>Armes anciennes &amp; Militaria<\/i><\/b><\/a><i>, Primardeco pr\u00e9sentera une tr\u00e8s importante collection de <\/i><b><i>d\u00e9corations <\/i><\/b><i>militaires et civiles. Tr\u00e8s vari\u00e9e, cette collection comprend notamment des m\u00e9dailles de l\u2019<\/i><b><i>ordre de Saint-Gr\u00e9goire-le-Grand<\/i><\/b><i>. Zoom sur cette reconnaissance pontificale exceptionnelle.<span class=\"Apple-converted-space\">\u00a0<\/span><\/i><\/p>\n<p>[\/et_pb_text][et_pb_divider _builder_version=\u00a0\u00bb4.16&Prime; _module_preset=\u00a0\u00bbdefault\u00a0\u00bb global_colors_info=\u00a0\u00bb{}\u00a0\u00bb][\/et_pb_divider][\/et_pb_column][\/et_pb_row][et_pb_row column_structure=\u00a0\u00bb1_2,1_2&Prime; _builder_version=\u00a0\u00bb4.16&Prime; _module_preset=\u00a0\u00bbdefault\u00a0\u00bb global_colors_info=\u00a0\u00bb{}\u00a0\u00bb][et_pb_column type=\u00a0\u00bb1_2&Prime; _builder_version=\u00a0\u00bb4.16&Prime; _module_preset=\u00a0\u00bbdefault\u00a0\u00bb global_colors_info=\u00a0\u00bb{}\u00a0\u00bb][et_pb_text _builder_version=\u00a0\u00bb4.22.1&Prime; _module_preset=\u00a0\u00bbdefault\u00a0\u00bb global_colors_info=\u00a0\u00bb{}\u00a0\u00bb]<\/p>\n<h2><b>Les ordres du Saint Si\u00e8ge<\/b><\/h2>\n<p><span style=\"font-size: 16px;\"><\/span><\/p>\n<p><span style=\"font-size: 16px;\">Depuis le Moyen-\u00c2ge, les Papes ont pour habitude de d\u00e9cerner des d\u00e9corations \u00e0 des hommes et des femmes en reconnaissance de leurs services rendus \u00e0 l\u2019\u00c9glise. Ces <\/span><b style=\"font-size: 16px;\">ordres pontificaux<\/b><span style=\"font-size: 16px;\"> ou <\/span><b style=\"font-size: 16px;\">ordres du Saint-Si\u00e8ge<\/b><span style=\"font-size: 16px;\"> existent encore de nos jours, mais leur remise est exceptionnelle.<\/span>\u00a0<br \/><b><\/b><\/p>\n<p>[\/et_pb_text][\/et_pb_column][et_pb_column type=\u00a0\u00bb1_2&Prime; _builder_version=\u00a0\u00bb4.16&Prime; _module_preset=\u00a0\u00bbdefault\u00a0\u00bb global_colors_info=\u00a0\u00bb{}\u00a0\u00bb][et_pb_image src=\u00a0\u00bbhttps:\/\/www.primardeco.com\/blog\/wp-content\/uploads\/2023\/10\/Emblem_of_the_Papacy-\u00a9Wikipedia.png\u00a0\u00bb alt=\u00a0\u00bbEmblem_of_the_Papacy \u00a9Wikipedia\u00a0\u00bb title_text=\u00a0\u00bbEmblem_of_the_Papacy \u00a9Wikipedia\u00a0\u00bb _builder_version=\u00a0\u00bb4.22.1&Prime; _module_preset=\u00a0\u00bbdefault\u00a0\u00bb global_colors_info=\u00a0\u00bb{}\u00a0\u00bb][\/et_pb_image][\/et_pb_column][\/et_pb_row][et_pb_row _builder_version=\u00a0\u00bb4.16&Prime; _module_preset=\u00a0\u00bbdefault\u00a0\u00bb global_colors_info=\u00a0\u00bb{}\u00a0\u00bb][et_pb_column type=\u00a0\u00bb4_4&Prime; _builder_version=\u00a0\u00bb4.16&Prime; _module_preset=\u00a0\u00bbdefault\u00a0\u00bb global_colors_info=\u00a0\u00bb{}\u00a0\u00bb][et_pb_text _builder_version=\u00a0\u00bb4.22.1&Prime; _module_preset=\u00a0\u00bbdefault\u00a0\u00bb global_colors_info=\u00a0\u00bb{}\u00a0\u00bb]<\/p>\n<p>On distingue aujourd\u2019hui cinq ordres de chevalerie et deux d\u00e9corations :<span class=\"Apple-converted-space\">\u00a0<\/span><\/p>\n<ol>\n<li>Ordre supr\u00eame du Christ<\/li>\n<li>Ordre de l\u2019Eperon d\u2019or<span class=\"Apple-converted-space\">\u00a0<\/span><\/li>\n<li>Ordre de Pie IX<\/li>\n<li>Ordre de Saint-Gr\u00e9goire-le-Grand<span class=\"Apple-converted-space\">\u00a0<\/span><\/li>\n<li>Ordre de Saint-Sylvestre<\/li>\n<li>Croix Pro Ecclesia et Pontifice<\/li>\n<li>M\u00e9daille Benemerenti<\/li>\n<\/ol>\n<p>[\/et_pb_text][et_pb_text _builder_version=\u00a0\u00bb4.22.1&Prime; _module_preset=\u00a0\u00bbdefault\u00a0\u00bb global_colors_info=\u00a0\u00bb{}\u00a0\u00bb]<\/p>\n<h2><b>L\u2019origine de l\u2019ordre de Saint-Gr\u00e9goire-le-Grand<\/b><\/h2>\n<p>&nbsp;<\/p>\n<p>En 1831, les Etats pontificaux doivent faire face \u00e0 de nombreuses insurrections. Pour r\u00e9tablir l\u2019ordre dans ses Etats, le pape est contraint de faire appel aux puissances \u00e9trang\u00e8res. C\u2019est dans ce contexte et afin d\u2019exprimer sa reconnaissance envers ceux qui ont d\u00e9fendu le Saint Si\u00e8ge que le pape Gr\u00e9goire XVI cr\u00e9\u00e9 l\u2019ordre de Saint-Gr\u00e9goire-le-Grand en l\u2019honneur de son pr\u00e9d\u00e9cesseur le pape <b>Gr\u00e9goire Ier<\/b>.<span class=\"Apple-converted-space\">\u00a0<\/span><\/p>\n<p>L\u2019ordre est par la suite modifi\u00e9 en mai 1834.<\/p>\n<p>[\/et_pb_text][\/et_pb_column][\/et_pb_row][et_pb_row column_structure=\u00a0\u00bb1_2,1_2&Prime; _builder_version=\u00a0\u00bb4.22.1&Prime; _module_preset=\u00a0\u00bbdefault\u00a0\u00bb global_colors_info=\u00a0\u00bb{}\u00a0\u00bb][et_pb_column type=\u00a0\u00bb1_2&Prime; _builder_version=\u00a0\u00bb4.22.1&Prime; _module_preset=\u00a0\u00bbdefault\u00a0\u00bb global_colors_info=\u00a0\u00bb{}\u00a0\u00bb][et_pb_image src=\u00a0\u00bbhttps:\/\/www.primardeco.com\/blog\/wp-content\/uploads\/2023\/10\/Pape-Gregoire-XVI-\u00a9Wikipedia.jpeg\u00a0\u00bb alt=\u00a0\u00bbPape Gr\u00e9goire XVI \u00a9Wikip\u00e9dia\u00a0\u00bb title_text=\u00a0\u00bbPape Gr\u00e9goire XVI \u00a9Wikip\u00e9dia\u00a0\u00bb _builder_version=\u00a0\u00bb4.22.1&Prime; _module_preset=\u00a0\u00bbdefault\u00a0\u00bb global_colors_info=\u00a0\u00bb{}\u00a0\u00bb][\/et_pb_image][\/et_pb_column][et_pb_column type=\u00a0\u00bb1_2&Prime; _builder_version=\u00a0\u00bb4.22.1&Prime; _module_preset=\u00a0\u00bbdefault\u00a0\u00bb global_colors_info=\u00a0\u00bb{}\u00a0\u00bb][et_pb_image src=\u00a0\u00bbhttps:\/\/www.primardeco.com\/blog\/wp-content\/uploads\/2023\/10\/Buste_reliquaire_du_pape_Saint_Gregoire_le_Grand-\u00a9Wikipedia.jpeg\u00a0\u00bb alt=\u00a0\u00bbBuste_reliquaire_du_pape_Saint_Gr\u00e9goire_le_Grand \u00a9Wikip\u00e9dia\u00a0\u00bb title_text=\u00a0\u00bbBuste_reliquaire_du_pape_Saint_Gr\u00e9goire_le_Grand \u00a9Wikip\u00e9dia\u00a0\u00bb _builder_version=\u00a0\u00bb4.22.1&Prime; _module_preset=\u00a0\u00bbdefault\u00a0\u00bb global_colors_info=\u00a0\u00bb{}\u00a0\u00bb][\/et_pb_image][\/et_pb_column][\/et_pb_row][et_pb_row _builder_version=\u00a0\u00bb4.20.0&Prime; _module_preset=\u00a0\u00bbdefault\u00a0\u00bb custom_margin=\u00a0\u00bb|auto|-45px|auto||\u00a0\u00bb global_colors_info=\u00a0\u00bb{}\u00a0\u00bb][et_pb_column type=\u00a0\u00bb4_4&Prime; _builder_version=\u00a0\u00bb4.20.0&Prime; _module_preset=\u00a0\u00bbdefault\u00a0\u00bb global_colors_info=\u00a0\u00bb{}\u00a0\u00bb][et_pb_text _builder_version=\u00a0\u00bb4.22.1&Prime; _module_preset=\u00a0\u00bbdefault\u00a0\u00bb global_colors_info=\u00a0\u00bb{}\u00a0\u00bb]<\/p>\n<h2><b>Fonctionnement de l\u2019ordre<span class=\"Apple-converted-space\">\u00a0<\/span><\/b><\/h2>\n<p>&nbsp;<\/p>\n<p>Directement inspir\u00e9 de l\u2019<b>Ordre de la L\u00e9gion d\u2019Honneur<\/b>, l\u2019ordre de Saint-Gr\u00e9goire-le-Grand compte quatre grades :<span class=\"Apple-converted-space\">\u00a0<\/span><\/p>\n<ol>\n<li>Chevalier<\/li>\n<li>Commandeur<span class=\"Apple-converted-space\">\u00a0<\/span><\/li>\n<li>Commandeur avec plaque<\/li>\n<li>Grand croix<span class=\"Apple-converted-space\">\u00a0<\/span><\/li>\n<\/ol>\n<p>[\/et_pb_text][et_pb_text _builder_version=\u00a0\u00bb4.22.1&Prime; _module_preset=\u00a0\u00bbdefault\u00a0\u00bb global_colors_info=\u00a0\u00bb{}\u00a0\u00bb]<\/p>\n<h2><b>A qui l\u2019ordre est d\u00e9cern\u00e9 ?<span class=\"Apple-converted-space\">\u00a0<\/span><\/b><\/h2>\n<p>&nbsp;<\/p>\n<p>L\u2019ordre a \u00e9t\u00e9 sp\u00e9cifiquement cr\u00e9\u00e9 par le Saint-Si\u00e8ge pour exprimer sa reconnaissance aux nombreux militaires (fran\u00e7ais notamment) ayant particip\u00e9 \u00e0 la d\u00e9fense de la ville de <strong>Rome<\/strong> entre 1849 et 1869 ainsi qu\u2019aux nombreux officiers des troupes pontificales qui ont d\u00e9fendu les <strong>Etats pontificaux<\/strong> entre 1830 et 1870.<span class=\"Apple-converted-space\">\u00a0<\/span><span class=\"Apple-converted-space\"><\/span><\/p>\n<p>Aujourd\u2019hui, l\u2019ordre r\u00e9compense autant des civils que de militaires catholiques (\u00e0 de rares exceptions des non catholiques) mais tous ont pour similitude d\u2019avoir servi l\u2019<strong>Eglise<\/strong> et\/ou d\u00e9fendu le <strong>Saint-Si\u00e8ge<\/strong>.<\/p>\n<p>[\/et_pb_text][et_pb_text _builder_version=\u00a0\u00bb4.22.1&Prime; _module_preset=\u00a0\u00bbdefault\u00a0\u00bb global_colors_info=\u00a0\u00bb{}\u00a0\u00bb]<\/p>\n<h2><b>La m\u00e9daille de l\u2019ordre de Saint-Gr\u00e9goire-le-Grand<\/b><\/h2>\n<p>&nbsp;<\/p>\n<p>La m\u00e9daille de l\u2019ordre de Saint-Gr\u00e9goire-le-Grand a la forme de la <strong>croix de Malte.<\/strong> Cette croix, en or \u00e0 quatre branches et huit pointes perl\u00e9es, est en \u00e9mail rouge.<\/p>\n<p>L\u2019insigne de l\u2019ordre comporte toujours, sur l\u2019avers, un m\u00e9daillon central \u00e9maill\u00e9 de vert repr\u00e9sentant <strong>Saint Gr\u00e9goire<\/strong>. Il est entour\u00e9 d\u2019un cercle d\u2019or sur lequel est inscrit \u00ab<strong>\u00a0ST GREGOIRE MAGNUS<\/strong>\u00a0\u00bb.<\/p>\n<p>[\/et_pb_text][et_pb_image src=\u00a0\u00bbhttps:\/\/www.primardeco.com\/blog\/wp-content\/uploads\/2023\/10\/Avers-medaille-ordre-de-Saint-Gregoire-le-Grand-\u00a9Primardeco.jpg\u00a0\u00bb alt=\u00a0\u00bbAvers m\u00e9daille ordre de Saint Gr\u00e9goire le Grand \u00a9Primardeco\u00a0\u00bb title_text=\u00a0\u00bbAvers m\u00e9daille ordre de Saint Gr\u00e9goire le Grand \u00a9Primardeco\u00a0\u00bb _builder_version=\u00a0\u00bb4.22.1&Prime; _module_preset=\u00a0\u00bbdefault\u00a0\u00bb global_colors_info=\u00a0\u00bb{}\u00a0\u00bb][\/et_pb_image][et_pb_text _builder_version=\u00a0\u00bb4.22.1&Prime; _module_preset=\u00a0\u00bbdefault\u00a0\u00bb global_colors_info=\u00a0\u00bb{}\u00a0\u00bb]<\/p>\n<p>Au revers, la m\u00e9daille porte la devise \u00ab Pro Des et Principe\u00bb, c\u2019est-\u00e0-dire pour \u00ab <strong>Dieu et le prince<\/strong> \u00bb. L\u2019inscription est entour\u00e9e d\u2019un cercle d\u2019or sur lequel est grav\u00e9 \u00ab GREGORIUS XVI &#8211; P.M. ANNO I \u00bb.<span class=\"Apple-converted-space\">\u00a0<\/span><\/p>\n<p>[\/et_pb_text][et_pb_image src=\u00a0\u00bbhttps:\/\/www.primardeco.com\/blog\/wp-content\/uploads\/2023\/10\/Revers-2-ordre-St-Gregoire-le-Grand-\u00a9Primardeco.jpg\u00a0\u00bb alt=\u00a0\u00bbRevers (2) ordre St Gr\u00e9goire le Grand \u00a9Primardeco\u00a0\u00bb title_text=\u00a0\u00bbRevers (2) ordre St Gr\u00e9goire le Grand \u00a9Primardeco\u00a0\u00bb _builder_version=\u00a0\u00bb4.22.1&Prime; _module_preset=\u00a0\u00bbdefault\u00a0\u00bb global_colors_info=\u00a0\u00bb{}\u00a0\u00bb][\/et_pb_image][et_pb_text _builder_version=\u00a0\u00bb4.22.1&Prime; _module_preset=\u00a0\u00bbdefault\u00a0\u00bb global_colors_info=\u00a0\u00bb{}\u00a0\u00bb]<\/p>\n<p>L\u2019ordre est majoritairement suspendu \u00e0 un ruban rouge et or.<span class=\"Apple-converted-space\">\u00a0<\/span><\/p>\n<p>A noter toutefois qu&rsquo;il existe deux mod\u00e8les de d\u00e9coration pour l&rsquo;ordre de Saint Gr\u00e9goire-le-Grand.<\/p>\n<p>1. Si l\u2019ordre est d\u00e9cern\u00e9 \u00e0 titre civil, la croix est surmont\u00e9e d\u2019une guirlande d\u2019olivier en \u00e9mail verte (cf<a href=\"L\u2019ordre%20est majoritairement suspendu \u00e0 un ruban rouge et or.   Il existe cependant deux mod\u00e8les de d\u00e9coration. Si l\u2019ordre est d\u00e9cern\u00e9 \u00e0 titre civil, la croix est surmont\u00e9e d\u2019une guirlande d\u2019olivier en \u00e9mail verte (cf lot 240 de la vente aux ench\u00e8res armes anciennes et militaria) https:\/\/www.primardeco.com\/armes-anciennes\/rare-etoile-de-chevalier-de-lordre-de-st-gregoire-le-grand-a-titre-mi-56159. Au contraire si l\u2019ordre est une reconnaissance militaire alors elle est surmont\u00e9e d\u2019un troph\u00e9e d\u2019armes en or comme en t\u00e9moigne le lot 238 de notre prochaine vente aux ench\u00e8res (https:\/\/www.primardeco.com\/armes-anciennes\/rare-etoile-de-chevalier-de-lordre-de-st-gregoire-le-grand-a-titre-ci-56161)\"><strong> lot 240 de la vente aux ench\u00e8res armes anciennes et militaria<\/strong><\/a>).<\/p>\n<p>2. Au contraire, si l\u2019ordre est une reconnaissance militaire alors elle est surmont\u00e9e d\u2019un troph\u00e9e d\u2019armes en or comme en t\u00e9moigne le<a href=\"https:\/\/www.primardeco.com\/armes-anciennes\/rare-etoile-de-chevalier-de-lordre-de-st-gregoire-le-grand-a-titre-ci-56161)\"><strong> l<\/strong><\/a><a href=\"https:\/\/www.primardeco.com\/armes-anciennes\/rare-etoile-de-chevalier-de-lordre-de-saint-gregoire-le-grand-a-titre-56159\"><strong>ot 238 de notre prochaine vente aux ench\u00e8res<\/strong>.<\/a><\/p>\n<p>[\/et_pb_text][\/et_pb_column][\/et_pb_row][et_pb_row column_structure=\u00a0\u00bb1_2,1_2&Prime; _builder_version=\u00a0\u00bb4.20.0&Prime; _module_preset=\u00a0\u00bbdefault\u00a0\u00bb global_colors_info=\u00a0\u00bb{}\u00a0\u00bb][et_pb_column type=\u00a0\u00bb1_2&Prime; _builder_version=\u00a0\u00bb4.20.0&Prime; _module_preset=\u00a0\u00bbdefault\u00a0\u00bb global_colors_info=\u00a0\u00bb{}\u00a0\u00bb][et_pb_image src=\u00a0\u00bbhttps:\/\/www.primardeco.com\/blog\/wp-content\/uploads\/2023\/10\/Ordre-de-St-Gregoire-le-Grand-a-titre-civil-\u00a9Primardeco.jpg\u00a0\u00bb alt=\u00a0\u00bbOrdre de St Gr\u00e9goire le Grand \u00e0 titre civil \u00a9Primardeco\u00a0\u00bb title_text=\u00a0\u00bbOrdre de St Gr\u00e9goire le Grand \u00e0 titre civil \u00a9Primardeco\u00a0\u00bb _builder_version=\u00a0\u00bb4.22.1&Prime; _module_preset=\u00a0\u00bbdefault\u00a0\u00bb global_colors_info=\u00a0\u00bb{}\u00a0\u00bb][\/et_pb_image][\/et_pb_column][et_pb_column type=\u00a0\u00bb1_2&Prime; _builder_version=\u00a0\u00bb4.22.1&Prime; _module_preset=\u00a0\u00bbdefault\u00a0\u00bb global_colors_info=\u00a0\u00bb{}\u00a0\u00bb][et_pb_image src=\u00a0\u00bbhttps:\/\/www.primardeco.com\/blog\/wp-content\/uploads\/2023\/10\/4757dac2668bfdd34f5d02e3a29166fd4d1feb96.jpg\u00a0\u00bb alt=\u00a0\u00bbOrdre St Gr\u00e9goire le Grand &#8211; titre militaire \u00a9Primardeco\u00a0\u00bb title_text=\u00a0\u00bbOrdre St Gr\u00e9goire le Grand &#8211; titre militaire \u00a9Primardeco\u00a0\u00bb _builder_version=\u00a0\u00bb4.22.1&Prime; _module_preset=\u00a0\u00bbdefault\u00a0\u00bb global_colors_info=\u00a0\u00bb{}\u00a0\u00bb][\/et_pb_image][\/et_pb_column][\/et_pb_row][et_pb_row _builder_version=\u00a0\u00bb4.22.1&Prime; _module_preset=\u00a0\u00bbdefault\u00a0\u00bb global_colors_info=\u00a0\u00bb{}\u00a0\u00bb][et_pb_column type=\u00a0\u00bb4_4&Prime; _builder_version=\u00a0\u00bb4.22.1&Prime; _module_preset=\u00a0\u00bbdefault\u00a0\u00bb global_colors_info=\u00a0\u00bb{}\u00a0\u00bb][et_pb_text _builder_version=\u00a0\u00bb4.22.1&Prime; _module_preset=\u00a0\u00bbdefault\u00a0\u00bb global_colors_info=\u00a0\u00bb{}\u00a0\u00bb]<\/p>\n<p><i>L\u2019ordre de Saint-Gr\u00e9goire-le-Grand est une distinction honorifique d\u00e9cern\u00e9e par les Etats Pontificaux. Le Saint Si\u00e8ge peut tout autant l\u2019accorder \u00e0 titre civil ou militaire. L\u2019ordre est plut\u00f4t restreint puisqu\u2019il comprend environ 17 000 membres. Les m\u00e9dailles de l\u2019ordre de Saint Gr\u00e9goire-le-Grand sont aujourd\u2019hui recherch\u00e9es par les collectionneurs lors des <\/i><b><i>ventes aux ench\u00e8res<\/i><\/b><i>.<span class=\"Apple-converted-space\">\u00a0<\/span><\/i><\/p>\n<p>[\/et_pb_text][\/et_pb_column][\/et_pb_row][et_pb_row _builder_version=\u00a0\u00bb4.16&Prime; _module_preset=\u00a0\u00bbdefault\u00a0\u00bb global_colors_info=\u00a0\u00bb{}\u00a0\u00bb][et_pb_column type=\u00a0\u00bb4_4&Prime; _builder_version=\u00a0\u00bb4.16&Prime; _module_preset=\u00a0\u00bbdefault\u00a0\u00bb global_colors_info=\u00a0\u00bb{}\u00a0\u00bb][et_pb_divider _builder_version=\u00a0\u00bb4.16&Prime; _module_preset=\u00a0\u00bbdefault\u00a0\u00bb global_colors_info=\u00a0\u00bb{}\u00a0\u00bb][\/et_pb_divider][\/et_pb_column][\/et_pb_row][\/et_pb_section]<\/p>\n","protected":false},"excerpt":{"rendered":"<p>Lors de sa prochaine vente aux ench\u00e8res consacr\u00e9e aux Armes anciennes &amp; Militaria, Primardeco pr\u00e9sentera une tr\u00e8s importante collection de d\u00e9corations militaires et civiles. Tr\u00e8s vari\u00e9e, cette collection comprend notamment des m\u00e9dailles de l\u2019ordre de Saint-Gr\u00e9goire-le-Grand. Zoom sur cette reconnaissance pontificale exceptionnelle.\u00a0Les ordres du Saint Si\u00e8ge Depuis le Moyen-\u00c2ge, les Papes ont pour habitude de [&hellip;]<\/p>\n","protected":false},"author":2,"featured_media":2573,"comment_status":"closed","ping_status":"closed","sticky":false,"template":"","format":"standard","meta":{"_et_pb_use_builder":"on","_et_pb_old_content":"","_et_gb_content_width":"","footnotes":""},"categories":[23],"tags":[34,39],"class_list":["post-2565","post","type-post","status-publish","format-standard","has-post-thumbnail","hentry","category-armes-de-collections-militaria","tag-militaria","tag-ordres-decorations"],"yoast_head":"<!-- This site is optimized with the Yoast SEO plugin v25.6 - https:\/\/yoast.com\/wordpress\/plugins\/seo\/ -->\n<title>L&#039;ordre pontifical Saint Gr\u00e9goire-le-Grand | Primardeco - Blog<\/title>\n<meta name=\"description\" content=\"En savoir plus sur &quot;L&#039;ordre pontifical Saint Gr\u00e9goire-le-Grand&quot;, un sujet propos\u00e9 dans la cat\u00e9gorie Armes de collection, militaria par l&#039;\u00e9quipe Primardeco, sp\u00e9cialistes de l&#039;expertise et de la vente aux ench\u00e8res d&#039;art \u00e0 Toulouse.\" \/>\n<meta name=\"robots\" content=\"index, follow, max-snippet:-1, max-image-preview:large, max-video-preview:-1\" \/>\n<link rel=\"canonical\" href=\"https:\/\/www.primardeco.com\/blog\/lordre-pontifical-saint-gregoire-le-grand\/\" \/>\n<meta property=\"og:locale\" content=\"fr_FR\" \/>\n<meta property=\"og:type\" content=\"article\" \/>\n<meta property=\"og:title\" content=\"L&#039;ordre pontifical Saint Gr\u00e9goire-le-Grand | Primardeco - Blog\" \/>\n<meta property=\"og:description\" content=\"En savoir plus sur &quot;L&#039;ordre pontifical Saint Gr\u00e9goire-le-Grand&quot;, un sujet propos\u00e9 dans la cat\u00e9gorie Armes de collection, militaria par l&#039;\u00e9quipe Primardeco, sp\u00e9cialistes de l&#039;expertise et de la vente aux ench\u00e8res d&#039;art \u00e0 Toulouse.\" \/>\n<meta property=\"og:url\" content=\"https:\/\/www.primardeco.com\/blog\/lordre-pontifical-saint-gregoire-le-grand\/\" \/>\n<meta property=\"og:site_name\" content=\"Primardeco - Blog\" \/>\n<meta property=\"article:publisher\" content=\"https:\/\/www.facebook.com\/Primardeco-275817602518624\/\" \/>\n<meta property=\"article:published_time\" content=\"2023-10-03T13:22:53+00:00\" \/>\n<meta property=\"article:modified_time\" content=\"2023-10-04T07:53:43+00:00\" \/>\n<meta property=\"og:image\" content=\"https:\/\/www.primardeco.com\/blog\/wp-content\/uploads\/2023\/10\/Ordre-St-Gregoire-le-Grand-titre-militaire-\u00a9Primardeco.jpg\" \/>\n\t<meta property=\"og:image:width\" content=\"1024\" \/>\n\t<meta property=\"og:image:height\" content=\"768\" \/>\n\t<meta property=\"og:image:type\" content=\"image\/jpeg\" \/>\n<meta name=\"author\" content=\"Anne de Colonges-Trotignon,\" \/>\n<meta name=\"twitter:card\" content=\"summary_large_image\" \/>\n<meta name=\"twitter:creator\" content=\"@PRIMARDECO\" \/>\n<meta name=\"twitter:site\" content=\"@PRIMARDECO\" \/>\n<meta name=\"twitter:label1\" content=\"\u00c9crit par\" \/>\n\t<meta name=\"twitter:data1\" content=\"Anne de Colonges-Trotignon,\" \/>\n\t<meta name=\"twitter:label2\" content=\"Dur\u00e9e de lecture estim\u00e9e\" \/>\n\t<meta name=\"twitter:data2\" content=\"5 minutes\" \/>\n<script type=\"application\/ld+json\" class=\"yoast-schema-graph\">{\"@context\":\"https:\/\/schema.org\",\"@graph\":[{\"@type\":\"Article\",\"@id\":\"https:\/\/www.primardeco.com\/blog\/lordre-pontifical-saint-gregoire-le-grand\/#article\",\"isPartOf\":{\"@id\":\"https:\/\/www.primardeco.com\/blog\/lordre-pontifical-saint-gregoire-le-grand\/\"},\"author\":{\"name\":\"Anne de Colonges-Trotignon,\",\"@id\":\"https:\/\/www.primardeco.com\/blog\/#\/schema\/person\/7de13947a1930d4cdcc9da53f15a8bf6\"},\"headline\":\"L&rsquo;ordre pontifical Saint Gr\u00e9goire-le-Grand\",\"datePublished\":\"2023-10-03T13:22:53+00:00\",\"dateModified\":\"2023-10-04T07:53:43+00:00\",\"mainEntityOfPage\":{\"@id\":\"https:\/\/www.primardeco.com\/blog\/lordre-pontifical-saint-gregoire-le-grand\/\"},\"wordCount\":1470,\"publisher\":{\"@id\":\"https:\/\/www.primardeco.com\/blog\/#organization\"},\"image\":{\"@id\":\"https:\/\/www.primardeco.com\/blog\/lordre-pontifical-saint-gregoire-le-grand\/#primaryimage\"},\"thumbnailUrl\":\"https:\/\/www.primardeco.com\/blog\/wp-content\/uploads\/2023\/10\/Ordre-St-Gregoire-le-Grand-titre-militaire-\u00a9Primardeco.jpg\",\"keywords\":[\"Militaria\",\"Ordres &amp; d\u00e9corations militaires\"],\"articleSection\":[\"Armes de collection, militaria\"],\"inLanguage\":\"fr-FR\"},{\"@type\":\"WebPage\",\"@id\":\"https:\/\/www.primardeco.com\/blog\/lordre-pontifical-saint-gregoire-le-grand\/\",\"url\":\"https:\/\/www.primardeco.com\/blog\/lordre-pontifical-saint-gregoire-le-grand\/\",\"name\":\"L'ordre pontifical Saint Gr\u00e9goire-le-Grand | Primardeco - Blog\",\"isPartOf\":{\"@id\":\"https:\/\/www.primardeco.com\/blog\/#website\"},\"primaryImageOfPage\":{\"@id\":\"https:\/\/www.primardeco.com\/blog\/lordre-pontifical-saint-gregoire-le-grand\/#primaryimage\"},\"image\":{\"@id\":\"https:\/\/www.primardeco.com\/blog\/lordre-pontifical-saint-gregoire-le-grand\/#primaryimage\"},\"thumbnailUrl\":\"https:\/\/www.primardeco.com\/blog\/wp-content\/uploads\/2023\/10\/Ordre-St-Gregoire-le-Grand-titre-militaire-\u00a9Primardeco.jpg\",\"datePublished\":\"2023-10-03T13:22:53+00:00\",\"dateModified\":\"2023-10-04T07:53:43+00:00\",\"description\":\"En savoir plus sur \\\"L'ordre pontifical Saint Gr\u00e9goire-le-Grand\\\", un sujet propos\u00e9 dans la cat\u00e9gorie Armes de collection, militaria par l'\u00e9quipe Primardeco, sp\u00e9cialistes de l'expertise et de la vente aux ench\u00e8res d'art \u00e0 Toulouse.\",\"breadcrumb\":{\"@id\":\"https:\/\/www.primardeco.com\/blog\/lordre-pontifical-saint-gregoire-le-grand\/#breadcrumb\"},\"inLanguage\":\"fr-FR\",\"potentialAction\":[{\"@type\":\"ReadAction\",\"target\":[\"https:\/\/www.primardeco.com\/blog\/lordre-pontifical-saint-gregoire-le-grand\/\"]}]},{\"@type\":\"ImageObject\",\"inLanguage\":\"fr-FR\",\"@id\":\"https:\/\/www.primardeco.com\/blog\/lordre-pontifical-saint-gregoire-le-grand\/#primaryimage\",\"url\":\"https:\/\/www.primardeco.com\/blog\/wp-content\/uploads\/2023\/10\/Ordre-St-Gregoire-le-Grand-titre-militaire-\u00a9Primardeco.jpg\",\"contentUrl\":\"https:\/\/www.primardeco.com\/blog\/wp-content\/uploads\/2023\/10\/Ordre-St-Gregoire-le-Grand-titre-militaire-\u00a9Primardeco.jpg\",\"width\":1024,\"height\":768,\"caption\":\"Ordre St Gr\u00e9goire le Grand - titre militaire \u00a9Primardeco\"},{\"@type\":\"BreadcrumbList\",\"@id\":\"https:\/\/www.primardeco.com\/blog\/lordre-pontifical-saint-gregoire-le-grand\/#breadcrumb\",\"itemListElement\":[{\"@type\":\"ListItem\",\"position\":1,\"name\":\"Accueil\",\"item\":\"https:\/\/www.primardeco.com\/blog\/\"},{\"@type\":\"ListItem\",\"position\":2,\"name\":\"L&rsquo;ordre pontifical Saint Gr\u00e9goire-le-Grand\"}]},{\"@type\":\"WebSite\",\"@id\":\"https:\/\/www.primardeco.com\/blog\/#website\",\"url\":\"https:\/\/www.primardeco.com\/blog\/\",\"name\":\"Primardeco - Blog\",\"description\":\"Expertises et Ventes aux ench\u00e8res\",\"publisher\":{\"@id\":\"https:\/\/www.primardeco.com\/blog\/#organization\"},\"potentialAction\":[{\"@type\":\"SearchAction\",\"target\":{\"@type\":\"EntryPoint\",\"urlTemplate\":\"https:\/\/www.primardeco.com\/blog\/?s={search_term_string}\"},\"query-input\":{\"@type\":\"PropertyValueSpecification\",\"valueRequired\":true,\"valueName\":\"search_term_string\"}}],\"inLanguage\":\"fr-FR\"},{\"@type\":\"Organization\",\"@id\":\"https:\/\/www.primardeco.com\/blog\/#organization\",\"name\":\"Le Blog Primardeco, Ventes aux Ench\u00e8res d'Art \u00e0 Toulouse\",\"url\":\"https:\/\/www.primardeco.com\/blog\/\",\"logo\":{\"@type\":\"ImageObject\",\"inLanguage\":\"fr-FR\",\"@id\":\"https:\/\/www.primardeco.com\/blog\/#\/schema\/logo\/image\/\",\"url\":\"https:\/\/www.primardeco.com\/blog\/wp-content\/uploads\/2021\/11\/logo-primardeco-blog.png\",\"contentUrl\":\"https:\/\/www.primardeco.com\/blog\/wp-content\/uploads\/2021\/11\/logo-primardeco-blog.png\",\"width\":282,\"height\":84,\"caption\":\"Le Blog Primardeco, Ventes aux Ench\u00e8res d'Art \u00e0 Toulouse\"},\"image\":{\"@id\":\"https:\/\/www.primardeco.com\/blog\/#\/schema\/logo\/image\/\"},\"sameAs\":[\"https:\/\/www.facebook.com\/Primardeco-275817602518624\/\",\"https:\/\/x.com\/PRIMARDECO\",\"https:\/\/www.instagram.com\/primardeco\/\"]},{\"@type\":\"Person\",\"@id\":\"https:\/\/www.primardeco.com\/blog\/#\/schema\/person\/7de13947a1930d4cdcc9da53f15a8bf6\",\"name\":\"Anne de Colonges-Trotignon,\",\"image\":{\"@type\":\"ImageObject\",\"inLanguage\":\"fr-FR\",\"@id\":\"https:\/\/www.primardeco.com\/blog\/#\/schema\/person\/image\/\",\"url\":\"https:\/\/secure.gravatar.com\/avatar\/853054ac9272b8d8231f62d5ba9a57c0838e74856b0112cb96fd18a428d1d335?s=96&d=mm&r=g\",\"contentUrl\":\"https:\/\/secure.gravatar.com\/avatar\/853054ac9272b8d8231f62d5ba9a57c0838e74856b0112cb96fd18a428d1d335?s=96&d=mm&r=g\",\"caption\":\"Anne de Colonges-Trotignon,\"},\"url\":\"https:\/\/www.primardeco.com\/blog\/author\/anne\/\"}]}<\/script>\n<!-- \/ Yoast SEO plugin. -->","yoast_head_json":{"title":"L'ordre pontifical Saint Gr\u00e9goire-le-Grand | Primardeco - Blog","description":"En savoir plus sur \"L'ordre pontifical Saint Gr\u00e9goire-le-Grand\", un sujet propos\u00e9 dans la cat\u00e9gorie Armes de collection, militaria par l'\u00e9quipe Primardeco, sp\u00e9cialistes de l'expertise et de la vente aux ench\u00e8res d'art \u00e0 Toulouse.","robots":{"index":"index","follow":"follow","max-snippet":"max-snippet:-1","max-image-preview":"max-image-preview:large","max-video-preview":"max-video-preview:-1"},"canonical":"https:\/\/www.primardeco.com\/blog\/lordre-pontifical-saint-gregoire-le-grand\/","og_locale":"fr_FR","og_type":"article","og_title":"L'ordre pontifical Saint Gr\u00e9goire-le-Grand | Primardeco - Blog","og_description":"En savoir plus sur \"L'ordre pontifical Saint Gr\u00e9goire-le-Grand\", un sujet propos\u00e9 dans la cat\u00e9gorie Armes de collection, militaria par l'\u00e9quipe Primardeco, sp\u00e9cialistes de l'expertise et de la vente aux ench\u00e8res d'art \u00e0 Toulouse.","og_url":"https:\/\/www.primardeco.com\/blog\/lordre-pontifical-saint-gregoire-le-grand\/","og_site_name":"Primardeco - Blog","article_publisher":"https:\/\/www.facebook.com\/Primardeco-275817602518624\/","article_published_time":"2023-10-03T13:22:53+00:00","article_modified_time":"2023-10-04T07:53:43+00:00","og_image":[{"width":1024,"height":768,"url":"https:\/\/www.primardeco.com\/blog\/wp-content\/uploads\/2023\/10\/Ordre-St-Gregoire-le-Grand-titre-militaire-\u00a9Primardeco.jpg","type":"image\/jpeg"}],"author":"Anne de Colonges-Trotignon,","twitter_card":"summary_large_image","twitter_creator":"@PRIMARDECO","twitter_site":"@PRIMARDECO","twitter_misc":{"\u00c9crit par":"Anne de Colonges-Trotignon,","Dur\u00e9e de lecture estim\u00e9e":"5 minutes"},"schema":{"@context":"https:\/\/schema.org","@graph":[{"@type":"Article","@id":"https:\/\/www.primardeco.com\/blog\/lordre-pontifical-saint-gregoire-le-grand\/#article","isPartOf":{"@id":"https:\/\/www.primardeco.com\/blog\/lordre-pontifical-saint-gregoire-le-grand\/"},"author":{"name":"Anne de Colonges-Trotignon,","@id":"https:\/\/www.primardeco.com\/blog\/#\/schema\/person\/7de13947a1930d4cdcc9da53f15a8bf6"},"headline":"L&rsquo;ordre pontifical Saint Gr\u00e9goire-le-Grand","datePublished":"2023-10-03T13:22:53+00:00","dateModified":"2023-10-04T07:53:43+00:00","mainEntityOfPage":{"@id":"https:\/\/www.primardeco.com\/blog\/lordre-pontifical-saint-gregoire-le-grand\/"},"wordCount":1470,"publisher":{"@id":"https:\/\/www.primardeco.com\/blog\/#organization"},"image":{"@id":"https:\/\/www.primardeco.com\/blog\/lordre-pontifical-saint-gregoire-le-grand\/#primaryimage"},"thumbnailUrl":"https:\/\/www.primardeco.com\/blog\/wp-content\/uploads\/2023\/10\/Ordre-St-Gregoire-le-Grand-titre-militaire-\u00a9Primardeco.jpg","keywords":["Militaria","Ordres &amp; d\u00e9corations militaires"],"articleSection":["Armes de collection, militaria"],"inLanguage":"fr-FR"},{"@type":"WebPage","@id":"https:\/\/www.primardeco.com\/blog\/lordre-pontifical-saint-gregoire-le-grand\/","url":"https:\/\/www.primardeco.com\/blog\/lordre-pontifical-saint-gregoire-le-grand\/","name":"L'ordre pontifical Saint Gr\u00e9goire-le-Grand | Primardeco - Blog","isPartOf":{"@id":"https:\/\/www.primardeco.com\/blog\/#website"},"primaryImageOfPage":{"@id":"https:\/\/www.primardeco.com\/blog\/lordre-pontifical-saint-gregoire-le-grand\/#primaryimage"},"image":{"@id":"https:\/\/www.primardeco.com\/blog\/lordre-pontifical-saint-gregoire-le-grand\/#primaryimage"},"thumbnailUrl":"https:\/\/www.primardeco.com\/blog\/wp-content\/uploads\/2023\/10\/Ordre-St-Gregoire-le-Grand-titre-militaire-\u00a9Primardeco.jpg","datePublished":"2023-10-03T13:22:53+00:00","dateModified":"2023-10-04T07:53:43+00:00","description":"En savoir plus sur \"L'ordre pontifical Saint Gr\u00e9goire-le-Grand\", un sujet propos\u00e9 dans la cat\u00e9gorie Armes de collection, militaria par l'\u00e9quipe Primardeco, sp\u00e9cialistes de l'expertise et de la vente aux ench\u00e8res d'art \u00e0 Toulouse.","breadcrumb":{"@id":"https:\/\/www.primardeco.com\/blog\/lordre-pontifical-saint-gregoire-le-grand\/#breadcrumb"},"inLanguage":"fr-FR","potentialAction":[{"@type":"ReadAction","target":["https:\/\/www.primardeco.com\/blog\/lordre-pontifical-saint-gregoire-le-grand\/"]}]},{"@type":"ImageObject","inLanguage":"fr-FR","@id":"https:\/\/www.primardeco.com\/blog\/lordre-pontifical-saint-gregoire-le-grand\/#primaryimage","url":"https:\/\/www.primardeco.com\/blog\/wp-content\/uploads\/2023\/10\/Ordre-St-Gregoire-le-Grand-titre-militaire-\u00a9Primardeco.jpg","contentUrl":"https:\/\/www.primardeco.com\/blog\/wp-content\/uploads\/2023\/10\/Ordre-St-Gregoire-le-Grand-titre-militaire-\u00a9Primardeco.jpg","width":1024,"height":768,"caption":"Ordre St Gr\u00e9goire le Grand - titre militaire \u00a9Primardeco"},{"@type":"BreadcrumbList","@id":"https:\/\/www.primardeco.com\/blog\/lordre-pontifical-saint-gregoire-le-grand\/#breadcrumb","itemListElement":[{"@type":"ListItem","position":1,"name":"Accueil","item":"https:\/\/www.primardeco.com\/blog\/"},{"@type":"ListItem","position":2,"name":"L&rsquo;ordre pontifical Saint Gr\u00e9goire-le-Grand"}]},{"@type":"WebSite","@id":"https:\/\/www.primardeco.com\/blog\/#website","url":"https:\/\/www.primardeco.com\/blog\/","name":"Primardeco - Blog","description":"Expertises et Ventes aux ench\u00e8res","publisher":{"@id":"https:\/\/www.primardeco.com\/blog\/#organization"},"potentialAction":[{"@type":"SearchAction","target":{"@type":"EntryPoint","urlTemplate":"https:\/\/www.primardeco.com\/blog\/?s={search_term_string}"},"query-input":{"@type":"PropertyValueSpecification","valueRequired":true,"valueName":"search_term_string"}}],"inLanguage":"fr-FR"},{"@type":"Organization","@id":"https:\/\/www.primardeco.com\/blog\/#organization","name":"Le Blog Primardeco, Ventes aux Ench\u00e8res d'Art \u00e0 Toulouse","url":"https:\/\/www.primardeco.com\/blog\/","logo":{"@type":"ImageObject","inLanguage":"fr-FR","@id":"https:\/\/www.primardeco.com\/blog\/#\/schema\/logo\/image\/","url":"https:\/\/www.primardeco.com\/blog\/wp-content\/uploads\/2021\/11\/logo-primardeco-blog.png","contentUrl":"https:\/\/www.primardeco.com\/blog\/wp-content\/uploads\/2021\/11\/logo-primardeco-blog.png","width":282,"height":84,"caption":"Le Blog Primardeco, Ventes aux Ench\u00e8res d'Art \u00e0 Toulouse"},"image":{"@id":"https:\/\/www.primardeco.com\/blog\/#\/schema\/logo\/image\/"},"sameAs":["https:\/\/www.facebook.com\/Primardeco-275817602518624\/","https:\/\/x.com\/PRIMARDECO","https:\/\/www.instagram.com\/primardeco\/"]},{"@type":"Person","@id":"https:\/\/www.primardeco.com\/blog\/#\/schema\/person\/7de13947a1930d4cdcc9da53f15a8bf6","name":"Anne de Colonges-Trotignon,","image":{"@type":"ImageObject","inLanguage":"fr-FR","@id":"https:\/\/www.primardeco.com\/blog\/#\/schema\/person\/image\/","url":"https:\/\/secure.gravatar.com\/avatar\/853054ac9272b8d8231f62d5ba9a57c0838e74856b0112cb96fd18a428d1d335?s=96&d=mm&r=g","contentUrl":"https:\/\/secure.gravatar.com\/avatar\/853054ac9272b8d8231f62d5ba9a57c0838e74856b0112cb96fd18a428d1d335?s=96&d=mm&r=g","caption":"Anne de Colonges-Trotignon,"},"url":"https:\/\/www.primardeco.com\/blog\/author\/anne\/"}]}},"_links":{"self":[{"href":"https:\/\/www.primardeco.com\/blog\/wp-json\/wp\/v2\/posts\/2565","targetHints":{"allow":["GET"]}}],"collection":[{"href":"https:\/\/www.primardeco.com\/blog\/wp-json\/wp\/v2\/posts"}],"about":[{"href":"https:\/\/www.primardeco.com\/blog\/wp-json\/wp\/v2\/types\/post"}],"author":[{"embeddable":true,"href":"https:\/\/www.primardeco.com\/blog\/wp-json\/wp\/v2\/users\/2"}],"replies":[{"embeddable":true,"href":"https:\/\/www.primardeco.com\/blog\/wp-json\/wp\/v2\/comments?post=2565"}],"version-history":[{"count":6,"href":"https:\/\/www.primardeco.com\/blog\/wp-json\/wp\/v2\/posts\/2565\/revisions"}],"predecessor-version":[{"id":2584,"href":"https:\/\/www.primardeco.com\/blog\/wp-json\/wp\/v2\/posts\/2565\/revisions\/2584"}],"wp:featuredmedia":[{"embeddable":true,"href":"https:\/\/www.primardeco.com\/blog\/wp-json\/wp\/v2\/media\/2573"}],"wp:attachment":[{"href":"https:\/\/www.primardeco.com\/blog\/wp-json\/wp\/v2\/media?parent=2565"}],"wp:term":[{"taxonomy":"category","embeddable":true,"href":"https:\/\/www.primardeco.com\/blog\/wp-json\/wp\/v2\/categories?post=2565"},{"taxonomy":"post_tag","embeddable":true,"href":"https:\/\/www.primardeco.com\/blog\/wp-json\/wp\/v2\/tags?post=2565"}],"curies":[{"name":"wp","href":"https:\/\/api.w.org\/{rel}","templated":true}]}}