{"id":2547,"date":"2023-09-26T22:19:33","date_gmt":"2023-09-26T20:19:33","guid":{"rendered":"https:\/\/www.primardeco.com\/blog\/?p=2547"},"modified":"2023-09-27T09:17:38","modified_gmt":"2023-09-27T07:17:38","slug":"petit-guide-de-lemeraude","status":"publish","type":"post","link":"https:\/\/www.primardeco.com\/blog\/petit-guide-de-lemeraude\/","title":{"rendered":"Petit guide de l&rsquo;\u00e9meraude"},"content":{"rendered":"<p>[et_pb_section fb_built=\u00a0\u00bb1&Prime; _builder_version=\u00a0\u00bb4.16&Prime; global_colors_info=\u00a0\u00bb{}\u00a0\u00bb][et_pb_row _builder_version=\u00a0\u00bb4.16&Prime; background_size=\u00a0\u00bbinitial\u00a0\u00bb background_position=\u00a0\u00bbtop_left\u00a0\u00bb background_repeat=\u00a0\u00bbrepeat\u00a0\u00bb global_colors_info=\u00a0\u00bb{}\u00a0\u00bb][et_pb_column type=\u00a0\u00bb4_4&Prime; _builder_version=\u00a0\u00bb4.16&Prime; custom_padding=\u00a0\u00bb|||\u00a0\u00bb global_colors_info=\u00a0\u00bb{}\u00a0\u00bb custom_padding__hover=\u00a0\u00bb|||\u00a0\u00bb][et_pb_text admin_label=\u00a0\u00bbIntro\u00a0\u00bb _builder_version=\u00a0\u00bb4.22.1&Prime; _module_preset=\u00a0\u00bbdefault\u00a0\u00bb custom_padding=\u00a0\u00bb1px|||||\u00a0\u00bb global_colors_info=\u00a0\u00bb{}\u00a0\u00bb]<\/p>\n<p><i>Connue depuis tr\u00e8s longtemps, ador\u00e9e par toutes les civilisations, l\u2019\u00e9meraude fait partie des quatre grandes <\/i><b><i>pierres pr\u00e9cieuses<\/i><\/b><i> (avec le <\/i><b><i>saphir<\/i><\/b><i>, le<\/i><b><i> rubis<\/i><\/b><i> et le <\/i><b><i>diamant<\/i><\/b><i>). Plus fragile que ses contemporaines, mais tout aussi belle, l\u2019\u00e9meraude est une des pierres les plus utilis\u00e9es dans l\u2019<\/i><b><i>histoire de la joaillerie<\/i><\/b><i>. Mont\u00e9e en boucles d\u2019oreilles, en bague, en pendentif, en broche ou en bracelet, l\u2019\u00e9meraude a \u00e9t\u00e9 magnifi\u00e9e. <\/i><\/p>\n<p><i>Petit guide d\u2019une pierre exceptionnelle \u00e0 la beaut\u00e9 in\u00e9galable.<\/i><\/p>\n<p>[\/et_pb_text][et_pb_divider _builder_version=\u00a0\u00bb4.16&Prime; _module_preset=\u00a0\u00bbdefault\u00a0\u00bb global_colors_info=\u00a0\u00bb{}\u00a0\u00bb][\/et_pb_divider][et_pb_text _builder_version=\u00a0\u00bb4.22.1&Prime; background_size=\u00a0\u00bbinitial\u00a0\u00bb background_position=\u00a0\u00bbtop_left\u00a0\u00bb background_repeat=\u00a0\u00bbrepeat\u00a0\u00bb global_colors_info=\u00a0\u00bb{}\u00a0\u00bb]<\/p>\n<h2><b>La famille des B\u00e9ryls<span class=\"Apple-converted-space\">\u00a0<\/span><\/b><\/h2>\n<p>&nbsp;<\/p>\n<p>\u00ab\u00a0<b>\u00c9meraude<\/b>\u00a0\u00bb vient du grec <i>Smaragdos <\/i>qui signifie \u00ab\u00a0Pierre pr\u00e9cieuse verte\u00a0\u00bb. Cousine des <b>aigues-marines<\/b>, l\u2019\u00e9meraude fait partie de la grande famille des <b>B\u00e9ryls <\/b>qui r\u00e9unit de nombreuses vari\u00e9t\u00e9s de pierres.<span class=\"Apple-converted-space\">\u00a0<\/span><\/p>\n<p>Les \u00e9meraudes se forment gr\u00e2ce \u00e0 un ph\u00e9nom\u00e8ne extraordinaire, l\u2019alliance entre deux \u00e9l\u00e9ments th\u00e9oriquement incompatibles : le <b>Chrome<\/b> et le <b>B\u00e9ryllium<\/b>.<\/p>\n<p>[\/et_pb_text][\/et_pb_column][\/et_pb_row][et_pb_row column_structure=\u00a0\u00bb1_2,1_2&Prime; _builder_version=\u00a0\u00bb4.16&Prime; _module_preset=\u00a0\u00bbdefault\u00a0\u00bb global_colors_info=\u00a0\u00bb{}\u00a0\u00bb][et_pb_column type=\u00a0\u00bb1_2&Prime; _builder_version=\u00a0\u00bb4.16&Prime; _module_preset=\u00a0\u00bbdefault\u00a0\u00bb global_colors_info=\u00a0\u00bb{}\u00a0\u00bb][et_pb_text _builder_version=\u00a0\u00bb4.22.1&Prime; _module_preset=\u00a0\u00bbdefault\u00a0\u00bb global_colors_info=\u00a0\u00bb{}\u00a0\u00bb]<\/p>\n<h2><b>D\u2019o\u00f9 vient la couleur verte ?<\/b><\/h2>\n<p>&nbsp;<\/p>\n<p>Les \u00e9meraudes doivent leur r\u00e9putation \u00e0 leur couleur verte in\u00e9galable due \u00e0 la pr\u00e9sence de chrome, de vanadium et de fer. En raison d\u2019une quantit\u00e9 plus ou moins importante de ces trois \u00e9l\u00e9ments, les \u00e9meraudes varient et offrent une large palette de couleurs : du vert pastel au vert intense avec des nuances de bleu, de gris et de jaune.<\/p>\n<p>[\/et_pb_text][\/et_pb_column][et_pb_column type=\u00a0\u00bb1_2&Prime; _builder_version=\u00a0\u00bb4.16&Prime; _module_preset=\u00a0\u00bbdefault\u00a0\u00bb global_colors_info=\u00a0\u00bb{}\u00a0\u00bb][et_pb_image src=\u00a0\u00bbhttps:\/\/www.primardeco.com\/blog\/wp-content\/uploads\/2023\/09\/Emeraude-de-Colombie-\u00a9Wikipedia.png\u00a0\u00bb title_text=\u00a0\u00bb\u00c9meraude de Colombie \u00a9Wikip\u00e9dia\u00a0\u00bb _builder_version=\u00a0\u00bb4.22.1&Prime; _module_preset=\u00a0\u00bbdefault\u00a0\u00bb global_colors_info=\u00a0\u00bb{}\u00a0\u00bb][\/et_pb_image][\/et_pb_column][\/et_pb_row][et_pb_row _builder_version=\u00a0\u00bb4.16&Prime; _module_preset=\u00a0\u00bbdefault\u00a0\u00bb global_colors_info=\u00a0\u00bb{}\u00a0\u00bb][et_pb_column type=\u00a0\u00bb4_4&Prime; _builder_version=\u00a0\u00bb4.16&Prime; _module_preset=\u00a0\u00bbdefault\u00a0\u00bb global_colors_info=\u00a0\u00bb{}\u00a0\u00bb][et_pb_text _builder_version=\u00a0\u00bb4.22.1&Prime; _module_preset=\u00a0\u00bbdefault\u00a0\u00bb global_colors_info=\u00a0\u00bb{}\u00a0\u00bb]<\/p>\n<h2><b>Jardin de la pierre<span class=\"Apple-converted-space\">\u00a0<\/span><\/b><\/h2>\n<p>&nbsp;<\/p>\n<p>Comme la plupart des pierres naturelles, l\u2019<b>\u00e9meraude<\/b> pr\u00e9sente des inclusions visibles (parfois \u00e0 l\u2019oeil nu). Commun\u00e9ment appel\u00e9es \u00ab\u00a0givres\u00a0\u00bb, elles prennent le doux surnom de \u00ab\u00a0<b>jardin de la pierre<\/b>\u00a0\u00bb dans le cas des \u00e9meraudes. Parfois nombreuses, elles participent \u00e0 la singularit\u00e9 d\u2019une pierre et fondent son identit\u00e9.<span class=\"Apple-converted-space\">\u00a0<\/span><\/p>\n<p>[\/et_pb_text][et_pb_image src=\u00a0\u00bbhttps:\/\/www.primardeco.com\/blog\/wp-content\/uploads\/2023\/09\/Collier-emeraude-\u00a9Primardeco.jpg\u00a0\u00bb alt=\u00a0\u00bbCollier \u00e9meraude \u00a9Primardeco\u00a0\u00bb title_text=\u00a0\u00bbCollier \u00e9meraude \u00a9Primardeco\u00a0\u00bb _builder_version=\u00a0\u00bb4.22.1&Prime; _module_preset=\u00a0\u00bbdefault\u00a0\u00bb global_colors_info=\u00a0\u00bb{}\u00a0\u00bb][\/et_pb_image][et_pb_text _builder_version=\u00a0\u00bb4.22.1&Prime; _module_preset=\u00a0\u00bbdefault\u00a0\u00bb global_colors_info=\u00a0\u00bb{}\u00a0\u00bb]<\/p>\n<h2><b>Petite histoire de l\u2019\u00e9meraude<\/b><\/h2>\n<p><b><\/b><\/p>\n<p>Cit\u00e9e par de nombreux auteurs anciens comme <b>H\u00e9rodote<\/b> ou <b>Pline l\u2019Ancien<\/b>, l\u2019\u00e9meraude est connue depuis au moins l\u2019<b>Antiquit\u00e9<\/b>.<span class=\"Apple-converted-space\">\u00a0<\/span><\/p>\n<p>Du temps des Pharaons dans l\u2019\u00c9gypte antique, l\u2019\u00e9meraude conna\u00eet son premier \u00e2ge d\u2019or. La Reine <b>Cl\u00e9op\u00e2tre<\/b> \u00e9prouvera notamment une grande affection pour cette pierre et encouragera l\u2019exploitation des gisements situ\u00e9s sur le territoire \u00e9gyptien. Rare, pure, r\u00e9serv\u00e9e \u00e0 la royaut\u00e9 et \u00e0 l\u2019aristocratie, l\u2019\u00e9meraude devient un symbole de pouvoir.<\/p>\n<p>[\/et_pb_text][\/et_pb_column][\/et_pb_row][et_pb_row column_structure=\u00a0\u00bb1_2,1_2&Prime; _builder_version=\u00a0\u00bb4.20.0&Prime; _module_preset=\u00a0\u00bbdefault\u00a0\u00bb global_colors_info=\u00a0\u00bb{}\u00a0\u00bb][et_pb_column type=\u00a0\u00bb1_2&Prime; _builder_version=\u00a0\u00bb4.20.0&Prime; _module_preset=\u00a0\u00bbdefault\u00a0\u00bb global_colors_info=\u00a0\u00bb{}\u00a0\u00bb][et_pb_text _builder_version=\u00a0\u00bb4.22.1&Prime; _module_preset=\u00a0\u00bbdefault\u00a0\u00bb global_colors_info=\u00a0\u00bb{}\u00a0\u00bb]<\/p>\n<p>Au XVIe si\u00e8cle, les <b>Conquistadors<\/b> font la d\u00e9couverte d\u2019importants gisements d\u2019\u00e9meraudes en Am\u00e9rique du Sud notamment en <b>Colombie<\/b>. Encore aujourd\u2019hui, ces gisements sont parmi les plus importants de la plan\u00e8te et produisent \u00e0 eux seuls environ 50% des \u00e9meraudes disponibles.<\/p>\n<p>En 1931, le deuxi\u00e8me plus grand gisement d\u2019\u00e9meraude au monde est d\u00e9couvert en <b>Zambie<\/b>.<span class=\"Apple-converted-space\">\u00a0<\/span><\/p>\n<p>[\/et_pb_text][\/et_pb_column][et_pb_column type=\u00a0\u00bb1_2&Prime; _builder_version=\u00a0\u00bb4.20.0&Prime; _module_preset=\u00a0\u00bbdefault\u00a0\u00bb global_colors_info=\u00a0\u00bb{}\u00a0\u00bb][et_pb_image src=\u00a0\u00bbhttps:\/\/www.primardeco.com\/blog\/wp-content\/uploads\/2023\/09\/emeraude-Musso-\u00a9Wikipedia.jpeg\u00a0\u00bb alt=\u00a0\u00bb\u00e9meraude Musso \u00a9Wikip\u00e9dia\u00a0\u00bb title_text=\u00a0\u00bb\u00e9meraude Musso \u00a9Wikip\u00e9dia\u00a0\u00bb _builder_version=\u00a0\u00bb4.22.1&Prime; _module_preset=\u00a0\u00bbdefault\u00a0\u00bb global_colors_info=\u00a0\u00bb{}\u00a0\u00bb][\/et_pb_image][\/et_pb_column][\/et_pb_row][et_pb_row _builder_version=\u00a0\u00bb4.20.0&Prime; _module_preset=\u00a0\u00bbdefault\u00a0\u00bb global_colors_info=\u00a0\u00bb{}\u00a0\u00bb][et_pb_column type=\u00a0\u00bb4_4&Prime; _builder_version=\u00a0\u00bb4.20.0&Prime; _module_preset=\u00a0\u00bbdefault\u00a0\u00bb global_colors_info=\u00a0\u00bb{}\u00a0\u00bb][et_pb_text _builder_version=\u00a0\u00bb4.22.1&Prime; _module_preset=\u00a0\u00bbdefault\u00a0\u00bb global_colors_info=\u00a0\u00bb{}\u00a0\u00bb]<\/p>\n<h2><b>Et aujourd\u2019hui, d\u2019o\u00f9 viennent les \u00e9meraudes ?<\/b><\/h2>\n<p><b><\/b><\/p>\n<p>L\u2019<b>\u00e9meraude<\/b> est une pierre extraordinaire qui ne peut voir le jour que dans des conditions g\u00e9ologiques particuli\u00e8res.<\/p>\n<p>Si les gisements d\u2019\u00e9meraudes situ\u00e9s en<b> Egypte<\/b> et exploit\u00e9s du temps des Pharaons sont \u00e9puis\u00e9s depuis bien longtemps, d\u2019autres ont \u00e9t\u00e9 d\u00e9couverts ailleurs dans le monde.<span class=\"Apple-converted-space\">\u00a0<\/span><\/p>\n<p>Les principaux gisements d\u2019\u00e9meraudes se trouvent aujourd\u2019hui en Russie, en Zambie, au Br\u00e9sil et surtout en Colombie. Gr\u00e2ce \u00e0 leur puret\u00e9 in\u00e9galable, les \u00e9meraudes de Colombie sont parmi les plus r\u00e9put\u00e9es de la plan\u00e8te. Une des mines les plus c\u00e9l\u00e8bre du pays est celle de <b>Muzo<\/b> situ\u00e9e \u00e0 seulement une centaine de kilom\u00e8tres de<b> Bogota.<\/b> Tr\u00e8s ancienne, puisqu\u2019exploit\u00e9e du temps des Conquistadors, la mine de Muzo a produit des \u00e9meraudes les plus pures du monde, mais aussi les plus grosses comme <b>Unguentarium<\/b>, \u00e9meraude de plus de 3 000 carats, qui fait aujourd\u2019hui partie du <b>tr\u00e9sor imp\u00e9rial de Vienne<\/b>.<\/p>\n<p>[\/et_pb_text][\/et_pb_column][\/et_pb_row][et_pb_row column_structure=\u00a0\u00bb1_2,1_2&Prime; _builder_version=\u00a0\u00bb4.20.0&Prime; _module_preset=\u00a0\u00bbdefault\u00a0\u00bb global_colors_info=\u00a0\u00bb{}\u00a0\u00bb][et_pb_column type=\u00a0\u00bb1_2&Prime; _builder_version=\u00a0\u00bb4.20.0&Prime; _module_preset=\u00a0\u00bbdefault\u00a0\u00bb global_colors_info=\u00a0\u00bb{}\u00a0\u00bb][et_pb_text _builder_version=\u00a0\u00bb4.22.1&Prime; _module_preset=\u00a0\u00bbdefault\u00a0\u00bb hover_enabled=\u00a0\u00bb0&Prime; global_colors_info=\u00a0\u00bb{}\u00a0\u00bb sticky_enabled=\u00a0\u00bb0&Prime;]<\/p>\n<p>Gr\u00e2ce \u00e0 leurs sp\u00e9cificit\u00e9s g\u00e9ologiques, chaque gisement produit des \u00e9meraudes aux couleurs diverses.<\/p>\n<p>[\/et_pb_text][\/et_pb_column][et_pb_column type=\u00a0\u00bb1_2&Prime; _builder_version=\u00a0\u00bb4.20.0&Prime; _module_preset=\u00a0\u00bbdefault\u00a0\u00bb global_colors_info=\u00a0\u00bb{}\u00a0\u00bb][et_pb_image src=\u00a0\u00bbhttps:\/\/www.primardeco.com\/blog\/wp-content\/uploads\/2023\/09\/Collier_et_boucles_doreilles_de_limperatrice_Marie-Louise-dAutriche-\u00a9Wikipedia-scaled.jpeg\u00a0\u00bb alt=\u00a0\u00bbCollier_et_boucles_d&rsquo;oreilles_de_l&rsquo;imp\u00e9ratrice_Marie-Louise d&rsquo;Autriche \u00a9Wikip\u00e9dia\u00a0\u00bb title_text=\u00a0\u00bbCollier_et_boucles_d&rsquo;oreilles_de_l&rsquo;imp\u00e9ratrice_Marie-Louise d&rsquo;Autriche \u00a9Wikip\u00e9dia\u00a0\u00bb _builder_version=\u00a0\u00bb4.22.1&Prime; _module_preset=\u00a0\u00bbdefault\u00a0\u00bb global_colors_info=\u00a0\u00bb{}\u00a0\u00bb][\/et_pb_image][\/et_pb_column][\/et_pb_row][et_pb_row _builder_version=\u00a0\u00bb4.20.0&Prime; _module_preset=\u00a0\u00bbdefault\u00a0\u00bb global_colors_info=\u00a0\u00bb{}\u00a0\u00bb][et_pb_column type=\u00a0\u00bb4_4&Prime; _builder_version=\u00a0\u00bb4.20.0&Prime; _module_preset=\u00a0\u00bbdefault\u00a0\u00bb global_colors_info=\u00a0\u00bb{}\u00a0\u00bb][et_pb_text _builder_version=\u00a0\u00bb4.22.1&Prime; _module_preset=\u00a0\u00bbdefault\u00a0\u00bb global_colors_info=\u00a0\u00bb{}\u00a0\u00bb]<\/p>\n<h2><b>Quelle est la valeur d\u2019une \u00e9meraude ?<span class=\"Apple-converted-space\">\u00a0<\/span><\/b><\/h2>\n<p><b><span class=\"Apple-converted-space\"><\/span><\/b><\/p>\n<p>Afin de conna\u00eetre la valeur d\u2019une \u00e9meraude, il convient tout d\u2019abord d\u2019identifier la pierre et de ne pas la confondre avec d\u2019autres gemmes comme le <b>corindon vert <\/b>aussi surnomm\u00e9 l\u2019\u00ab\u00a0<b>\u00e9meraude orientale<\/b>\u00a0\u00bb.<\/p>\n<p>Sur le mod\u00e8le du syst\u00e8me de classification international des <b>diamants<\/b>, les 4C peuvent \u00eatre utilis\u00e9s pour les \u00e9meraudes afin d\u2019\u00e9valuer leur qualit\u00e9 et d\u00e9terminer, par cons\u00e9quent, leur prix :<span class=\"Apple-converted-space\">\u00a0<\/span><\/p>\n<ol>\n<li>La <b>couleur<\/b> (naturelle ou am\u00e9lior\u00e9e par traitement)<\/li>\n<li>Le <b>poids, <\/b>c\u2019est-\u00e0-dire le nombre de carats<span class=\"Apple-converted-space\">\u00a0<\/span><\/li>\n<li>Le<b> facettage, <\/b>c\u2019est-\u00e0-dire la<span class=\"Apple-converted-space\">\u00a0 <\/span>qualit\u00e9 de la taille de la pierre et sa forme finale. Dans le cas des \u00e9meraudes, tout l\u2019art de la taille consistera \u00e0 placer les inclusions de telle sorte qu\u2019elles ne soient pas un obstacle \u00e0 la beaut\u00e9 de la pierre et donc \u00e0 sa qualit\u00e9.<span class=\"Apple-converted-space\">\u00a0<\/span><\/li>\n<li>La<b> puret\u00e9, <\/b>c\u2019est-\u00e0-dire la pr\u00e9sence d\u2019inclusions plus ou moins visibles \u00e0 l\u2019oeil nu.<\/li>\n<\/ol>\n<p>Apr\u00e8s analyse de ces quatre \u00e9l\u00e9ments, la <b>valeur d\u2019une \u00e9meraude<\/b> peut consid\u00e9rablement varier de quelques centaines \u00e0 plusieurs milliers d\u2019euros.<span class=\"Apple-converted-space\">\u00a0<\/span><\/p>\n<p>[\/et_pb_text][et_pb_text _builder_version=\u00a0\u00bb4.22.1&Prime; _module_preset=\u00a0\u00bbdefault\u00a0\u00bb global_colors_info=\u00a0\u00bb{}\u00a0\u00bb]<\/p>\n<h2><b>L\u2019expertise et la vente aux ench\u00e8res des \u00e9meraudes<span class=\"Apple-converted-space\">\u00a0<\/span><\/b><\/h2>\n<p>&nbsp;<\/p>\n<p>La puret\u00e9 de la couleur, la transparence, la clart\u00e9 et la brillance sont les quatre crit\u00e8res \u00e0 prendre en compte pour conna\u00eetre la <b>valeur d\u2019une \u00e9meraude<\/b>. Une pierre transparente \u00e0 la couleur vive avec quelques inclusions visibles aura plus de valeur qu\u2019une pierre terne aux inclusions multiples et petites cr\u00e9ant un effet trouble \u00e0 l\u2019oeil nu.<span class=\"Apple-converted-space\">\u00a0<\/span><\/p>\n<p>[\/et_pb_text][\/et_pb_column][\/et_pb_row][et_pb_row column_structure=\u00a0\u00bb1_2,1_2&Prime; _builder_version=\u00a0\u00bb4.20.0&Prime; _module_preset=\u00a0\u00bbdefault\u00a0\u00bb global_colors_info=\u00a0\u00bb{}\u00a0\u00bb][et_pb_column type=\u00a0\u00bb1_2&Prime; _builder_version=\u00a0\u00bb4.20.0&Prime; _module_preset=\u00a0\u00bbdefault\u00a0\u00bb global_colors_info=\u00a0\u00bb{}\u00a0\u00bb][et_pb_text _builder_version=\u00a0\u00bb4.22.1&Prime; _module_preset=\u00a0\u00bbdefault\u00a0\u00bb global_colors_info=\u00a0\u00bb{}\u00a0\u00bb]<\/p>\n<p>Quel que soit le bijou sur lequel la pierre est mont\u00e9e,<a href=\"https:\/\/www.primardeco.com\/expertise\/bijoux-et-orfevrerie\/\"> <b>l\u2019expertise, l\u2019estimation et la vente aux ench\u00e8res d\u2019une \u00e9meraude<\/b><\/a> n\u00e9cessite l\u2019intervention d\u2019un professionnel afin d\u2019authentifier la pierre et de la vendre dans les meilleures conditions.<\/p>\n<p>[\/et_pb_text][\/et_pb_column][et_pb_column type=\u00a0\u00bb1_2&Prime; _builder_version=\u00a0\u00bb4.20.0&Prime; _module_preset=\u00a0\u00bbdefault\u00a0\u00bb global_colors_info=\u00a0\u00bb{}\u00a0\u00bb][et_pb_image src=\u00a0\u00bbhttps:\/\/www.primardeco.com\/blog\/wp-content\/uploads\/2023\/09\/emeraude-3.2-cts-\u00a9Primardeco.jpg\u00a0\u00bb alt=\u00a0\u00bbTerra_Cotta_Figure_by_Goldscheider \u00a9Wikimedia\u00a0\u00bb title_text=\u00a0\u00bbCertificat \u00e9meraude \u00a9Primardeco\u00a0\u00bb _builder_version=\u00a0\u00bb4.22.1&Prime; _module_preset=\u00a0\u00bbdefault\u00a0\u00bb global_colors_info=\u00a0\u00bb{}\u00a0\u00bb][\/et_pb_image][\/et_pb_column][\/et_pb_row][et_pb_row _builder_version=\u00a0\u00bb4.22.1&Prime; _module_preset=\u00a0\u00bbdefault\u00a0\u00bb global_colors_info=\u00a0\u00bb{}\u00a0\u00bb][et_pb_column type=\u00a0\u00bb4_4&Prime; _builder_version=\u00a0\u00bb4.22.1&Prime; _module_preset=\u00a0\u00bbdefault\u00a0\u00bb global_colors_info=\u00a0\u00bb{}\u00a0\u00bb][et_pb_text _builder_version=\u00a0\u00bb4.22.1&Prime; _module_preset=\u00a0\u00bbdefault\u00a0\u00bb global_colors_info=\u00a0\u00bb{}\u00a0\u00bb]<\/p>\n<h2><b>L\u2019\u00e9meraude, une pierre fragile ? <\/b><\/h2>\n<p>[\/et_pb_text][\/et_pb_column][\/et_pb_row][et_pb_row column_structure=\u00a0\u00bb1_2,1_2&Prime; _builder_version=\u00a0\u00bb4.22.1&Prime; _module_preset=\u00a0\u00bbdefault\u00a0\u00bb global_colors_info=\u00a0\u00bb{}\u00a0\u00bb][et_pb_column type=\u00a0\u00bb1_2&Prime; _builder_version=\u00a0\u00bb4.22.1&Prime; _module_preset=\u00a0\u00bbdefault\u00a0\u00bb global_colors_info=\u00a0\u00bb{}\u00a0\u00bb][et_pb_text _builder_version=\u00a0\u00bb4.22.1&Prime; _module_preset=\u00a0\u00bbdefault\u00a0\u00bb global_colors_info=\u00a0\u00bb{}\u00a0\u00bb]<\/p>\n<p>L\u2019\u00e9meraude est une pierre fragile. Not\u00e9e 7,5\/10 sur l\u2019<b>\u00e9chelle de Mohs<\/b>, l\u2019\u00e9meraude est la pierre la plus fragile des pierres pr\u00e9cieuses (en comparaison, le saphir est not\u00e9 10\/10). Sa fragilit\u00e9 intrins\u00e8que n\u00e9cessite une manipulation d\u00e9licate, mais n\u2019entrave pas son utilisation pour la <b>joaillerie<\/b>. Les bijoux int\u00e9grant des \u00e9meraudes devront seulement faire l\u2019objet d\u2019une attention un peu plus particuli\u00e8re afin d\u2019\u00e9viter les chocs et les fortes variations de temp\u00e9ratures.<span class=\"Apple-converted-space\">\u00a0<\/span><\/p>\n<p>[\/et_pb_text][\/et_pb_column][et_pb_column type=\u00a0\u00bb1_2&Prime; _builder_version=\u00a0\u00bb4.22.1&Prime; _module_preset=\u00a0\u00bbdefault\u00a0\u00bb global_colors_info=\u00a0\u00bb{}\u00a0\u00bb][et_pb_image src=\u00a0\u00bbhttps:\/\/www.primardeco.com\/blog\/wp-content\/uploads\/2023\/09\/emeraude-accidentee-\u00a9Primardeco.jpeg\u00a0\u00bb alt=\u00a0\u00bb\u00e9meraude accident\u00e9e \u00a9Primardeco\u00a0\u00bb title_text=\u00a0\u00bb\u00e9meraude accident\u00e9e \u00a9Primardeco\u00a0\u00bb _builder_version=\u00a0\u00bb4.22.1&Prime; _module_preset=\u00a0\u00bbdefault\u00a0\u00bb global_colors_info=\u00a0\u00bb{}\u00a0\u00bb][\/et_pb_image][\/et_pb_column][\/et_pb_row][et_pb_row _builder_version=\u00a0\u00bb4.22.1&Prime; _module_preset=\u00a0\u00bbdefault\u00a0\u00bb global_colors_info=\u00a0\u00bb{}\u00a0\u00bb][et_pb_column type=\u00a0\u00bb4_4&Prime; _builder_version=\u00a0\u00bb4.22.1&Prime; _module_preset=\u00a0\u00bbdefault\u00a0\u00bb global_colors_info=\u00a0\u00bb{}\u00a0\u00bb][et_pb_text _builder_version=\u00a0\u00bb4.22.1&Prime; _module_preset=\u00a0\u00bbdefault\u00a0\u00bb global_colors_info=\u00a0\u00bb{}\u00a0\u00bb]<\/p>\n<p>Afin de pouvoir utiliser l\u2019\u00e9meraude pour la confection de bijoux, la pierre doit subir un traitement qui vient la renforcer. Ce traitement consiste, traditionnellement, \u00e0 un bain d\u2019huile de c\u00e8dres, produit naturel et incolore.<\/p>\n<p>[\/et_pb_text][\/et_pb_column][\/et_pb_row][et_pb_row column_structure=\u00a0\u00bb1_2,1_2&Prime; _builder_version=\u00a0\u00bb4.22.1&Prime; _module_preset=\u00a0\u00bbdefault\u00a0\u00bb global_colors_info=\u00a0\u00bb{}\u00a0\u00bb][et_pb_column type=\u00a0\u00bb1_2&Prime; _builder_version=\u00a0\u00bb4.22.1&Prime; _module_preset=\u00a0\u00bbdefault\u00a0\u00bb global_colors_info=\u00a0\u00bb{}\u00a0\u00bb][et_pb_text _builder_version=\u00a0\u00bb4.22.1&Prime; _module_preset=\u00a0\u00bbdefault\u00a0\u00bb global_colors_info=\u00a0\u00bb{}\u00a0\u00bb]<\/p>\n<p><i>Utilis\u00e9e par les rois et reines depuis des mill\u00e9naires quelles que soient les \u00e9poques et les zones g\u00e9ographiques, l\u2019\u00e9meraude est une des pierres les plus importantes de l\u2019histoire de la joaillerie. Convoit\u00e9e depuis des si\u00e8cles, l\u2019\u00e9meraude est une pierre particuli\u00e8rement rare. Sa couleur verte, symbole du renouveau et du printemps, en fait aujourd\u2019hui l\u2019une des pierres les plus pris\u00e9es du grand public.<span class=\"Apple-converted-space\">\u00a0<\/span><\/i><\/p>\n<p>[\/et_pb_text][\/et_pb_column][et_pb_column type=\u00a0\u00bb1_2&Prime; _builder_version=\u00a0\u00bb4.22.1&Prime; _module_preset=\u00a0\u00bbdefault\u00a0\u00bb global_colors_info=\u00a0\u00bb{}\u00a0\u00bb][et_pb_image src=\u00a0\u00bbhttps:\/\/www.primardeco.com\/blog\/wp-content\/uploads\/2023\/09\/Bague-emeraude-\u00a9Primardeco.jpg\u00a0\u00bb alt=\u00a0\u00bbBague \u00e9meraude \u00a9Primardeco\u00a0\u00bb title_text=\u00a0\u00bbBague \u00e9meraude \u00a9Primardeco\u00a0\u00bb _builder_version=\u00a0\u00bb4.22.1&Prime; _module_preset=\u00a0\u00bbdefault\u00a0\u00bb global_colors_info=\u00a0\u00bb{}\u00a0\u00bb][\/et_pb_image][\/et_pb_column][\/et_pb_row][et_pb_row _builder_version=\u00a0\u00bb4.16&Prime; _module_preset=\u00a0\u00bbdefault\u00a0\u00bb global_colors_info=\u00a0\u00bb{}\u00a0\u00bb][et_pb_column type=\u00a0\u00bb4_4&Prime; _builder_version=\u00a0\u00bb4.16&Prime; _module_preset=\u00a0\u00bbdefault\u00a0\u00bb global_colors_info=\u00a0\u00bb{}\u00a0\u00bb][et_pb_divider _builder_version=\u00a0\u00bb4.16&Prime; _module_preset=\u00a0\u00bbdefault\u00a0\u00bb global_colors_info=\u00a0\u00bb{}\u00a0\u00bb][\/et_pb_divider][\/et_pb_column][\/et_pb_row][\/et_pb_section]<\/p>\n","protected":false},"excerpt":{"rendered":"<p>Connue depuis tr\u00e8s longtemps, ador\u00e9e par toutes les civilisations, l\u2019\u00e9meraude fait partie des quatre grandes pierres pr\u00e9cieuses (avec le saphir, le rubis et le diamant). Plus fragile que ses contemporaines, mais tout aussi belle, l\u2019\u00e9meraude est une des pierres les plus utilis\u00e9es dans l\u2019histoire de la joaillerie. Mont\u00e9e en boucles d\u2019oreilles, en bague, en pendentif, [&hellip;]<\/p>\n","protected":false},"author":2,"featured_media":2552,"comment_status":"closed","ping_status":"closed","sticky":false,"template":"","format":"standard","meta":{"_et_pb_use_builder":"on","_et_pb_old_content":"","_et_gb_content_width":"","footnotes":""},"categories":[6],"tags":[78,62],"class_list":["post-2547","post","type-post","status-publish","format-standard","has-post-thumbnail","hentry","category-orfevrerie-argenterie","tag-emeraude","tag-pierre-precieuse"],"yoast_head":"<!-- This site is optimized with the Yoast SEO plugin v25.6 - https:\/\/yoast.com\/wordpress\/plugins\/seo\/ -->\n<title>Petit guide de l&#039;\u00e9meraude | Primardeco - Blog<\/title>\n<meta name=\"description\" content=\"En savoir plus sur &quot;Petit guide de l&#039;\u00e9meraude&quot;, un sujet propos\u00e9 dans la cat\u00e9gorie Or, bijoux &amp; argenterie par l&#039;\u00e9quipe Primardeco, sp\u00e9cialistes de l&#039;expertise et de la vente aux ench\u00e8res d&#039;art \u00e0 Toulouse.\" \/>\n<meta name=\"robots\" content=\"index, follow, max-snippet:-1, max-image-preview:large, max-video-preview:-1\" \/>\n<link rel=\"canonical\" href=\"https:\/\/www.primardeco.com\/blog\/petit-guide-de-lemeraude\/\" \/>\n<meta property=\"og:locale\" content=\"fr_FR\" \/>\n<meta property=\"og:type\" content=\"article\" \/>\n<meta property=\"og:title\" content=\"Petit guide de l&#039;\u00e9meraude | Primardeco - Blog\" \/>\n<meta property=\"og:description\" content=\"En savoir plus sur &quot;Petit guide de l&#039;\u00e9meraude&quot;, un sujet propos\u00e9 dans la cat\u00e9gorie Or, bijoux &amp; argenterie par l&#039;\u00e9quipe Primardeco, sp\u00e9cialistes de l&#039;expertise et de la vente aux ench\u00e8res d&#039;art \u00e0 Toulouse.\" \/>\n<meta property=\"og:url\" content=\"https:\/\/www.primardeco.com\/blog\/petit-guide-de-lemeraude\/\" \/>\n<meta property=\"og:site_name\" content=\"Primardeco - Blog\" \/>\n<meta property=\"article:publisher\" content=\"https:\/\/www.facebook.com\/Primardeco-275817602518624\/\" \/>\n<meta property=\"article:published_time\" content=\"2023-09-26T20:19:33+00:00\" \/>\n<meta property=\"article:modified_time\" content=\"2023-09-27T07:17:38+00:00\" \/>\n<meta property=\"og:image\" content=\"https:\/\/www.primardeco.com\/blog\/wp-content\/uploads\/2023\/09\/Capture-decran-2023-09-26-a-19.37.45-copie.png\" \/>\n\t<meta property=\"og:image:width\" content=\"1108\" \/>\n\t<meta property=\"og:image:height\" content=\"734\" \/>\n\t<meta property=\"og:image:type\" content=\"image\/png\" \/>\n<meta name=\"author\" content=\"Anne de Colonges-Trotignon,\" \/>\n<meta name=\"twitter:card\" content=\"summary_large_image\" \/>\n<meta name=\"twitter:creator\" content=\"@PRIMARDECO\" \/>\n<meta name=\"twitter:site\" content=\"@PRIMARDECO\" \/>\n<meta name=\"twitter:label1\" content=\"\u00c9crit par\" \/>\n\t<meta name=\"twitter:data1\" content=\"Anne de Colonges-Trotignon,\" \/>\n\t<meta name=\"twitter:label2\" content=\"Dur\u00e9e de lecture estim\u00e9e\" \/>\n\t<meta name=\"twitter:data2\" content=\"7 minutes\" \/>\n<script type=\"application\/ld+json\" class=\"yoast-schema-graph\">{\"@context\":\"https:\/\/schema.org\",\"@graph\":[{\"@type\":\"Article\",\"@id\":\"https:\/\/www.primardeco.com\/blog\/petit-guide-de-lemeraude\/#article\",\"isPartOf\":{\"@id\":\"https:\/\/www.primardeco.com\/blog\/petit-guide-de-lemeraude\/\"},\"author\":{\"name\":\"Anne de Colonges-Trotignon,\",\"@id\":\"https:\/\/www.primardeco.com\/blog\/#\/schema\/person\/7de13947a1930d4cdcc9da53f15a8bf6\"},\"headline\":\"Petit guide de l&rsquo;\u00e9meraude\",\"datePublished\":\"2023-09-26T20:19:33+00:00\",\"dateModified\":\"2023-09-27T07:17:38+00:00\",\"mainEntityOfPage\":{\"@id\":\"https:\/\/www.primardeco.com\/blog\/petit-guide-de-lemeraude\/\"},\"wordCount\":2138,\"publisher\":{\"@id\":\"https:\/\/www.primardeco.com\/blog\/#organization\"},\"image\":{\"@id\":\"https:\/\/www.primardeco.com\/blog\/petit-guide-de-lemeraude\/#primaryimage\"},\"thumbnailUrl\":\"https:\/\/www.primardeco.com\/blog\/wp-content\/uploads\/2023\/09\/Capture-decran-2023-09-26-a-19.37.45-copie.png\",\"keywords\":[\"\u00c9meraude\",\"Pierre pr\u00e9cieuse\"],\"articleSection\":[\"Or, bijoux &amp; argenterie\"],\"inLanguage\":\"fr-FR\"},{\"@type\":\"WebPage\",\"@id\":\"https:\/\/www.primardeco.com\/blog\/petit-guide-de-lemeraude\/\",\"url\":\"https:\/\/www.primardeco.com\/blog\/petit-guide-de-lemeraude\/\",\"name\":\"Petit guide de l'\u00e9meraude | Primardeco - Blog\",\"isPartOf\":{\"@id\":\"https:\/\/www.primardeco.com\/blog\/#website\"},\"primaryImageOfPage\":{\"@id\":\"https:\/\/www.primardeco.com\/blog\/petit-guide-de-lemeraude\/#primaryimage\"},\"image\":{\"@id\":\"https:\/\/www.primardeco.com\/blog\/petit-guide-de-lemeraude\/#primaryimage\"},\"thumbnailUrl\":\"https:\/\/www.primardeco.com\/blog\/wp-content\/uploads\/2023\/09\/Capture-decran-2023-09-26-a-19.37.45-copie.png\",\"datePublished\":\"2023-09-26T20:19:33+00:00\",\"dateModified\":\"2023-09-27T07:17:38+00:00\",\"description\":\"En savoir plus sur \\\"Petit guide de l'\u00e9meraude\\\", un sujet propos\u00e9 dans la cat\u00e9gorie Or, bijoux &amp; argenterie par l'\u00e9quipe Primardeco, sp\u00e9cialistes de l'expertise et de la vente aux ench\u00e8res d'art \u00e0 Toulouse.\",\"breadcrumb\":{\"@id\":\"https:\/\/www.primardeco.com\/blog\/petit-guide-de-lemeraude\/#breadcrumb\"},\"inLanguage\":\"fr-FR\",\"potentialAction\":[{\"@type\":\"ReadAction\",\"target\":[\"https:\/\/www.primardeco.com\/blog\/petit-guide-de-lemeraude\/\"]}]},{\"@type\":\"ImageObject\",\"inLanguage\":\"fr-FR\",\"@id\":\"https:\/\/www.primardeco.com\/blog\/petit-guide-de-lemeraude\/#primaryimage\",\"url\":\"https:\/\/www.primardeco.com\/blog\/wp-content\/uploads\/2023\/09\/Capture-decran-2023-09-26-a-19.37.45-copie.png\",\"contentUrl\":\"https:\/\/www.primardeco.com\/blog\/wp-content\/uploads\/2023\/09\/Capture-decran-2023-09-26-a-19.37.45-copie.png\",\"width\":1108,\"height\":734,\"caption\":\"Emeraude sur papier \u00a9Primardeco\"},{\"@type\":\"BreadcrumbList\",\"@id\":\"https:\/\/www.primardeco.com\/blog\/petit-guide-de-lemeraude\/#breadcrumb\",\"itemListElement\":[{\"@type\":\"ListItem\",\"position\":1,\"name\":\"Accueil\",\"item\":\"https:\/\/www.primardeco.com\/blog\/\"},{\"@type\":\"ListItem\",\"position\":2,\"name\":\"Petit guide de l&rsquo;\u00e9meraude\"}]},{\"@type\":\"WebSite\",\"@id\":\"https:\/\/www.primardeco.com\/blog\/#website\",\"url\":\"https:\/\/www.primardeco.com\/blog\/\",\"name\":\"Primardeco - Blog\",\"description\":\"Expertises et Ventes aux ench\u00e8res\",\"publisher\":{\"@id\":\"https:\/\/www.primardeco.com\/blog\/#organization\"},\"potentialAction\":[{\"@type\":\"SearchAction\",\"target\":{\"@type\":\"EntryPoint\",\"urlTemplate\":\"https:\/\/www.primardeco.com\/blog\/?s={search_term_string}\"},\"query-input\":{\"@type\":\"PropertyValueSpecification\",\"valueRequired\":true,\"valueName\":\"search_term_string\"}}],\"inLanguage\":\"fr-FR\"},{\"@type\":\"Organization\",\"@id\":\"https:\/\/www.primardeco.com\/blog\/#organization\",\"name\":\"Le Blog Primardeco, Ventes aux Ench\u00e8res d'Art \u00e0 Toulouse\",\"url\":\"https:\/\/www.primardeco.com\/blog\/\",\"logo\":{\"@type\":\"ImageObject\",\"inLanguage\":\"fr-FR\",\"@id\":\"https:\/\/www.primardeco.com\/blog\/#\/schema\/logo\/image\/\",\"url\":\"https:\/\/www.primardeco.com\/blog\/wp-content\/uploads\/2021\/11\/logo-primardeco-blog.png\",\"contentUrl\":\"https:\/\/www.primardeco.com\/blog\/wp-content\/uploads\/2021\/11\/logo-primardeco-blog.png\",\"width\":282,\"height\":84,\"caption\":\"Le Blog Primardeco, Ventes aux Ench\u00e8res d'Art \u00e0 Toulouse\"},\"image\":{\"@id\":\"https:\/\/www.primardeco.com\/blog\/#\/schema\/logo\/image\/\"},\"sameAs\":[\"https:\/\/www.facebook.com\/Primardeco-275817602518624\/\",\"https:\/\/x.com\/PRIMARDECO\",\"https:\/\/www.instagram.com\/primardeco\/\"]},{\"@type\":\"Person\",\"@id\":\"https:\/\/www.primardeco.com\/blog\/#\/schema\/person\/7de13947a1930d4cdcc9da53f15a8bf6\",\"name\":\"Anne de Colonges-Trotignon,\",\"image\":{\"@type\":\"ImageObject\",\"inLanguage\":\"fr-FR\",\"@id\":\"https:\/\/www.primardeco.com\/blog\/#\/schema\/person\/image\/\",\"url\":\"https:\/\/secure.gravatar.com\/avatar\/853054ac9272b8d8231f62d5ba9a57c0838e74856b0112cb96fd18a428d1d335?s=96&d=mm&r=g\",\"contentUrl\":\"https:\/\/secure.gravatar.com\/avatar\/853054ac9272b8d8231f62d5ba9a57c0838e74856b0112cb96fd18a428d1d335?s=96&d=mm&r=g\",\"caption\":\"Anne de Colonges-Trotignon,\"},\"url\":\"https:\/\/www.primardeco.com\/blog\/author\/anne\/\"}]}<\/script>\n<!-- \/ Yoast SEO plugin. -->","yoast_head_json":{"title":"Petit guide de l'\u00e9meraude | Primardeco - Blog","description":"En savoir plus sur \"Petit guide de l'\u00e9meraude\", un sujet propos\u00e9 dans la cat\u00e9gorie Or, bijoux &amp; argenterie par l'\u00e9quipe Primardeco, sp\u00e9cialistes de l'expertise et de la vente aux ench\u00e8res d'art \u00e0 Toulouse.","robots":{"index":"index","follow":"follow","max-snippet":"max-snippet:-1","max-image-preview":"max-image-preview:large","max-video-preview":"max-video-preview:-1"},"canonical":"https:\/\/www.primardeco.com\/blog\/petit-guide-de-lemeraude\/","og_locale":"fr_FR","og_type":"article","og_title":"Petit guide de l'\u00e9meraude | Primardeco - Blog","og_description":"En savoir plus sur \"Petit guide de l'\u00e9meraude\", un sujet propos\u00e9 dans la cat\u00e9gorie Or, bijoux &amp; argenterie par l'\u00e9quipe Primardeco, sp\u00e9cialistes de l'expertise et de la vente aux ench\u00e8res d'art \u00e0 Toulouse.","og_url":"https:\/\/www.primardeco.com\/blog\/petit-guide-de-lemeraude\/","og_site_name":"Primardeco - Blog","article_publisher":"https:\/\/www.facebook.com\/Primardeco-275817602518624\/","article_published_time":"2023-09-26T20:19:33+00:00","article_modified_time":"2023-09-27T07:17:38+00:00","og_image":[{"width":1108,"height":734,"url":"https:\/\/www.primardeco.com\/blog\/wp-content\/uploads\/2023\/09\/Capture-decran-2023-09-26-a-19.37.45-copie.png","type":"image\/png"}],"author":"Anne de Colonges-Trotignon,","twitter_card":"summary_large_image","twitter_creator":"@PRIMARDECO","twitter_site":"@PRIMARDECO","twitter_misc":{"\u00c9crit par":"Anne de Colonges-Trotignon,","Dur\u00e9e de lecture estim\u00e9e":"7 minutes"},"schema":{"@context":"https:\/\/schema.org","@graph":[{"@type":"Article","@id":"https:\/\/www.primardeco.com\/blog\/petit-guide-de-lemeraude\/#article","isPartOf":{"@id":"https:\/\/www.primardeco.com\/blog\/petit-guide-de-lemeraude\/"},"author":{"name":"Anne de Colonges-Trotignon,","@id":"https:\/\/www.primardeco.com\/blog\/#\/schema\/person\/7de13947a1930d4cdcc9da53f15a8bf6"},"headline":"Petit guide de l&rsquo;\u00e9meraude","datePublished":"2023-09-26T20:19:33+00:00","dateModified":"2023-09-27T07:17:38+00:00","mainEntityOfPage":{"@id":"https:\/\/www.primardeco.com\/blog\/petit-guide-de-lemeraude\/"},"wordCount":2138,"publisher":{"@id":"https:\/\/www.primardeco.com\/blog\/#organization"},"image":{"@id":"https:\/\/www.primardeco.com\/blog\/petit-guide-de-lemeraude\/#primaryimage"},"thumbnailUrl":"https:\/\/www.primardeco.com\/blog\/wp-content\/uploads\/2023\/09\/Capture-decran-2023-09-26-a-19.37.45-copie.png","keywords":["\u00c9meraude","Pierre pr\u00e9cieuse"],"articleSection":["Or, bijoux &amp; argenterie"],"inLanguage":"fr-FR"},{"@type":"WebPage","@id":"https:\/\/www.primardeco.com\/blog\/petit-guide-de-lemeraude\/","url":"https:\/\/www.primardeco.com\/blog\/petit-guide-de-lemeraude\/","name":"Petit guide de l'\u00e9meraude | Primardeco - Blog","isPartOf":{"@id":"https:\/\/www.primardeco.com\/blog\/#website"},"primaryImageOfPage":{"@id":"https:\/\/www.primardeco.com\/blog\/petit-guide-de-lemeraude\/#primaryimage"},"image":{"@id":"https:\/\/www.primardeco.com\/blog\/petit-guide-de-lemeraude\/#primaryimage"},"thumbnailUrl":"https:\/\/www.primardeco.com\/blog\/wp-content\/uploads\/2023\/09\/Capture-decran-2023-09-26-a-19.37.45-copie.png","datePublished":"2023-09-26T20:19:33+00:00","dateModified":"2023-09-27T07:17:38+00:00","description":"En savoir plus sur \"Petit guide de l'\u00e9meraude\", un sujet propos\u00e9 dans la cat\u00e9gorie Or, bijoux &amp; argenterie par l'\u00e9quipe Primardeco, sp\u00e9cialistes de l'expertise et de la vente aux ench\u00e8res d'art \u00e0 Toulouse.","breadcrumb":{"@id":"https:\/\/www.primardeco.com\/blog\/petit-guide-de-lemeraude\/#breadcrumb"},"inLanguage":"fr-FR","potentialAction":[{"@type":"ReadAction","target":["https:\/\/www.primardeco.com\/blog\/petit-guide-de-lemeraude\/"]}]},{"@type":"ImageObject","inLanguage":"fr-FR","@id":"https:\/\/www.primardeco.com\/blog\/petit-guide-de-lemeraude\/#primaryimage","url":"https:\/\/www.primardeco.com\/blog\/wp-content\/uploads\/2023\/09\/Capture-decran-2023-09-26-a-19.37.45-copie.png","contentUrl":"https:\/\/www.primardeco.com\/blog\/wp-content\/uploads\/2023\/09\/Capture-decran-2023-09-26-a-19.37.45-copie.png","width":1108,"height":734,"caption":"Emeraude sur papier \u00a9Primardeco"},{"@type":"BreadcrumbList","@id":"https:\/\/www.primardeco.com\/blog\/petit-guide-de-lemeraude\/#breadcrumb","itemListElement":[{"@type":"ListItem","position":1,"name":"Accueil","item":"https:\/\/www.primardeco.com\/blog\/"},{"@type":"ListItem","position":2,"name":"Petit guide de l&rsquo;\u00e9meraude"}]},{"@type":"WebSite","@id":"https:\/\/www.primardeco.com\/blog\/#website","url":"https:\/\/www.primardeco.com\/blog\/","name":"Primardeco - Blog","description":"Expertises et Ventes aux ench\u00e8res","publisher":{"@id":"https:\/\/www.primardeco.com\/blog\/#organization"},"potentialAction":[{"@type":"SearchAction","target":{"@type":"EntryPoint","urlTemplate":"https:\/\/www.primardeco.com\/blog\/?s={search_term_string}"},"query-input":{"@type":"PropertyValueSpecification","valueRequired":true,"valueName":"search_term_string"}}],"inLanguage":"fr-FR"},{"@type":"Organization","@id":"https:\/\/www.primardeco.com\/blog\/#organization","name":"Le Blog Primardeco, Ventes aux Ench\u00e8res d'Art \u00e0 Toulouse","url":"https:\/\/www.primardeco.com\/blog\/","logo":{"@type":"ImageObject","inLanguage":"fr-FR","@id":"https:\/\/www.primardeco.com\/blog\/#\/schema\/logo\/image\/","url":"https:\/\/www.primardeco.com\/blog\/wp-content\/uploads\/2021\/11\/logo-primardeco-blog.png","contentUrl":"https:\/\/www.primardeco.com\/blog\/wp-content\/uploads\/2021\/11\/logo-primardeco-blog.png","width":282,"height":84,"caption":"Le Blog Primardeco, Ventes aux Ench\u00e8res d'Art \u00e0 Toulouse"},"image":{"@id":"https:\/\/www.primardeco.com\/blog\/#\/schema\/logo\/image\/"},"sameAs":["https:\/\/www.facebook.com\/Primardeco-275817602518624\/","https:\/\/x.com\/PRIMARDECO","https:\/\/www.instagram.com\/primardeco\/"]},{"@type":"Person","@id":"https:\/\/www.primardeco.com\/blog\/#\/schema\/person\/7de13947a1930d4cdcc9da53f15a8bf6","name":"Anne de Colonges-Trotignon,","image":{"@type":"ImageObject","inLanguage":"fr-FR","@id":"https:\/\/www.primardeco.com\/blog\/#\/schema\/person\/image\/","url":"https:\/\/secure.gravatar.com\/avatar\/853054ac9272b8d8231f62d5ba9a57c0838e74856b0112cb96fd18a428d1d335?s=96&d=mm&r=g","contentUrl":"https:\/\/secure.gravatar.com\/avatar\/853054ac9272b8d8231f62d5ba9a57c0838e74856b0112cb96fd18a428d1d335?s=96&d=mm&r=g","caption":"Anne de Colonges-Trotignon,"},"url":"https:\/\/www.primardeco.com\/blog\/author\/anne\/"}]}},"_links":{"self":[{"href":"https:\/\/www.primardeco.com\/blog\/wp-json\/wp\/v2\/posts\/2547","targetHints":{"allow":["GET"]}}],"collection":[{"href":"https:\/\/www.primardeco.com\/blog\/wp-json\/wp\/v2\/posts"}],"about":[{"href":"https:\/\/www.primardeco.com\/blog\/wp-json\/wp\/v2\/types\/post"}],"author":[{"embeddable":true,"href":"https:\/\/www.primardeco.com\/blog\/wp-json\/wp\/v2\/users\/2"}],"replies":[{"embeddable":true,"href":"https:\/\/www.primardeco.com\/blog\/wp-json\/wp\/v2\/comments?post=2547"}],"version-history":[{"count":4,"href":"https:\/\/www.primardeco.com\/blog\/wp-json\/wp\/v2\/posts\/2547\/revisions"}],"predecessor-version":[{"id":2564,"href":"https:\/\/www.primardeco.com\/blog\/wp-json\/wp\/v2\/posts\/2547\/revisions\/2564"}],"wp:featuredmedia":[{"embeddable":true,"href":"https:\/\/www.primardeco.com\/blog\/wp-json\/wp\/v2\/media\/2552"}],"wp:attachment":[{"href":"https:\/\/www.primardeco.com\/blog\/wp-json\/wp\/v2\/media?parent=2547"}],"wp:term":[{"taxonomy":"category","embeddable":true,"href":"https:\/\/www.primardeco.com\/blog\/wp-json\/wp\/v2\/categories?post=2547"},{"taxonomy":"post_tag","embeddable":true,"href":"https:\/\/www.primardeco.com\/blog\/wp-json\/wp\/v2\/tags?post=2547"}],"curies":[{"name":"wp","href":"https:\/\/api.w.org\/{rel}","templated":true}]}}