{"id":2176,"date":"2022-10-25T09:38:11","date_gmt":"2022-10-25T07:38:11","guid":{"rendered":"https:\/\/www.primardeco.com\/blog\/?p=2176"},"modified":"2022-10-26T13:58:12","modified_gmt":"2022-10-26T11:58:12","slug":"la-porcelaine-bleu-de-hue","status":"publish","type":"post","link":"https:\/\/www.primardeco.com\/blog\/la-porcelaine-bleu-de-hue\/","title":{"rendered":"La porcelaine \u00ab\u00a0Bleu de Hu\u00ea\u00a0\u00bb"},"content":{"rendered":"<p>[et_pb_section fb_built=\u00a0\u00bb1&Prime; _builder_version=\u00a0\u00bb4.16&Prime; global_colors_info=\u00a0\u00bb{}\u00a0\u00bb][et_pb_row _builder_version=\u00a0\u00bb4.16&Prime; background_size=\u00a0\u00bbinitial\u00a0\u00bb background_position=\u00a0\u00bbtop_left\u00a0\u00bb background_repeat=\u00a0\u00bbrepeat\u00a0\u00bb global_colors_info=\u00a0\u00bb{}\u00a0\u00bb][et_pb_column type=\u00a0\u00bb4_4&Prime; _builder_version=\u00a0\u00bb4.16&Prime; custom_padding=\u00a0\u00bb|||\u00a0\u00bb global_colors_info=\u00a0\u00bb{}\u00a0\u00bb custom_padding__hover=\u00a0\u00bb|||\u00a0\u00bb][et_pb_text admin_label=\u00a0\u00bbIntro\u00a0\u00bb _builder_version=\u00a0\u00bb4.18.0&Prime; _module_preset=\u00a0\u00bbdefault\u00a0\u00bb custom_padding=\u00a0\u00bb1px|||||\u00a0\u00bb global_colors_info=\u00a0\u00bb{}\u00a0\u00bb]<\/p>\n<p><em>L\u2019une des porcelaines asiatiques la plus connue est probablement la <strong>porcelaine \u00ab\u00a0 Bleu de Hu\u00ea\u00a0\u00bb<\/strong>. Aujourd&rsquo;hui, le \u00ab\u00a0Bleu de Hu\u00ea\u00a0\u00bb est une expression devenue g\u00e9n\u00e9rique pour d\u00e9signer un type de porcelaine bien sp\u00e9cifique. Appr\u00e9ci\u00e9e par les collectionneurs, elle rencontre toujours un franc succ\u00e8s en <strong>ventes aux ench\u00e8res<\/strong>. <\/em><\/p>\n<p>[\/et_pb_text][et_pb_divider _builder_version=\u00a0\u00bb4.16&Prime; _module_preset=\u00a0\u00bbdefault\u00a0\u00bb global_colors_info=\u00a0\u00bb{}\u00a0\u00bb][\/et_pb_divider][et_pb_text _builder_version=\u00a0\u00bb4.16&Prime; background_size=\u00a0\u00bbinitial\u00a0\u00bb background_position=\u00a0\u00bbtop_left\u00a0\u00bb background_repeat=\u00a0\u00bbrepeat\u00a0\u00bb global_colors_info=\u00a0\u00bb{}\u00a0\u00bb]<\/p>\n<h2>LE bleu de Hue : quesaco ?<\/h2>\n<p>&nbsp;<\/p>\n<p>L\u2019expression<b> \u00ab\u00a0Bleu de Hu\u00ea\u00a0\u00bb<\/b> a \u00e9t\u00e9 invent\u00e9e par<b> Louis Chochod<\/b> (1877-1957), professeur de langues orientales \u00e0 Hano\u00ef pour d\u00e9signer la porcelaine \u00e0 d\u00e9cor peint en bleu de cobalt sous couverte. Il pr\u00e9cise qu\u2019\u00ab Il existe deux cat\u00e9gories de porcelaines appel\u00e9es \u00ab\u00a0<strong>bleu de Hu\u00e9<\/strong>\u00ab\u00a0. Les premi\u00e8res sont fabriqu\u00e9es dans les environs de la capitale de l&rsquo;Annam [Hu\u1ebf] durant la p\u00e9riode de 1802 \u00e0 1884. Et les secondes sont des pi\u00e8ces de porcelaine r\u00e9alis\u00e9es en Chine avant d\u2019\u00eatre import\u00e9es au Vi\u00eatnam \u00bb<span><sup> <\/sup><\/span>(Chochod Louis, 1943, Hu\u00e9 la Myst\u00e9rieuse, Paris, p. 241).<\/p>\n<p>Selon <strong>Louis Chochod<\/strong>, cette expression devait faire r\u00e9f\u00e9rence \u00e0 un des lieux de production les plus importants : <b>Hu\u00ea<\/b>, ancienne capitale du Vietnam. En r\u00e9alit\u00e9, et contrairement aux croyances du professeur, la porcelaine de Hu\u00ea n\u2019a jamais \u00e9t\u00e9 fabriqu\u00e9e au <b>Vietnam<\/b>, mais import\u00e9e depuis la <b>Chine<\/b>. Ces pi\u00e8ces rares et souvent d\u2019une grande qualit\u00e9 \u00e9taient, en effet, r\u00e9alis\u00e9es en Chine pour la Cour vietnamienne. Elles sont le reflet des \u00e9changes commerciaux qui existent entre la <b>Chine <\/b>et le Vietnam et t\u00e9moignent du go\u00fbt des \u00e9lites asiatiques.<\/p>\n<p>[\/et_pb_text][\/et_pb_column][\/et_pb_row][et_pb_row _builder_version=\u00a0\u00bb4.18.0&Prime; _module_preset=\u00a0\u00bbdefault\u00a0\u00bb global_colors_info=\u00a0\u00bb{}\u00a0\u00bb][et_pb_column type=\u00a0\u00bb4_4&Prime; _builder_version=\u00a0\u00bb4.18.0&Prime; _module_preset=\u00a0\u00bbdefault\u00a0\u00bb global_colors_info=\u00a0\u00bb{}\u00a0\u00bb][et_pb_image src=\u00a0\u00bbhttps:\/\/www.primardeco.com\/blog\/wp-content\/uploads\/2022\/10\/eef3003447bfd0eba951525ceb81e7d1b8e944a8.jpg\u00a0\u00bb alt=\u00a0\u00bbPorcelaines Bleu de Hu\u00ea \u00a9Primardeco\u00a0\u00bb title_text=\u00a0\u00bbPorcelaines Bleu de Hu\u00ea \u00a9Primardeco\u00a0\u00bb _builder_version=\u00a0\u00bb4.18.0&Prime; _module_preset=\u00a0\u00bbdefault\u00a0\u00bb global_colors_info=\u00a0\u00bb{}\u00a0\u00bb][\/et_pb_image][et_pb_text _builder_version=\u00a0\u00bb4.18.0&Prime; _module_preset=\u00a0\u00bbdefault\u00a0\u00bb global_colors_info=\u00a0\u00bb{}\u00a0\u00bb]<\/p>\n<p>Aujourd\u2019hui, et pour une meilleure compr\u00e9hension g\u00e9n\u00e9rale, l\u2019expression \u00ab\u00a0<strong>Bleu de Hu\u00ea<\/strong>\u00a0\u00bb d\u00e9signe les <strong>porcelaines \u00e0 d\u00e9cor peint en bleu de cobalt sous couverte fabriqu\u00e9es pour le Vietnam entre le XVIIIe et le XXe si\u00e8cle<\/strong>.<\/p>\n<p>Parmi la porcelaine \u00ab\u00a0Bleu de Hu\u00ea\u00a0\u00bb, deux cat\u00e9gories peuvent \u00eatre distingu\u00e9es :<br \/>&#8211; Les porcelaines command\u00e9es par la Cour vietnamienne \u00e0 la Chine aux d\u00e9cors et aux formes d\u2019inspirations vietnamiennes.<br \/>&#8211; Les porcelaines de Chine offertes comme cadeaux diplomatiques.<\/p>\n<p>[\/et_pb_text][\/et_pb_column][\/et_pb_row][et_pb_row _builder_version=\u00a0\u00bb4.16&Prime; _module_preset=\u00a0\u00bbdefault\u00a0\u00bb global_colors_info=\u00a0\u00bb{}\u00a0\u00bb][et_pb_column type=\u00a0\u00bb4_4&Prime; _builder_version=\u00a0\u00bb4.16&Prime; _module_preset=\u00a0\u00bbdefault\u00a0\u00bb global_colors_info=\u00a0\u00bb{}\u00a0\u00bb][et_pb_text _builder_version=\u00a0\u00bb4.16&Prime; _module_preset=\u00a0\u00bbdefault\u00a0\u00bb global_colors_info=\u00a0\u00bb{}\u00a0\u00bb]<\/p>\n<h2>LA PORCELAINE BLEU DE HUE : une prouesse technique<\/h2>\n<p>&nbsp;<\/p>\n<p>La fabrication de la<strong> porcelaine de Hu\u00ea<\/strong> en bleu-blanc rel\u00e8ve d\u2019une v\u00e9ritable prouesse technique.<\/p>\n<p>La premi\u00e8re \u00e9tape consiste \u00e0 r\u00e9aliser la d\u00e9coration sur la porcelaine avec du <strong>cobalt<\/strong>. L\u2019artiste doit \u00eatre tr\u00e8s pr\u00e9cautionneux puisqu\u2019appliqu\u00e9 directement sur la p\u00e2te de porcelaine, cette technique ne tol\u00e8re aucun retour en arri\u00e8re. Une fois s\u00e8che, la porcelaine est recouverte d\u2019une gla\u00e7ure avant d\u2019\u00eatre cuite dans un four \u00e0 plus de 1200\u00b0. Le<strong> d\u00e9cor bleu<\/strong> est ainsi prot\u00e9g\u00e9 et cela explique son incroyable vivacit\u00e9 m\u00eame plusieurs si\u00e8cles apr\u00e8s sa fabrication.<span class=\"Apple-converted-space\">\u00a0<\/span><\/p>\n<p>[\/et_pb_text][et_pb_image src=\u00a0\u00bbhttps:\/\/www.primardeco.com\/blog\/wp-content\/uploads\/2022\/10\/Detail-du-decor-dun-vase-Bleu-de-Hue-musee-Guimet-\u00a9Flickr-scaled.jpg\u00a0\u00bb title_text=\u00a0\u00bb(Hu\u00e9)\u00a0\u00bb _builder_version=\u00a0\u00bb4.18.0&Prime; _module_preset=\u00a0\u00bbdefault\u00a0\u00bb global_colors_info=\u00a0\u00bb{}\u00a0\u00bb][\/et_pb_image][et_pb_text _builder_version=\u00a0\u00bb4.18.0&Prime; _module_preset=\u00a0\u00bbdefault\u00a0\u00bb global_colors_info=\u00a0\u00bb{}\u00a0\u00bb]<\/p>\n<p>Principalement fabriqu\u00e9es pour l\u2019exportation, ces porcelaines sont des <strong>pi\u00e8ces de luxe<\/strong> r\u00e9serv\u00e9es \u00e0 l\u2019\u00e9lite : hommes de cour, nobles, officiers de haut rang, riches marchands, etc. Elles deviennent rapidement un<strong> symbole de richesse et de pouvoir<\/strong>.<\/p>\n<p>[\/et_pb_text][\/et_pb_column][\/et_pb_row][et_pb_row _builder_version=\u00a0\u00bb4.16&Prime; _module_preset=\u00a0\u00bbdefault\u00a0\u00bb global_colors_info=\u00a0\u00bb{}\u00a0\u00bb][et_pb_column type=\u00a0\u00bb4_4&Prime; _builder_version=\u00a0\u00bb4.16&Prime; _module_preset=\u00a0\u00bbdefault\u00a0\u00bb global_colors_info=\u00a0\u00bb{}\u00a0\u00bb][et_pb_text _builder_version=\u00a0\u00bb4.16&Prime; _module_preset=\u00a0\u00bbdefault\u00a0\u00bb global_colors_info=\u00a0\u00bb{}\u00a0\u00bb]<\/p>\n<h2>L&rsquo;origine de la porcelaine \u00ab\u00a0bleu de hu\u00ea\u00a0\u00bb <b><\/b><\/h2>\n<p>&nbsp;<\/p>\n<p>La technique de <strong>porcelaine \u00ab\u00a0Bleu de Hu\u00ea\u00a0\u00bb<\/strong> est invent\u00e9e par les <strong>Perses<\/strong> au XIIIe si\u00e8cle avant d\u2019\u00eatre import\u00e9e en<strong> Chine<\/strong> par la <strong>dynastie Yuan<\/strong> (1271-1368). Le cobalt (c\u2019est-\u00e0-dire le pigment bleu) \u00e9tant import\u00e9 par la route maritime du golfe persan et le Nord \u00e9tant fr\u00e9quemment sujet \u00e0 des instabilit\u00e9s politiques, la <strong>porcelaine \u00ab\u00a0Bleu de Hu\u00ea\u00a0\u00bb<\/strong> est d\u2019abord produite en Chine du Sud.<span class=\"Apple-converted-space\">\u00a0<\/span><\/p>\n<p>A cette \u00e9poque, les pi\u00e8ces sont de petites tailles et s\u2019inspirent des objets perses en m\u00e9tal ou en verre.<span class=\"Apple-converted-space\">\u00a0<\/span><\/p>\n<p>[\/et_pb_text][\/et_pb_column][\/et_pb_row][et_pb_row column_structure=\u00a0\u00bb1_2,1_2&Prime; _builder_version=\u00a0\u00bb4.18.0&Prime; _module_preset=\u00a0\u00bbdefault\u00a0\u00bb global_colors_info=\u00a0\u00bb{}\u00a0\u00bb][et_pb_column type=\u00a0\u00bb1_2&Prime; _builder_version=\u00a0\u00bb4.18.0&Prime; _module_preset=\u00a0\u00bbdefault\u00a0\u00bb global_colors_info=\u00a0\u00bb{}\u00a0\u00bb][et_pb_text _builder_version=\u00a0\u00bb4.18.0&Prime; _module_preset=\u00a0\u00bbdefault\u00a0\u00bb global_colors_info=\u00a0\u00bb{}\u00a0\u00bb]<\/p>\n<p>Principalement destin\u00e9e \u00e0 l\u2019exportation, la porcelaine est envoy\u00e9e en Asie, mais aussi au Moyen Orient comme en t\u00e9moignent les collections du p<strong>alais de Topkapi \u00e0 Istanbul<\/strong> ou celles du <strong>Mus\u00e9e arch\u00e9ologique d\u2019Iran \u00e0 T\u00e9h\u00e9ran<\/strong>.<\/p>\n<p>[\/et_pb_text][\/et_pb_column][et_pb_column type=\u00a0\u00bb1_2&Prime; _builder_version=\u00a0\u00bb4.18.0&Prime; _module_preset=\u00a0\u00bbdefault\u00a0\u00bb global_colors_info=\u00a0\u00bb{}\u00a0\u00bb][et_pb_image src=\u00a0\u00bbhttps:\/\/www.primardeco.com\/blog\/wp-content\/uploads\/2022\/10\/Istanbul-Palais_de_Topkapi-Plat_imperial_en_porcelaine_de_Chine-1981-\u00a9Wikimedia-Commons.jpeg\u00a0\u00bb alt=\u00a0\u00bbIstanbul-Palais_de_Topkapi-Plat_imp\u00e9rial_en_porcelaine_de_Chine-1981 \u00a9Wikimedia Commons\u00a0\u00bb title_text=\u00a0\u00bbIstanbul-Palais_de_Topkapi-Plat_imp\u00e9rial_en_porcelaine_de_Chine-1981 \u00a9Wikimedia Commons\u00a0\u00bb _builder_version=\u00a0\u00bb4.18.0&Prime; _module_preset=\u00a0\u00bbdefault\u00a0\u00bb global_colors_info=\u00a0\u00bb{}\u00a0\u00bb][\/et_pb_image][\/et_pb_column][\/et_pb_row][et_pb_row _builder_version=\u00a0\u00bb4.18.0&Prime; _module_preset=\u00a0\u00bbdefault\u00a0\u00bb global_colors_info=\u00a0\u00bb{}\u00a0\u00bb][et_pb_column type=\u00a0\u00bb4_4&Prime; _builder_version=\u00a0\u00bb4.18.0&Prime; _module_preset=\u00a0\u00bbdefault\u00a0\u00bb global_colors_info=\u00a0\u00bb{}\u00a0\u00bb][et_pb_text _builder_version=\u00a0\u00bb4.18.0&Prime; _module_preset=\u00a0\u00bbdefault\u00a0\u00bb global_colors_info=\u00a0\u00bb{}\u00a0\u00bb]<\/p>\n<p>Au cours du XIVe si\u00e8cle, les potiers chinois perfectionnent leur technique et les pi\u00e8ces sont de plus en plus monumentales : c\u2019est <strong>l\u2019\u00e2ge d\u2019or de la porcelaine \u00ab\u00a0Bleu de Hu\u00ea\u00a0\u00bb<\/strong>.<\/p>\n<p>[\/et_pb_text][\/et_pb_column][\/et_pb_row][et_pb_row _builder_version=\u00a0\u00bb4.16&Prime; _module_preset=\u00a0\u00bbdefault\u00a0\u00bb global_colors_info=\u00a0\u00bb{}\u00a0\u00bb][et_pb_column type=\u00a0\u00bb4_4&Prime; _builder_version=\u00a0\u00bb4.16&Prime; _module_preset=\u00a0\u00bbdefault\u00a0\u00bb global_colors_info=\u00a0\u00bb{}\u00a0\u00bb][et_pb_text _builder_version=\u00a0\u00bb4.16&Prime; _module_preset=\u00a0\u00bbdefault\u00a0\u00bb custom_padding=\u00a0\u00bb4px|||||\u00a0\u00bb global_colors_info=\u00a0\u00bb{}\u00a0\u00bb]<\/p>\n<h1>L&rsquo;\u00e2ge d&rsquo;or du bleu de hu\u00ea<\/h1>\n<p><b><\/b><\/p>\n<p>La <strong>dynastie Ming<\/strong> (1368-1644) succ\u00e8de \u00e0 la <strong>dynastie Yuan<\/strong>. Cette \u00e9poque est traditionnellement consid\u00e9r\u00e9e comme l\u2019\u00e2ge d\u2019or de la porcelaine \u00ab\u00a0<strong>Bleu de Hu\u00ea\u00a0<\/strong>\u00bb. Au d\u00e9but de cette p\u00e9riode, et alors qu\u2019il \u00e9tait import\u00e9 du Moyen-Orient, du cobalt est d\u00e9couvert en Chine. Sous cette m\u00eame dynastie, et plus pr\u00e9cis\u00e9ment sous le r\u00e8gne de <strong>Yongle<\/strong> (1402-1424), la porcelaine commence \u00e0 \u00eatre commercialis\u00e9e \u00e0 grande \u00e9chelle.<em><\/em><\/p>\n<p>[\/et_pb_text][\/et_pb_column][\/et_pb_row][et_pb_row column_structure=\u00a0\u00bb1_2,1_2&Prime; _builder_version=\u00a0\u00bb4.18.0&Prime; _module_preset=\u00a0\u00bbdefault\u00a0\u00bb global_colors_info=\u00a0\u00bb{}\u00a0\u00bb][et_pb_column type=\u00a0\u00bb1_2&Prime; _builder_version=\u00a0\u00bb4.18.0&Prime; _module_preset=\u00a0\u00bbdefault\u00a0\u00bb global_colors_info=\u00a0\u00bb{}\u00a0\u00bb][et_pb_image src=\u00a0\u00bbhttps:\/\/www.primardeco.com\/blog\/wp-content\/uploads\/2022\/10\/Yongle-\u00a9Merveilles-du-monde.jpeg\u00a0\u00bb alt=\u00a0\u00bbEmpereur Yongle dynastie Ming \u00a9Merveilles du monde\u00a0\u00bb title_text=\u00a0\u00bbEmpereur Yongle dynastie Ming \u00a9Merveilles du monde\u00a0\u00bb _builder_version=\u00a0\u00bb4.18.0&Prime; _module_preset=\u00a0\u00bbdefault\u00a0\u00bb global_colors_info=\u00a0\u00bb{}\u00a0\u00bb][\/et_pb_image][\/et_pb_column][et_pb_column type=\u00a0\u00bb1_2&Prime; _builder_version=\u00a0\u00bb4.18.0&Prime; _module_preset=\u00a0\u00bbdefault\u00a0\u00bb global_colors_info=\u00a0\u00bb{}\u00a0\u00bb][et_pb_image src=\u00a0\u00bbhttps:\/\/www.primardeco.com\/blog\/wp-content\/uploads\/2022\/10\/Ming-Yongle.-\u00a9Flickr.jpeg\u00a0\u00bb alt=\u00a0\u00bbMing &#8211; Yongle. \u00a9Flickr\u00a0\u00bb title_text=\u00a0\u00bbMing &#8211; Yongle. \u00a9Flickr\u00a0\u00bb _builder_version=\u00a0\u00bb4.18.0&Prime; _module_preset=\u00a0\u00bbdefault\u00a0\u00bb global_colors_info=\u00a0\u00bb{}\u00a0\u00bb][\/et_pb_image][\/et_pb_column][\/et_pb_row][et_pb_row _builder_version=\u00a0\u00bb4.18.0&Prime; _module_preset=\u00a0\u00bbdefault\u00a0\u00bb global_colors_info=\u00a0\u00bb{}\u00a0\u00bb][et_pb_column type=\u00a0\u00bb4_4&Prime; _builder_version=\u00a0\u00bb4.18.0&Prime; _module_preset=\u00a0\u00bbdefault\u00a0\u00bb global_colors_info=\u00a0\u00bb{}\u00a0\u00bb][et_pb_text _builder_version=\u00a0\u00bb4.18.0&Prime; _module_preset=\u00a0\u00bbdefault\u00a0\u00bb global_colors_info=\u00a0\u00bb{}\u00a0\u00bb]<\/p>\n<p>L\u2019empereur <strong>Xuande<\/strong> de la dynastie<strong> Ming<\/strong> fut probablement celui qui se passionna le plus pour ces pi\u00e8ces et encourage grandement leur production destin\u00e9e \u00e0 l\u2019exportation, mais aussi \u00e0 l\u2019\u00e9lite de son pays. En effet, d\u00e8s le XIVe si\u00e8cle, les \u00e9lites chinoises manifestent leur go\u00fbt pour ces pi\u00e8ces exceptionnelles. Une soixantaine de fours de la <strong>manufacture imp\u00e9riale de Jingdezhen<\/strong> sont alors consacr\u00e9s \u00e0 cette p\u00e9riode aux commandes de la Cour.<\/p>\n<p>[\/et_pb_text][\/et_pb_column][\/et_pb_row][et_pb_row column_structure=\u00a0\u00bb1_2,1_2&Prime; _builder_version=\u00a0\u00bb4.18.0&Prime; _module_preset=\u00a0\u00bbdefault\u00a0\u00bb global_colors_info=\u00a0\u00bb{}\u00a0\u00bb][et_pb_column type=\u00a0\u00bb1_2&Prime; _builder_version=\u00a0\u00bb4.18.0&Prime; _module_preset=\u00a0\u00bbdefault\u00a0\u00bb global_colors_info=\u00a0\u00bb{}\u00a0\u00bb][et_pb_image src=\u00a0\u00bbhttps:\/\/www.primardeco.com\/blog\/wp-content\/uploads\/2022\/10\/Xuande_Emperor-\u00a9Wikimedia-Commons-scaled.jpeg\u00a0\u00bb alt=\u00a0\u00bbXuande_Emperor \u00a9Wikimedia Commons\u00a0\u00bb title_text=\u00a0\u00bbXuande_Emperor \u00a9Wikimedia Commons\u00a0\u00bb _builder_version=\u00a0\u00bb4.18.0&Prime; _module_preset=\u00a0\u00bbdefault\u00a0\u00bb global_colors_info=\u00a0\u00bb{}\u00a0\u00bb][\/et_pb_image][\/et_pb_column][et_pb_column type=\u00a0\u00bb1_2&Prime; _builder_version=\u00a0\u00bb4.18.0&Prime; _module_preset=\u00a0\u00bbdefault\u00a0\u00bb global_colors_info=\u00a0\u00bb{}\u00a0\u00bb][et_pb_image src=\u00a0\u00bbhttps:\/\/www.primardeco.com\/blog\/wp-content\/uploads\/2022\/10\/Chinese_Ming_Dynasty_Stem_Bowl_Xuande_period-\u00a9Wikimedia-Commons-scaled.jpg\u00a0\u00bb alt=\u00a0\u00bbChinese Ming Dynasty, Stem Bowl, Xuande period, 1426\/1435, porcelain with underglaze blue decoration, Harry G. Steele Collection. \u00a9Wikimedia Commons\u00a0\u00bb title_text=\u00a0\u00bbChinese Ming Dynasty, Stem Bowl, Xuande period, 1426\/1435, porcelain with underglaze blue decoration, Harry G. Steele Collection. \u00a9Wikimedia Commons\u00a0\u00bb _builder_version=\u00a0\u00bb4.18.0&Prime; _module_preset=\u00a0\u00bbdefault\u00a0\u00bb global_colors_info=\u00a0\u00bb{}\u00a0\u00bb][\/et_pb_image][\/et_pb_column][\/et_pb_row][et_pb_row _builder_version=\u00a0\u00bb4.18.0&Prime; _module_preset=\u00a0\u00bbdefault\u00a0\u00bb global_colors_info=\u00a0\u00bb{}\u00a0\u00bb][et_pb_column type=\u00a0\u00bb4_4&Prime; _builder_version=\u00a0\u00bb4.18.0&Prime; _module_preset=\u00a0\u00bbdefault\u00a0\u00bb global_colors_info=\u00a0\u00bb{}\u00a0\u00bb][et_pb_text _builder_version=\u00a0\u00bb4.18.0&Prime; _module_preset=\u00a0\u00bbdefault\u00a0\u00bb global_colors_info=\u00a0\u00bb{}\u00a0\u00bb]<\/p>\n<p>Sous la <strong>dynastie des Qing<\/strong> (1644-1911), \u00e0 l\u2019\u00e9poque de l\u2019empereur<strong> Kangxi<\/strong> (1661-1722), le cobalt est de plus en plus pur. En effet, gr\u00e2ce \u00e0 de nombreuses innovations techniques, les potiers chinois parviennent \u00e0 supprimer les impuret\u00e9s pr\u00e9sentes dans le pigment \u00e0 l\u2019\u00e9tat naturel. Sa couleur est alors d\u00e9cupl\u00e9e : on parle m\u00eame de \u00ab<strong>\u00a0bleu saphir\u00a0<\/strong>\u00bb pour qualifier le d\u00e9cor des porcelaines de cette p\u00e9riode. Cette <a href=\"https:\/\/www.primardeco.com\/art-de-la-chine-et-dex-orient\/grande-potiche-en-porcelaine-a-decor-moule-et-bleu-sous-couverte-de-pe-47551\">grande potiche<\/a> en est un tr\u00e8s bel exemple.<\/p>\n<p>[\/et_pb_text][et_pb_image src=\u00a0\u00bbhttps:\/\/www.primardeco.com\/blog\/wp-content\/uploads\/2022\/10\/Potiche-porcelaine-bleu-blanc-\u00a9Primardeco.jpg\u00a0\u00bb alt=\u00a0\u00bbPotiche porcelaine bleu de Hu\u00ea \u00a9Primardeco\u00a0\u00bb title_text=\u00a0\u00bbPotiche porcelaine bleu de Hu\u00ea \u00a9Primardeco\u00a0\u00bb _builder_version=\u00a0\u00bb4.18.0&Prime; _module_preset=\u00a0\u00bbdefault\u00a0\u00bb global_colors_info=\u00a0\u00bb{}\u00a0\u00bb][\/et_pb_image][et_pb_text _builder_version=\u00a0\u00bb4.18.0&Prime; _module_preset=\u00a0\u00bbdefault\u00a0\u00bb global_colors_info=\u00a0\u00bb{}\u00a0\u00bb]<\/p>\n<p>Perfectionn\u00e9 sous les dynasties pr\u00e9c\u00e9dentes, l\u2019exceptionnel savoir faire des potiers chinois aboutit \u00e0 la cr\u00e9ation de pi\u00e8ces aux formes multiples : potiches, bols, vases, assiettes, th\u00e9i\u00e8res\u2026 richement d\u00e9cor\u00e9es.<\/p>\n<p>[\/et_pb_text][\/et_pb_column][\/et_pb_row][et_pb_row _builder_version=\u00a0\u00bb4.18.0&Prime; _module_preset=\u00a0\u00bbdefault\u00a0\u00bb global_colors_info=\u00a0\u00bb{}\u00a0\u00bb][et_pb_column type=\u00a0\u00bb4_4&Prime; _builder_version=\u00a0\u00bb4.18.0&Prime; _module_preset=\u00a0\u00bbdefault\u00a0\u00bb global_colors_info=\u00a0\u00bb{}\u00a0\u00bb][et_pb_text _builder_version=\u00a0\u00bb4.18.0&Prime; _module_preset=\u00a0\u00bbdefault\u00a0\u00bb global_colors_info=\u00a0\u00bb{}\u00a0\u00bb]<\/p>\n<h1>De la Chine au Vietnam : la folle aventure du bleu de Hu\u00ea<\/h1>\n<p>&nbsp;<\/p>\n<p>Jusqu\u2019en 1885, le <strong>Vietnam<\/strong> est vassal de la <strong>Chine<\/strong> et doit, \u00e0 ce titre, porter des tribus aux empereurs chinois. En \u00e9change, les <strong>mandarins vietnamiens<\/strong> pouvaient commander de la porcelaine. Tr\u00e8s vite, la porcelaine la plus pris\u00e9e est celle fabriqu\u00e9e \u00e0 la manufacture imp\u00e9riale de <strong>Jingdezhen<\/strong>, situ\u00e9e dans la province du Jiangxi en Chine.<\/p>\n<p>[\/et_pb_text][et_pb_image src=\u00a0\u00bbhttps:\/\/www.primardeco.com\/blog\/wp-content\/uploads\/2022\/10\/Dessin-pour-decor-porcelaine-Bleu-de-Hue-\u00a9Flickr.jpg\u00a0\u00bb alt=\u00a0\u00bbDessin pour d\u00e9cor porcelaine Bleu de Hu\u00ea \u00a9Flickr\u00a0\u00bb title_text=\u00a0\u00bbDessin pour d\u00e9cor porcelaine Bleu de Hu\u00ea \u00a9Flickr\u00a0\u00bb _builder_version=\u00a0\u00bb4.18.0&Prime; _module_preset=\u00a0\u00bbdefault\u00a0\u00bb global_colors_info=\u00a0\u00bb{}\u00a0\u00bb][\/et_pb_image][et_pb_text _builder_version=\u00a0\u00bb4.18.0&Prime; _module_preset=\u00a0\u00bbdefault\u00a0\u00bb global_colors_info=\u00a0\u00bb{}\u00a0\u00bb]<\/p>\n<p><span style=\"font-size: 16px;\">Au <\/span><strong style=\"font-size: 16px;\">XVIIIe si\u00e8cle<\/strong><span style=\"font-size: 16px;\">, la cour Vietnamienne, dirig\u00e9e par la <\/span><strong style=\"font-size: 16px;\">dynastie L\u00ea<\/strong>, se r\u00e9v\u00e8le tr\u00e8s friande de ces porcelaines et est \u00e0 l\u2019origine de nombreuses commandes. Ces pi\u00e8ces se caract\u00e9risent par leur d\u00e9cor et leur forme aux inspirations vietnamiennes. Par exemple, le\u00a0motif du dragon, caract\u00e9ristique de l&rsquo;<strong>iconographie vietnamienne<\/strong>, est r\u00e9current.\u00a0<\/p>\n<p>[\/et_pb_text][et_pb_image src=\u00a0\u00bbhttps:\/\/www.primardeco.com\/blog\/wp-content\/uploads\/2022\/10\/Bleu-de-Hue-musee-Guimet-\u00a9Flickr.jpg\u00a0\u00bb alt=\u00a0\u00bbBleu de Hu\u00ea mus\u00e9e Guimet \u00a9Flickr\u00a0\u00bb title_text=\u00a0\u00bbBleu de Hu\u00ea mus\u00e9e Guimet \u00a9Flickr\u00a0\u00bb _builder_version=\u00a0\u00bb4.18.0&Prime; _module_preset=\u00a0\u00bbdefault\u00a0\u00bb global_colors_info=\u00a0\u00bb{}\u00a0\u00bb][\/et_pb_image][et_pb_text _builder_version=\u00a0\u00bb4.18.0&Prime; _module_preset=\u00a0\u00bbdefault\u00a0\u00bb global_colors_info=\u00a0\u00bb{}\u00a0\u00bb]<\/p>\n<p>Sur le mod\u00e8le de leur voisin, les potiers vietnamiens s\u2019emparent de cette technique pour fabriquer leur propre c\u00e9ramique. Influenc\u00e9e par l\u2019<strong>esth\u00e9tique chinoise<\/strong> cette porcelaine se caract\u00e9rise tout de m\u00eame par sa singularit\u00e9. Si certaines pi\u00e8ces produites au Vietnam sont de v\u00e9ritables chefs d\u2019oeuvres, les plus belles, les plus authentiques et les plus recherch\u00e9es ont \u00e9t\u00e9 produites en Chine.<\/p>\n<p>[\/et_pb_text][\/et_pb_column][\/et_pb_row][et_pb_row _builder_version=\u00a0\u00bb4.18.0&Prime; _module_preset=\u00a0\u00bbdefault\u00a0\u00bb global_colors_info=\u00a0\u00bb{}\u00a0\u00bb][et_pb_column type=\u00a0\u00bb4_4&Prime; _builder_version=\u00a0\u00bb4.18.0&Prime; _module_preset=\u00a0\u00bbdefault\u00a0\u00bb global_colors_info=\u00a0\u00bb{}\u00a0\u00bb][et_pb_text _builder_version=\u00a0\u00bb4.18.0&Prime; _module_preset=\u00a0\u00bbdefault\u00a0\u00bb global_colors_info=\u00a0\u00bb{}\u00a0\u00bb]<\/p>\n<h1>Le \u00ab\u00a0Bleu de Hu\u00ea\u00a0\u00bb : les pr\u00e9mices de la mondialisation ?<\/h1>\n<p>&nbsp;<\/p>\n<p>Ces porcelaines t\u00e9moignent des nombreux \u00e9changes entre \u00e9lites marchandes et soci\u00e9t\u00e9s de cour qui animent cette partie du globe. D\u00e8s<strong> 1216<\/strong>, et pour faire face \u00e0 la rar\u00e9faction de m\u00e9taux pr\u00e9cieux comme l\u2019or et l\u2019argent, la Chine promulgue un \u00e9dit officiel destin\u00e9 \u00e0 encourager l\u2019<strong>exportation de porcelaine<\/strong>.<\/p>\n<p>L\u2019exportation de ces porcelaines est consid\u00e9r\u00e9e par certains comme les pr\u00e9mices de la <strong>mondialisation<\/strong>. D\u2019abord export\u00e9es dans les <strong>pays arabes et perses<\/strong>, elles sont ensuite envoy\u00e9es un peu partout en <strong>Asie<\/strong> et principalement au <strong>Vietnam<\/strong>.\u00a0<\/p>\n<p>[\/et_pb_text][\/et_pb_column][\/et_pb_row][et_pb_row column_structure=\u00a0\u00bb1_2,1_2&Prime; _builder_version=\u00a0\u00bb4.18.0&Prime; _module_preset=\u00a0\u00bbdefault\u00a0\u00bb global_colors_info=\u00a0\u00bb{}\u00a0\u00bb][et_pb_column type=\u00a0\u00bb1_2&Prime; _builder_version=\u00a0\u00bb4.18.0&Prime; _module_preset=\u00a0\u00bbdefault\u00a0\u00bb global_colors_info=\u00a0\u00bb{}\u00a0\u00bb][et_pb_text _builder_version=\u00a0\u00bb4.18.0&Prime; _module_preset=\u00a0\u00bbdefault\u00a0\u00bb global_colors_info=\u00a0\u00bb{}\u00a0\u00bb]<\/p>\n<p>Leur intense commercialisation a notamment \u00e9t\u00e9 rendue possible gr\u00e2ce au <strong>port de H\u00f4i An<\/strong>, l\u2019un des ports les plus importants du pays entre le XVe et XVIIIe si\u00e8cle. Son architecture typique a \u00e9t\u00e9 conserv\u00e9e et il est aujourd\u2019hui class\u00e9 au <strong>patrimoine mondial de l\u2019Unesco<\/strong>.<\/p>\n<p>[\/et_pb_text][\/et_pb_column][et_pb_column type=\u00a0\u00bb1_2&Prime; _builder_version=\u00a0\u00bb4.18.0&Prime; _module_preset=\u00a0\u00bbdefault\u00a0\u00bb global_colors_info=\u00a0\u00bb{}\u00a0\u00bb][et_pb_image src=\u00a0\u00bbhttps:\/\/www.primardeco.com\/blog\/wp-content\/uploads\/2022\/10\/Port-de-Hoi-An-\u00a9Flickr.jpeg\u00a0\u00bb alt=\u00a0\u00bbPort de Hoi An \u00a9Flickr\u00a0\u00bb title_text=\u00a0\u00bbPort de Hoi An \u00a9Flickr\u00a0\u00bb _builder_version=\u00a0\u00bb4.18.0&Prime; _module_preset=\u00a0\u00bbdefault\u00a0\u00bb global_colors_info=\u00a0\u00bb{}\u00a0\u00bb][\/et_pb_image][\/et_pb_column][\/et_pb_row][et_pb_row _builder_version=\u00a0\u00bb4.18.0&Prime; _module_preset=\u00a0\u00bbdefault\u00a0\u00bb global_colors_info=\u00a0\u00bb{}\u00a0\u00bb][et_pb_column type=\u00a0\u00bb4_4&Prime; _builder_version=\u00a0\u00bb4.18.0&Prime; _module_preset=\u00a0\u00bbdefault\u00a0\u00bb global_colors_info=\u00a0\u00bb{}\u00a0\u00bb][et_pb_text _builder_version=\u00a0\u00bb4.18.0&Prime; _module_preset=\u00a0\u00bbdefault\u00a0\u00bb global_colors_info=\u00a0\u00bb{}\u00a0\u00bb]<\/p>\n<h1>Des chefs d\u2019oeuvres<\/h1>\n<p>&nbsp;<\/p>\n<p>La<strong> porcelaine \u00ab\u00a0Bleu de Hu\u00ea\u00a0\u00bb<\/strong> fabriqu\u00e9e pour le Vietnam, d\u2019une grande raret\u00e9, t\u00e9moigne d\u2019un savoir faire exceptionnel. Les motifs repr\u00e9sent\u00e9s sont vari\u00e9s et majoritairement issus de la culture chinoise : objets symboliques, v\u00e9g\u00e9taux, fleurs, fruits, faune en tous genres (papillons, crabes, daims\u2026) animaux mythique comme le dragon \u00e0 cinq griffes, embl\u00e8me du roi ; le ph\u00e9nix, embl\u00e8me de la reine ; la licorne, embl\u00e8me du prince h\u00e9ritier, etc.<\/p>\n<p>Command\u00e9es par la cour Vietnamienne, les pi\u00e8ces en <strong>porcelaine Bleu de Hu\u00ea<\/strong> se caract\u00e9risent \u00e9galement par leur d\u00e9cor et leur forme aux inspirations vietnamiennes comme en t\u00e9moigne cette grande coupe &#8211; <strong>p\u00e9riode Thi\u00eau Tri<\/strong> (1840-1847) \u00e0 d\u00e9cor en bleu sous couverte de dragons \u00e9mergeant des flots poursuivant le joyau sacr\u00e9.<\/p>\n<p>[\/et_pb_text][et_pb_image src=\u00a0\u00bbhttps:\/\/www.primardeco.com\/blog\/wp-content\/uploads\/2022\/10\/Grande-coupe-Bleu-de-Hue-\u00a9Primardeco-copie.jpg\u00a0\u00bb alt=\u00a0\u00bbGrande coupe Bleu de Hu\u00ea \u00a9Primardeco\u00a0\u00bb title_text=\u00a0\u00bbGrande coupe Bleu de Hu\u00ea \u00a9Primardeco\u00a0\u00bb _builder_version=\u00a0\u00bb4.18.0&Prime; _module_preset=\u00a0\u00bbdefault\u00a0\u00bb global_colors_info=\u00a0\u00bb{}\u00a0\u00bb][\/et_pb_image][\/et_pb_column][\/et_pb_row][et_pb_row _builder_version=\u00a0\u00bb4.18.0&Prime; _module_preset=\u00a0\u00bbdefault\u00a0\u00bb global_colors_info=\u00a0\u00bb{}\u00a0\u00bb][et_pb_column type=\u00a0\u00bb4_4&Prime; _builder_version=\u00a0\u00bb4.18.0&Prime; _module_preset=\u00a0\u00bbdefault\u00a0\u00bb global_colors_info=\u00a0\u00bb{}\u00a0\u00bb][et_pb_text _builder_version=\u00a0\u00bb4.18.0&Prime; _module_preset=\u00a0\u00bbdefault\u00a0\u00bb global_colors_info=\u00a0\u00bb{}\u00a0\u00bb]<\/p>\n<h1>La porcelaine \u00ab Bleu de Hu\u00ea \u00bb aux ench\u00e8res<\/h1>\n<p>&nbsp;<\/p>\n<p>Le <strong>prix des pi\u00e8ces en porcelaine \u00ab\u00a0Bleu de Hu\u00ea\u00a0\u00bb<\/strong> ne cesse d\u2019augmenter en salle des ventes. Depuis quelques ann\u00e9es, elles sont tr\u00e8s recherch\u00e9es par les collectionneurs \u00e9trangers ou issus de la diaspora qui ont ind\u00e9niablement particip\u00e9 \u00e0 leur regain d\u2019int\u00e9r\u00eat.<\/p>\n<p>Soucieux de rapatrier leur patrimoine dans leur pays, les<strong> collectionneurs vietnamiens<\/strong> consid\u00e8rent que ces pi\u00e8ces incarnent l\u2019identit\u00e9 et la singularit\u00e9 culturelle de leur pays bien qu\u2019elles aient \u00e9t\u00e9 fabriqu\u00e9es en Chine.<\/p>\n<p>[\/et_pb_text][\/et_pb_column][\/et_pb_row][et_pb_row column_structure=\u00a0\u00bb1_2,1_2&Prime; _builder_version=\u00a0\u00bb4.18.0&Prime; _module_preset=\u00a0\u00bbdefault\u00a0\u00bb global_colors_info=\u00a0\u00bb{}\u00a0\u00bb][et_pb_column type=\u00a0\u00bb1_2&Prime; _builder_version=\u00a0\u00bb4.18.0&Prime; _module_preset=\u00a0\u00bbdefault\u00a0\u00bb global_colors_info=\u00a0\u00bb{}\u00a0\u00bb][et_pb_text _builder_version=\u00a0\u00bb4.18.0&Prime; _module_preset=\u00a0\u00bbdefault\u00a0\u00bb global_colors_info=\u00a0\u00bb{}\u00a0\u00bb]<\/p>\n<p>Les <strong>pi\u00e8ces rares et anciennes<\/strong> sont \u00e9videmment les plus convoit\u00e9es et atteignent des prix tr\u00e8s \u00e9lev\u00e9s. Pour autant, sur ce march\u00e9 bien sp\u00e9cifique, il faut faire attention aux reproductions et imitations en tout genre.<\/p>\n<p>[\/et_pb_text][\/et_pb_column][et_pb_column type=\u00a0\u00bb1_2&Prime; _builder_version=\u00a0\u00bb4.18.0&Prime; _module_preset=\u00a0\u00bbdefault\u00a0\u00bb global_colors_info=\u00a0\u00bb{}\u00a0\u00bb][et_pb_image src=\u00a0\u00bbhttps:\/\/www.primardeco.com\/blog\/wp-content\/uploads\/2022\/10\/Detail-coupe-Bleu-de-Hue-\u00a9Primardeco.jpg\u00a0\u00bb alt=\u00a0\u00bbD\u00e9tail coupe Bleu de Hu\u00ea \u00a9Primardeco\u00a0\u00bb title_text=\u00a0\u00bbD\u00e9tail coupe Bleu de Hu\u00ea \u00a9Primardeco\u00a0\u00bb _builder_version=\u00a0\u00bb4.18.0&Prime; _module_preset=\u00a0\u00bbdefault\u00a0\u00bb global_colors_info=\u00a0\u00bb{}\u00a0\u00bb][\/et_pb_image][\/et_pb_column][\/et_pb_row][et_pb_row _builder_version=\u00a0\u00bb4.18.0&Prime; _module_preset=\u00a0\u00bbdefault\u00a0\u00bb global_colors_info=\u00a0\u00bb{}\u00a0\u00bb][et_pb_column type=\u00a0\u00bb4_4&Prime; _builder_version=\u00a0\u00bb4.18.0&Prime; _module_preset=\u00a0\u00bbdefault\u00a0\u00bb global_colors_info=\u00a0\u00bb{}\u00a0\u00bb][et_pb_text _builder_version=\u00a0\u00bb4.18.0&Prime; _module_preset=\u00a0\u00bbdefault\u00a0\u00bb global_colors_info=\u00a0\u00bb{}\u00a0\u00bb]<\/p>\n<p><em>A l\u2019origine de tr\u00e8s belles ench\u00e8res en salle des ventes, la popularit\u00e9 de la <strong>porcelaine \u00ab Bleu de Hu\u00ea \u00bb<\/strong> ne cesse de cro\u00eetre. Reflet d\u2019une p\u00e9riode historique majeure du continent asiatique, t\u00e9moin d\u2019un savoir-faire exceptionnel, ces pi\u00e8ces rares s\u00e9duisent collectionneurs et amateurs du monde entier. <\/em><\/p>\n<p>[\/et_pb_text][\/et_pb_column][\/et_pb_row][et_pb_row _builder_version=\u00a0\u00bb4.16&Prime; _module_preset=\u00a0\u00bbdefault\u00a0\u00bb global_colors_info=\u00a0\u00bb{}\u00a0\u00bb][et_pb_column type=\u00a0\u00bb4_4&Prime; _builder_version=\u00a0\u00bb4.16&Prime; _module_preset=\u00a0\u00bbdefault\u00a0\u00bb global_colors_info=\u00a0\u00bb{}\u00a0\u00bb][et_pb_divider _builder_version=\u00a0\u00bb4.16&Prime; _module_preset=\u00a0\u00bbdefault\u00a0\u00bb global_colors_info=\u00a0\u00bb{}\u00a0\u00bb][\/et_pb_divider][\/et_pb_column][\/et_pb_row][\/et_pb_section]<\/p>\n","protected":false},"excerpt":{"rendered":"<p>L\u2019une des porcelaines asiatiques la plus connue est probablement la porcelaine \u00ab\u00a0 Bleu de Hu\u00ea\u00a0\u00bb. Aujourd&rsquo;hui, le \u00ab\u00a0Bleu de Hu\u00ea\u00a0\u00bb est une expression devenue g\u00e9n\u00e9rique pour d\u00e9signer un type de porcelaine bien sp\u00e9cifique. Appr\u00e9ci\u00e9e par les collectionneurs, elle rencontre toujours un franc succ\u00e8s en ventes aux ench\u00e8res. LE bleu de Hue : quesaco ? &nbsp; [&hellip;]<\/p>\n","protected":false},"author":2,"featured_media":2189,"comment_status":"closed","ping_status":"closed","sticky":false,"template":"","format":"standard","meta":{"_et_pb_use_builder":"on","_et_pb_old_content":"","_et_gb_content_width":"","footnotes":""},"categories":[3],"tags":[66,64],"class_list":["post-2176","post","type-post","status-publish","format-standard","has-post-thumbnail","hentry","category-art-asie","tag-porcelaine","tag-porcelaine-bleu-de-hue"],"yoast_head":"<!-- This site is optimized with the Yoast SEO plugin v25.6 - https:\/\/yoast.com\/wordpress\/plugins\/seo\/ -->\n<title>La porcelaine &quot;Bleu de Hu\u00ea&quot; | Primardeco - Blog<\/title>\n<meta name=\"description\" content=\"En savoir plus sur &quot;La porcelaine &quot;Bleu de Hu\u00ea&quot;&quot;, un sujet propos\u00e9 dans la cat\u00e9gorie Art d&#039;Asie par l&#039;\u00e9quipe Primardeco, sp\u00e9cialistes de l&#039;expertise et de la vente aux ench\u00e8res d&#039;art \u00e0 Toulouse.\" \/>\n<meta name=\"robots\" content=\"index, follow, max-snippet:-1, max-image-preview:large, max-video-preview:-1\" \/>\n<link rel=\"canonical\" href=\"https:\/\/www.primardeco.com\/blog\/la-porcelaine-bleu-de-hue\/\" \/>\n<meta property=\"og:locale\" content=\"fr_FR\" \/>\n<meta property=\"og:type\" content=\"article\" \/>\n<meta property=\"og:title\" content=\"La porcelaine &quot;Bleu de Hu\u00ea&quot; | Primardeco - Blog\" \/>\n<meta property=\"og:description\" content=\"En savoir plus sur &quot;La porcelaine &quot;Bleu de Hu\u00ea&quot;&quot;, un sujet propos\u00e9 dans la cat\u00e9gorie Art d&#039;Asie par l&#039;\u00e9quipe Primardeco, sp\u00e9cialistes de l&#039;expertise et de la vente aux ench\u00e8res d&#039;art \u00e0 Toulouse.\" \/>\n<meta property=\"og:url\" content=\"https:\/\/www.primardeco.com\/blog\/la-porcelaine-bleu-de-hue\/\" \/>\n<meta property=\"og:site_name\" content=\"Primardeco - Blog\" \/>\n<meta property=\"article:publisher\" content=\"https:\/\/www.facebook.com\/Primardeco-275817602518624\/\" \/>\n<meta property=\"article:published_time\" content=\"2022-10-25T07:38:11+00:00\" \/>\n<meta property=\"article:modified_time\" content=\"2022-10-26T11:58:12+00:00\" \/>\n<meta property=\"og:image\" content=\"https:\/\/www.primardeco.com\/blog\/wp-content\/uploads\/2022\/10\/Image-de-mise-en-avant-Bleu-de-Hue-\u00a9Primardeco.jpg\" \/>\n\t<meta property=\"og:image:width\" content=\"1024\" \/>\n\t<meta property=\"og:image:height\" content=\"725\" \/>\n\t<meta property=\"og:image:type\" content=\"image\/jpeg\" \/>\n<meta name=\"author\" content=\"Anne de Colonges-Trotignon,\" \/>\n<meta name=\"twitter:card\" content=\"summary_large_image\" \/>\n<meta name=\"twitter:creator\" content=\"@PRIMARDECO\" \/>\n<meta name=\"twitter:site\" content=\"@PRIMARDECO\" \/>\n<meta name=\"twitter:label1\" content=\"\u00c9crit par\" \/>\n\t<meta name=\"twitter:data1\" content=\"Anne de Colonges-Trotignon,\" \/>\n\t<meta name=\"twitter:label2\" content=\"Dur\u00e9e de lecture estim\u00e9e\" \/>\n\t<meta name=\"twitter:data2\" content=\"10 minutes\" \/>\n<script type=\"application\/ld+json\" class=\"yoast-schema-graph\">{\"@context\":\"https:\/\/schema.org\",\"@graph\":[{\"@type\":\"Article\",\"@id\":\"https:\/\/www.primardeco.com\/blog\/la-porcelaine-bleu-de-hue\/#article\",\"isPartOf\":{\"@id\":\"https:\/\/www.primardeco.com\/blog\/la-porcelaine-bleu-de-hue\/\"},\"author\":{\"name\":\"Anne de Colonges-Trotignon,\",\"@id\":\"https:\/\/www.primardeco.com\/blog\/#\/schema\/person\/7de13947a1930d4cdcc9da53f15a8bf6\"},\"headline\":\"La porcelaine \u00ab\u00a0Bleu de Hu\u00ea\u00a0\u00bb\",\"datePublished\":\"2022-10-25T07:38:11+00:00\",\"dateModified\":\"2022-10-26T11:58:12+00:00\",\"mainEntityOfPage\":{\"@id\":\"https:\/\/www.primardeco.com\/blog\/la-porcelaine-bleu-de-hue\/\"},\"wordCount\":3190,\"publisher\":{\"@id\":\"https:\/\/www.primardeco.com\/blog\/#organization\"},\"image\":{\"@id\":\"https:\/\/www.primardeco.com\/blog\/la-porcelaine-bleu-de-hue\/#primaryimage\"},\"thumbnailUrl\":\"https:\/\/www.primardeco.com\/blog\/wp-content\/uploads\/2022\/10\/Image-de-mise-en-avant-Bleu-de-Hue-\u00a9Primardeco.jpg\",\"keywords\":[\"Porcelaine\",\"Porcelaine Bleu de Hu\u00ea\"],\"articleSection\":[\"Art d'Asie\"],\"inLanguage\":\"fr-FR\"},{\"@type\":\"WebPage\",\"@id\":\"https:\/\/www.primardeco.com\/blog\/la-porcelaine-bleu-de-hue\/\",\"url\":\"https:\/\/www.primardeco.com\/blog\/la-porcelaine-bleu-de-hue\/\",\"name\":\"La porcelaine \\\"Bleu de Hu\u00ea\\\" | Primardeco - Blog\",\"isPartOf\":{\"@id\":\"https:\/\/www.primardeco.com\/blog\/#website\"},\"primaryImageOfPage\":{\"@id\":\"https:\/\/www.primardeco.com\/blog\/la-porcelaine-bleu-de-hue\/#primaryimage\"},\"image\":{\"@id\":\"https:\/\/www.primardeco.com\/blog\/la-porcelaine-bleu-de-hue\/#primaryimage\"},\"thumbnailUrl\":\"https:\/\/www.primardeco.com\/blog\/wp-content\/uploads\/2022\/10\/Image-de-mise-en-avant-Bleu-de-Hue-\u00a9Primardeco.jpg\",\"datePublished\":\"2022-10-25T07:38:11+00:00\",\"dateModified\":\"2022-10-26T11:58:12+00:00\",\"description\":\"En savoir plus sur \\\"La porcelaine \\\"Bleu de Hu\u00ea\\\"\\\", un sujet propos\u00e9 dans la cat\u00e9gorie Art d'Asie par l'\u00e9quipe Primardeco, sp\u00e9cialistes de l'expertise et de la vente aux ench\u00e8res d'art \u00e0 Toulouse.\",\"breadcrumb\":{\"@id\":\"https:\/\/www.primardeco.com\/blog\/la-porcelaine-bleu-de-hue\/#breadcrumb\"},\"inLanguage\":\"fr-FR\",\"potentialAction\":[{\"@type\":\"ReadAction\",\"target\":[\"https:\/\/www.primardeco.com\/blog\/la-porcelaine-bleu-de-hue\/\"]}]},{\"@type\":\"ImageObject\",\"inLanguage\":\"fr-FR\",\"@id\":\"https:\/\/www.primardeco.com\/blog\/la-porcelaine-bleu-de-hue\/#primaryimage\",\"url\":\"https:\/\/www.primardeco.com\/blog\/wp-content\/uploads\/2022\/10\/Image-de-mise-en-avant-Bleu-de-Hue-\u00a9Primardeco.jpg\",\"contentUrl\":\"https:\/\/www.primardeco.com\/blog\/wp-content\/uploads\/2022\/10\/Image-de-mise-en-avant-Bleu-de-Hue-\u00a9Primardeco.jpg\",\"width\":1024,\"height\":725,\"caption\":\"Porcelaine Bleu de Hu\u00ea \u00a9Primardeco\"},{\"@type\":\"BreadcrumbList\",\"@id\":\"https:\/\/www.primardeco.com\/blog\/la-porcelaine-bleu-de-hue\/#breadcrumb\",\"itemListElement\":[{\"@type\":\"ListItem\",\"position\":1,\"name\":\"Accueil\",\"item\":\"https:\/\/www.primardeco.com\/blog\/\"},{\"@type\":\"ListItem\",\"position\":2,\"name\":\"La porcelaine \u00ab\u00a0Bleu de Hu\u00ea\u00a0\u00bb\"}]},{\"@type\":\"WebSite\",\"@id\":\"https:\/\/www.primardeco.com\/blog\/#website\",\"url\":\"https:\/\/www.primardeco.com\/blog\/\",\"name\":\"Primardeco - Blog\",\"description\":\"Expertises et Ventes aux ench\u00e8res\",\"publisher\":{\"@id\":\"https:\/\/www.primardeco.com\/blog\/#organization\"},\"potentialAction\":[{\"@type\":\"SearchAction\",\"target\":{\"@type\":\"EntryPoint\",\"urlTemplate\":\"https:\/\/www.primardeco.com\/blog\/?s={search_term_string}\"},\"query-input\":{\"@type\":\"PropertyValueSpecification\",\"valueRequired\":true,\"valueName\":\"search_term_string\"}}],\"inLanguage\":\"fr-FR\"},{\"@type\":\"Organization\",\"@id\":\"https:\/\/www.primardeco.com\/blog\/#organization\",\"name\":\"Le Blog Primardeco, Ventes aux Ench\u00e8res d'Art \u00e0 Toulouse\",\"url\":\"https:\/\/www.primardeco.com\/blog\/\",\"logo\":{\"@type\":\"ImageObject\",\"inLanguage\":\"fr-FR\",\"@id\":\"https:\/\/www.primardeco.com\/blog\/#\/schema\/logo\/image\/\",\"url\":\"https:\/\/www.primardeco.com\/blog\/wp-content\/uploads\/2021\/11\/logo-primardeco-blog.png\",\"contentUrl\":\"https:\/\/www.primardeco.com\/blog\/wp-content\/uploads\/2021\/11\/logo-primardeco-blog.png\",\"width\":282,\"height\":84,\"caption\":\"Le Blog Primardeco, Ventes aux Ench\u00e8res d'Art \u00e0 Toulouse\"},\"image\":{\"@id\":\"https:\/\/www.primardeco.com\/blog\/#\/schema\/logo\/image\/\"},\"sameAs\":[\"https:\/\/www.facebook.com\/Primardeco-275817602518624\/\",\"https:\/\/x.com\/PRIMARDECO\",\"https:\/\/www.instagram.com\/primardeco\/\"]},{\"@type\":\"Person\",\"@id\":\"https:\/\/www.primardeco.com\/blog\/#\/schema\/person\/7de13947a1930d4cdcc9da53f15a8bf6\",\"name\":\"Anne de Colonges-Trotignon,\",\"image\":{\"@type\":\"ImageObject\",\"inLanguage\":\"fr-FR\",\"@id\":\"https:\/\/www.primardeco.com\/blog\/#\/schema\/person\/image\/\",\"url\":\"https:\/\/secure.gravatar.com\/avatar\/853054ac9272b8d8231f62d5ba9a57c0838e74856b0112cb96fd18a428d1d335?s=96&d=mm&r=g\",\"contentUrl\":\"https:\/\/secure.gravatar.com\/avatar\/853054ac9272b8d8231f62d5ba9a57c0838e74856b0112cb96fd18a428d1d335?s=96&d=mm&r=g\",\"caption\":\"Anne de Colonges-Trotignon,\"},\"url\":\"https:\/\/www.primardeco.com\/blog\/author\/anne\/\"}]}<\/script>\n<!-- \/ Yoast SEO plugin. -->","yoast_head_json":{"title":"La porcelaine \"Bleu de Hu\u00ea\" | Primardeco - Blog","description":"En savoir plus sur \"La porcelaine \"Bleu de Hu\u00ea\"\", un sujet propos\u00e9 dans la cat\u00e9gorie Art d'Asie par l'\u00e9quipe Primardeco, sp\u00e9cialistes de l'expertise et de la vente aux ench\u00e8res d'art \u00e0 Toulouse.","robots":{"index":"index","follow":"follow","max-snippet":"max-snippet:-1","max-image-preview":"max-image-preview:large","max-video-preview":"max-video-preview:-1"},"canonical":"https:\/\/www.primardeco.com\/blog\/la-porcelaine-bleu-de-hue\/","og_locale":"fr_FR","og_type":"article","og_title":"La porcelaine \"Bleu de Hu\u00ea\" | Primardeco - Blog","og_description":"En savoir plus sur \"La porcelaine \"Bleu de Hu\u00ea\"\", un sujet propos\u00e9 dans la cat\u00e9gorie Art d'Asie par l'\u00e9quipe Primardeco, sp\u00e9cialistes de l'expertise et de la vente aux ench\u00e8res d'art \u00e0 Toulouse.","og_url":"https:\/\/www.primardeco.com\/blog\/la-porcelaine-bleu-de-hue\/","og_site_name":"Primardeco - Blog","article_publisher":"https:\/\/www.facebook.com\/Primardeco-275817602518624\/","article_published_time":"2022-10-25T07:38:11+00:00","article_modified_time":"2022-10-26T11:58:12+00:00","og_image":[{"width":1024,"height":725,"url":"https:\/\/www.primardeco.com\/blog\/wp-content\/uploads\/2022\/10\/Image-de-mise-en-avant-Bleu-de-Hue-\u00a9Primardeco.jpg","type":"image\/jpeg"}],"author":"Anne de Colonges-Trotignon,","twitter_card":"summary_large_image","twitter_creator":"@PRIMARDECO","twitter_site":"@PRIMARDECO","twitter_misc":{"\u00c9crit par":"Anne de Colonges-Trotignon,","Dur\u00e9e de lecture estim\u00e9e":"10 minutes"},"schema":{"@context":"https:\/\/schema.org","@graph":[{"@type":"Article","@id":"https:\/\/www.primardeco.com\/blog\/la-porcelaine-bleu-de-hue\/#article","isPartOf":{"@id":"https:\/\/www.primardeco.com\/blog\/la-porcelaine-bleu-de-hue\/"},"author":{"name":"Anne de Colonges-Trotignon,","@id":"https:\/\/www.primardeco.com\/blog\/#\/schema\/person\/7de13947a1930d4cdcc9da53f15a8bf6"},"headline":"La porcelaine \u00ab\u00a0Bleu de Hu\u00ea\u00a0\u00bb","datePublished":"2022-10-25T07:38:11+00:00","dateModified":"2022-10-26T11:58:12+00:00","mainEntityOfPage":{"@id":"https:\/\/www.primardeco.com\/blog\/la-porcelaine-bleu-de-hue\/"},"wordCount":3190,"publisher":{"@id":"https:\/\/www.primardeco.com\/blog\/#organization"},"image":{"@id":"https:\/\/www.primardeco.com\/blog\/la-porcelaine-bleu-de-hue\/#primaryimage"},"thumbnailUrl":"https:\/\/www.primardeco.com\/blog\/wp-content\/uploads\/2022\/10\/Image-de-mise-en-avant-Bleu-de-Hue-\u00a9Primardeco.jpg","keywords":["Porcelaine","Porcelaine Bleu de Hu\u00ea"],"articleSection":["Art d'Asie"],"inLanguage":"fr-FR"},{"@type":"WebPage","@id":"https:\/\/www.primardeco.com\/blog\/la-porcelaine-bleu-de-hue\/","url":"https:\/\/www.primardeco.com\/blog\/la-porcelaine-bleu-de-hue\/","name":"La porcelaine \"Bleu de Hu\u00ea\" | Primardeco - Blog","isPartOf":{"@id":"https:\/\/www.primardeco.com\/blog\/#website"},"primaryImageOfPage":{"@id":"https:\/\/www.primardeco.com\/blog\/la-porcelaine-bleu-de-hue\/#primaryimage"},"image":{"@id":"https:\/\/www.primardeco.com\/blog\/la-porcelaine-bleu-de-hue\/#primaryimage"},"thumbnailUrl":"https:\/\/www.primardeco.com\/blog\/wp-content\/uploads\/2022\/10\/Image-de-mise-en-avant-Bleu-de-Hue-\u00a9Primardeco.jpg","datePublished":"2022-10-25T07:38:11+00:00","dateModified":"2022-10-26T11:58:12+00:00","description":"En savoir plus sur \"La porcelaine \"Bleu de Hu\u00ea\"\", un sujet propos\u00e9 dans la cat\u00e9gorie Art d'Asie par l'\u00e9quipe Primardeco, sp\u00e9cialistes de l'expertise et de la vente aux ench\u00e8res d'art \u00e0 Toulouse.","breadcrumb":{"@id":"https:\/\/www.primardeco.com\/blog\/la-porcelaine-bleu-de-hue\/#breadcrumb"},"inLanguage":"fr-FR","potentialAction":[{"@type":"ReadAction","target":["https:\/\/www.primardeco.com\/blog\/la-porcelaine-bleu-de-hue\/"]}]},{"@type":"ImageObject","inLanguage":"fr-FR","@id":"https:\/\/www.primardeco.com\/blog\/la-porcelaine-bleu-de-hue\/#primaryimage","url":"https:\/\/www.primardeco.com\/blog\/wp-content\/uploads\/2022\/10\/Image-de-mise-en-avant-Bleu-de-Hue-\u00a9Primardeco.jpg","contentUrl":"https:\/\/www.primardeco.com\/blog\/wp-content\/uploads\/2022\/10\/Image-de-mise-en-avant-Bleu-de-Hue-\u00a9Primardeco.jpg","width":1024,"height":725,"caption":"Porcelaine Bleu de Hu\u00ea \u00a9Primardeco"},{"@type":"BreadcrumbList","@id":"https:\/\/www.primardeco.com\/blog\/la-porcelaine-bleu-de-hue\/#breadcrumb","itemListElement":[{"@type":"ListItem","position":1,"name":"Accueil","item":"https:\/\/www.primardeco.com\/blog\/"},{"@type":"ListItem","position":2,"name":"La porcelaine \u00ab\u00a0Bleu de Hu\u00ea\u00a0\u00bb"}]},{"@type":"WebSite","@id":"https:\/\/www.primardeco.com\/blog\/#website","url":"https:\/\/www.primardeco.com\/blog\/","name":"Primardeco - Blog","description":"Expertises et Ventes aux ench\u00e8res","publisher":{"@id":"https:\/\/www.primardeco.com\/blog\/#organization"},"potentialAction":[{"@type":"SearchAction","target":{"@type":"EntryPoint","urlTemplate":"https:\/\/www.primardeco.com\/blog\/?s={search_term_string}"},"query-input":{"@type":"PropertyValueSpecification","valueRequired":true,"valueName":"search_term_string"}}],"inLanguage":"fr-FR"},{"@type":"Organization","@id":"https:\/\/www.primardeco.com\/blog\/#organization","name":"Le Blog Primardeco, Ventes aux Ench\u00e8res d'Art \u00e0 Toulouse","url":"https:\/\/www.primardeco.com\/blog\/","logo":{"@type":"ImageObject","inLanguage":"fr-FR","@id":"https:\/\/www.primardeco.com\/blog\/#\/schema\/logo\/image\/","url":"https:\/\/www.primardeco.com\/blog\/wp-content\/uploads\/2021\/11\/logo-primardeco-blog.png","contentUrl":"https:\/\/www.primardeco.com\/blog\/wp-content\/uploads\/2021\/11\/logo-primardeco-blog.png","width":282,"height":84,"caption":"Le Blog Primardeco, Ventes aux Ench\u00e8res d'Art \u00e0 Toulouse"},"image":{"@id":"https:\/\/www.primardeco.com\/blog\/#\/schema\/logo\/image\/"},"sameAs":["https:\/\/www.facebook.com\/Primardeco-275817602518624\/","https:\/\/x.com\/PRIMARDECO","https:\/\/www.instagram.com\/primardeco\/"]},{"@type":"Person","@id":"https:\/\/www.primardeco.com\/blog\/#\/schema\/person\/7de13947a1930d4cdcc9da53f15a8bf6","name":"Anne de Colonges-Trotignon,","image":{"@type":"ImageObject","inLanguage":"fr-FR","@id":"https:\/\/www.primardeco.com\/blog\/#\/schema\/person\/image\/","url":"https:\/\/secure.gravatar.com\/avatar\/853054ac9272b8d8231f62d5ba9a57c0838e74856b0112cb96fd18a428d1d335?s=96&d=mm&r=g","contentUrl":"https:\/\/secure.gravatar.com\/avatar\/853054ac9272b8d8231f62d5ba9a57c0838e74856b0112cb96fd18a428d1d335?s=96&d=mm&r=g","caption":"Anne de Colonges-Trotignon,"},"url":"https:\/\/www.primardeco.com\/blog\/author\/anne\/"}]}},"_links":{"self":[{"href":"https:\/\/www.primardeco.com\/blog\/wp-json\/wp\/v2\/posts\/2176","targetHints":{"allow":["GET"]}}],"collection":[{"href":"https:\/\/www.primardeco.com\/blog\/wp-json\/wp\/v2\/posts"}],"about":[{"href":"https:\/\/www.primardeco.com\/blog\/wp-json\/wp\/v2\/types\/post"}],"author":[{"embeddable":true,"href":"https:\/\/www.primardeco.com\/blog\/wp-json\/wp\/v2\/users\/2"}],"replies":[{"embeddable":true,"href":"https:\/\/www.primardeco.com\/blog\/wp-json\/wp\/v2\/comments?post=2176"}],"version-history":[{"count":7,"href":"https:\/\/www.primardeco.com\/blog\/wp-json\/wp\/v2\/posts\/2176\/revisions"}],"predecessor-version":[{"id":2225,"href":"https:\/\/www.primardeco.com\/blog\/wp-json\/wp\/v2\/posts\/2176\/revisions\/2225"}],"wp:featuredmedia":[{"embeddable":true,"href":"https:\/\/www.primardeco.com\/blog\/wp-json\/wp\/v2\/media\/2189"}],"wp:attachment":[{"href":"https:\/\/www.primardeco.com\/blog\/wp-json\/wp\/v2\/media?parent=2176"}],"wp:term":[{"taxonomy":"category","embeddable":true,"href":"https:\/\/www.primardeco.com\/blog\/wp-json\/wp\/v2\/categories?post=2176"},{"taxonomy":"post_tag","embeddable":true,"href":"https:\/\/www.primardeco.com\/blog\/wp-json\/wp\/v2\/tags?post=2176"}],"curies":[{"name":"wp","href":"https:\/\/api.w.org\/{rel}","templated":true}]}}