{"id":1992,"date":"2022-09-20T10:41:19","date_gmt":"2022-09-20T08:41:19","guid":{"rendered":"https:\/\/www.primardeco.com\/blog\/?p=1992"},"modified":"2022-09-28T12:23:33","modified_gmt":"2022-09-28T10:23:33","slug":"un-exceptionnel-temoignage-de-lart-kanak","status":"publish","type":"post","link":"https:\/\/www.primardeco.com\/blog\/un-exceptionnel-temoignage-de-lart-kanak\/","title":{"rendered":"Un exceptionnel t\u00e9moignage de l&rsquo;art Kanak"},"content":{"rendered":"<p>[et_pb_section fb_built=\u00a0\u00bb1&Prime; _builder_version=\u00a0\u00bb4.16&Prime; global_colors_info=\u00a0\u00bb{}\u00a0\u00bb][et_pb_row _builder_version=\u00a0\u00bb4.16&Prime; background_size=\u00a0\u00bbinitial\u00a0\u00bb background_position=\u00a0\u00bbtop_left\u00a0\u00bb background_repeat=\u00a0\u00bbrepeat\u00a0\u00bb global_colors_info=\u00a0\u00bb{}\u00a0\u00bb][et_pb_column type=\u00a0\u00bb4_4&Prime; _builder_version=\u00a0\u00bb4.16&Prime; custom_padding=\u00a0\u00bb|||\u00a0\u00bb global_colors_info=\u00a0\u00bb{}\u00a0\u00bb custom_padding__hover=\u00a0\u00bb|||\u00a0\u00bb][et_pb_text admin_label=\u00a0\u00bbIntro\u00a0\u00bb _builder_version=\u00a0\u00bb4.18.0&Prime; _module_preset=\u00a0\u00bbdefault\u00a0\u00bb custom_padding=\u00a0\u00bb1px|||||\u00a0\u00bb global_colors_info=\u00a0\u00bb{}\u00a0\u00bb]<\/p>\n<p><i>Vendredi prochain, <a href=\"https:\/\/www.primardeco.com\">Primardeco<\/a> pr\u00e9sentera aux<\/i><b><i> ench\u00e8res <\/i><\/b><i>une <a href=\"https:\/\/www.primardeco.com\/objets-dart\/applique-de-porte-de-case-kanak-jopwo-nouvelle-caledonie-bois-dur-a-46829\"><strong>applique Kanak<\/strong><\/a> exceptionnelle. Retour sur l\u2019histoire d\u2019un objet in\u00e9dit gr\u00e2ce aux pr\u00e9cieux \u00e9clairages d\u2019<strong>Emmanuelle Menuet<\/strong>, expert en Arts Primitifs (Afrique &#8211; Am\u00e9rique &#8211; Oc\u00e9anie, Bijoux ethnographiques).<span class=\"Apple-converted-space\">\u00a0<\/span><\/i><\/p>\n<p>[\/et_pb_text][et_pb_divider _builder_version=\u00a0\u00bb4.16&Prime; _module_preset=\u00a0\u00bbdefault\u00a0\u00bb global_colors_info=\u00a0\u00bb{}\u00a0\u00bb][\/et_pb_divider][et_pb_text _builder_version=\u00a0\u00bb4.18.0&Prime; background_size=\u00a0\u00bbinitial\u00a0\u00bb background_position=\u00a0\u00bbtop_left\u00a0\u00bb background_repeat=\u00a0\u00bbrepeat\u00a0\u00bb global_colors_info=\u00a0\u00bb{}\u00a0\u00bb]<\/p>\n<h2><b>Quelques g\u00e9n\u00e9ralit\u00e9s sur l\u2019art Kanak\u2026<span class=\"Apple-converted-space\">\u00a0<\/span><\/b><\/h2>\n<p>&nbsp;<\/p>\n<p>L\u2019\u00a0\u00ab\u00a0<b>art Kanak<\/b>\u00a0\u00bb d\u00e9signe tout ce qui appartient \u00e0 la culture mat\u00e9rielle et artistique Kanak, traditionnelle ou contemporaine. Les principales <b>oeuvres d\u2019art Kanak <\/b>sont des<b> sculptures<\/b>, des masques, des colliers, mais aussi des <b>armes <\/b>et des peintures. Si les productions artistiques peuvent varier d\u2019une \u00eele \u00e0 une autre, quelques g\u00e9n\u00e9ralit\u00e9s peuvent \u00eatre relev\u00e9es comme la port\u00e9e symbolique des oeuvres et l\u2019omnipr\u00e9sence de la repr\u00e9sentation de la <b>figure de l\u2019anc\u00eatre<\/b>.<span class=\"Apple-converted-space\">\u00a0<\/span><\/p>\n<p>Ces <a href=\"https:\/\/www.primardeco.com\/objets-dart\/casse-tete-kanak-nouvelle-caledonie-bois-dur-a-patine-miel-fibres-ve-46830\">deux massues<\/a> vendues aux <strong>ench\u00e8res<\/strong> vendredi prochain, caract\u00e9ristiques des <b>armes Kanak anciennes<\/b>, t\u00e9moignent de la diversit\u00e9 et de la qualit\u00e9 de l\u2019art Kanak.<span class=\"Apple-converted-space\">\u00a0<\/span><\/p>\n<p>[\/et_pb_text][et_pb_image src=\u00a0\u00bbhttps:\/\/www.primardeco.com\/blog\/wp-content\/uploads\/2022\/09\/Massues-Kanak-\u00a9Primardeco-scaled.jpg\u00a0\u00bb title_text=\u00a0\u00bbOLYMPUS DIGITAL CAMERA\u00a0\u00bb _builder_version=\u00a0\u00bb4.18.0&Prime; _module_preset=\u00a0\u00bbdefault\u00a0\u00bb global_colors_info=\u00a0\u00bb{}\u00a0\u00bb][\/et_pb_image][\/et_pb_column][\/et_pb_row][et_pb_row column_structure=\u00a0\u00bb3_5,2_5&Prime; _builder_version=\u00a0\u00bb4.18.0&Prime; _module_preset=\u00a0\u00bbdefault\u00a0\u00bb global_colors_info=\u00a0\u00bb{}\u00a0\u00bb][et_pb_column type=\u00a0\u00bb3_5&Prime; _builder_version=\u00a0\u00bb4.18.0&Prime; _module_preset=\u00a0\u00bbdefault\u00a0\u00bb global_colors_info=\u00a0\u00bb{}\u00a0\u00bb][et_pb_text _builder_version=\u00a0\u00bb4.18.0&Prime; _module_preset=\u00a0\u00bbdefault\u00a0\u00bb global_colors_info=\u00a0\u00bb{}\u00a0\u00bb]<\/p>\n<h2><b>Une oeuvre repr\u00e9sentative de la sculpture Kanak<\/b><\/h2>\n<p><b><\/b><\/p>\n<p>Complexe et diverse, la sculpture occupe une place de choix dans l\u2019<b>art Kanak<\/b>. Fr\u00e9quemment r\u00e9duite au travail du bois, les artistes Kanak s\u2019essayent tout autant \u00e0 la sculpture en terre ou sur pierre.<span class=\"Apple-converted-space\">\u00a0<\/span><\/p>\n<p>[\/et_pb_text][\/et_pb_column][et_pb_column type=\u00a0\u00bb2_5&Prime; _builder_version=\u00a0\u00bb4.18.0&Prime; _module_preset=\u00a0\u00bbdefault\u00a0\u00bb global_colors_info=\u00a0\u00bb{}\u00a0\u00bb][et_pb_image src=\u00a0\u00bbhttps:\/\/www.primardeco.com\/blog\/wp-content\/uploads\/2022\/09\/Sculpture-kanak-\u00a9WikimediaCommons.jpeg\u00a0\u00bb alt=\u00a0\u00bbSculpture kanak \u00a9WikimediaCommons\u00a0\u00bb title_text=\u00a0\u00bbSculpture kanak \u00a9WikimediaCommons\u00a0\u00bb _builder_version=\u00a0\u00bb4.18.0&Prime; _module_preset=\u00a0\u00bbdefault\u00a0\u00bb global_colors_info=\u00a0\u00bb{}\u00a0\u00bb][\/et_pb_image][\/et_pb_column][\/et_pb_row][et_pb_row _builder_version=\u00a0\u00bb4.16&Prime; _module_preset=\u00a0\u00bbdefault\u00a0\u00bb min_height=\u00a0\u00bb367px\u00a0\u00bb custom_margin=\u00a0\u00bb-37px|auto||auto||\u00a0\u00bb global_colors_info=\u00a0\u00bb{}\u00a0\u00bb][et_pb_column type=\u00a0\u00bb4_4&Prime; _builder_version=\u00a0\u00bb4.16&Prime; _module_preset=\u00a0\u00bbdefault\u00a0\u00bb global_colors_info=\u00a0\u00bb{}\u00a0\u00bb][et_pb_text _builder_version=\u00a0\u00bb4.18.0&Prime; _module_preset=\u00a0\u00bbdefault\u00a0\u00bb global_colors_info=\u00a0\u00bb{}\u00a0\u00bb]<\/p>\n<p>La <b>sculpture Kanak traditionnelle <\/b>se d\u00e9ploie majoritairement dans ce que l\u2019on appelle la <b>Grande case <\/b>ou la case du chef. Lieu de pouvoir et de discussion pour la tribu, elle est tr\u00e8s souvent orn\u00e9e de sculptures diverses \u00e0 l\u2019esth\u00e9tique tr\u00e8s puissante.<\/p>\n<p style=\"text-align: center;\"><i>Chez les Kanak le symbole du pouvoir est tout entier concentr\u00e9 dans la maison donn\u00e9e au chef par les a\u00een\u00e9s des familles du pays. Cette \u00ab\u00a0Grande Case\u00a0\u00bb est dans son architecture m\u00eame la repr\u00e9sentation de la soci\u00e9t\u00e9 organis\u00e9e autour du chef, intercesseur entre les vivants et les esprits des anc\u00eatres. Les sculptures qui en ornent la porte sont l\u2019\u00e9vocation du regard de ces anc\u00eatres sur le pays qui l\u00e9gitiment le pouvoir des vivants.<span class=\"Apple-converted-space\">\u00a0<\/span><\/i><\/p>\n<p>(In. <i>Carnets Kanak &#8211; Voyage en inventaire de Roger Boulay<\/i>, page. 28)<\/p>\n<p>[\/et_pb_text][et_pb_image src=\u00a0\u00bbhttps:\/\/www.primardeco.com\/blog\/wp-content\/uploads\/2022\/09\/IMG_5219-scaled.jpg\u00a0\u00bb alt=\u00a0\u00bbGrande case Kanak\u00a0\u00bb title_text=\u00a0\u00bbGrande case Kanak\u00a0\u00bb _builder_version=\u00a0\u00bb4.18.0&Prime; _module_preset=\u00a0\u00bbdefault\u00a0\u00bb global_colors_info=\u00a0\u00bb{}\u00a0\u00bb][\/et_pb_image][et_pb_text _builder_version=\u00a0\u00bb4.18.0&Prime; _module_preset=\u00a0\u00bbdefault\u00a0\u00bb global_colors_info=\u00a0\u00bb{}\u00a0\u00bb]<\/p>\n<p>Cette oeuvre, pr\u00e9sent\u00e9e aux <a href=\"https:\/\/www.primardeco.com\/objets-dart\/applique-de-porte-de-case-kanak-jopwo-nouvelle-caledonie-bois-dur-a-46829\"><b>ench\u00e8res<\/b> vendredi prochain, <\/a>est un rare t\u00e9moignage de ces appliques, d\u2019une grande port\u00e9e symbolique dans la culture vernaculaire, qui ornaient de part et d\u2019autre la porte des maisons c\u00e9r\u00e9monielles <strong>Kanak<\/strong>.<\/p>\n<p>[\/et_pb_text][\/et_pb_column][\/et_pb_row][et_pb_row _builder_version=\u00a0\u00bb4.16&Prime; _module_preset=\u00a0\u00bbdefault\u00a0\u00bb custom_padding=\u00a0\u00bb5px|||||\u00a0\u00bb global_colors_info=\u00a0\u00bb{}\u00a0\u00bb][et_pb_column type=\u00a0\u00bb4_4&Prime; _builder_version=\u00a0\u00bb4.16&Prime; _module_preset=\u00a0\u00bbdefault\u00a0\u00bb global_colors_info=\u00a0\u00bb{}\u00a0\u00bb][et_pb_text _builder_version=\u00a0\u00bb4.18.0&Prime; _module_preset=\u00a0\u00bbdefault\u00a0\u00bb global_colors_info=\u00a0\u00bb{}\u00a0\u00bb]<\/p>\n<h2><b>De la collecte \u00e0 la collection : les d\u00e9buts de l\u2019art Kanak<\/b><\/h2>\n<p>&nbsp;<\/p>\n<p>Lorsque les premiers explorateurs parmi lesquels <b>Cook<\/b> et d\u2019<b>Entrecasteaux<\/b> embarquent sur leur navire, ils sont accompagn\u00e9s de nombreux peintres, naturalistes et observateurs qui d\u00e9couvrent pour la premi\u00e8re fois les coutumes locales. De ces explorations, sont rapport\u00e9s des objets collect\u00e9s sur place ainsi que de nombreux croquis et illustrations provoquant l\u2019\u00e9merveillement de tout l\u2019Occident. Cette photographie, prise en 1910-11 par le <b>naturaliste Fritz Sarasin, <\/b>est en ce sens tr\u00e8s r\u00e9v\u00e9latrice et donne \u00e0 voir les sp\u00e9cificit\u00e9s de l\u2019architecture Kanak.<span class=\"Apple-converted-space\">\u00a0<\/span><\/p>\n<p>[\/et_pb_text][et_pb_image src=\u00a0\u00bbhttps:\/\/www.primardeco.com\/blog\/wp-content\/uploads\/2022\/09\/IMG_5206-scaled.jpg\u00a0\u00bb alt=\u00a0\u00bbFritz Sarasin &#8211; Grande case\u00a0\u00bb title_text=\u00a0\u00bbFritz Sarasin &#8211; Grande case\u00a0\u00bb _builder_version=\u00a0\u00bb4.18.0&Prime; _module_preset=\u00a0\u00bbdefault\u00a0\u00bb global_colors_info=\u00a0\u00bb{}\u00a0\u00bb][\/et_pb_image][et_pb_text _builder_version=\u00a0\u00bb4.18.0&Prime; _module_preset=\u00a0\u00bbdefault\u00a0\u00bb global_colors_info=\u00a0\u00bb{}\u00a0\u00bb]<\/p>\n<p>\u00c0 partir de 1893, missionnaires, officiers de marines, m\u00e9decins ram\u00e8nent des souvenirs de leurs exp\u00e9ditions ou de leur s\u00e9jour en <b>Nouvelle Cal\u00e9donie<\/b>. C\u2019est ainsi qu\u2019une multitude d\u2019<b>oeuvres d\u2019art Kanak<\/b> atterrissent sur le territoire europ\u00e9en.<\/p>\n<p>S\u2019il fut pendant longtemps inconnu du grand public, l<a href=\"https:\/\/www.quaibranly.fr\/fr\/expositions-evenements\/au-musee\/expositions\/details-de-levenement\/e\/kanak-35081\/\">\u2019exposition <\/a><i><a href=\"https:\/\/www.quaibranly.fr\/fr\/expositions-evenements\/au-musee\/expositions\/details-de-levenement\/e\/kanak-35081\/\">Kanak. L\u2019art est une parole<\/a> (<\/i>mus\u00e9e du quai Branly d\u2019octobre 2013 \u00e0 janvier 2014) a consid\u00e9rablement contribu\u00e9 \u00e0 la mise en lumi\u00e8re de cet art \u00e9poustouflant. En r\u00e9unissant les plus grands <b>chefs d\u2019oeuvres de l\u2019art Kanak <\/b>issus des mus\u00e9es europ\u00e9ens, cette exposition a su rendre ses lettres de noblesse \u00e0 un art bien trop souvent m\u00e9connu. En parall\u00e8le, gr\u00e2ce \u00e0 un inventaire pr\u00e9cis des collections mus\u00e9ales internationales, <b>Roger Boulay <\/b>&#8211; figure majeure de la recherche sur l\u2019<b>art Kanak<\/b>, est parvenu \u00e0 montrer la complexit\u00e9 de cet art, et la richesse de la <b>culture Kanak<\/b>.<\/p>\n<p>[\/et_pb_text][et_pb_text _builder_version=\u00a0\u00bb4.18.0&Prime; _module_preset=\u00a0\u00bbdefault\u00a0\u00bb global_colors_info=\u00a0\u00bb{}\u00a0\u00bb]<\/p>\n<h2><b>Un joyau de la sculpture Kanak<\/b><\/h2>\n<p><b><i><\/i><\/b><\/p>\n<p>Pr\u00e9sent\u00e9e pour la premi\u00e8re fois aux <strong>ench\u00e8res<\/strong>, cette<a href=\"https:\/\/www.primardeco.com\/objets-dart\/applique-de-porte-de-case-kanak-jopwo-nouvelle-caledonie-bois-dur-a-46829\"> applique de porte kanak<\/a> j\u00f6pw\u00f6 en bois dur \u00e0 patine brune fonc\u00e9e, est un v\u00e9ritable joyau de la<strong> sculpture Kanak<\/strong>. Evocation puissante de la figure de l\u2019anc\u00eatre au sein de la culture Kanak, cette oeuvre<span class=\"Apple-converted-space\">\u00a0<\/span>t\u00e9moigne aussi de la vigueur de ses canons esth\u00e9tiques.<span class=\"Apple-converted-space\">\u00a0<\/span><\/p>\n<p>[\/et_pb_text][\/et_pb_column][\/et_pb_row][et_pb_row column_structure=\u00a0\u00bb1_2,1_2&Prime; _builder_version=\u00a0\u00bb4.18.0&Prime; _module_preset=\u00a0\u00bbdefault\u00a0\u00bb custom_margin=\u00a0\u00bb-28px|auto||auto||\u00a0\u00bb global_colors_info=\u00a0\u00bb{}\u00a0\u00bb][et_pb_column type=\u00a0\u00bb1_2&Prime; _builder_version=\u00a0\u00bb4.18.0&Prime; _module_preset=\u00a0\u00bbdefault\u00a0\u00bb global_colors_info=\u00a0\u00bb{}\u00a0\u00bb][et_pb_text _builder_version=\u00a0\u00bb4.18.0&Prime; _module_preset=\u00a0\u00bbdefault\u00a0\u00bb global_colors_info=\u00a0\u00bb{}\u00a0\u00bb]<\/p>\n<p>Sous un front o\u00f9 se devine le lien en courts chevrons de la cordelette d\u2019une fronde, le regard s\u2019inscrit sous une arcade sourcili\u00e8re marqu\u00e9e. Le nez, puissant, contraste avec la double \u00e9chancrure de la bouche, esquiss\u00e9e. Le percement au sommet permettait, \u00e0 l\u2019aide de lianes, de raccorder l\u2019applique \u00e0 la panne sabli\u00e8re et aux poteaux de tour de l\u2019architecture.<\/p>\n<p>[\/et_pb_text][\/et_pb_column][et_pb_column type=\u00a0\u00bb1_2&Prime; _builder_version=\u00a0\u00bb4.18.0&Prime; _module_preset=\u00a0\u00bbdefault\u00a0\u00bb global_colors_info=\u00a0\u00bb{}\u00a0\u00bb][et_pb_image src=\u00a0\u00bbhttps:\/\/www.primardeco.com\/blog\/wp-content\/uploads\/2022\/09\/Detail-totem-1-copie.jpg\u00a0\u00bb alt=\u00a0\u00bbApplique de porte de case Kanak \u00a9Primardeco\u00a0\u00bb title_text=\u00a0\u00bbApplique de porte de case Kanak \u00a9Primardeco\u00a0\u00bb _builder_version=\u00a0\u00bb4.18.0&Prime; _module_preset=\u00a0\u00bbdefault\u00a0\u00bb global_colors_info=\u00a0\u00bb{}\u00a0\u00bb][\/et_pb_image][\/et_pb_column][\/et_pb_row][et_pb_row column_structure=\u00a0\u00bb1_2,1_2&Prime; _builder_version=\u00a0\u00bb4.18.0&Prime; _module_preset=\u00a0\u00bbdefault\u00a0\u00bb global_colors_info=\u00a0\u00bb{}\u00a0\u00bb][et_pb_column type=\u00a0\u00bb1_2&Prime; _builder_version=\u00a0\u00bb4.18.0&Prime; _module_preset=\u00a0\u00bbdefault\u00a0\u00bb global_colors_info=\u00a0\u00bb{}\u00a0\u00bb][et_pb_image src=\u00a0\u00bbhttps:\/\/www.primardeco.com\/blog\/wp-content\/uploads\/2022\/09\/Image-de-mise-en-avant.jpg\u00a0\u00bb alt=\u00a0\u00bbApplique de porte de case Kanak \u00a9Primardeco\u00a0\u00bb title_text=\u00a0\u00bbApplique de porte de case Kanak \u00a9Primardeco\u00a0\u00bb _builder_version=\u00a0\u00bb4.18.0&Prime; _module_preset=\u00a0\u00bbdefault\u00a0\u00bb global_colors_info=\u00a0\u00bb{}\u00a0\u00bb][\/et_pb_image][\/et_pb_column][et_pb_column type=\u00a0\u00bb1_2&Prime; _builder_version=\u00a0\u00bb4.18.0&Prime; _module_preset=\u00a0\u00bbdefault\u00a0\u00bb global_colors_info=\u00a0\u00bb{}\u00a0\u00bb][et_pb_text _builder_version=\u00a0\u00bb4.18.0&Prime; _module_preset=\u00a0\u00bbdefault\u00a0\u00bb global_colors_info=\u00a0\u00bb{}\u00a0\u00bb]<\/p>\n<p>Les deux tiers inf\u00e9rieurs, orn\u00e9s en bas-relief d\u2019une succession d\u2019entrecroisements savants, \u00e9voquent les ligatures retenant l\u2019anc\u00eatre d\u00e9funt, envelopp\u00e9 dans un linceul v\u00e9g\u00e9tal. Cet enchev\u00eatrement de quatre liens r\u00e9unis par brins, est remarquable dans sa sculpture, comme dans le r\u00e9alisme de son dessin. Il s\u2019agit ici d\u2019une repr\u00e9sentation d\u2019une pratique mortuaire d\u00e9crite par la litt\u00e9rature de la fin du XIXe si\u00e8cle\u00a0: <i>Les hommes se rangent en cercle et se font passer de main en main le mort empaquet\u00e9 dans des nattes<\/i> (Docteur Vincent, 1895, In. <i>Kanak &#8211; L\u2019art est une parole<\/i>, page 272). Ne d\u00e9passe alors de ce linceul v\u00e9g\u00e9tal, comme ici, que la t\u00eate de l\u2019anc\u00eatre dont la pr\u00e9sence est comm\u00e9mor\u00e9e.<\/p>\n<p>[\/et_pb_text][\/et_pb_column][\/et_pb_row][et_pb_row _builder_version=\u00a0\u00bb4.18.0&Prime; _module_preset=\u00a0\u00bbdefault\u00a0\u00bb global_colors_info=\u00a0\u00bb{}\u00a0\u00bb][et_pb_column type=\u00a0\u00bb4_4&Prime; _builder_version=\u00a0\u00bb4.18.0&Prime; _module_preset=\u00a0\u00bbdefault\u00a0\u00bb global_colors_info=\u00a0\u00bb{}\u00a0\u00bb][et_pb_text _builder_version=\u00a0\u00bb4.18.0&Prime; _module_preset=\u00a0\u00bbdefault\u00a0\u00bb global_colors_info=\u00a0\u00bb{}\u00a0\u00bb]<\/p>\n<p><span id=\"p91\">La base de l\u2019<span id=\"101\">oeuvre<\/span>, \u00e9rod\u00e9e et sans d\u00e9cor, \u00e9tait plant\u00e9e dans le sol, parfois jusqu&rsquo;\u00e0 vingt centim\u00e8tres de profondeur.<\/span><\/p>\n<p><span id=\"p94\">Cet exemplaire appartient sans aucun doute au corpus des <strong>appliques <span id=\"103\" class=\"s-rg-t\">Kanak<\/span> anciennes<\/strong>.<\/span><span id=\"p95\"> Pour <span id=\"104\">autant, un<\/span> d\u00e9tail surprend :<\/span><span id=\"p96\"> sa convexit\u00e9, probablement due \u00e0 un ph\u00e9nom\u00e8ne naturel.<\/span><span id=\"p97\"> En effet, les attaques <span id=\"105\" class=\"s-bl-t\">cycloniques notamment<\/span>, fragilisaient les grands arbres, et favorisaient <span id=\"106\" class=\"s-rg-t\">l\u2019\u00e9videment<\/span> de leur c\u0153ur.<\/span><span id=\"p98\"> Une fois \u00e0 terre, ces pi\u00e8ces de bois incurv\u00e9es \u00e9taient pr\u00e9lev\u00e9es et travaill\u00e9es, le volume arrondi \u00e9tait alors volontairement pr\u00e9serv\u00e9.<\/span><span id=\"p99\"> Ce n\u2019est qu\u2019\u00e0 partir de l\u2019arriv\u00e9e en <span id=\"107\" class=\"s-rg-t\">Nouvelle Cal\u00e9donie<\/span> d\u2019outils occidentaux que des appliques rectilignes seront r\u00e9alis\u00e9es.<\/span><span id=\"p100\">\u00a0<\/span><\/p>\n<p>[\/et_pb_text][et_pb_text _builder_version=\u00a0\u00bb4.18.0&Prime; _module_preset=\u00a0\u00bbdefault\u00a0\u00bb global_colors_info=\u00a0\u00bb{}\u00a0\u00bb]<\/p>\n<p><i>En-dehors des armes et des massues, les <\/i><b><i>oeuvres d\u2019art kanak<\/i><\/b><i> sont tr\u00e8s rares en <\/i><b><i>ventes aux ench\u00e8res<\/i><\/b><i>. Conserv\u00e9e dans la m\u00eame collection priv\u00e9e depuis plus d\u2019un si\u00e8cle, cette \u0153uvre-m\u00e9morial, destin\u00e9e \u00e0 garder toute proche la protection de l\u2019anc\u00eatre, est un pr\u00e9cieux t\u00e9moignage de la<\/i><b><i> culture Kanak<\/i><\/b><i>, venu aujourd\u2019hui jusqu\u2019\u00e0 nous. Nul doute que sa <a href=\"https:\/\/www.primardeco.com\/ventes-aux-encheres\/annee-2022\/23-09-310\">pr\u00e9sentation aux <\/a><\/i><a href=\"https:\/\/www.primardeco.com\/ventes-aux-encheres\/annee-2022\/23-09-310\"><b><i>ench\u00e8res<\/i><\/b><\/a><i><a href=\"https:\/\/www.primardeco.com\/ventes-aux-encheres\/annee-2022\/23-09-310\"> vendredi prochain<\/a> suscitera l\u2019int\u00e9r\u00eat des collectionneurs.<span class=\"Apple-converted-space\">\u00a0<\/span><\/i><\/p>\n<p>[\/et_pb_text][\/et_pb_column][\/et_pb_row][et_pb_row _builder_version=\u00a0\u00bb4.16&Prime; _module_preset=\u00a0\u00bbdefault\u00a0\u00bb global_colors_info=\u00a0\u00bb{}\u00a0\u00bb][et_pb_column type=\u00a0\u00bb4_4&Prime; _builder_version=\u00a0\u00bb4.16&Prime; _module_preset=\u00a0\u00bbdefault\u00a0\u00bb global_colors_info=\u00a0\u00bb{}\u00a0\u00bb][et_pb_divider _builder_version=\u00a0\u00bb4.16&Prime; _module_preset=\u00a0\u00bbdefault\u00a0\u00bb global_colors_info=\u00a0\u00bb{}\u00a0\u00bb][\/et_pb_divider][\/et_pb_column][\/et_pb_row][\/et_pb_section]<\/p>\n","protected":false},"excerpt":{"rendered":"<p>Vendredi prochain, Primardeco pr\u00e9sentera aux ench\u00e8res une applique Kanak exceptionnelle. Retour sur l\u2019histoire d\u2019un objet in\u00e9dit gr\u00e2ce aux pr\u00e9cieux \u00e9clairages d\u2019Emmanuelle Menuet, expert en Arts Primitifs (Afrique &#8211; Am\u00e9rique &#8211; Oc\u00e9anie, Bijoux ethnographiques).\u00a0Quelques g\u00e9n\u00e9ralit\u00e9s sur l\u2019art Kanak\u2026\u00a0 &nbsp; L\u2019\u00a0\u00ab\u00a0art Kanak\u00a0\u00bb d\u00e9signe tout ce qui appartient \u00e0 la culture mat\u00e9rielle et artistique Kanak, traditionnelle ou contemporaine. [&hellip;]<\/p>\n","protected":false},"author":2,"featured_media":1997,"comment_status":"closed","ping_status":"closed","sticky":false,"template":"","format":"standard","meta":{"_et_pb_use_builder":"on","_et_pb_old_content":"","_et_gb_content_width":"","footnotes":""},"categories":[8],"tags":[58,24,41],"class_list":["post-1992","post","type-post","status-publish","format-standard","has-post-thumbnail","hentry","category-objets-dart-antiquites","tag-art-kanak","tag-dans-loeil-de-lexpert","tag-lots-dexception"],"yoast_head":"<!-- This site is optimized with the Yoast SEO plugin v25.6 - https:\/\/yoast.com\/wordpress\/plugins\/seo\/ -->\n<title>Un exceptionnel t\u00e9moignage de l&#039;art Kanak | Primardeco - Blog<\/title>\n<meta name=\"description\" content=\"En savoir plus sur &quot;Un exceptionnel t\u00e9moignage de l&#039;art Kanak&quot;, un sujet propos\u00e9 dans la cat\u00e9gorie Objets d&#039;art &amp; antiquit\u00e9s par l&#039;\u00e9quipe Primardeco, sp\u00e9cialistes de l&#039;expertise et de la vente aux ench\u00e8res d&#039;art \u00e0 Toulouse.\" \/>\n<meta name=\"robots\" content=\"index, follow, max-snippet:-1, max-image-preview:large, max-video-preview:-1\" \/>\n<link rel=\"canonical\" href=\"https:\/\/www.primardeco.com\/blog\/un-exceptionnel-temoignage-de-lart-kanak\/\" \/>\n<meta property=\"og:locale\" content=\"fr_FR\" \/>\n<meta property=\"og:type\" content=\"article\" \/>\n<meta property=\"og:title\" content=\"Un exceptionnel t\u00e9moignage de l&#039;art Kanak | Primardeco - Blog\" \/>\n<meta property=\"og:description\" content=\"En savoir plus sur &quot;Un exceptionnel t\u00e9moignage de l&#039;art Kanak&quot;, un sujet propos\u00e9 dans la cat\u00e9gorie Objets d&#039;art &amp; antiquit\u00e9s par l&#039;\u00e9quipe Primardeco, sp\u00e9cialistes de l&#039;expertise et de la vente aux ench\u00e8res d&#039;art \u00e0 Toulouse.\" \/>\n<meta property=\"og:url\" content=\"https:\/\/www.primardeco.com\/blog\/un-exceptionnel-temoignage-de-lart-kanak\/\" \/>\n<meta property=\"og:site_name\" content=\"Primardeco - Blog\" \/>\n<meta property=\"article:publisher\" content=\"https:\/\/www.facebook.com\/Primardeco-275817602518624\/\" \/>\n<meta property=\"article:published_time\" content=\"2022-09-20T08:41:19+00:00\" \/>\n<meta property=\"article:modified_time\" content=\"2022-09-28T10:23:33+00:00\" \/>\n<meta property=\"og:image\" content=\"https:\/\/www.primardeco.com\/blog\/wp-content\/uploads\/2022\/09\/Image-de-mise-en-avant.jpg\" \/>\n\t<meta property=\"og:image:width\" content=\"1187\" \/>\n\t<meta property=\"og:image:height\" content=\"1763\" \/>\n\t<meta property=\"og:image:type\" content=\"image\/jpeg\" \/>\n<meta name=\"author\" content=\"Anne de Colonges-Trotignon,\" \/>\n<meta name=\"twitter:card\" content=\"summary_large_image\" \/>\n<meta name=\"twitter:creator\" content=\"@PRIMARDECO\" \/>\n<meta name=\"twitter:site\" content=\"@PRIMARDECO\" \/>\n<meta name=\"twitter:label1\" content=\"\u00c9crit par\" \/>\n\t<meta name=\"twitter:data1\" content=\"Anne de Colonges-Trotignon,\" \/>\n\t<meta name=\"twitter:label2\" content=\"Dur\u00e9e de lecture estim\u00e9e\" \/>\n\t<meta name=\"twitter:data2\" content=\"6 minutes\" \/>\n<script type=\"application\/ld+json\" class=\"yoast-schema-graph\">{\"@context\":\"https:\/\/schema.org\",\"@graph\":[{\"@type\":\"Article\",\"@id\":\"https:\/\/www.primardeco.com\/blog\/un-exceptionnel-temoignage-de-lart-kanak\/#article\",\"isPartOf\":{\"@id\":\"https:\/\/www.primardeco.com\/blog\/un-exceptionnel-temoignage-de-lart-kanak\/\"},\"author\":{\"name\":\"Anne de Colonges-Trotignon,\",\"@id\":\"https:\/\/www.primardeco.com\/blog\/#\/schema\/person\/7de13947a1930d4cdcc9da53f15a8bf6\"},\"headline\":\"Un exceptionnel t\u00e9moignage de l&rsquo;art Kanak\",\"datePublished\":\"2022-09-20T08:41:19+00:00\",\"dateModified\":\"2022-09-28T10:23:33+00:00\",\"mainEntityOfPage\":{\"@id\":\"https:\/\/www.primardeco.com\/blog\/un-exceptionnel-temoignage-de-lart-kanak\/\"},\"wordCount\":1881,\"publisher\":{\"@id\":\"https:\/\/www.primardeco.com\/blog\/#organization\"},\"image\":{\"@id\":\"https:\/\/www.primardeco.com\/blog\/un-exceptionnel-temoignage-de-lart-kanak\/#primaryimage\"},\"thumbnailUrl\":\"https:\/\/www.primardeco.com\/blog\/wp-content\/uploads\/2022\/09\/Image-de-mise-en-avant.jpg\",\"keywords\":[\"Art Kanak\",\"Dans l'oeil de l'expert\",\"Lots d'exception\"],\"articleSection\":[\"Objets d'art &amp; antiquit\u00e9s\"],\"inLanguage\":\"fr-FR\"},{\"@type\":\"WebPage\",\"@id\":\"https:\/\/www.primardeco.com\/blog\/un-exceptionnel-temoignage-de-lart-kanak\/\",\"url\":\"https:\/\/www.primardeco.com\/blog\/un-exceptionnel-temoignage-de-lart-kanak\/\",\"name\":\"Un exceptionnel t\u00e9moignage de l'art Kanak | Primardeco - Blog\",\"isPartOf\":{\"@id\":\"https:\/\/www.primardeco.com\/blog\/#website\"},\"primaryImageOfPage\":{\"@id\":\"https:\/\/www.primardeco.com\/blog\/un-exceptionnel-temoignage-de-lart-kanak\/#primaryimage\"},\"image\":{\"@id\":\"https:\/\/www.primardeco.com\/blog\/un-exceptionnel-temoignage-de-lart-kanak\/#primaryimage\"},\"thumbnailUrl\":\"https:\/\/www.primardeco.com\/blog\/wp-content\/uploads\/2022\/09\/Image-de-mise-en-avant.jpg\",\"datePublished\":\"2022-09-20T08:41:19+00:00\",\"dateModified\":\"2022-09-28T10:23:33+00:00\",\"description\":\"En savoir plus sur \\\"Un exceptionnel t\u00e9moignage de l'art Kanak\\\", un sujet propos\u00e9 dans la cat\u00e9gorie Objets d'art &amp; antiquit\u00e9s par l'\u00e9quipe Primardeco, sp\u00e9cialistes de l'expertise et de la vente aux ench\u00e8res d'art \u00e0 Toulouse.\",\"breadcrumb\":{\"@id\":\"https:\/\/www.primardeco.com\/blog\/un-exceptionnel-temoignage-de-lart-kanak\/#breadcrumb\"},\"inLanguage\":\"fr-FR\",\"potentialAction\":[{\"@type\":\"ReadAction\",\"target\":[\"https:\/\/www.primardeco.com\/blog\/un-exceptionnel-temoignage-de-lart-kanak\/\"]}]},{\"@type\":\"ImageObject\",\"inLanguage\":\"fr-FR\",\"@id\":\"https:\/\/www.primardeco.com\/blog\/un-exceptionnel-temoignage-de-lart-kanak\/#primaryimage\",\"url\":\"https:\/\/www.primardeco.com\/blog\/wp-content\/uploads\/2022\/09\/Image-de-mise-en-avant.jpg\",\"contentUrl\":\"https:\/\/www.primardeco.com\/blog\/wp-content\/uploads\/2022\/09\/Image-de-mise-en-avant.jpg\",\"width\":1187,\"height\":1763,\"caption\":\"Applique de porte de case Kanak \u00a9Primardeco\"},{\"@type\":\"BreadcrumbList\",\"@id\":\"https:\/\/www.primardeco.com\/blog\/un-exceptionnel-temoignage-de-lart-kanak\/#breadcrumb\",\"itemListElement\":[{\"@type\":\"ListItem\",\"position\":1,\"name\":\"Accueil\",\"item\":\"https:\/\/www.primardeco.com\/blog\/\"},{\"@type\":\"ListItem\",\"position\":2,\"name\":\"Un exceptionnel t\u00e9moignage de l&rsquo;art Kanak\"}]},{\"@type\":\"WebSite\",\"@id\":\"https:\/\/www.primardeco.com\/blog\/#website\",\"url\":\"https:\/\/www.primardeco.com\/blog\/\",\"name\":\"Primardeco - Blog\",\"description\":\"Expertises et Ventes aux ench\u00e8res\",\"publisher\":{\"@id\":\"https:\/\/www.primardeco.com\/blog\/#organization\"},\"potentialAction\":[{\"@type\":\"SearchAction\",\"target\":{\"@type\":\"EntryPoint\",\"urlTemplate\":\"https:\/\/www.primardeco.com\/blog\/?s={search_term_string}\"},\"query-input\":{\"@type\":\"PropertyValueSpecification\",\"valueRequired\":true,\"valueName\":\"search_term_string\"}}],\"inLanguage\":\"fr-FR\"},{\"@type\":\"Organization\",\"@id\":\"https:\/\/www.primardeco.com\/blog\/#organization\",\"name\":\"Le Blog Primardeco, Ventes aux Ench\u00e8res d'Art \u00e0 Toulouse\",\"url\":\"https:\/\/www.primardeco.com\/blog\/\",\"logo\":{\"@type\":\"ImageObject\",\"inLanguage\":\"fr-FR\",\"@id\":\"https:\/\/www.primardeco.com\/blog\/#\/schema\/logo\/image\/\",\"url\":\"https:\/\/www.primardeco.com\/blog\/wp-content\/uploads\/2021\/11\/logo-primardeco-blog.png\",\"contentUrl\":\"https:\/\/www.primardeco.com\/blog\/wp-content\/uploads\/2021\/11\/logo-primardeco-blog.png\",\"width\":282,\"height\":84,\"caption\":\"Le Blog Primardeco, Ventes aux Ench\u00e8res d'Art \u00e0 Toulouse\"},\"image\":{\"@id\":\"https:\/\/www.primardeco.com\/blog\/#\/schema\/logo\/image\/\"},\"sameAs\":[\"https:\/\/www.facebook.com\/Primardeco-275817602518624\/\",\"https:\/\/x.com\/PRIMARDECO\",\"https:\/\/www.instagram.com\/primardeco\/\"]},{\"@type\":\"Person\",\"@id\":\"https:\/\/www.primardeco.com\/blog\/#\/schema\/person\/7de13947a1930d4cdcc9da53f15a8bf6\",\"name\":\"Anne de Colonges-Trotignon,\",\"image\":{\"@type\":\"ImageObject\",\"inLanguage\":\"fr-FR\",\"@id\":\"https:\/\/www.primardeco.com\/blog\/#\/schema\/person\/image\/\",\"url\":\"https:\/\/secure.gravatar.com\/avatar\/853054ac9272b8d8231f62d5ba9a57c0838e74856b0112cb96fd18a428d1d335?s=96&d=mm&r=g\",\"contentUrl\":\"https:\/\/secure.gravatar.com\/avatar\/853054ac9272b8d8231f62d5ba9a57c0838e74856b0112cb96fd18a428d1d335?s=96&d=mm&r=g\",\"caption\":\"Anne de Colonges-Trotignon,\"},\"url\":\"https:\/\/www.primardeco.com\/blog\/author\/anne\/\"}]}<\/script>\n<!-- \/ Yoast SEO plugin. -->","yoast_head_json":{"title":"Un exceptionnel t\u00e9moignage de l'art Kanak | Primardeco - Blog","description":"En savoir plus sur \"Un exceptionnel t\u00e9moignage de l'art Kanak\", un sujet propos\u00e9 dans la cat\u00e9gorie Objets d'art &amp; antiquit\u00e9s par l'\u00e9quipe Primardeco, sp\u00e9cialistes de l'expertise et de la vente aux ench\u00e8res d'art \u00e0 Toulouse.","robots":{"index":"index","follow":"follow","max-snippet":"max-snippet:-1","max-image-preview":"max-image-preview:large","max-video-preview":"max-video-preview:-1"},"canonical":"https:\/\/www.primardeco.com\/blog\/un-exceptionnel-temoignage-de-lart-kanak\/","og_locale":"fr_FR","og_type":"article","og_title":"Un exceptionnel t\u00e9moignage de l'art Kanak | Primardeco - Blog","og_description":"En savoir plus sur \"Un exceptionnel t\u00e9moignage de l'art Kanak\", un sujet propos\u00e9 dans la cat\u00e9gorie Objets d'art &amp; antiquit\u00e9s par l'\u00e9quipe Primardeco, sp\u00e9cialistes de l'expertise et de la vente aux ench\u00e8res d'art \u00e0 Toulouse.","og_url":"https:\/\/www.primardeco.com\/blog\/un-exceptionnel-temoignage-de-lart-kanak\/","og_site_name":"Primardeco - Blog","article_publisher":"https:\/\/www.facebook.com\/Primardeco-275817602518624\/","article_published_time":"2022-09-20T08:41:19+00:00","article_modified_time":"2022-09-28T10:23:33+00:00","og_image":[{"width":1187,"height":1763,"url":"https:\/\/www.primardeco.com\/blog\/wp-content\/uploads\/2022\/09\/Image-de-mise-en-avant.jpg","type":"image\/jpeg"}],"author":"Anne de Colonges-Trotignon,","twitter_card":"summary_large_image","twitter_creator":"@PRIMARDECO","twitter_site":"@PRIMARDECO","twitter_misc":{"\u00c9crit par":"Anne de Colonges-Trotignon,","Dur\u00e9e de lecture estim\u00e9e":"6 minutes"},"schema":{"@context":"https:\/\/schema.org","@graph":[{"@type":"Article","@id":"https:\/\/www.primardeco.com\/blog\/un-exceptionnel-temoignage-de-lart-kanak\/#article","isPartOf":{"@id":"https:\/\/www.primardeco.com\/blog\/un-exceptionnel-temoignage-de-lart-kanak\/"},"author":{"name":"Anne de Colonges-Trotignon,","@id":"https:\/\/www.primardeco.com\/blog\/#\/schema\/person\/7de13947a1930d4cdcc9da53f15a8bf6"},"headline":"Un exceptionnel t\u00e9moignage de l&rsquo;art Kanak","datePublished":"2022-09-20T08:41:19+00:00","dateModified":"2022-09-28T10:23:33+00:00","mainEntityOfPage":{"@id":"https:\/\/www.primardeco.com\/blog\/un-exceptionnel-temoignage-de-lart-kanak\/"},"wordCount":1881,"publisher":{"@id":"https:\/\/www.primardeco.com\/blog\/#organization"},"image":{"@id":"https:\/\/www.primardeco.com\/blog\/un-exceptionnel-temoignage-de-lart-kanak\/#primaryimage"},"thumbnailUrl":"https:\/\/www.primardeco.com\/blog\/wp-content\/uploads\/2022\/09\/Image-de-mise-en-avant.jpg","keywords":["Art Kanak","Dans l'oeil de l'expert","Lots d'exception"],"articleSection":["Objets d'art &amp; antiquit\u00e9s"],"inLanguage":"fr-FR"},{"@type":"WebPage","@id":"https:\/\/www.primardeco.com\/blog\/un-exceptionnel-temoignage-de-lart-kanak\/","url":"https:\/\/www.primardeco.com\/blog\/un-exceptionnel-temoignage-de-lart-kanak\/","name":"Un exceptionnel t\u00e9moignage de l'art Kanak | Primardeco - Blog","isPartOf":{"@id":"https:\/\/www.primardeco.com\/blog\/#website"},"primaryImageOfPage":{"@id":"https:\/\/www.primardeco.com\/blog\/un-exceptionnel-temoignage-de-lart-kanak\/#primaryimage"},"image":{"@id":"https:\/\/www.primardeco.com\/blog\/un-exceptionnel-temoignage-de-lart-kanak\/#primaryimage"},"thumbnailUrl":"https:\/\/www.primardeco.com\/blog\/wp-content\/uploads\/2022\/09\/Image-de-mise-en-avant.jpg","datePublished":"2022-09-20T08:41:19+00:00","dateModified":"2022-09-28T10:23:33+00:00","description":"En savoir plus sur \"Un exceptionnel t\u00e9moignage de l'art Kanak\", un sujet propos\u00e9 dans la cat\u00e9gorie Objets d'art &amp; antiquit\u00e9s par l'\u00e9quipe Primardeco, sp\u00e9cialistes de l'expertise et de la vente aux ench\u00e8res d'art \u00e0 Toulouse.","breadcrumb":{"@id":"https:\/\/www.primardeco.com\/blog\/un-exceptionnel-temoignage-de-lart-kanak\/#breadcrumb"},"inLanguage":"fr-FR","potentialAction":[{"@type":"ReadAction","target":["https:\/\/www.primardeco.com\/blog\/un-exceptionnel-temoignage-de-lart-kanak\/"]}]},{"@type":"ImageObject","inLanguage":"fr-FR","@id":"https:\/\/www.primardeco.com\/blog\/un-exceptionnel-temoignage-de-lart-kanak\/#primaryimage","url":"https:\/\/www.primardeco.com\/blog\/wp-content\/uploads\/2022\/09\/Image-de-mise-en-avant.jpg","contentUrl":"https:\/\/www.primardeco.com\/blog\/wp-content\/uploads\/2022\/09\/Image-de-mise-en-avant.jpg","width":1187,"height":1763,"caption":"Applique de porte de case Kanak \u00a9Primardeco"},{"@type":"BreadcrumbList","@id":"https:\/\/www.primardeco.com\/blog\/un-exceptionnel-temoignage-de-lart-kanak\/#breadcrumb","itemListElement":[{"@type":"ListItem","position":1,"name":"Accueil","item":"https:\/\/www.primardeco.com\/blog\/"},{"@type":"ListItem","position":2,"name":"Un exceptionnel t\u00e9moignage de l&rsquo;art Kanak"}]},{"@type":"WebSite","@id":"https:\/\/www.primardeco.com\/blog\/#website","url":"https:\/\/www.primardeco.com\/blog\/","name":"Primardeco - Blog","description":"Expertises et Ventes aux ench\u00e8res","publisher":{"@id":"https:\/\/www.primardeco.com\/blog\/#organization"},"potentialAction":[{"@type":"SearchAction","target":{"@type":"EntryPoint","urlTemplate":"https:\/\/www.primardeco.com\/blog\/?s={search_term_string}"},"query-input":{"@type":"PropertyValueSpecification","valueRequired":true,"valueName":"search_term_string"}}],"inLanguage":"fr-FR"},{"@type":"Organization","@id":"https:\/\/www.primardeco.com\/blog\/#organization","name":"Le Blog Primardeco, Ventes aux Ench\u00e8res d'Art \u00e0 Toulouse","url":"https:\/\/www.primardeco.com\/blog\/","logo":{"@type":"ImageObject","inLanguage":"fr-FR","@id":"https:\/\/www.primardeco.com\/blog\/#\/schema\/logo\/image\/","url":"https:\/\/www.primardeco.com\/blog\/wp-content\/uploads\/2021\/11\/logo-primardeco-blog.png","contentUrl":"https:\/\/www.primardeco.com\/blog\/wp-content\/uploads\/2021\/11\/logo-primardeco-blog.png","width":282,"height":84,"caption":"Le Blog Primardeco, Ventes aux Ench\u00e8res d'Art \u00e0 Toulouse"},"image":{"@id":"https:\/\/www.primardeco.com\/blog\/#\/schema\/logo\/image\/"},"sameAs":["https:\/\/www.facebook.com\/Primardeco-275817602518624\/","https:\/\/x.com\/PRIMARDECO","https:\/\/www.instagram.com\/primardeco\/"]},{"@type":"Person","@id":"https:\/\/www.primardeco.com\/blog\/#\/schema\/person\/7de13947a1930d4cdcc9da53f15a8bf6","name":"Anne de Colonges-Trotignon,","image":{"@type":"ImageObject","inLanguage":"fr-FR","@id":"https:\/\/www.primardeco.com\/blog\/#\/schema\/person\/image\/","url":"https:\/\/secure.gravatar.com\/avatar\/853054ac9272b8d8231f62d5ba9a57c0838e74856b0112cb96fd18a428d1d335?s=96&d=mm&r=g","contentUrl":"https:\/\/secure.gravatar.com\/avatar\/853054ac9272b8d8231f62d5ba9a57c0838e74856b0112cb96fd18a428d1d335?s=96&d=mm&r=g","caption":"Anne de Colonges-Trotignon,"},"url":"https:\/\/www.primardeco.com\/blog\/author\/anne\/"}]}},"_links":{"self":[{"href":"https:\/\/www.primardeco.com\/blog\/wp-json\/wp\/v2\/posts\/1992","targetHints":{"allow":["GET"]}}],"collection":[{"href":"https:\/\/www.primardeco.com\/blog\/wp-json\/wp\/v2\/posts"}],"about":[{"href":"https:\/\/www.primardeco.com\/blog\/wp-json\/wp\/v2\/types\/post"}],"author":[{"embeddable":true,"href":"https:\/\/www.primardeco.com\/blog\/wp-json\/wp\/v2\/users\/2"}],"replies":[{"embeddable":true,"href":"https:\/\/www.primardeco.com\/blog\/wp-json\/wp\/v2\/comments?post=1992"}],"version-history":[{"count":5,"href":"https:\/\/www.primardeco.com\/blog\/wp-json\/wp\/v2\/posts\/1992\/revisions"}],"predecessor-version":[{"id":2029,"href":"https:\/\/www.primardeco.com\/blog\/wp-json\/wp\/v2\/posts\/1992\/revisions\/2029"}],"wp:featuredmedia":[{"embeddable":true,"href":"https:\/\/www.primardeco.com\/blog\/wp-json\/wp\/v2\/media\/1997"}],"wp:attachment":[{"href":"https:\/\/www.primardeco.com\/blog\/wp-json\/wp\/v2\/media?parent=1992"}],"wp:term":[{"taxonomy":"category","embeddable":true,"href":"https:\/\/www.primardeco.com\/blog\/wp-json\/wp\/v2\/categories?post=1992"},{"taxonomy":"post_tag","embeddable":true,"href":"https:\/\/www.primardeco.com\/blog\/wp-json\/wp\/v2\/tags?post=1992"}],"curies":[{"name":"wp","href":"https:\/\/api.w.org\/{rel}","templated":true}]}}