{"id":1968,"date":"2022-09-06T17:43:49","date_gmt":"2022-09-06T15:43:49","guid":{"rendered":"https:\/\/www.primardeco.com\/blog\/?p=1968"},"modified":"2022-09-22T16:59:58","modified_gmt":"2022-09-22T14:59:58","slug":"petite-histoire-dun-bijou-retro-la-broche","status":"publish","type":"post","link":"https:\/\/www.primardeco.com\/blog\/petite-histoire-dun-bijou-retro-la-broche\/","title":{"rendered":"Petite histoire d&rsquo;un bijou r\u00e9tro : la broche"},"content":{"rendered":"<p>[et_pb_section fb_built=\u00a0\u00bb1&Prime; _builder_version=\u00a0\u00bb4.16&Prime; global_colors_info=\u00a0\u00bb{}\u00a0\u00bb][et_pb_row _builder_version=\u00a0\u00bb4.16&Prime; background_size=\u00a0\u00bbinitial\u00a0\u00bb background_position=\u00a0\u00bbtop_left\u00a0\u00bb background_repeat=\u00a0\u00bbrepeat\u00a0\u00bb min_height=\u00a0\u00bb310.2px\u00a0\u00bb global_colors_info=\u00a0\u00bb{}\u00a0\u00bb][et_pb_column type=\u00a0\u00bb4_4&Prime; _builder_version=\u00a0\u00bb4.16&Prime; custom_padding=\u00a0\u00bb|||\u00a0\u00bb global_colors_info=\u00a0\u00bb{}\u00a0\u00bb custom_padding__hover=\u00a0\u00bb|||\u00a0\u00bb][et_pb_text admin_label=\u00a0\u00bbIntro\u00a0\u00bb _builder_version=\u00a0\u00bb4.18.0&Prime; _module_preset=\u00a0\u00bbdefault\u00a0\u00bb custom_padding=\u00a0\u00bb1px|||||\u00a0\u00bb global_colors_info=\u00a0\u00bb{}\u00a0\u00bb]<\/p>\n<p><em>Tr\u00e8s fr\u00e9quente lors des <a href=\"https:\/\/www.primardeco.com\/ventes-aux-encheres\/passees\"><strong>ventes aux ench\u00e8res<\/strong><\/a>, la broche est un bijou port\u00e9 depuis des si\u00e8cles qui aura connu toutes les \u00e9poques et toutes les modes. Si la <strong>broche<\/strong> est probablement l\u2019un des bijoux les plus ancien de l\u2019<strong>histoire de la joaillerie<\/strong>, elle n\u2019aura de cesse de se renouveler au cours du temps donnant lieu \u00e0 de nombreuses cr\u00e9ations originales.<\/em><\/p>\n<p>[\/et_pb_text][et_pb_divider _builder_version=\u00a0\u00bb4.16&Prime; _module_preset=\u00a0\u00bbdefault\u00a0\u00bb global_colors_info=\u00a0\u00bb{}\u00a0\u00bb][\/et_pb_divider][et_pb_text _builder_version=\u00a0\u00bb4.17.4&Prime; background_size=\u00a0\u00bbinitial\u00a0\u00bb background_position=\u00a0\u00bbtop_left\u00a0\u00bb background_repeat=\u00a0\u00bbrepeat\u00a0\u00bb global_colors_info=\u00a0\u00bb{}\u00a0\u00bb]<\/p>\n<h2>UN bijou tres ancien<\/h2>\n<p>&nbsp;<\/p>\n<p>Utilis\u00e9e d\u00e8s l\u2019\u00e2ge du bronze, la broche a pour anc\u00eatre la <strong>fibule<\/strong> : sorte d\u2019agrafe permettant de fermer un v\u00eatement.<\/p>\n<p>[\/et_pb_text][\/et_pb_column][\/et_pb_row][et_pb_row _builder_version=\u00a0\u00bb4.17.4&Prime; _module_preset=\u00a0\u00bbdefault\u00a0\u00bb custom_padding=\u00a0\u00bb0px|||||\u00a0\u00bb global_colors_info=\u00a0\u00bb{}\u00a0\u00bb][et_pb_column type=\u00a0\u00bb4_4&Prime; _builder_version=\u00a0\u00bb4.17.4&Prime; _module_preset=\u00a0\u00bbdefault\u00a0\u00bb global_colors_info=\u00a0\u00bb{}\u00a0\u00bb][et_pb_image src=\u00a0\u00bbhttps:\/\/www.primardeco.com\/blog\/wp-content\/uploads\/2022\/09\/Fibule-\u00a9Wikipedia.jpeg\u00a0\u00bb alt=\u00a0\u00bbFibule \u00a9Wikipedia\u00a0\u00bb title_text=\u00a0\u00bbFibule \u00a9Wikipedia\u00a0\u00bb _builder_version=\u00a0\u00bb4.18.0&Prime; _module_preset=\u00a0\u00bbdefault\u00a0\u00bb global_colors_info=\u00a0\u00bb{}\u00a0\u00bb][\/et_pb_image][et_pb_text _builder_version=\u00a0\u00bb4.18.0&Prime; _module_preset=\u00a0\u00bbdefault\u00a0\u00bb global_colors_info=\u00a0\u00bb{}\u00a0\u00bb]<\/p>\n<p>Dans la <strong>Rome antique<\/strong>, la fibule commence \u00e0 \u00eatre per\u00e7ue comme un ornement pr\u00e9cieux \u00e0 part enti\u00e8re. D\u00e8s cette \u00e9poque, une plus grande attention est port\u00e9e \u00e0 sa fabrication et elle rev\u00eat progressivement l\u2019apparence d\u2019une <strong>broche<\/strong> ou d\u2019un m\u00e9daillon d\u00e9coratif. Port\u00e9e sur l\u2019\u00e9paule ou la poitrine et dot\u00e9e d\u2019une symbolique forte, elle devient un accessoire indispensable de l\u2019\u00e9poque.<span class=\"Apple-converted-space\">\u00a0<\/span><\/p>\n<p>Une <strong>broche<\/strong> se compose toujours d\u2019une partie d\u00e9corative \u00e0 l\u2019avant et d\u2019un syst\u00e8me de fixation coll\u00e9 ou soud\u00e9 (g\u00e9n\u00e9ralement une \u00e9pingle) \u00e0 l\u2019arri\u00e8re.<span class=\"Apple-converted-space\">\u00a0<\/span><\/p>\n<p>[\/et_pb_text][et_pb_image src=\u00a0\u00bbhttps:\/\/www.primardeco.com\/blog\/wp-content\/uploads\/2022\/09\/Broche-systeme-de-fixation-\u00a9Primardeco.jpg\u00a0\u00bb alt=\u00a0\u00bbBroche syst\u00e8me de fixation \u00a9Primardeco\u00a0\u00bb title_text=\u00a0\u00bbBroche syst\u00e8me de fixation \u00a9Primardeco\u00a0\u00bb _builder_version=\u00a0\u00bb4.18.0&Prime; _module_preset=\u00a0\u00bbdefault\u00a0\u00bb global_colors_info=\u00a0\u00bb{}\u00a0\u00bb][\/et_pb_image][\/et_pb_column][\/et_pb_row][et_pb_row _builder_version=\u00a0\u00bb4.16&Prime; _module_preset=\u00a0\u00bbdefault\u00a0\u00bb global_colors_info=\u00a0\u00bb{}\u00a0\u00bb][et_pb_column type=\u00a0\u00bb4_4&Prime; _builder_version=\u00a0\u00bb4.16&Prime; _module_preset=\u00a0\u00bbdefault\u00a0\u00bb global_colors_info=\u00a0\u00bb{}\u00a0\u00bb][et_pb_text _builder_version=\u00a0\u00bb4.18.0&Prime; _module_preset=\u00a0\u00bbdefault\u00a0\u00bb global_colors_info=\u00a0\u00bb{}\u00a0\u00bb]<\/p>\n<h2>Des chefs d\u2019oeuvre de la joaillerie<\/h2>\n<p>&nbsp;<\/p>\n<p>Progressivement, les broches se transforment en de v\u00e9ritables pi\u00e8ces d\u2019<strong>orf\u00e8vrerie<\/strong> orn\u00e9es de pierres pr\u00e9cieuses en tout genre : diamant, rubis, saphir, etc. En effet, d\u00e8s la fin de l\u2019<strong>Antiquit\u00e9<\/strong>, les broches sont agr\u00e9ment\u00e9es de gemmes soigneusement choisies pour leur signification. Par exemple, le rubis \u00e9tait synonyme de charit\u00e9.<\/p>\n<p>De simple agrafe utilitaire \u00e0 un v\u00e9ritable ornement, la<strong> broche<\/strong> devient un incroyable support de cr\u00e9ation. L\u2019attention accord\u00e9e par les grandes maisons de joaillerie \u00e0 ce bijou donnera naissance \u00e0 des cr\u00e9ations toutes plus extraordinaires les unes que les autres \u00e0 l\u2019image de cette splendide <a href=\"https:\/\/www.primardeco.com\/bijoux\/cartier-broche-en-or-jaune-et-diamants-en-forme-doiseau-signee-et-n-28186\">broche en or jaune en forme d\u2019oiseau<\/a> agr\u00e9ment\u00e9e de diamants sign\u00e9e<strong> Cartier<\/strong> (l.\u00a05\u00a0cm, 12,94\u00a0g) et adjug\u00e9e 10 100\u20ac lors d\u2019une <strong>vente aux ench\u00e8res<\/strong> organis\u00e9e par Primardeco.<span class=\"Apple-converted-space\">\u00a0<\/span><\/p>\n<p>[\/et_pb_text][et_pb_image src=\u00a0\u00bbhttps:\/\/www.primardeco.com\/blog\/wp-content\/uploads\/2022\/09\/Oiseau-de-Cartier-\u00a9Primardeco.jpeg\u00a0\u00bb alt=\u00a0\u00bbOiseau de Cartier \u00a9Primardeco\u00a0\u00bb title_text=\u00a0\u00bbOiseau de Cartier \u00a9Primardeco\u00a0\u00bb _builder_version=\u00a0\u00bb4.18.0&Prime; _module_preset=\u00a0\u00bbdefault\u00a0\u00bb global_colors_info=\u00a0\u00bb{}\u00a0\u00bb][\/et_pb_image][et_pb_text _builder_version=\u00a0\u00bb4.18.0&Prime; _module_preset=\u00a0\u00bbdefault\u00a0\u00bb global_colors_info=\u00a0\u00bb{}\u00a0\u00bb]<\/p>\n<p>Devenues un terrain de jeu privil\u00e9gi\u00e9 pour les joailliers, certaines broches deviendront des <strong>chefs d\u2019oeuvre des arts joailliers<\/strong>. Aujourd\u2019hui, nombre d\u2019entre elles sont conserv\u00e9es dans des <strong>mus\u00e9es<\/strong> ou au sein des plus grandes <strong>collections joailli\u00e8res<\/strong> priv\u00e9es du monde.<span class=\"Apple-converted-space\">\u00a0<\/span><\/p>\n<p>[\/et_pb_text][\/et_pb_column][\/et_pb_row][et_pb_row column_structure=\u00a0\u00bb1_2,1_2&Prime; _builder_version=\u00a0\u00bb4.18.0&Prime; _module_preset=\u00a0\u00bbdefault\u00a0\u00bb min_height=\u00a0\u00bb575px\u00a0\u00bb custom_margin=\u00a0\u00bb|auto|-221px|185px||\u00a0\u00bb custom_padding=\u00a0\u00bb||0px|||\u00a0\u00bb global_colors_info=\u00a0\u00bb{}\u00a0\u00bb][et_pb_column type=\u00a0\u00bb1_2&Prime; _builder_version=\u00a0\u00bb4.18.0&Prime; _module_preset=\u00a0\u00bbdefault\u00a0\u00bb global_colors_info=\u00a0\u00bb{}\u00a0\u00bb][et_pb_text _builder_version=\u00a0\u00bb4.18.0&Prime; _module_preset=\u00a0\u00bbdefault\u00a0\u00bb custom_margin=\u00a0\u00bb|||-55px||\u00a0\u00bb custom_padding=\u00a0\u00bb||0px|||\u00a0\u00bb global_colors_info=\u00a0\u00bb{}\u00a0\u00bb]<\/p>\n<h2>Les XVIIe et XVIIIe si\u00e8cles, l\u2019\u00e2ge d\u2019or des broches<\/h2>\n<p>&nbsp;<\/p>\n<p>Au XVIIe si\u00e8cle, gr\u00e2ce aux mines de pierres pr\u00e9cieuses r\u00e9cemment d\u00e9couvertes en <strong>Am\u00e9rique du Sud<\/strong>, les orf\u00e8vres ornent les broches de diamants et autres pierres pr\u00e9cieuses. Les cr\u00e9ations sont alors de plus en plus luxueuses et originales. Port\u00e9es sur le corsage et par\u00e9es des plus belles pierres, les broches deviennent monumentales et ornent ce que l\u2019on nomme alors les \u00ab\u00a0<strong>pi\u00e8ces d\u2019estomac\u00a0<\/strong>\u00bb.<\/p>\n<p>[\/et_pb_text][\/et_pb_column][et_pb_column type=\u00a0\u00bb1_2&Prime; _builder_version=\u00a0\u00bb4.18.0&Prime; _module_preset=\u00a0\u00bbdefault\u00a0\u00bb global_colors_info=\u00a0\u00bb{}\u00a0\u00bb][et_pb_image src=\u00a0\u00bbhttps:\/\/www.primardeco.com\/blog\/wp-content\/uploads\/2022\/09\/Devant-de-corsage-en-argent-reperce-verre-transparent-ou-vert-France-XVIIIeme-siecle-\u00a9-MAD-ParisJean-Tholance.jpeg\u00a0\u00bb alt=\u00a0\u00bbDevant de corsage en argent reperc\u00e9, verre transparent ou vert &#8211; France, XVIII\u00e8me si\u00e8cle \u00a9 MAD, Paris:Jean Tholance\u00a0\u00bb title_text=\u00a0\u00bbDevant de corsage en argent reperc\u00e9, verre transparent ou vert &#8211; France, XVIII\u00e8me si\u00e8cle \u00a9 MAD, Paris:Jean Tholance\u00a0\u00bb _builder_version=\u00a0\u00bb4.18.0&Prime; _module_preset=\u00a0\u00bbdefault\u00a0\u00bb global_colors_info=\u00a0\u00bb{}\u00a0\u00bb][\/et_pb_image][\/et_pb_column][\/et_pb_row][et_pb_row _builder_version=\u00a0\u00bb4.16&Prime; _module_preset=\u00a0\u00bbdefault\u00a0\u00bb custom_padding=\u00a0\u00bb0px|||||\u00a0\u00bb global_colors_info=\u00a0\u00bb{}\u00a0\u00bb][et_pb_column type=\u00a0\u00bb4_4&Prime; _builder_version=\u00a0\u00bb4.16&Prime; _module_preset=\u00a0\u00bbdefault\u00a0\u00bb global_colors_info=\u00a0\u00bb{}\u00a0\u00bb][et_pb_text _builder_version=\u00a0\u00bb4.18.0&Prime; _module_preset=\u00a0\u00bbdefault\u00a0\u00bb global_colors_info=\u00a0\u00bb{}\u00a0\u00bb]<\/p>\n<p>&nbsp;<\/p>\n<p>Pratiques, luxueuses et originales, <strong>les broches \u00ab\u00a0devant de corsage\u00a0\u00bb<\/strong> ont rapidement su trouver leur place dans la garde-robe des dames du XVIIe et XVIIIe si\u00e8cles.\u00a0<\/p>\n<p>[\/et_pb_text][\/et_pb_column][\/et_pb_row][et_pb_row _builder_version=\u00a0\u00bb4.17.4&Prime; _module_preset=\u00a0\u00bbdefault\u00a0\u00bb global_colors_info=\u00a0\u00bb{}\u00a0\u00bb][et_pb_column type=\u00a0\u00bb4_4&Prime; _builder_version=\u00a0\u00bb4.17.4&Prime; _module_preset=\u00a0\u00bbdefault\u00a0\u00bb global_colors_info=\u00a0\u00bb{}\u00a0\u00bb][et_pb_text _builder_version=\u00a0\u00bb4.18.0&Prime; _module_preset=\u00a0\u00bbdefault\u00a0\u00bb global_colors_info=\u00a0\u00bb{}\u00a0\u00bb]<\/p>\n<h2><b>L\u2019art d\u00e9co, au le temps des pi\u00e8ces spectaculaires <span class=\"Apple-converted-space\">\u00a0<\/span><\/b><\/h2>\n<p>&nbsp;<\/p>\n<p>Les <strong>ann\u00e9es 1920-30<\/strong>\u00a0constituent l\u2019une des p\u00e9riodes les plus importantes pour l\u2019<strong>histoire de la broche<\/strong>. Ajour\u00e9es, grav\u00e9es, orn\u00e9es de pi\u00e8ces pr\u00e9cieuses, les cr\u00e9ations sont plus que jamais originales et l\u2019attention pr\u00eat\u00e9e \u00e0 ce bijou par les joailliers est tr\u00e8s importante.<span class=\"Apple-converted-space\">\u00a0<\/span><\/p>\n<p>[\/et_pb_text][\/et_pb_column][\/et_pb_row][et_pb_row column_structure=\u00a0\u00bb1_3,1_3,1_3&Prime; _builder_version=\u00a0\u00bb4.18.0&Prime; _module_preset=\u00a0\u00bbdefault\u00a0\u00bb global_colors_info=\u00a0\u00bb{}\u00a0\u00bb][et_pb_column type=\u00a0\u00bb1_3&Prime; _builder_version=\u00a0\u00bb4.18.0&Prime; _module_preset=\u00a0\u00bbdefault\u00a0\u00bb global_colors_info=\u00a0\u00bb{}\u00a0\u00bb][et_pb_image src=\u00a0\u00bbhttps:\/\/www.primardeco.com\/blog\/wp-content\/uploads\/2022\/09\/Broche-art-deco-1-\u00a9Primardeco.jpeg\u00a0\u00bb alt=\u00a0\u00bbBroche art d\u00e9co 1 \u00a9Primardeco\u00a0\u00bb title_text=\u00a0\u00bbBroche art d\u00e9co 1 \u00a9Primardeco\u00a0\u00bb _builder_version=\u00a0\u00bb4.18.0&Prime; _module_preset=\u00a0\u00bbdefault\u00a0\u00bb global_colors_info=\u00a0\u00bb{}\u00a0\u00bb][\/et_pb_image][\/et_pb_column][et_pb_column type=\u00a0\u00bb1_3&Prime; _builder_version=\u00a0\u00bb4.18.0&Prime; _module_preset=\u00a0\u00bbdefault\u00a0\u00bb global_colors_info=\u00a0\u00bb{}\u00a0\u00bb][et_pb_image src=\u00a0\u00bbhttps:\/\/www.primardeco.com\/blog\/wp-content\/uploads\/2022\/09\/Broche-de-style-art-deco-\u00a9Primardeco.jpeg\u00a0\u00bb alt=\u00a0\u00bbBroche de style art d\u00e9co \u00a9Primardeco\u00a0\u00bb title_text=\u00a0\u00bbBroche de style art d\u00e9co \u00a9Primardeco\u00a0\u00bb _builder_version=\u00a0\u00bb4.18.0&Prime; _module_preset=\u00a0\u00bbdefault\u00a0\u00bb global_colors_info=\u00a0\u00bb{}\u00a0\u00bb][\/et_pb_image][\/et_pb_column][et_pb_column type=\u00a0\u00bb1_3&Prime; _builder_version=\u00a0\u00bb4.18.0&Prime; _module_preset=\u00a0\u00bbdefault\u00a0\u00bb global_colors_info=\u00a0\u00bb{}\u00a0\u00bb][et_pb_image src=\u00a0\u00bbhttps:\/\/www.primardeco.com\/blog\/wp-content\/uploads\/2022\/09\/45baf9c431b93ddd3fe0e17e8fe07ff0701031fc.jpeg\u00a0\u00bb alt=\u00a0\u00bbBroche art d\u00e9co \u00a9Primardeco\u00a0\u00bb title_text=\u00a0\u00bbBroche art d\u00e9co \u00a9Primardeco\u00a0\u00bb _builder_version=\u00a0\u00bb4.18.0&Prime; _module_preset=\u00a0\u00bbdefault\u00a0\u00bb global_colors_info=\u00a0\u00bb{}\u00a0\u00bb][\/et_pb_image][\/et_pb_column][\/et_pb_row][et_pb_row _builder_version=\u00a0\u00bb4.18.0&Prime; _module_preset=\u00a0\u00bbdefault\u00a0\u00bb global_colors_info=\u00a0\u00bb{}\u00a0\u00bb][et_pb_column type=\u00a0\u00bb4_4&Prime; _builder_version=\u00a0\u00bb4.18.0&Prime; _module_preset=\u00a0\u00bbdefault\u00a0\u00bb global_colors_info=\u00a0\u00bb{}\u00a0\u00bb][et_pb_text _builder_version=\u00a0\u00bb4.18.0&Prime; _module_preset=\u00a0\u00bbdefault\u00a0\u00bb global_colors_info=\u00a0\u00bb{}\u00a0\u00bb]<\/p>\n<p>C\u2019est notamment \u00e0 cette \u00e9poque que na\u00eet la mode des <strong>bijoux \u00ab\u00a0Tutti frutti\u00a0\u00bb<\/strong>. En effet, les plus grands joailliers du moment (<strong>Cartier<\/strong>, <strong>Boucheron<\/strong>, <strong>Van Cleefs<\/strong>\u2026) adoptent cette nouvelle tendance tout droit ramen\u00e9e de l\u2019<strong>Inde<\/strong> des souverains moghols. Les bijoux sont alors savamment articul\u00e9s de pierres pr\u00e9cieuses multicolores (rubis, saphir, \u00e9meraudes, am\u00e9thystes\u2026) taill\u00e9es et grav\u00e9es en forme de baies, de branches orn\u00e9es de fruits et de feuillages. Mont\u00e9es sur platine et merveilleusement rehauss\u00e9es par des diamants, ces pierres de couleurs taill\u00e9es de la sorte sont merveilleusement agenc\u00e9es sur des bracelets, des colliers ou bien des broches.<\/p>\n<p>[\/et_pb_text][et_pb_image src=\u00a0\u00bbhttps:\/\/www.primardeco.com\/blog\/wp-content\/uploads\/2022\/09\/Bracelet-Cartier-Tutti-Frutti-\u00a9Flickr.jpg\u00a0\u00bb alt=\u00a0\u00bbBracelet Cartier Tutti Frutti \u00a9Flickr\u00a0\u00bb title_text=\u00a0\u00bbBracelet Cartier Tutti Frutti \u00a9Flickr\u00a0\u00bb _builder_version=\u00a0\u00bb4.18.0&Prime; _module_preset=\u00a0\u00bbdefault\u00a0\u00bb global_colors_info=\u00a0\u00bb{}\u00a0\u00bb][\/et_pb_image][et_pb_text _builder_version=\u00a0\u00bb4.18.0&Prime; _module_preset=\u00a0\u00bbdefault\u00a0\u00bb global_colors_info=\u00a0\u00bb{}\u00a0\u00bb]<\/p>\n<p>Alors particuli\u00e8rement en vogue, les broches n\u2019\u00e9chapperont pas \u00e0 cette tendance comme en t\u00e9moigne cette <a href=\"https:\/\/www.primardeco.com\/bijoux\/boucheron-a-paris-broche-tutti-frutti-en-forme-de-panier-de-frui-33798\">pi\u00e8ce spectaculaire<\/a> sign\u00e9e <strong>Boucheron<\/strong> adjug\u00e9e 31 000\u20ac chez Primardeco lors d\u2019une <strong>vente aux ench\u00e8res<\/strong>.<\/p>\n<p>[\/et_pb_text][et_pb_image src=\u00a0\u00bbhttps:\/\/www.primardeco.com\/blog\/wp-content\/uploads\/2022\/09\/c13a16bcd2863c9d6abbbda25c22b62036aca3cb.jpeg\u00a0\u00bb alt=\u00a0\u00bbBroche Tutti Frutti Boucheron \u00a9Primardeco\u00a0\u00bb title_text=\u00a0\u00bbBroche Tutti Frutti Boucheron \u00a9Primardeco\u00a0\u00bb _builder_version=\u00a0\u00bb4.18.0&Prime; _module_preset=\u00a0\u00bbdefault\u00a0\u00bb global_colors_info=\u00a0\u00bb{}\u00a0\u00bb][\/et_pb_image][\/et_pb_column][\/et_pb_row][et_pb_row _builder_version=\u00a0\u00bb4.16&Prime; _module_preset=\u00a0\u00bbdefault\u00a0\u00bb global_colors_info=\u00a0\u00bb{}\u00a0\u00bb][et_pb_column type=\u00a0\u00bb4_4&Prime; _builder_version=\u00a0\u00bb4.16&Prime; _module_preset=\u00a0\u00bbdefault\u00a0\u00bb global_colors_info=\u00a0\u00bb{}\u00a0\u00bb][et_pb_text _builder_version=\u00a0\u00bb4.18.0&Prime; _module_preset=\u00a0\u00bbdefault\u00a0\u00bb global_colors_info=\u00a0\u00bb{}\u00a0\u00bb]<\/p>\n<h2><b>La broche : l\u2019accessoire tendance du moment ?<span class=\"Apple-converted-space\">\u00a0<\/span><\/b><\/h2>\n<h2>\u00a0<\/h2>\n<p>Si elles furent pendant longtemps d\u00e9laiss\u00e9es car consid\u00e9r\u00e9es comme \u00ab\u00a0vieillottes\u00a0\u00bb, il semblerait que les <strong>broches<\/strong> fassent leur grand retour. Modernes, \u00ab\u00a0styl\u00e9es\u00a0\u00bb, elles sont devenues un accessoire mode indispensable au cours de ces derni\u00e8res ann\u00e9es.<span class=\"Apple-converted-space\">\u00a0<\/span><\/p>\n<p>Port\u00e9es sur tout type de v\u00eatement, en mode chic ou casual, les broches sauront s\u2019adapter \u00e0 votre dressing et \u00e9gayeront toutes vos tenues. Sobre, luxueuse, discr\u00e8te, originale, color\u00e9e ou volumineuse : \u00e0 vous de choisir la <strong>broche ancienne<\/strong> qui vous ressemble.<\/p>\n<p>[\/et_pb_text][\/et_pb_column][\/et_pb_row][et_pb_row column_structure=\u00a0\u00bb1_2,1_2&Prime; _builder_version=\u00a0\u00bb4.18.0&Prime; _module_preset=\u00a0\u00bbdefault\u00a0\u00bb global_colors_info=\u00a0\u00bb{}\u00a0\u00bb][et_pb_column type=\u00a0\u00bb1_2&Prime; _builder_version=\u00a0\u00bb4.18.0&Prime; _module_preset=\u00a0\u00bbdefault\u00a0\u00bb global_colors_info=\u00a0\u00bb{}\u00a0\u00bb][et_pb_image src=\u00a0\u00bbhttps:\/\/www.primardeco.com\/blog\/wp-content\/uploads\/2022\/09\/Broche-Napoleon-III\u00a9Primardeco.jpg\u00a0\u00bb alt=\u00a0\u00bbBroche Napol\u00e9on III\u00a9Primardeco\u00a0\u00bb title_text=\u00a0\u00bbBroche Napol\u00e9on III\u00a9Primardeco\u00a0\u00bb _builder_version=\u00a0\u00bb4.18.0&Prime; _module_preset=\u00a0\u00bbdefault\u00a0\u00bb global_colors_info=\u00a0\u00bb{}\u00a0\u00bb][\/et_pb_image][\/et_pb_column][et_pb_column type=\u00a0\u00bb1_2&Prime; _builder_version=\u00a0\u00bb4.18.0&Prime; _module_preset=\u00a0\u00bbdefault\u00a0\u00bb global_colors_info=\u00a0\u00bb{}\u00a0\u00bb][et_pb_image src=\u00a0\u00bbhttps:\/\/www.primardeco.com\/blog\/wp-content\/uploads\/2022\/09\/Broche-de-style-art-nouveau-\u00a9Primardeco.jpg\u00a0\u00bb alt=\u00a0\u00bbBroche de style art nouveau \u00a9Primardeco\u00a0\u00bb title_text=\u00a0\u00bbBroche de style art nouveau \u00a9Primardeco\u00a0\u00bb _builder_version=\u00a0\u00bb4.18.0&Prime; _module_preset=\u00a0\u00bbdefault\u00a0\u00bb global_colors_info=\u00a0\u00bb{}\u00a0\u00bb][\/et_pb_image][\/et_pb_column][\/et_pb_row][et_pb_row _builder_version=\u00a0\u00bb4.17.4&Prime; _module_preset=\u00a0\u00bbdefault\u00a0\u00bb min_height=\u00a0\u00bb150px\u00a0\u00bb global_colors_info=\u00a0\u00bb{}\u00a0\u00bb][et_pb_column type=\u00a0\u00bb4_4&Prime; _builder_version=\u00a0\u00bb4.17.4&Prime; _module_preset=\u00a0\u00bbdefault\u00a0\u00bb global_colors_info=\u00a0\u00bb{}\u00a0\u00bb][et_pb_text _builder_version=\u00a0\u00bb4.17.4&Prime; _module_preset=\u00a0\u00bbdefault\u00a0\u00bb global_colors_info=\u00a0\u00bb{}\u00a0\u00bb]<\/p>\n<p>Orn\u00e9es de pierres plus ou moins pr\u00e9cieuses, sign\u00e9es ou non, de style ou d\u2019\u00e9poque, les prix des broches varient consid\u00e9rablement en <strong>salle des ventes<\/strong>. Accessoire ind\u00e9modable, la <strong>broche ancienne<\/strong> reste accessible au plus grand nombre. Alors n\u2019attendez pas et laissez vous tenter par le charme d\u2019une broche ancienne.<\/p>\n<p>[\/et_pb_text][\/et_pb_column][\/et_pb_row][et_pb_row _builder_version=\u00a0\u00bb4.17.4&Prime; _module_preset=\u00a0\u00bbdefault\u00a0\u00bb custom_margin=\u00a0\u00bb-22px|auto||auto||\u00a0\u00bb global_colors_info=\u00a0\u00bb{}\u00a0\u00bb][et_pb_column type=\u00a0\u00bb4_4&Prime; _builder_version=\u00a0\u00bb4.17.4&Prime; _module_preset=\u00a0\u00bbdefault\u00a0\u00bb global_colors_info=\u00a0\u00bb{}\u00a0\u00bb][et_pb_text _builder_version=\u00a0\u00bb4.17.4&Prime; _module_preset=\u00a0\u00bbdefault\u00a0\u00bb global_colors_info=\u00a0\u00bb{}\u00a0\u00bb]<\/p>\n<p><em>Les<strong> broches<\/strong> ont su traverser les si\u00e8cles et sans cesse se renouveler. Si elles furent pendant longtemps d\u00e9laiss\u00e9es, elles semblent actuellement faire leur grand retour. Recherch\u00e9es par les collectionneurs, les mus\u00e9es ou les simples amateurs les broches ont toujours beaucoup de succ\u00e8s lors des <strong>ventes aux ench\u00e8res<\/strong>.<span class=\"Apple-converted-space\">\u00a0<\/span><\/em><\/p>\n<p>[\/et_pb_text][\/et_pb_column][\/et_pb_row][et_pb_row _builder_version=\u00a0\u00bb4.16&Prime; _module_preset=\u00a0\u00bbdefault\u00a0\u00bb global_colors_info=\u00a0\u00bb{}\u00a0\u00bb][et_pb_column type=\u00a0\u00bb4_4&Prime; _builder_version=\u00a0\u00bb4.16&Prime; _module_preset=\u00a0\u00bbdefault\u00a0\u00bb global_colors_info=\u00a0\u00bb{}\u00a0\u00bb][et_pb_divider _builder_version=\u00a0\u00bb4.16&Prime; _module_preset=\u00a0\u00bbdefault\u00a0\u00bb global_colors_info=\u00a0\u00bb{}\u00a0\u00bb][\/et_pb_divider][\/et_pb_column][\/et_pb_row][\/et_pb_section]<\/p>\n","protected":false},"excerpt":{"rendered":"<p>Tr\u00e8s fr\u00e9quente lors des ventes aux ench\u00e8res, la broche est un bijou port\u00e9 depuis des si\u00e8cles qui aura connu toutes les \u00e9poques et toutes les modes. Si la broche est probablement l\u2019un des bijoux les plus ancien de l\u2019histoire de la joaillerie, elle n\u2019aura de cesse de se renouveler au cours du temps donnant lieu [&hellip;]<\/p>\n","protected":false},"author":2,"featured_media":1978,"comment_status":"closed","ping_status":"closed","sticky":false,"template":"","format":"standard","meta":{"_et_pb_use_builder":"on","_et_pb_old_content":"","_et_gb_content_width":"","footnotes":""},"categories":[6],"tags":[],"class_list":["post-1968","post","type-post","status-publish","format-standard","has-post-thumbnail","hentry","category-orfevrerie-argenterie"],"yoast_head":"<!-- This site is optimized with the Yoast SEO plugin v25.6 - https:\/\/yoast.com\/wordpress\/plugins\/seo\/ -->\n<title>Petite histoire d&#039;un bijou r\u00e9tro : la broche | Primardeco - Blog<\/title>\n<meta name=\"description\" content=\"En savoir plus sur &quot;Petite histoire d&#039;un bijou r\u00e9tro : la broche&quot;, un sujet propos\u00e9 dans la cat\u00e9gorie Or, bijoux &amp; argenterie par l&#039;\u00e9quipe Primardeco, sp\u00e9cialistes de l&#039;expertise et de la vente aux ench\u00e8res d&#039;art \u00e0 Toulouse.\" \/>\n<meta name=\"robots\" content=\"index, follow, max-snippet:-1, max-image-preview:large, max-video-preview:-1\" \/>\n<link rel=\"canonical\" href=\"https:\/\/www.primardeco.com\/blog\/petite-histoire-dun-bijou-retro-la-broche\/\" \/>\n<meta property=\"og:locale\" content=\"fr_FR\" \/>\n<meta property=\"og:type\" content=\"article\" \/>\n<meta property=\"og:title\" content=\"Petite histoire d&#039;un bijou r\u00e9tro : la broche | Primardeco - Blog\" \/>\n<meta property=\"og:description\" content=\"En savoir plus sur &quot;Petite histoire d&#039;un bijou r\u00e9tro : la broche&quot;, un sujet propos\u00e9 dans la cat\u00e9gorie Or, bijoux &amp; argenterie par l&#039;\u00e9quipe Primardeco, sp\u00e9cialistes de l&#039;expertise et de la vente aux ench\u00e8res d&#039;art \u00e0 Toulouse.\" \/>\n<meta property=\"og:url\" content=\"https:\/\/www.primardeco.com\/blog\/petite-histoire-dun-bijou-retro-la-broche\/\" \/>\n<meta property=\"og:site_name\" content=\"Primardeco - Blog\" \/>\n<meta property=\"article:publisher\" content=\"https:\/\/www.facebook.com\/Primardeco-275817602518624\/\" \/>\n<meta property=\"article:published_time\" content=\"2022-09-06T15:43:49+00:00\" \/>\n<meta property=\"article:modified_time\" content=\"2022-09-22T14:59:58+00:00\" \/>\n<meta property=\"og:image\" content=\"https:\/\/www.primardeco.com\/blog\/wp-content\/uploads\/2022\/09\/Les-broches-\u00a9Primardeco.jpg\" \/>\n\t<meta property=\"og:image:width\" content=\"2000\" \/>\n\t<meta property=\"og:image:height\" content=\"1600\" \/>\n\t<meta property=\"og:image:type\" content=\"image\/jpeg\" \/>\n<meta name=\"author\" content=\"Anne de Colonges-Trotignon,\" \/>\n<meta name=\"twitter:card\" content=\"summary_large_image\" \/>\n<meta name=\"twitter:creator\" content=\"@PRIMARDECO\" \/>\n<meta name=\"twitter:site\" content=\"@PRIMARDECO\" \/>\n<meta name=\"twitter:label1\" content=\"\u00c9crit par\" \/>\n\t<meta name=\"twitter:data1\" content=\"Anne de Colonges-Trotignon,\" \/>\n\t<meta name=\"twitter:label2\" content=\"Dur\u00e9e de lecture estim\u00e9e\" \/>\n\t<meta name=\"twitter:data2\" content=\"6 minutes\" \/>\n<script type=\"application\/ld+json\" class=\"yoast-schema-graph\">{\"@context\":\"https:\/\/schema.org\",\"@graph\":[{\"@type\":\"Article\",\"@id\":\"https:\/\/www.primardeco.com\/blog\/petite-histoire-dun-bijou-retro-la-broche\/#article\",\"isPartOf\":{\"@id\":\"https:\/\/www.primardeco.com\/blog\/petite-histoire-dun-bijou-retro-la-broche\/\"},\"author\":{\"name\":\"Anne de Colonges-Trotignon,\",\"@id\":\"https:\/\/www.primardeco.com\/blog\/#\/schema\/person\/7de13947a1930d4cdcc9da53f15a8bf6\"},\"headline\":\"Petite histoire d&rsquo;un bijou r\u00e9tro : la broche\",\"datePublished\":\"2022-09-06T15:43:49+00:00\",\"dateModified\":\"2022-09-22T14:59:58+00:00\",\"mainEntityOfPage\":{\"@id\":\"https:\/\/www.primardeco.com\/blog\/petite-histoire-dun-bijou-retro-la-broche\/\"},\"wordCount\":2110,\"publisher\":{\"@id\":\"https:\/\/www.primardeco.com\/blog\/#organization\"},\"image\":{\"@id\":\"https:\/\/www.primardeco.com\/blog\/petite-histoire-dun-bijou-retro-la-broche\/#primaryimage\"},\"thumbnailUrl\":\"https:\/\/www.primardeco.com\/blog\/wp-content\/uploads\/2022\/09\/Les-broches-\u00a9Primardeco.jpg\",\"articleSection\":[\"Or, bijoux &amp; argenterie\"],\"inLanguage\":\"fr-FR\"},{\"@type\":\"WebPage\",\"@id\":\"https:\/\/www.primardeco.com\/blog\/petite-histoire-dun-bijou-retro-la-broche\/\",\"url\":\"https:\/\/www.primardeco.com\/blog\/petite-histoire-dun-bijou-retro-la-broche\/\",\"name\":\"Petite histoire d'un bijou r\u00e9tro : la broche | Primardeco - Blog\",\"isPartOf\":{\"@id\":\"https:\/\/www.primardeco.com\/blog\/#website\"},\"primaryImageOfPage\":{\"@id\":\"https:\/\/www.primardeco.com\/blog\/petite-histoire-dun-bijou-retro-la-broche\/#primaryimage\"},\"image\":{\"@id\":\"https:\/\/www.primardeco.com\/blog\/petite-histoire-dun-bijou-retro-la-broche\/#primaryimage\"},\"thumbnailUrl\":\"https:\/\/www.primardeco.com\/blog\/wp-content\/uploads\/2022\/09\/Les-broches-\u00a9Primardeco.jpg\",\"datePublished\":\"2022-09-06T15:43:49+00:00\",\"dateModified\":\"2022-09-22T14:59:58+00:00\",\"description\":\"En savoir plus sur \\\"Petite histoire d'un bijou r\u00e9tro : la broche\\\", un sujet propos\u00e9 dans la cat\u00e9gorie Or, bijoux &amp; argenterie par l'\u00e9quipe Primardeco, sp\u00e9cialistes de l'expertise et de la vente aux ench\u00e8res d'art \u00e0 Toulouse.\",\"breadcrumb\":{\"@id\":\"https:\/\/www.primardeco.com\/blog\/petite-histoire-dun-bijou-retro-la-broche\/#breadcrumb\"},\"inLanguage\":\"fr-FR\",\"potentialAction\":[{\"@type\":\"ReadAction\",\"target\":[\"https:\/\/www.primardeco.com\/blog\/petite-histoire-dun-bijou-retro-la-broche\/\"]}]},{\"@type\":\"ImageObject\",\"inLanguage\":\"fr-FR\",\"@id\":\"https:\/\/www.primardeco.com\/blog\/petite-histoire-dun-bijou-retro-la-broche\/#primaryimage\",\"url\":\"https:\/\/www.primardeco.com\/blog\/wp-content\/uploads\/2022\/09\/Les-broches-\u00a9Primardeco.jpg\",\"contentUrl\":\"https:\/\/www.primardeco.com\/blog\/wp-content\/uploads\/2022\/09\/Les-broches-\u00a9Primardeco.jpg\",\"width\":2000,\"height\":1600,\"caption\":\"Les broches \u00a9Primardeco\"},{\"@type\":\"BreadcrumbList\",\"@id\":\"https:\/\/www.primardeco.com\/blog\/petite-histoire-dun-bijou-retro-la-broche\/#breadcrumb\",\"itemListElement\":[{\"@type\":\"ListItem\",\"position\":1,\"name\":\"Accueil\",\"item\":\"https:\/\/www.primardeco.com\/blog\/\"},{\"@type\":\"ListItem\",\"position\":2,\"name\":\"Petite histoire d&rsquo;un bijou r\u00e9tro : la broche\"}]},{\"@type\":\"WebSite\",\"@id\":\"https:\/\/www.primardeco.com\/blog\/#website\",\"url\":\"https:\/\/www.primardeco.com\/blog\/\",\"name\":\"Primardeco - Blog\",\"description\":\"Expertises et Ventes aux ench\u00e8res\",\"publisher\":{\"@id\":\"https:\/\/www.primardeco.com\/blog\/#organization\"},\"potentialAction\":[{\"@type\":\"SearchAction\",\"target\":{\"@type\":\"EntryPoint\",\"urlTemplate\":\"https:\/\/www.primardeco.com\/blog\/?s={search_term_string}\"},\"query-input\":{\"@type\":\"PropertyValueSpecification\",\"valueRequired\":true,\"valueName\":\"search_term_string\"}}],\"inLanguage\":\"fr-FR\"},{\"@type\":\"Organization\",\"@id\":\"https:\/\/www.primardeco.com\/blog\/#organization\",\"name\":\"Le Blog Primardeco, Ventes aux Ench\u00e8res d'Art \u00e0 Toulouse\",\"url\":\"https:\/\/www.primardeco.com\/blog\/\",\"logo\":{\"@type\":\"ImageObject\",\"inLanguage\":\"fr-FR\",\"@id\":\"https:\/\/www.primardeco.com\/blog\/#\/schema\/logo\/image\/\",\"url\":\"https:\/\/www.primardeco.com\/blog\/wp-content\/uploads\/2021\/11\/logo-primardeco-blog.png\",\"contentUrl\":\"https:\/\/www.primardeco.com\/blog\/wp-content\/uploads\/2021\/11\/logo-primardeco-blog.png\",\"width\":282,\"height\":84,\"caption\":\"Le Blog Primardeco, Ventes aux Ench\u00e8res d'Art \u00e0 Toulouse\"},\"image\":{\"@id\":\"https:\/\/www.primardeco.com\/blog\/#\/schema\/logo\/image\/\"},\"sameAs\":[\"https:\/\/www.facebook.com\/Primardeco-275817602518624\/\",\"https:\/\/x.com\/PRIMARDECO\",\"https:\/\/www.instagram.com\/primardeco\/\"]},{\"@type\":\"Person\",\"@id\":\"https:\/\/www.primardeco.com\/blog\/#\/schema\/person\/7de13947a1930d4cdcc9da53f15a8bf6\",\"name\":\"Anne de Colonges-Trotignon,\",\"image\":{\"@type\":\"ImageObject\",\"inLanguage\":\"fr-FR\",\"@id\":\"https:\/\/www.primardeco.com\/blog\/#\/schema\/person\/image\/\",\"url\":\"https:\/\/secure.gravatar.com\/avatar\/853054ac9272b8d8231f62d5ba9a57c0838e74856b0112cb96fd18a428d1d335?s=96&d=mm&r=g\",\"contentUrl\":\"https:\/\/secure.gravatar.com\/avatar\/853054ac9272b8d8231f62d5ba9a57c0838e74856b0112cb96fd18a428d1d335?s=96&d=mm&r=g\",\"caption\":\"Anne de Colonges-Trotignon,\"},\"url\":\"https:\/\/www.primardeco.com\/blog\/author\/anne\/\"}]}<\/script>\n<!-- \/ Yoast SEO plugin. -->","yoast_head_json":{"title":"Petite histoire d'un bijou r\u00e9tro : la broche | Primardeco - Blog","description":"En savoir plus sur \"Petite histoire d'un bijou r\u00e9tro : la broche\", un sujet propos\u00e9 dans la cat\u00e9gorie Or, bijoux &amp; argenterie par l'\u00e9quipe Primardeco, sp\u00e9cialistes de l'expertise et de la vente aux ench\u00e8res d'art \u00e0 Toulouse.","robots":{"index":"index","follow":"follow","max-snippet":"max-snippet:-1","max-image-preview":"max-image-preview:large","max-video-preview":"max-video-preview:-1"},"canonical":"https:\/\/www.primardeco.com\/blog\/petite-histoire-dun-bijou-retro-la-broche\/","og_locale":"fr_FR","og_type":"article","og_title":"Petite histoire d'un bijou r\u00e9tro : la broche | Primardeco - Blog","og_description":"En savoir plus sur \"Petite histoire d'un bijou r\u00e9tro : la broche\", un sujet propos\u00e9 dans la cat\u00e9gorie Or, bijoux &amp; argenterie par l'\u00e9quipe Primardeco, sp\u00e9cialistes de l'expertise et de la vente aux ench\u00e8res d'art \u00e0 Toulouse.","og_url":"https:\/\/www.primardeco.com\/blog\/petite-histoire-dun-bijou-retro-la-broche\/","og_site_name":"Primardeco - Blog","article_publisher":"https:\/\/www.facebook.com\/Primardeco-275817602518624\/","article_published_time":"2022-09-06T15:43:49+00:00","article_modified_time":"2022-09-22T14:59:58+00:00","og_image":[{"width":2000,"height":1600,"url":"https:\/\/www.primardeco.com\/blog\/wp-content\/uploads\/2022\/09\/Les-broches-\u00a9Primardeco.jpg","type":"image\/jpeg"}],"author":"Anne de Colonges-Trotignon,","twitter_card":"summary_large_image","twitter_creator":"@PRIMARDECO","twitter_site":"@PRIMARDECO","twitter_misc":{"\u00c9crit par":"Anne de Colonges-Trotignon,","Dur\u00e9e de lecture estim\u00e9e":"6 minutes"},"schema":{"@context":"https:\/\/schema.org","@graph":[{"@type":"Article","@id":"https:\/\/www.primardeco.com\/blog\/petite-histoire-dun-bijou-retro-la-broche\/#article","isPartOf":{"@id":"https:\/\/www.primardeco.com\/blog\/petite-histoire-dun-bijou-retro-la-broche\/"},"author":{"name":"Anne de Colonges-Trotignon,","@id":"https:\/\/www.primardeco.com\/blog\/#\/schema\/person\/7de13947a1930d4cdcc9da53f15a8bf6"},"headline":"Petite histoire d&rsquo;un bijou r\u00e9tro : la broche","datePublished":"2022-09-06T15:43:49+00:00","dateModified":"2022-09-22T14:59:58+00:00","mainEntityOfPage":{"@id":"https:\/\/www.primardeco.com\/blog\/petite-histoire-dun-bijou-retro-la-broche\/"},"wordCount":2110,"publisher":{"@id":"https:\/\/www.primardeco.com\/blog\/#organization"},"image":{"@id":"https:\/\/www.primardeco.com\/blog\/petite-histoire-dun-bijou-retro-la-broche\/#primaryimage"},"thumbnailUrl":"https:\/\/www.primardeco.com\/blog\/wp-content\/uploads\/2022\/09\/Les-broches-\u00a9Primardeco.jpg","articleSection":["Or, bijoux &amp; argenterie"],"inLanguage":"fr-FR"},{"@type":"WebPage","@id":"https:\/\/www.primardeco.com\/blog\/petite-histoire-dun-bijou-retro-la-broche\/","url":"https:\/\/www.primardeco.com\/blog\/petite-histoire-dun-bijou-retro-la-broche\/","name":"Petite histoire d'un bijou r\u00e9tro : la broche | Primardeco - Blog","isPartOf":{"@id":"https:\/\/www.primardeco.com\/blog\/#website"},"primaryImageOfPage":{"@id":"https:\/\/www.primardeco.com\/blog\/petite-histoire-dun-bijou-retro-la-broche\/#primaryimage"},"image":{"@id":"https:\/\/www.primardeco.com\/blog\/petite-histoire-dun-bijou-retro-la-broche\/#primaryimage"},"thumbnailUrl":"https:\/\/www.primardeco.com\/blog\/wp-content\/uploads\/2022\/09\/Les-broches-\u00a9Primardeco.jpg","datePublished":"2022-09-06T15:43:49+00:00","dateModified":"2022-09-22T14:59:58+00:00","description":"En savoir plus sur \"Petite histoire d'un bijou r\u00e9tro : la broche\", un sujet propos\u00e9 dans la cat\u00e9gorie Or, bijoux &amp; argenterie par l'\u00e9quipe Primardeco, sp\u00e9cialistes de l'expertise et de la vente aux ench\u00e8res d'art \u00e0 Toulouse.","breadcrumb":{"@id":"https:\/\/www.primardeco.com\/blog\/petite-histoire-dun-bijou-retro-la-broche\/#breadcrumb"},"inLanguage":"fr-FR","potentialAction":[{"@type":"ReadAction","target":["https:\/\/www.primardeco.com\/blog\/petite-histoire-dun-bijou-retro-la-broche\/"]}]},{"@type":"ImageObject","inLanguage":"fr-FR","@id":"https:\/\/www.primardeco.com\/blog\/petite-histoire-dun-bijou-retro-la-broche\/#primaryimage","url":"https:\/\/www.primardeco.com\/blog\/wp-content\/uploads\/2022\/09\/Les-broches-\u00a9Primardeco.jpg","contentUrl":"https:\/\/www.primardeco.com\/blog\/wp-content\/uploads\/2022\/09\/Les-broches-\u00a9Primardeco.jpg","width":2000,"height":1600,"caption":"Les broches \u00a9Primardeco"},{"@type":"BreadcrumbList","@id":"https:\/\/www.primardeco.com\/blog\/petite-histoire-dun-bijou-retro-la-broche\/#breadcrumb","itemListElement":[{"@type":"ListItem","position":1,"name":"Accueil","item":"https:\/\/www.primardeco.com\/blog\/"},{"@type":"ListItem","position":2,"name":"Petite histoire d&rsquo;un bijou r\u00e9tro : la broche"}]},{"@type":"WebSite","@id":"https:\/\/www.primardeco.com\/blog\/#website","url":"https:\/\/www.primardeco.com\/blog\/","name":"Primardeco - Blog","description":"Expertises et Ventes aux ench\u00e8res","publisher":{"@id":"https:\/\/www.primardeco.com\/blog\/#organization"},"potentialAction":[{"@type":"SearchAction","target":{"@type":"EntryPoint","urlTemplate":"https:\/\/www.primardeco.com\/blog\/?s={search_term_string}"},"query-input":{"@type":"PropertyValueSpecification","valueRequired":true,"valueName":"search_term_string"}}],"inLanguage":"fr-FR"},{"@type":"Organization","@id":"https:\/\/www.primardeco.com\/blog\/#organization","name":"Le Blog Primardeco, Ventes aux Ench\u00e8res d'Art \u00e0 Toulouse","url":"https:\/\/www.primardeco.com\/blog\/","logo":{"@type":"ImageObject","inLanguage":"fr-FR","@id":"https:\/\/www.primardeco.com\/blog\/#\/schema\/logo\/image\/","url":"https:\/\/www.primardeco.com\/blog\/wp-content\/uploads\/2021\/11\/logo-primardeco-blog.png","contentUrl":"https:\/\/www.primardeco.com\/blog\/wp-content\/uploads\/2021\/11\/logo-primardeco-blog.png","width":282,"height":84,"caption":"Le Blog Primardeco, Ventes aux Ench\u00e8res d'Art \u00e0 Toulouse"},"image":{"@id":"https:\/\/www.primardeco.com\/blog\/#\/schema\/logo\/image\/"},"sameAs":["https:\/\/www.facebook.com\/Primardeco-275817602518624\/","https:\/\/x.com\/PRIMARDECO","https:\/\/www.instagram.com\/primardeco\/"]},{"@type":"Person","@id":"https:\/\/www.primardeco.com\/blog\/#\/schema\/person\/7de13947a1930d4cdcc9da53f15a8bf6","name":"Anne de Colonges-Trotignon,","image":{"@type":"ImageObject","inLanguage":"fr-FR","@id":"https:\/\/www.primardeco.com\/blog\/#\/schema\/person\/image\/","url":"https:\/\/secure.gravatar.com\/avatar\/853054ac9272b8d8231f62d5ba9a57c0838e74856b0112cb96fd18a428d1d335?s=96&d=mm&r=g","contentUrl":"https:\/\/secure.gravatar.com\/avatar\/853054ac9272b8d8231f62d5ba9a57c0838e74856b0112cb96fd18a428d1d335?s=96&d=mm&r=g","caption":"Anne de Colonges-Trotignon,"},"url":"https:\/\/www.primardeco.com\/blog\/author\/anne\/"}]}},"_links":{"self":[{"href":"https:\/\/www.primardeco.com\/blog\/wp-json\/wp\/v2\/posts\/1968","targetHints":{"allow":["GET"]}}],"collection":[{"href":"https:\/\/www.primardeco.com\/blog\/wp-json\/wp\/v2\/posts"}],"about":[{"href":"https:\/\/www.primardeco.com\/blog\/wp-json\/wp\/v2\/types\/post"}],"author":[{"embeddable":true,"href":"https:\/\/www.primardeco.com\/blog\/wp-json\/wp\/v2\/users\/2"}],"replies":[{"embeddable":true,"href":"https:\/\/www.primardeco.com\/blog\/wp-json\/wp\/v2\/comments?post=1968"}],"version-history":[{"count":5,"href":"https:\/\/www.primardeco.com\/blog\/wp-json\/wp\/v2\/posts\/1968\/revisions"}],"predecessor-version":[{"id":2031,"href":"https:\/\/www.primardeco.com\/blog\/wp-json\/wp\/v2\/posts\/1968\/revisions\/2031"}],"wp:featuredmedia":[{"embeddable":true,"href":"https:\/\/www.primardeco.com\/blog\/wp-json\/wp\/v2\/media\/1978"}],"wp:attachment":[{"href":"https:\/\/www.primardeco.com\/blog\/wp-json\/wp\/v2\/media?parent=1968"}],"wp:term":[{"taxonomy":"category","embeddable":true,"href":"https:\/\/www.primardeco.com\/blog\/wp-json\/wp\/v2\/categories?post=1968"},{"taxonomy":"post_tag","embeddable":true,"href":"https:\/\/www.primardeco.com\/blog\/wp-json\/wp\/v2\/tags?post=1968"}],"curies":[{"name":"wp","href":"https:\/\/api.w.org\/{rel}","templated":true}]}}