{"id":1886,"date":"2022-06-10T10:26:16","date_gmt":"2022-06-10T08:26:16","guid":{"rendered":"https:\/\/www.primardeco.com\/blog\/?p=1886"},"modified":"2022-06-10T10:26:22","modified_gmt":"2022-06-10T08:26:22","slug":"vendre-un-diamant","status":"publish","type":"post","link":"https:\/\/www.primardeco.com\/blog\/vendre-un-diamant\/","title":{"rendered":"Vendre un diamant"},"content":{"rendered":"<p>[et_pb_section fb_built=\u00a0\u00bb1&Prime; _builder_version=\u00a0\u00bb4.16&Prime; global_colors_info=\u00a0\u00bb{}\u00a0\u00bb][et_pb_row _builder_version=\u00a0\u00bb4.16&Prime; background_size=\u00a0\u00bbinitial\u00a0\u00bb background_position=\u00a0\u00bbtop_left\u00a0\u00bb background_repeat=\u00a0\u00bbrepeat\u00a0\u00bb global_colors_info=\u00a0\u00bb{}\u00a0\u00bb][et_pb_column type=\u00a0\u00bb4_4&Prime; _builder_version=\u00a0\u00bb4.16&Prime; custom_padding=\u00a0\u00bb|||\u00a0\u00bb global_colors_info=\u00a0\u00bb{}\u00a0\u00bb custom_padding__hover=\u00a0\u00bb|||\u00a0\u00bb][et_pb_text admin_label=\u00a0\u00bbIntro\u00a0\u00bb _builder_version=\u00a0\u00bb4.17.4&Prime; _module_preset=\u00a0\u00bbdefault\u00a0\u00bb custom_padding=\u00a0\u00bb1px|||||\u00a0\u00bb global_colors_info=\u00a0\u00bb{}\u00a0\u00bb]<\/p>\n<p><i>De plus en plus recherch\u00e9s, les <strong>diamants<\/strong> ont envahi les salles des ventes. Diamants de taille ancienne ou moderne, solitaire ou sur un bijou : les diamants sont nombreux et vari\u00e9s lors des <a href=\"https:\/\/www.primardeco.com\/ventes-aux-encheres\"><strong>ventes aux ench\u00e8res<\/strong><\/a>. De quelques centaines \u00e0 plusieurs milliers d\u2019euros, tous ne se valent pas. Quelques \u00e9clairages pour conna\u00eetre la <strong>valeur d\u2019un diamant<\/strong>.<span class=\"Apple-converted-space\">\u00a0<\/span><\/i><\/p>\n<p>[\/et_pb_text][et_pb_divider _builder_version=\u00a0\u00bb4.16&Prime; _module_preset=\u00a0\u00bbdefault\u00a0\u00bb global_colors_info=\u00a0\u00bb{}\u00a0\u00bb][\/et_pb_divider][et_pb_text _builder_version=\u00a0\u00bb4.17.4&Prime; background_size=\u00a0\u00bbinitial\u00a0\u00bb background_position=\u00a0\u00bbtop_left\u00a0\u00bb background_repeat=\u00a0\u00bbrepeat\u00a0\u00bb global_colors_info=\u00a0\u00bb{}\u00a0\u00bb]<\/p>\n<h2><b>Quelle est la valeur d\u2019un diamant ? Les 4C<\/b><\/h2>\n<p><b><\/b><\/p>\n<p>Tous les diamants n\u2019ont pas la m\u00eame valeur. Quatre crit\u00e8res, couramment d\u00e9sign\u00e9s sous l\u2019expression \u00ab\u00a04C\u00a0\u00bb, permettent de d\u00e9finir la <strong>qualit\u00e9 d\u2019un diamant<\/strong> :<span class=\"Apple-converted-space\">\u00a0<\/span><\/p>\n<ul>\n<li><span><\/span>Carat (poids)<\/li>\n<li><span><\/span>Clarity (puret\u00e9)<\/li>\n<li><span><\/span>Color (couleur)<span class=\"Apple-converted-space\">\u00a0<\/span><\/li>\n<li><span><\/span>Cut (taille)<\/li>\n<\/ul>\n<p>L\u2019observation de l\u2019ensemble de ces facteurs est indispensable avant la <strong>vente aux ench\u00e8res<\/strong>, car ils permettent de d\u00e9terminer avec pr\u00e9cision la qualit\u00e9 d\u2019un diamant et donc sa <strong>valeur<\/strong>.<span class=\"Apple-converted-space\">\u00a0<\/span><\/p>\n<p>[\/et_pb_text][\/et_pb_column][\/et_pb_row][et_pb_row column_structure=\u00a0\u00bb3_5,2_5&Prime; _builder_version=\u00a0\u00bb4.16&Prime; _module_preset=\u00a0\u00bbdefault\u00a0\u00bb min_height=\u00a0\u00bb223px\u00a0\u00bb custom_padding=\u00a0\u00bb||0px|||\u00a0\u00bb global_colors_info=\u00a0\u00bb{}\u00a0\u00bb][et_pb_column type=\u00a0\u00bb3_5&Prime; _builder_version=\u00a0\u00bb4.16&Prime; _module_preset=\u00a0\u00bbdefault\u00a0\u00bb global_colors_info=\u00a0\u00bb{}\u00a0\u00bb][et_pb_text _builder_version=\u00a0\u00bb4.17.4&Prime; _module_preset=\u00a0\u00bbdefault\u00a0\u00bb global_colors_info=\u00a0\u00bb{}\u00a0\u00bb]<\/p>\n<h3><b>1. Le carat<span class=\"Apple-converted-space\">\u00a0<\/span><\/b><\/h3>\n<p><b><span class=\"Apple-converted-space\"><\/span><\/b><\/p>\n<p>L\u2019unit\u00e9 de mesure couramment employ\u00e9e pour d\u00e9signer le <strong>poids d\u2019un diamant<\/strong> est le <strong>carat.<\/strong> Un carat correspond \u00e0 0,2 gramme. <em>Attention ! Le carat d\u2019un diamant ne doit pas \u00eatre confondu avec celui de l\u2019or.<\/em><br \/><span class=\"Apple-converted-space\"><\/span><\/p>\n<p>&nbsp;<\/p>\n<p>[\/et_pb_text][\/et_pb_column][et_pb_column type=\u00a0\u00bb2_5&Prime; _builder_version=\u00a0\u00bb4.16&Prime; _module_preset=\u00a0\u00bbdefault\u00a0\u00bb global_colors_info=\u00a0\u00bb{}\u00a0\u00bb][et_pb_image src=\u00a0\u00bbhttps:\/\/www.primardeco.com\/blog\/wp-content\/uploads\/2022\/06\/Image-de-mise-en-avant-le-diamant-blanc.jpg\u00a0\u00bb alt=\u00a0\u00bbDiamant \u00a9Primardeco\u00a0\u00bb title_text=\u00a0\u00bbDiamant \u00a9Primardeco\u00a0\u00bb _builder_version=\u00a0\u00bb4.17.4&Prime; _module_preset=\u00a0\u00bbdefault\u00a0\u00bb global_colors_info=\u00a0\u00bb{}\u00a0\u00bb][\/et_pb_image][\/et_pb_column][\/et_pb_row][et_pb_row _builder_version=\u00a0\u00bb4.17.4&Prime; _module_preset=\u00a0\u00bbdefault\u00a0\u00bb min_height=\u00a0\u00bb176px\u00a0\u00bb custom_padding=\u00a0\u00bb0px|||||\u00a0\u00bb global_colors_info=\u00a0\u00bb{}\u00a0\u00bb][et_pb_column type=\u00a0\u00bb4_4&Prime; _builder_version=\u00a0\u00bb4.17.4&Prime; _module_preset=\u00a0\u00bbdefault\u00a0\u00bb global_colors_info=\u00a0\u00bb{}\u00a0\u00bb][et_pb_text _builder_version=\u00a0\u00bb4.17.4&Prime; _module_preset=\u00a0\u00bbdefault\u00a0\u00bb global_colors_info=\u00a0\u00bb{}\u00a0\u00bb]<\/p>\n<p>Le <strong>poids en carat<\/strong> ne d\u00e9termine pas le volume d\u2019un diamant. En effet, deux diamants au carat identique peuvent avoir un volume diff\u00e9rent. C\u2019est alors un autre crit\u00e8re qui entre en jeu : la taille.<\/p>\n<p>La <b>valeur d\u2019un diamant est proportionnelle \u00e0 son carat<\/b><span class=\"Apple-converted-space\">\u00a0 <\/span>: plus un diamant \u00e0 un carat \u00e9lev\u00e9, plus il est rare et donc plus il aura de la valeur. N\u00e9anmoins, le carat n\u2019est pas le seul crit\u00e8re \u00e0 prendre en compte pour l\u2019appr\u00e9ciation de la <b>valeur d\u2019un diamant<\/b>.<span class=\"Apple-converted-space\">\u00a0<\/span><\/p>\n<p>[\/et_pb_text][\/et_pb_column][\/et_pb_row][et_pb_row _builder_version=\u00a0\u00bb4.16&Prime; _module_preset=\u00a0\u00bbdefault\u00a0\u00bb custom_padding=\u00a0\u00bb2px|||||\u00a0\u00bb global_colors_info=\u00a0\u00bb{}\u00a0\u00bb][et_pb_column type=\u00a0\u00bb4_4&Prime; _builder_version=\u00a0\u00bb4.16&Prime; _module_preset=\u00a0\u00bbdefault\u00a0\u00bb global_colors_info=\u00a0\u00bb{}\u00a0\u00bb][et_pb_text _builder_version=\u00a0\u00bb4.17.4&Prime; _module_preset=\u00a0\u00bbdefault\u00a0\u00bb global_colors_info=\u00a0\u00bb{}\u00a0\u00bb]<\/p>\n<h3>2. La puret\u00e9<span class=\"Apple-converted-space\">\u00a0<\/span><\/h3>\n<p><span style=\"font-size: 16px;\"><\/span><\/p>\n<p>La <b>puret\u00e9<\/b> est un \u00e9l\u00e9ment essentiel pour d\u00e9terminer la <b>valeur d\u2019un diamant<\/b>. Il est important de souligner que chaque gemme contient des impuret\u00e9s, c\u2019est-\u00e0-dire des traces plus ou moins importantes et plus ou moins visibles \u00e0 l\u2019oeil nu de <b>carbones non cristallis\u00e9s<\/b> ou de petits cristaux.<span class=\"Apple-converted-space\">\u00a0<\/span><\/p>\n<p>Les impuret\u00e9s et les imperfections font partie de l\u2019ADN de la pierre et la rendent unique au monde. N\u00e9anmoins, la pr\u00e9sence de ces impuret\u00e9s fonde la <b>valeur d\u2019un diamant<\/b> : logiquement, moins un diamant aura d\u2019impuret\u00e9s, plus il aura de la valeur.<span class=\"Apple-converted-space\">\u00a0<\/span><\/p>\n<p>A l\u2019image des <b>diamants de couleurs<\/b>, le GIA (<b>Gemological Institute of America<\/b>) a cr\u00e9\u00e9 une \u00e9chelle de classification des diamants selon la taille et le type d\u2019imperfections pour d\u00e9terminer le <b>degr\u00e9 de puret\u00e9 d\u2019un diamant<\/b>.<\/p>\n<p>[\/et_pb_text][et_pb_text _builder_version=\u00a0\u00bb4.17.4&Prime; _module_preset=\u00a0\u00bbdefault\u00a0\u00bb global_colors_info=\u00a0\u00bb{}\u00a0\u00bb]<\/p>\n<h3><b>3. La couleur<span class=\"Apple-converted-space\">\u00a0<\/span><\/b><\/h3>\n<p>Les diamants ne sont pas forc\u00e9ment blancs, mais peuvent avoir plusieurs couleurs (Lire <b>Les diamants de couleurs<\/b>).<span class=\"Apple-converted-space\">\u00a0<\/span><\/p>\n<p>Dans la majeure partie des cas, un <b>diamant blanc<\/b> \u00e0 l\u2019\u00e9tat naturel pr\u00e9sente une l\u00e9g\u00e8re teinte jaune.<\/p>\n<p>[\/et_pb_text][\/et_pb_column][\/et_pb_row][et_pb_row _builder_version=\u00a0\u00bb4.17.4&Prime; _module_preset=\u00a0\u00bbdefault\u00a0\u00bb custom_margin=\u00a0\u00bb|auto|-28px|auto||\u00a0\u00bb global_colors_info=\u00a0\u00bb{}\u00a0\u00bb][et_pb_column type=\u00a0\u00bb4_4&Prime; _builder_version=\u00a0\u00bb4.17.4&Prime; _module_preset=\u00a0\u00bbdefault\u00a0\u00bb global_colors_info=\u00a0\u00bb{}\u00a0\u00bb][et_pb_image src=\u00a0\u00bbhttps:\/\/www.primardeco.com\/blog\/wp-content\/uploads\/2022\/06\/Diamant-couleur.jpg\u00a0\u00bb alt=\u00a0\u00bbDiamant blanc l\u00e9g\u00e8rement teint\u00e9 \u00a9Primardeco\u00a0\u00bb title_text=\u00a0\u00bbDiamant blanc l\u00e9g\u00e8rement teint\u00e9 \u00a9Primardeco\u00a0\u00bb _builder_version=\u00a0\u00bb4.17.4&Prime; _module_preset=\u00a0\u00bbdefault\u00a0\u00bb global_colors_info=\u00a0\u00bb{}\u00a0\u00bb][\/et_pb_image][et_pb_text _builder_version=\u00a0\u00bb4.17.4&Prime; _module_preset=\u00a0\u00bbdefault\u00a0\u00bb global_colors_info=\u00a0\u00bb{}\u00a0\u00bb]<\/p>\n<p>N\u00e9anmoins, concernant les diamants blancs, <b>plus un diamant est incolore plus il est rare<\/b>. Une nouvelle fois, le GIA a d\u00e9velopp\u00e9 une \u00e9chelle de classification des diamants blancs en fonction de leur couleur. Elle s\u2019\u00e9tend de la lettre D (diamant totalement incolore) \u00e0 la lettre Z qui d\u00e9signe un diamant jaune clair, brun.<span class=\"Apple-converted-space\">\u00a0<\/span><\/p>\n<p>[\/et_pb_text][et_pb_text _builder_version=\u00a0\u00bb4.17.4&Prime; _module_preset=\u00a0\u00bbdefault\u00a0\u00bb global_colors_info=\u00a0\u00bb{}\u00a0\u00bb]<\/p>\n<h3><b>4. La taille<span class=\"Apple-converted-space\">\u00a0<\/span><\/b><\/h3>\n<p><b><span class=\"Apple-converted-space\"><\/span><\/b><\/p>\n<p>Alors que les trois premiers crit\u00e8res d\u00e9pendent uniquement de la <b>nature de la pierre<\/b>, la taille est choisie par l\u2019homme.<span class=\"Apple-converted-space\">\u00a0<\/span><\/p>\n<p>La<b> taille d\u2019un diamant<\/b> est primordiale, car elle met en valeur toutes les qualit\u00e9s de la pierre. En effet, en permettant \u00e0 la lumi\u00e8re de se r\u00e9fl\u00e9chir, elle r\u00e9v\u00e8le toute la beaut\u00e9 d\u2019un diamant. A l\u2019inverse, un diamant de belle qualit\u00e9 mal taill\u00e9 para\u00eetra terne et perdra alors de sa valeur.<span class=\"Apple-converted-space\">\u00a0<\/span><\/p>\n<p>[\/et_pb_text][\/et_pb_column][\/et_pb_row][et_pb_row column_structure=\u00a0\u00bb1_2,1_2&Prime; _builder_version=\u00a0\u00bb4.17.4&Prime; _module_preset=\u00a0\u00bbdefault\u00a0\u00bb custom_margin=\u00a0\u00bb|auto|-30px|auto||\u00a0\u00bb global_colors_info=\u00a0\u00bb{}\u00a0\u00bb][et_pb_column type=\u00a0\u00bb1_2&Prime; _builder_version=\u00a0\u00bb4.17.4&Prime; _module_preset=\u00a0\u00bbdefault\u00a0\u00bb global_colors_info=\u00a0\u00bb{}\u00a0\u00bb][et_pb_text _builder_version=\u00a0\u00bb4.17.4&Prime; _module_preset=\u00a0\u00bbdefault\u00a0\u00bb global_colors_info=\u00a0\u00bb{}\u00a0\u00bb]<\/p>\n<p>Il existe diff\u00e9rentes tailles. La taille de la forme d\u2019un diamant d\u00e9termine en grande partie l\u2019\u00e9clat de la pierre. G\u00e9n\u00e9ralement, les diamants sont repartis en deux groupes : les traditionnels <b>diamants ronds<\/b> et les <b>diamants de forme dites \u00ab\u00a0fantaisie\u00a0\u00bb<\/b> (Emeraude, Coussin, Radiant, Marquise, Poire, Ovale, etc\u2026).<\/p>\n<p>[\/et_pb_text][\/et_pb_column][et_pb_column type=\u00a0\u00bb1_2&Prime; _builder_version=\u00a0\u00bb4.17.4&Prime; _module_preset=\u00a0\u00bbdefault\u00a0\u00bb global_colors_info=\u00a0\u00bb{}\u00a0\u00bb][et_pb_image src=\u00a0\u00bbhttps:\/\/www.primardeco.com\/blog\/wp-content\/uploads\/2022\/06\/Diamant-taille-\u00a9Primardeco.jpg\u00a0\u00bb alt=\u00a0\u00bbDiamant taille \u00a9Primardeco\u00a0\u00bb title_text=\u00a0\u00bbDiamant taille \u00a9Primardeco\u00a0\u00bb _builder_version=\u00a0\u00bb4.17.4&Prime; _module_preset=\u00a0\u00bbdefault\u00a0\u00bb global_colors_info=\u00a0\u00bb{}\u00a0\u00bb][\/et_pb_image][\/et_pb_column][\/et_pb_row][et_pb_row _builder_version=\u00a0\u00bb4.17.4&Prime; _module_preset=\u00a0\u00bbdefault\u00a0\u00bb global_colors_info=\u00a0\u00bb{}\u00a0\u00bb][et_pb_column type=\u00a0\u00bb4_4&Prime; _builder_version=\u00a0\u00bb4.17.4&Prime; _module_preset=\u00a0\u00bbdefault\u00a0\u00bb global_colors_info=\u00a0\u00bb{}\u00a0\u00bb][et_pb_text _builder_version=\u00a0\u00bb4.17.4&Prime; _module_preset=\u00a0\u00bbdefault\u00a0\u00bb global_colors_info=\u00a0\u00bb{}\u00a0\u00bb]<\/p>\n<p>Ainsi, pour connaitre la <b>valeur d\u2019un diamant<\/b>, quatre crit\u00e8res formant les \u00ab\u00a04C\u00a0\u00bb doivent \u00eatre pr\u00e9cis\u00e9ment \u00e9tudi\u00e9s : le carat, la puret\u00e9, la couleur et la taille.<\/p>\n<p>[\/et_pb_text][\/et_pb_column][\/et_pb_row][et_pb_row _builder_version=\u00a0\u00bb4.16&Prime; _module_preset=\u00a0\u00bbdefault\u00a0\u00bb global_colors_info=\u00a0\u00bb{}\u00a0\u00bb][et_pb_column type=\u00a0\u00bb4_4&Prime; _builder_version=\u00a0\u00bb4.16&Prime; _module_preset=\u00a0\u00bbdefault\u00a0\u00bb global_colors_info=\u00a0\u00bb{}\u00a0\u00bb][et_pb_text _builder_version=\u00a0\u00bb4.17.4&Prime; _module_preset=\u00a0\u00bbdefault\u00a0\u00bb global_colors_info=\u00a0\u00bb{}\u00a0\u00bb]<\/p>\n<h2><b>Les diamants aux ench\u00e8res<span class=\"Apple-converted-space\">\u00a0<\/span><\/b><\/h2>\n<p><b><\/b><\/p>\n<p>Les diamants sont de plus en plus nombreux lors des <a href=\"https:\/\/www.primardeco.com\/ventes-aux-encheres\/passees\"><b>ventes aux ench\u00e8res de bijoux<\/b><\/a>. Sur papier, en solitaire ou sur un bijou, les lots varient d\u2019une vente \u00e0 l\u2019autre.<b><\/b><\/p>\n<p>Pierre embl\u00e9matique des <b>bagues de fian\u00e7ailles<\/b>, les diamants ornent souvent ces pr\u00e9cieux bijoux \u00e0 l\u2019image de cette tr\u00e8s belle<a href=\"https:\/\/www.primardeco.com\/bijoux\/bague-marguerite-en-or-blanc-sertie-en-son-centre-dun-diamant-taille-45507\"> bague marguerite adjug\u00e9e 11 000\u20ac<\/a> et sertie en son centre d\u2019un magnifique <b>diamant taille brillant <\/b>de 2,58 ct J-SI2.<\/p>\n<p>[\/et_pb_text][et_pb_image src=\u00a0\u00bbhttps:\/\/www.primardeco.com\/blog\/wp-content\/uploads\/2022\/06\/Bague-marguerite.jpg\u00a0\u00bb alt=\u00a0\u00bbBague marguerite sertie d&rsquo;un diamant \u00a9Primardeco\u00a0\u00bb title_text=\u00a0\u00bbBague marguerite sertie d&rsquo;un diamant \u00a9Primardeco\u00a0\u00bb _builder_version=\u00a0\u00bb4.17.4&Prime; _module_preset=\u00a0\u00bbdefault\u00a0\u00bb global_colors_info=\u00a0\u00bb{}\u00a0\u00bb][\/et_pb_image][et_pb_text _builder_version=\u00a0\u00bb4.17.4&Prime; _module_preset=\u00a0\u00bbdefault\u00a0\u00bb global_colors_info=\u00a0\u00bb{}\u00a0\u00bb]<\/p>\n<p>Pr\u00e9sent\u00e9s comme des gemmes \u00e9co-responsables les <b>diamants synth\u00e9tiques<\/b> ont envahi le march\u00e9. Pourtant certaines \u00e9tudes tendraient \u00e0 d\u00e9montrer le contraire\u2026 Si les d\u00e9bats peuvent \u00eatre vifs \u00e0 ce sujet, une seule certitude : la <b>vente aux ench\u00e8res <\/b>reste ind\u00e9niablement le moyen le plus <b>\u00e9cologique et responsable<\/b> d\u2019acqu\u00e9rir un diamant naturel de qualit\u00e9.<\/p>\n<p>Ecologique, la vente aux ench\u00e8res a surtout l\u2019avantage de pr\u00e9senter un diamant \u00e0 un r\u00e9seau d\u2019<b>acheteurs internationaux<\/b>. Il est ainsi garanti d\u2019obtenir le <b>meilleur prix<\/b> pour votre diamant. Les diamants fascinent le monde entier et peuvent atteindre des<b> prix records<\/b> \u00e0 l\u2019image de cette tr\u00e8s belle bague solitaire sertie d\u2019un <a href=\"https:\/\/www.primardeco.com\/bijoux\/bague-solitaire-en-platine-sertie-dun-diamant-taille-brillant-de-3-4-45506\"><b>diamant taille brillant <\/b>de 3,45 ct adjug\u00e9e <b>22 000\u20ac<\/b> <\/a>par Primardeco lors de sa derni\u00e8re <a href=\"https:\/\/www.primardeco.com\/ventes-aux-encheres\/annee-2022\/03-06-302\/5\"><b>vente aux ench\u00e8res de bijoux et orf\u00e8vrerie<\/b><\/a>.<span class=\"Apple-converted-space\">\u00a0<\/span><\/p>\n<p>[\/et_pb_text][et_pb_image src=\u00a0\u00bbhttps:\/\/www.primardeco.com\/blog\/wp-content\/uploads\/2022\/06\/Bague-solitaire.jpg\u00a0\u00bb title_text=\u00a0\u00bbOLYMPUS DIGITAL CAMERA\u00a0\u00bb _builder_version=\u00a0\u00bb4.17.4&Prime; _module_preset=\u00a0\u00bbdefault\u00a0\u00bb global_colors_info=\u00a0\u00bb{}\u00a0\u00bb][\/et_pb_image][et_pb_text _builder_version=\u00a0\u00bb4.17.4&Prime; _module_preset=\u00a0\u00bbdefault\u00a0\u00bb global_colors_info=\u00a0\u00bb{}\u00a0\u00bb]<\/p>\n<p>Consid\u00e9r\u00e9 par certains comme une <b>valeur refuge<\/b>, le diamant qui prend si peu de place, serait alors per\u00e7u comme un bon investissement sur le long terme.<span class=\"Apple-converted-space\">\u00a0<\/span><\/p>\n<p>[\/et_pb_text][\/et_pb_column][\/et_pb_row][et_pb_row column_structure=\u00a0\u00bb1_2,1_2&Prime; _builder_version=\u00a0\u00bb4.16.1&Prime; _module_preset=\u00a0\u00bbdefault\u00a0\u00bb global_colors_info=\u00a0\u00bb{}\u00a0\u00bb][et_pb_column type=\u00a0\u00bb1_2&Prime; _builder_version=\u00a0\u00bb4.16.1&Prime; _module_preset=\u00a0\u00bbdefault\u00a0\u00bb global_colors_info=\u00a0\u00bb{}\u00a0\u00bb][et_pb_text _builder_version=\u00a0\u00bb4.17.4&Prime; _module_preset=\u00a0\u00bbdefault\u00a0\u00bb global_colors_info=\u00a0\u00bb{}\u00a0\u00bb]<\/p>\n<h2><b>La certification des diamants<span class=\"Apple-converted-space\">\u00a0<\/span><\/b><\/h2>\n<p><b><span class=\"Apple-converted-space\"><\/span><\/b><\/p>\n<p>Lors de leur mise en vente, les diamants sont souvent accompagn\u00e9s d\u2019un certificat d\u00e9livr\u00e9 par un laboratoire ind\u00e9pendant pour attester leur qualit\u00e9. Primardeco travaille en \u00e9troite collaboration avec le <b>Laboratoire Fran\u00e7ais de Gemmologie<\/b>.<span class=\"Apple-converted-space\">\u00a0<\/span><span class=\"Apple-converted-space\">\u00a0<\/span><\/p>\n<p>[\/et_pb_text][\/et_pb_column][et_pb_column type=\u00a0\u00bb1_2&Prime; _builder_version=\u00a0\u00bb4.16.1&Prime; _module_preset=\u00a0\u00bbdefault\u00a0\u00bb global_colors_info=\u00a0\u00bb{}\u00a0\u00bb][et_pb_image src=\u00a0\u00bbhttps:\/\/www.primardeco.com\/blog\/wp-content\/uploads\/2022\/06\/Diamant-1-\u00a9Primardeco.jpg\u00a0\u00bb alt=\u00a0\u00bbDiamant 1 \u00a9Primardeco\u00a0\u00bb title_text=\u00a0\u00bbDiamant 1 \u00a9Primardeco\u00a0\u00bb _builder_version=\u00a0\u00bb4.17.4&Prime; _module_preset=\u00a0\u00bbdefault\u00a0\u00bb global_colors_info=\u00a0\u00bb{}\u00a0\u00bb][\/et_pb_image][\/et_pb_column][\/et_pb_row][et_pb_row _builder_version=\u00a0\u00bb4.16.1&Prime; _module_preset=\u00a0\u00bbdefault\u00a0\u00bb global_colors_info=\u00a0\u00bb{}\u00a0\u00bb][et_pb_column type=\u00a0\u00bb4_4&Prime; _builder_version=\u00a0\u00bb4.16.1&Prime; _module_preset=\u00a0\u00bbdefault\u00a0\u00bb global_colors_info=\u00a0\u00bb{}\u00a0\u00bb][et_pb_text _builder_version=\u00a0\u00bb4.17.4&Prime; _module_preset=\u00a0\u00bbdefault\u00a0\u00bb custom_margin=\u00a0\u00bb-45px|||||\u00a0\u00bb global_colors_info=\u00a0\u00bb{}\u00a0\u00bb]<\/p>\n<p>Pour trouver acqu\u00e9reur, le diamant doit \u00eatre minutieusement d\u00e9crit dans le catalogue de la <b>vente aux ench\u00e8res<\/b>. Sa forme et son style de taille doivent \u00eatre pr\u00e9cis\u00e9s tout comme ses dimensions, son carat, sa couleur et son degr\u00e9 de puret\u00e9. Plus les informations seront d\u00e9taill\u00e9es plus l\u2019acqu\u00e9reur aura confiance.<\/p>\n<p>[\/et_pb_text][et_pb_text _builder_version=\u00a0\u00bb4.17.4&Prime; _module_preset=\u00a0\u00bbdefault\u00a0\u00bb global_colors_info=\u00a0\u00bb{}\u00a0\u00bb]<\/p>\n<p><i>La valeur d\u2019un diamant d\u00e9pend de 4 grands crit\u00e8res couramment appel\u00e9s les \u00ab\u00a04C\u00a0\u00bb. L\u2019observation de la couleur, de la puret\u00e9, de la taille et du poids permettra de d\u00e9terminer la <\/i><a href=\"https:\/\/www.primardeco.com\/expertise\/bijoux-et-orfevrerie\/\"><b><i>valeur d\u2019un diamant<\/i><\/b><\/a><i>. Ecologique, s\u00fbre, la<\/i><b><i> vente aux ench\u00e8res<\/i><\/b><i> constitue \u00e0 ce jour le meilleur moyen de <\/i><b><i>vendre ou d\u2019acqu\u00e9rir un diamant<\/i><\/b><i> de belle qualit\u00e9.<span class=\"Apple-converted-space\">\u00a0<\/span><\/i><\/p>\n<p>[\/et_pb_text][\/et_pb_column][\/et_pb_row][et_pb_row _builder_version=\u00a0\u00bb4.16&Prime; _module_preset=\u00a0\u00bbdefault\u00a0\u00bb global_colors_info=\u00a0\u00bb{}\u00a0\u00bb][et_pb_column type=\u00a0\u00bb4_4&Prime; _builder_version=\u00a0\u00bb4.16&Prime; _module_preset=\u00a0\u00bbdefault\u00a0\u00bb global_colors_info=\u00a0\u00bb{}\u00a0\u00bb][et_pb_divider _builder_version=\u00a0\u00bb4.16&Prime; _module_preset=\u00a0\u00bbdefault\u00a0\u00bb global_colors_info=\u00a0\u00bb{}\u00a0\u00bb][\/et_pb_divider][\/et_pb_column][\/et_pb_row][\/et_pb_section]<\/p>\n","protected":false},"excerpt":{"rendered":"<p>De plus en plus recherch\u00e9s, les diamants ont envahi les salles des ventes. Diamants de taille ancienne ou moderne, solitaire ou sur un bijou : les diamants sont nombreux et vari\u00e9s lors des ventes aux ench\u00e8res. De quelques centaines \u00e0 plusieurs milliers d\u2019euros, tous ne se valent pas. Quelques \u00e9clairages pour conna\u00eetre la valeur d\u2019un [&hellip;]<\/p>\n","protected":false},"author":2,"featured_media":1867,"comment_status":"closed","ping_status":"closed","sticky":false,"template":"","format":"standard","meta":{"_et_pb_use_builder":"on","_et_pb_old_content":"","_et_gb_content_width":"","footnotes":""},"categories":[6],"tags":[52],"class_list":["post-1886","post","type-post","status-publish","format-standard","has-post-thumbnail","hentry","category-orfevrerie-argenterie","tag-diamants"],"yoast_head":"<!-- This site is optimized with the Yoast SEO plugin v25.6 - https:\/\/yoast.com\/wordpress\/plugins\/seo\/ -->\n<title>Vendre un diamant | Primardeco - Blog<\/title>\n<meta name=\"description\" content=\"En savoir plus sur &quot;Vendre un diamant&quot;, un sujet propos\u00e9 dans la cat\u00e9gorie Or, bijoux &amp; argenterie par l&#039;\u00e9quipe Primardeco, sp\u00e9cialistes de l&#039;expertise et de la vente aux ench\u00e8res d&#039;art \u00e0 Toulouse.\" \/>\n<meta name=\"robots\" content=\"index, follow, max-snippet:-1, max-image-preview:large, max-video-preview:-1\" \/>\n<link rel=\"canonical\" href=\"https:\/\/www.primardeco.com\/blog\/vendre-un-diamant\/\" \/>\n<meta property=\"og:locale\" content=\"fr_FR\" \/>\n<meta property=\"og:type\" content=\"article\" \/>\n<meta property=\"og:title\" content=\"Vendre un diamant | Primardeco - Blog\" \/>\n<meta property=\"og:description\" content=\"En savoir plus sur &quot;Vendre un diamant&quot;, un sujet propos\u00e9 dans la cat\u00e9gorie Or, bijoux &amp; argenterie par l&#039;\u00e9quipe Primardeco, sp\u00e9cialistes de l&#039;expertise et de la vente aux ench\u00e8res d&#039;art \u00e0 Toulouse.\" \/>\n<meta property=\"og:url\" content=\"https:\/\/www.primardeco.com\/blog\/vendre-un-diamant\/\" \/>\n<meta property=\"og:site_name\" content=\"Primardeco - Blog\" \/>\n<meta property=\"article:publisher\" content=\"https:\/\/www.facebook.com\/Primardeco-275817602518624\/\" \/>\n<meta property=\"article:published_time\" content=\"2022-06-10T08:26:16+00:00\" \/>\n<meta property=\"article:modified_time\" content=\"2022-06-10T08:26:22+00:00\" \/>\n<meta property=\"og:image\" content=\"https:\/\/www.primardeco.com\/blog\/wp-content\/uploads\/2022\/06\/Image-de-mise-en-avant-vendre-les-diamants.png\" \/>\n\t<meta property=\"og:image:width\" content=\"2000\" \/>\n\t<meta property=\"og:image:height\" content=\"1600\" \/>\n\t<meta property=\"og:image:type\" content=\"image\/png\" \/>\n<meta name=\"author\" content=\"Anne de Colonges-Trotignon,\" \/>\n<meta name=\"twitter:card\" content=\"summary_large_image\" \/>\n<meta name=\"twitter:creator\" content=\"@PRIMARDECO\" \/>\n<meta name=\"twitter:site\" content=\"@PRIMARDECO\" \/>\n<meta name=\"twitter:label1\" content=\"\u00c9crit par\" \/>\n\t<meta name=\"twitter:data1\" content=\"Anne de Colonges-Trotignon,\" \/>\n\t<meta name=\"twitter:label2\" content=\"Dur\u00e9e de lecture estim\u00e9e\" \/>\n\t<meta name=\"twitter:data2\" content=\"10 minutes\" \/>\n<script type=\"application\/ld+json\" class=\"yoast-schema-graph\">{\"@context\":\"https:\/\/schema.org\",\"@graph\":[{\"@type\":\"Article\",\"@id\":\"https:\/\/www.primardeco.com\/blog\/vendre-un-diamant\/#article\",\"isPartOf\":{\"@id\":\"https:\/\/www.primardeco.com\/blog\/vendre-un-diamant\/\"},\"author\":{\"name\":\"Anne de Colonges-Trotignon,\",\"@id\":\"https:\/\/www.primardeco.com\/blog\/#\/schema\/person\/7de13947a1930d4cdcc9da53f15a8bf6\"},\"headline\":\"Vendre un diamant\",\"datePublished\":\"2022-06-10T08:26:16+00:00\",\"dateModified\":\"2022-06-10T08:26:22+00:00\",\"mainEntityOfPage\":{\"@id\":\"https:\/\/www.primardeco.com\/blog\/vendre-un-diamant\/\"},\"wordCount\":1983,\"publisher\":{\"@id\":\"https:\/\/www.primardeco.com\/blog\/#organization\"},\"image\":{\"@id\":\"https:\/\/www.primardeco.com\/blog\/vendre-un-diamant\/#primaryimage\"},\"thumbnailUrl\":\"https:\/\/www.primardeco.com\/blog\/wp-content\/uploads\/2022\/06\/Image-de-mise-en-avant-vendre-les-diamants.png\",\"keywords\":[\"Diamants\"],\"articleSection\":[\"Or, bijoux &amp; argenterie\"],\"inLanguage\":\"fr-FR\"},{\"@type\":\"WebPage\",\"@id\":\"https:\/\/www.primardeco.com\/blog\/vendre-un-diamant\/\",\"url\":\"https:\/\/www.primardeco.com\/blog\/vendre-un-diamant\/\",\"name\":\"Vendre un diamant | Primardeco - Blog\",\"isPartOf\":{\"@id\":\"https:\/\/www.primardeco.com\/blog\/#website\"},\"primaryImageOfPage\":{\"@id\":\"https:\/\/www.primardeco.com\/blog\/vendre-un-diamant\/#primaryimage\"},\"image\":{\"@id\":\"https:\/\/www.primardeco.com\/blog\/vendre-un-diamant\/#primaryimage\"},\"thumbnailUrl\":\"https:\/\/www.primardeco.com\/blog\/wp-content\/uploads\/2022\/06\/Image-de-mise-en-avant-vendre-les-diamants.png\",\"datePublished\":\"2022-06-10T08:26:16+00:00\",\"dateModified\":\"2022-06-10T08:26:22+00:00\",\"description\":\"En savoir plus sur \\\"Vendre un diamant\\\", un sujet propos\u00e9 dans la cat\u00e9gorie Or, bijoux &amp; argenterie par l'\u00e9quipe Primardeco, sp\u00e9cialistes de l'expertise et de la vente aux ench\u00e8res d'art \u00e0 Toulouse.\",\"breadcrumb\":{\"@id\":\"https:\/\/www.primardeco.com\/blog\/vendre-un-diamant\/#breadcrumb\"},\"inLanguage\":\"fr-FR\",\"potentialAction\":[{\"@type\":\"ReadAction\",\"target\":[\"https:\/\/www.primardeco.com\/blog\/vendre-un-diamant\/\"]}]},{\"@type\":\"ImageObject\",\"inLanguage\":\"fr-FR\",\"@id\":\"https:\/\/www.primardeco.com\/blog\/vendre-un-diamant\/#primaryimage\",\"url\":\"https:\/\/www.primardeco.com\/blog\/wp-content\/uploads\/2022\/06\/Image-de-mise-en-avant-vendre-les-diamants.png\",\"contentUrl\":\"https:\/\/www.primardeco.com\/blog\/wp-content\/uploads\/2022\/06\/Image-de-mise-en-avant-vendre-les-diamants.png\",\"width\":2000,\"height\":1600},{\"@type\":\"BreadcrumbList\",\"@id\":\"https:\/\/www.primardeco.com\/blog\/vendre-un-diamant\/#breadcrumb\",\"itemListElement\":[{\"@type\":\"ListItem\",\"position\":1,\"name\":\"Accueil\",\"item\":\"https:\/\/www.primardeco.com\/blog\/\"},{\"@type\":\"ListItem\",\"position\":2,\"name\":\"Vendre un diamant\"}]},{\"@type\":\"WebSite\",\"@id\":\"https:\/\/www.primardeco.com\/blog\/#website\",\"url\":\"https:\/\/www.primardeco.com\/blog\/\",\"name\":\"Primardeco - Blog\",\"description\":\"Expertises et Ventes aux ench\u00e8res\",\"publisher\":{\"@id\":\"https:\/\/www.primardeco.com\/blog\/#organization\"},\"potentialAction\":[{\"@type\":\"SearchAction\",\"target\":{\"@type\":\"EntryPoint\",\"urlTemplate\":\"https:\/\/www.primardeco.com\/blog\/?s={search_term_string}\"},\"query-input\":{\"@type\":\"PropertyValueSpecification\",\"valueRequired\":true,\"valueName\":\"search_term_string\"}}],\"inLanguage\":\"fr-FR\"},{\"@type\":\"Organization\",\"@id\":\"https:\/\/www.primardeco.com\/blog\/#organization\",\"name\":\"Le Blog Primardeco, Ventes aux Ench\u00e8res d'Art \u00e0 Toulouse\",\"url\":\"https:\/\/www.primardeco.com\/blog\/\",\"logo\":{\"@type\":\"ImageObject\",\"inLanguage\":\"fr-FR\",\"@id\":\"https:\/\/www.primardeco.com\/blog\/#\/schema\/logo\/image\/\",\"url\":\"https:\/\/www.primardeco.com\/blog\/wp-content\/uploads\/2021\/11\/logo-primardeco-blog.png\",\"contentUrl\":\"https:\/\/www.primardeco.com\/blog\/wp-content\/uploads\/2021\/11\/logo-primardeco-blog.png\",\"width\":282,\"height\":84,\"caption\":\"Le Blog Primardeco, Ventes aux Ench\u00e8res d'Art \u00e0 Toulouse\"},\"image\":{\"@id\":\"https:\/\/www.primardeco.com\/blog\/#\/schema\/logo\/image\/\"},\"sameAs\":[\"https:\/\/www.facebook.com\/Primardeco-275817602518624\/\",\"https:\/\/x.com\/PRIMARDECO\",\"https:\/\/www.instagram.com\/primardeco\/\"]},{\"@type\":\"Person\",\"@id\":\"https:\/\/www.primardeco.com\/blog\/#\/schema\/person\/7de13947a1930d4cdcc9da53f15a8bf6\",\"name\":\"Anne de Colonges-Trotignon,\",\"image\":{\"@type\":\"ImageObject\",\"inLanguage\":\"fr-FR\",\"@id\":\"https:\/\/www.primardeco.com\/blog\/#\/schema\/person\/image\/\",\"url\":\"https:\/\/secure.gravatar.com\/avatar\/853054ac9272b8d8231f62d5ba9a57c0838e74856b0112cb96fd18a428d1d335?s=96&d=mm&r=g\",\"contentUrl\":\"https:\/\/secure.gravatar.com\/avatar\/853054ac9272b8d8231f62d5ba9a57c0838e74856b0112cb96fd18a428d1d335?s=96&d=mm&r=g\",\"caption\":\"Anne de Colonges-Trotignon,\"},\"url\":\"https:\/\/www.primardeco.com\/blog\/author\/anne\/\"}]}<\/script>\n<!-- \/ Yoast SEO plugin. -->","yoast_head_json":{"title":"Vendre un diamant | Primardeco - Blog","description":"En savoir plus sur \"Vendre un diamant\", un sujet propos\u00e9 dans la cat\u00e9gorie Or, bijoux &amp; argenterie par l'\u00e9quipe Primardeco, sp\u00e9cialistes de l'expertise et de la vente aux ench\u00e8res d'art \u00e0 Toulouse.","robots":{"index":"index","follow":"follow","max-snippet":"max-snippet:-1","max-image-preview":"max-image-preview:large","max-video-preview":"max-video-preview:-1"},"canonical":"https:\/\/www.primardeco.com\/blog\/vendre-un-diamant\/","og_locale":"fr_FR","og_type":"article","og_title":"Vendre un diamant | Primardeco - Blog","og_description":"En savoir plus sur \"Vendre un diamant\", un sujet propos\u00e9 dans la cat\u00e9gorie Or, bijoux &amp; argenterie par l'\u00e9quipe Primardeco, sp\u00e9cialistes de l'expertise et de la vente aux ench\u00e8res d'art \u00e0 Toulouse.","og_url":"https:\/\/www.primardeco.com\/blog\/vendre-un-diamant\/","og_site_name":"Primardeco - Blog","article_publisher":"https:\/\/www.facebook.com\/Primardeco-275817602518624\/","article_published_time":"2022-06-10T08:26:16+00:00","article_modified_time":"2022-06-10T08:26:22+00:00","og_image":[{"width":2000,"height":1600,"url":"https:\/\/www.primardeco.com\/blog\/wp-content\/uploads\/2022\/06\/Image-de-mise-en-avant-vendre-les-diamants.png","type":"image\/png"}],"author":"Anne de Colonges-Trotignon,","twitter_card":"summary_large_image","twitter_creator":"@PRIMARDECO","twitter_site":"@PRIMARDECO","twitter_misc":{"\u00c9crit par":"Anne de Colonges-Trotignon,","Dur\u00e9e de lecture estim\u00e9e":"10 minutes"},"schema":{"@context":"https:\/\/schema.org","@graph":[{"@type":"Article","@id":"https:\/\/www.primardeco.com\/blog\/vendre-un-diamant\/#article","isPartOf":{"@id":"https:\/\/www.primardeco.com\/blog\/vendre-un-diamant\/"},"author":{"name":"Anne de Colonges-Trotignon,","@id":"https:\/\/www.primardeco.com\/blog\/#\/schema\/person\/7de13947a1930d4cdcc9da53f15a8bf6"},"headline":"Vendre un diamant","datePublished":"2022-06-10T08:26:16+00:00","dateModified":"2022-06-10T08:26:22+00:00","mainEntityOfPage":{"@id":"https:\/\/www.primardeco.com\/blog\/vendre-un-diamant\/"},"wordCount":1983,"publisher":{"@id":"https:\/\/www.primardeco.com\/blog\/#organization"},"image":{"@id":"https:\/\/www.primardeco.com\/blog\/vendre-un-diamant\/#primaryimage"},"thumbnailUrl":"https:\/\/www.primardeco.com\/blog\/wp-content\/uploads\/2022\/06\/Image-de-mise-en-avant-vendre-les-diamants.png","keywords":["Diamants"],"articleSection":["Or, bijoux &amp; argenterie"],"inLanguage":"fr-FR"},{"@type":"WebPage","@id":"https:\/\/www.primardeco.com\/blog\/vendre-un-diamant\/","url":"https:\/\/www.primardeco.com\/blog\/vendre-un-diamant\/","name":"Vendre un diamant | Primardeco - Blog","isPartOf":{"@id":"https:\/\/www.primardeco.com\/blog\/#website"},"primaryImageOfPage":{"@id":"https:\/\/www.primardeco.com\/blog\/vendre-un-diamant\/#primaryimage"},"image":{"@id":"https:\/\/www.primardeco.com\/blog\/vendre-un-diamant\/#primaryimage"},"thumbnailUrl":"https:\/\/www.primardeco.com\/blog\/wp-content\/uploads\/2022\/06\/Image-de-mise-en-avant-vendre-les-diamants.png","datePublished":"2022-06-10T08:26:16+00:00","dateModified":"2022-06-10T08:26:22+00:00","description":"En savoir plus sur \"Vendre un diamant\", un sujet propos\u00e9 dans la cat\u00e9gorie Or, bijoux &amp; argenterie par l'\u00e9quipe Primardeco, sp\u00e9cialistes de l'expertise et de la vente aux ench\u00e8res d'art \u00e0 Toulouse.","breadcrumb":{"@id":"https:\/\/www.primardeco.com\/blog\/vendre-un-diamant\/#breadcrumb"},"inLanguage":"fr-FR","potentialAction":[{"@type":"ReadAction","target":["https:\/\/www.primardeco.com\/blog\/vendre-un-diamant\/"]}]},{"@type":"ImageObject","inLanguage":"fr-FR","@id":"https:\/\/www.primardeco.com\/blog\/vendre-un-diamant\/#primaryimage","url":"https:\/\/www.primardeco.com\/blog\/wp-content\/uploads\/2022\/06\/Image-de-mise-en-avant-vendre-les-diamants.png","contentUrl":"https:\/\/www.primardeco.com\/blog\/wp-content\/uploads\/2022\/06\/Image-de-mise-en-avant-vendre-les-diamants.png","width":2000,"height":1600},{"@type":"BreadcrumbList","@id":"https:\/\/www.primardeco.com\/blog\/vendre-un-diamant\/#breadcrumb","itemListElement":[{"@type":"ListItem","position":1,"name":"Accueil","item":"https:\/\/www.primardeco.com\/blog\/"},{"@type":"ListItem","position":2,"name":"Vendre un diamant"}]},{"@type":"WebSite","@id":"https:\/\/www.primardeco.com\/blog\/#website","url":"https:\/\/www.primardeco.com\/blog\/","name":"Primardeco - Blog","description":"Expertises et Ventes aux ench\u00e8res","publisher":{"@id":"https:\/\/www.primardeco.com\/blog\/#organization"},"potentialAction":[{"@type":"SearchAction","target":{"@type":"EntryPoint","urlTemplate":"https:\/\/www.primardeco.com\/blog\/?s={search_term_string}"},"query-input":{"@type":"PropertyValueSpecification","valueRequired":true,"valueName":"search_term_string"}}],"inLanguage":"fr-FR"},{"@type":"Organization","@id":"https:\/\/www.primardeco.com\/blog\/#organization","name":"Le Blog Primardeco, Ventes aux Ench\u00e8res d'Art \u00e0 Toulouse","url":"https:\/\/www.primardeco.com\/blog\/","logo":{"@type":"ImageObject","inLanguage":"fr-FR","@id":"https:\/\/www.primardeco.com\/blog\/#\/schema\/logo\/image\/","url":"https:\/\/www.primardeco.com\/blog\/wp-content\/uploads\/2021\/11\/logo-primardeco-blog.png","contentUrl":"https:\/\/www.primardeco.com\/blog\/wp-content\/uploads\/2021\/11\/logo-primardeco-blog.png","width":282,"height":84,"caption":"Le Blog Primardeco, Ventes aux Ench\u00e8res d'Art \u00e0 Toulouse"},"image":{"@id":"https:\/\/www.primardeco.com\/blog\/#\/schema\/logo\/image\/"},"sameAs":["https:\/\/www.facebook.com\/Primardeco-275817602518624\/","https:\/\/x.com\/PRIMARDECO","https:\/\/www.instagram.com\/primardeco\/"]},{"@type":"Person","@id":"https:\/\/www.primardeco.com\/blog\/#\/schema\/person\/7de13947a1930d4cdcc9da53f15a8bf6","name":"Anne de Colonges-Trotignon,","image":{"@type":"ImageObject","inLanguage":"fr-FR","@id":"https:\/\/www.primardeco.com\/blog\/#\/schema\/person\/image\/","url":"https:\/\/secure.gravatar.com\/avatar\/853054ac9272b8d8231f62d5ba9a57c0838e74856b0112cb96fd18a428d1d335?s=96&d=mm&r=g","contentUrl":"https:\/\/secure.gravatar.com\/avatar\/853054ac9272b8d8231f62d5ba9a57c0838e74856b0112cb96fd18a428d1d335?s=96&d=mm&r=g","caption":"Anne de Colonges-Trotignon,"},"url":"https:\/\/www.primardeco.com\/blog\/author\/anne\/"}]}},"_links":{"self":[{"href":"https:\/\/www.primardeco.com\/blog\/wp-json\/wp\/v2\/posts\/1886","targetHints":{"allow":["GET"]}}],"collection":[{"href":"https:\/\/www.primardeco.com\/blog\/wp-json\/wp\/v2\/posts"}],"about":[{"href":"https:\/\/www.primardeco.com\/blog\/wp-json\/wp\/v2\/types\/post"}],"author":[{"embeddable":true,"href":"https:\/\/www.primardeco.com\/blog\/wp-json\/wp\/v2\/users\/2"}],"replies":[{"embeddable":true,"href":"https:\/\/www.primardeco.com\/blog\/wp-json\/wp\/v2\/comments?post=1886"}],"version-history":[{"count":4,"href":"https:\/\/www.primardeco.com\/blog\/wp-json\/wp\/v2\/posts\/1886\/revisions"}],"predecessor-version":[{"id":1895,"href":"https:\/\/www.primardeco.com\/blog\/wp-json\/wp\/v2\/posts\/1886\/revisions\/1895"}],"wp:featuredmedia":[{"embeddable":true,"href":"https:\/\/www.primardeco.com\/blog\/wp-json\/wp\/v2\/media\/1867"}],"wp:attachment":[{"href":"https:\/\/www.primardeco.com\/blog\/wp-json\/wp\/v2\/media?parent=1886"}],"wp:term":[{"taxonomy":"category","embeddable":true,"href":"https:\/\/www.primardeco.com\/blog\/wp-json\/wp\/v2\/categories?post=1886"},{"taxonomy":"post_tag","embeddable":true,"href":"https:\/\/www.primardeco.com\/blog\/wp-json\/wp\/v2\/tags?post=1886"}],"curies":[{"name":"wp","href":"https:\/\/api.w.org\/{rel}","templated":true}]}}