{"id":1830,"date":"2022-06-02T10:55:19","date_gmt":"2022-06-02T08:55:19","guid":{"rendered":"https:\/\/www.primardeco.com\/blog\/?p=1830"},"modified":"2022-06-02T10:55:33","modified_gmt":"2022-06-02T08:55:33","slug":"le-mythe-champagne","status":"publish","type":"post","link":"https:\/\/www.primardeco.com\/blog\/le-mythe-champagne\/","title":{"rendered":"Le mythe champagne"},"content":{"rendered":"<p>[et_pb_section fb_built=\u00a0\u00bb1&Prime; _builder_version=\u00a0\u00bb4.16&Prime; global_colors_info=\u00a0\u00bb{}\u00a0\u00bb][et_pb_row _builder_version=\u00a0\u00bb4.16&Prime; background_size=\u00a0\u00bbinitial\u00a0\u00bb background_position=\u00a0\u00bbtop_left\u00a0\u00bb background_repeat=\u00a0\u00bbrepeat\u00a0\u00bb global_colors_info=\u00a0\u00bb{}\u00a0\u00bb][et_pb_column type=\u00a0\u00bb4_4&Prime; _builder_version=\u00a0\u00bb4.16&Prime; custom_padding=\u00a0\u00bb|||\u00a0\u00bb global_colors_info=\u00a0\u00bb{}\u00a0\u00bb custom_padding__hover=\u00a0\u00bb|||\u00a0\u00bb][et_pb_text admin_label=\u00a0\u00bbIntro\u00a0\u00bb _builder_version=\u00a0\u00bb4.17.4&Prime; _module_preset=\u00a0\u00bbdefault\u00a0\u00bb custom_padding=\u00a0\u00bb1px|||||\u00a0\u00bb global_colors_info=\u00a0\u00bb{}\u00a0\u00bb]<\/p>\n<p><i>Invent\u00e9 il y a plusieurs si\u00e8cles, le <\/i><b><i>champagne<\/i><\/b><i> accompagne et c\u00e9l\u00e8bre les plus grands \u00e9v\u00e9nements de notre vie. Consid\u00e9r\u00e9 comme l\u2019un des vins les plus prestigieux de la plan\u00e8te, retour sur le fabuleux destin de ce vin unique, incontournable et universel.<span class=\"Apple-converted-space\">\u00a0<\/span><\/i><\/p>\n<p>[\/et_pb_text][et_pb_divider _builder_version=\u00a0\u00bb4.16&Prime; _module_preset=\u00a0\u00bbdefault\u00a0\u00bb global_colors_info=\u00a0\u00bb{}\u00a0\u00bb][\/et_pb_divider][et_pb_text _builder_version=\u00a0\u00bb4.17.4&Prime; background_size=\u00a0\u00bbinitial\u00a0\u00bb background_position=\u00a0\u00bbtop_left\u00a0\u00bb background_repeat=\u00a0\u00bbrepeat\u00a0\u00bb global_colors_info=\u00a0\u00bb{}\u00a0\u00bb]<\/p>\n<h2>Les d\u00e9buts du champagne<\/h2>\n<p>&nbsp;<\/p>\n<p>Les Romains furent les premiers \u00e0 importer la <b>culture de la vigne<\/b> dans la r\u00e9gion champenoise. Le vin \u00e9tant n\u00e9cessaire \u00e0 la liturgie et source de revenus ind\u00e9niable, de nombreux domaines viticoles sont cr\u00e9\u00e9s sur les terres des monast\u00e8res. L\u2019<b>origine du champagne<\/b> remonte ainsi au Moyen Age, au temps o\u00f9 les vignes \u00e9taient exploit\u00e9es par les moines de la r\u00e9gion.<\/p>\n<p>Au IXe si\u00e8cle, alors que la popularit\u00e9 de la ville de <b>Reims<\/b> ne cesse de croitre gr\u00e2ce \u00e0 sa cath\u00e9drale et au commerce, les vins effervescents de <b>Champagne <\/b>commencent leur lente ascension. Au XIIIe si\u00e8cle, ils sont mondialement connus et les grandes foires commerciales de la r\u00e9gion ne font que renforcer sa popularit\u00e9 en Europe. Marchands anglais, espagnols et italiens se fournissent en <b>vin de champagne<\/b> pour les revendre aux \u00e9lites europ\u00e9ennes.<\/p>\n<p>[\/et_pb_text][\/et_pb_column][\/et_pb_row][et_pb_row _builder_version=\u00a0\u00bb4.17.4&Prime; _module_preset=\u00a0\u00bbdefault\u00a0\u00bb global_colors_info=\u00a0\u00bb{}\u00a0\u00bb][et_pb_column type=\u00a0\u00bb4_4&Prime; _builder_version=\u00a0\u00bb4.17.4&Prime; _module_preset=\u00a0\u00bbdefault\u00a0\u00bb global_colors_info=\u00a0\u00bb{}\u00a0\u00bb][et_pb_image src=\u00a0\u00bbhttps:\/\/www.primardeco.com\/blog\/wp-content\/uploads\/2022\/06\/Foire-de-Champagne-XIIIe-\u00a9Wikipedia.jpeg\u00a0\u00bb alt=\u00a0\u00bbCh\u00e2teau Cheval Blanc \u00a9Primardeco\u00a0\u00bb title_text=\u00a0\u00bbFoire de Champagne XIIIe \u00a9Wikipedia\u00a0\u00bb _builder_version=\u00a0\u00bb4.17.4&Prime; _module_preset=\u00a0\u00bbdefault\u00a0\u00bb global_colors_info=\u00a0\u00bb{}\u00a0\u00bb][\/et_pb_image][\/et_pb_column][\/et_pb_row][et_pb_row _builder_version=\u00a0\u00bb4.16&Prime; _module_preset=\u00a0\u00bbdefault\u00a0\u00bb global_colors_info=\u00a0\u00bb{}\u00a0\u00bb][et_pb_column type=\u00a0\u00bb4_4&Prime; _builder_version=\u00a0\u00bb4.16&Prime; _module_preset=\u00a0\u00bbdefault\u00a0\u00bb global_colors_info=\u00a0\u00bb{}\u00a0\u00bb][et_pb_text _builder_version=\u00a0\u00bb4.17.4&Prime; _module_preset=\u00a0\u00bbdefault\u00a0\u00bb global_colors_info=\u00a0\u00bb{}\u00a0\u00bb]<\/p>\n<h2>Un vin royal<span class=\"Apple-converted-space\">\u00a0<\/span><\/h2>\n<p><span class=\"Apple-converted-space\"><\/span><\/p>\n<p><span class=\"Apple-converted-space\"><\/span><\/p>\n<p>Le succ\u00e8s du champagne est intimement li\u00e9 \u00e0 l\u2019histoire de la r\u00e9gion. En effet, les sacres des rois de France \u00e0 la <b>cath\u00e9drale de Reims<\/b> sont une opportunit\u00e9 unique pour les Champenois de pr\u00e9senter leur vin. S\u00e9duits par l\u2019effervescence de ce vin unique au monde, les rois en proposeront r\u00e9guli\u00e8rement \u00e0 leur banquet, le ram\u00e8neront \u00e0 la cour et forgeront ainsi sa r\u00e9putation.<\/p>\n<p>[\/et_pb_text][\/et_pb_column][\/et_pb_row][et_pb_row column_structure=\u00a0\u00bb1_2,1_2&Prime; _builder_version=\u00a0\u00bb4.17.4&Prime; _module_preset=\u00a0\u00bbdefault\u00a0\u00bb global_colors_info=\u00a0\u00bb{}\u00a0\u00bb][et_pb_column type=\u00a0\u00bb1_2&Prime; _builder_version=\u00a0\u00bb4.17.4&Prime; _module_preset=\u00a0\u00bbdefault\u00a0\u00bb global_colors_info=\u00a0\u00bb{}\u00a0\u00bb][et_pb_image src=\u00a0\u00bbhttps:\/\/www.primardeco.com\/blog\/wp-content\/uploads\/2022\/06\/Sacre-Philippe-V-de-France-\u00a9Wikipedia.jpeg\u00a0\u00bb alt=\u00a0\u00bbSacre Philippe V de France \u00a9Wikipedia\u00a0\u00bb title_text=\u00a0\u00bbSacre Philippe V de France \u00a9Wikipedia\u00a0\u00bb _builder_version=\u00a0\u00bb4.17.4&Prime; _module_preset=\u00a0\u00bbdefault\u00a0\u00bb global_colors_info=\u00a0\u00bb{}\u00a0\u00bb][\/et_pb_image][\/et_pb_column][et_pb_column type=\u00a0\u00bb1_2&Prime; _builder_version=\u00a0\u00bb4.17.4&Prime; _module_preset=\u00a0\u00bbdefault\u00a0\u00bb global_colors_info=\u00a0\u00bb{}\u00a0\u00bb][et_pb_text _builder_version=\u00a0\u00bb4.17.4&Prime; _module_preset=\u00a0\u00bbdefault\u00a0\u00bb global_colors_info=\u00a0\u00bb{}\u00a0\u00bb]<\/p>\n<p>&nbsp;<\/p>\n<p>Les vins de Champagne ont ainsi accompagn\u00e9 et c\u00e9l\u00e9br\u00e9 les plus grands \u00e9v\u00e9nements de l\u2019<b>histoire de France <\/b>: le <b>mythe champagne<\/b> est n\u00e9.<span class=\"Apple-converted-space\">\u00a0<\/span><\/p>\n<p>[\/et_pb_text][\/et_pb_column][\/et_pb_row][et_pb_row _builder_version=\u00a0\u00bb4.16&Prime; _module_preset=\u00a0\u00bbdefault\u00a0\u00bb global_colors_info=\u00a0\u00bb{}\u00a0\u00bb][et_pb_column type=\u00a0\u00bb4_4&Prime; _builder_version=\u00a0\u00bb4.16&Prime; _module_preset=\u00a0\u00bbdefault\u00a0\u00bb global_colors_info=\u00a0\u00bb{}\u00a0\u00bb][et_pb_text _builder_version=\u00a0\u00bb4.17.4&Prime; _module_preset=\u00a0\u00bbdefault\u00a0\u00bb global_colors_info=\u00a0\u00bb{}\u00a0\u00bb]<\/p>\n<h2>L\u2019effervescence du vin : d\u00e9faut ou qualit\u00e9 ?<\/h2>\n<p>Soucieux de se d\u00e9marquer des autres <b>grands vins de France<\/b> et face au succ\u00e8s croissant de leur production, les Champenois s\u2019int\u00e9ressent de plus pr\u00e8s au ph\u00e9nom\u00e8ne d\u2019<b>effervescence<\/b> que pr\u00e9sente leur vin. Si elle est, dans un premier temps, s\u00e9v\u00e8rement combattue car per\u00e7ue comme un d\u00e9faut, son succ\u00e8s croissant poussent les vignerons de la r\u00e9gion \u00e0 la favoriser. Pour comprendre et maitriser cette effervescence naturelle, une s\u00e9rie d\u2019innovations techniques verront le jour.<\/p>\n<p>A cette p\u00e9riode, et bien que le <b>succ\u00e8s du champagne<\/b> soit ind\u00e9niable, un d\u00e9faut limite pourtant son exploitation commerciale : il est trouble.<\/p>\n<p>[\/et_pb_text][\/et_pb_column][\/et_pb_row][et_pb_row _builder_version=\u00a0\u00bb4.17.4&Prime; _module_preset=\u00a0\u00bbdefault\u00a0\u00bb global_colors_info=\u00a0\u00bb{}\u00a0\u00bb][et_pb_column type=\u00a0\u00bb4_4&Prime; _builder_version=\u00a0\u00bb4.17.4&Prime; _module_preset=\u00a0\u00bbdefault\u00a0\u00bb global_colors_info=\u00a0\u00bb{}\u00a0\u00bb][et_pb_text _builder_version=\u00a0\u00bb4.17.4&Prime; _module_preset=\u00a0\u00bbdefault\u00a0\u00bb global_colors_info=\u00a0\u00bb{}\u00a0\u00bb]<\/p>\n<h2>Le l\u00e9gendaire Dom P\u00e9rignon<span class=\"Apple-converted-space\">\u00a0<\/span><\/h2>\n<p><span class=\"Apple-converted-space\"><\/span><\/p>\n<p>Si l\u2019on peut consid\u00e9rer que le champagne nait au Moyen Age, ce vin, tel que nous le connaissons aujourd\u2019hui voit r\u00e9ellement le jour au XVIIe si\u00e8cle gr\u00e2ce \u00e0 un moine et un ma\u00eetre de chai de l\u2019abbaye b\u00e9n\u00e9dictine de Hautvillers : <b>Dom P\u00e9rignon (1638-1715)<\/b>.<span class=\"Apple-converted-space\">\u00a0<\/span><\/p>\n<p>[\/et_pb_text][et_pb_image src=\u00a0\u00bbhttps:\/\/www.primardeco.com\/blog\/wp-content\/uploads\/2022\/06\/Dom-Perignon-decouvrant-la-prise-de-mousse-\u00a9Wikipedia.jpeg\u00a0\u00bb alt=\u00a0\u00bbDom P\u00e9rignon d\u00e9couvrant la prise de mousse \u00a9Wikipedia\u00a0\u00bb title_text=\u00a0\u00bbDom P\u00e9rignon d\u00e9couvrant la prise de mousse \u00a9Wikipedia\u00a0\u00bb _builder_version=\u00a0\u00bb4.17.4&Prime; _module_preset=\u00a0\u00bbdefault\u00a0\u00bb global_colors_info=\u00a0\u00bb{}\u00a0\u00bb][\/et_pb_image][\/et_pb_column][\/et_pb_row][et_pb_row column_structure=\u00a0\u00bb1_2,1_2&Prime; _builder_version=\u00a0\u00bb4.16&Prime; _module_preset=\u00a0\u00bbdefault\u00a0\u00bb global_colors_info=\u00a0\u00bb{}\u00a0\u00bb][et_pb_column type=\u00a0\u00bb1_2&Prime; _builder_version=\u00a0\u00bb4.16&Prime; _module_preset=\u00a0\u00bbdefault\u00a0\u00bb global_colors_info=\u00a0\u00bb{}\u00a0\u00bb][et_pb_image src=\u00a0\u00bbhttps:\/\/www.primardeco.com\/blog\/wp-content\/uploads\/2022\/06\/Pressoir-\u00a9Flickr-scaled.jpg\u00a0\u00bb title_text=\u00a0\u00bbDSCF4442&Prime; _builder_version=\u00a0\u00bb4.17.4&Prime; _module_preset=\u00a0\u00bbdefault\u00a0\u00bb global_colors_info=\u00a0\u00bb{}\u00a0\u00bb][\/et_pb_image][\/et_pb_column][et_pb_column type=\u00a0\u00bb1_2&Prime; _builder_version=\u00a0\u00bb4.16&Prime; _module_preset=\u00a0\u00bbdefault\u00a0\u00bb global_colors_info=\u00a0\u00bb{}\u00a0\u00bb][et_pb_text _builder_version=\u00a0\u00bb4.17.4&Prime; _module_preset=\u00a0\u00bbdefault\u00a0\u00bb global_colors_info=\u00a0\u00bb{}\u00a0\u00bb]<\/p>\n<p>Avec Dom P\u00e9rignon les<b> vins de Champagne <\/b>prennent une toute autre dimension. En effet, il parvient \u00e0 concr\u00e9tiser de savants assemblages et \u00e0 mettre en place des proc\u00e9d\u00e9s de clarification des vins. Il cr\u00e9\u00e9 \u00e9galement un pressoir \u00e0 champagne plus l\u00e9ger et plus rapide et recommande l\u2019utilisation de bouchons de li\u00e8ge bien plus \u00e9tanches que leur pr\u00e9d\u00e9cesseurs en bois et en chanvre. Ces avanc\u00e9es furent consid\u00e9rables pour la <b>production de champagne<\/b>.<span class=\"Apple-converted-space\">\u00a0<\/span><\/p>\n<p>[\/et_pb_text][\/et_pb_column][\/et_pb_row][et_pb_row _builder_version=\u00a0\u00bb4.16&Prime; _module_preset=\u00a0\u00bbdefault\u00a0\u00bb global_colors_info=\u00a0\u00bb{}\u00a0\u00bb][et_pb_column type=\u00a0\u00bb4_4&Prime; _builder_version=\u00a0\u00bb4.16&Prime; _module_preset=\u00a0\u00bbdefault\u00a0\u00bb global_colors_info=\u00a0\u00bb{}\u00a0\u00bb][et_pb_text _builder_version=\u00a0\u00bb4.17.4&Prime; _module_preset=\u00a0\u00bbdefault\u00a0\u00bb global_colors_info=\u00a0\u00bb{}\u00a0\u00bb]<\/p>\n<p>Si ses contributions \u00e0 l\u2019\u00e9laboration du champagne sont ind\u00e9niables, un v\u00e9ritable mythe s\u2019est progressivement forg\u00e9 autour de sa personne, entretenu notamment par <b>Mo\u00ebt &amp; Chandon <\/b>apr\u00e8s le rachat de l\u2019abbaye d\u2019Hautvillers en 1823.<span class=\"Apple-converted-space\">\u00a0<\/span><\/p>\n<p>[\/et_pb_text][\/et_pb_column][\/et_pb_row][et_pb_row _builder_version=\u00a0\u00bb4.17.4&Prime; _module_preset=\u00a0\u00bbdefault\u00a0\u00bb min_height=\u00a0\u00bb1033.2px\u00a0\u00bb custom_margin=\u00a0\u00bb|auto|-159px|auto||\u00a0\u00bb global_colors_info=\u00a0\u00bb{}\u00a0\u00bb][et_pb_column type=\u00a0\u00bb4_4&Prime; _builder_version=\u00a0\u00bb4.17.4&Prime; _module_preset=\u00a0\u00bbdefault\u00a0\u00bb global_colors_info=\u00a0\u00bb{}\u00a0\u00bb][et_pb_text _builder_version=\u00a0\u00bb4.17.4&Prime; _module_preset=\u00a0\u00bbdefault\u00a0\u00bb global_colors_info=\u00a0\u00bb{}\u00a0\u00bb]<\/p>\n<h2>Le vin des lumi\u00e8res<span class=\"Apple-converted-space\">\u00a0<\/span><\/h2>\n<p>&nbsp;<\/p>\n<p>A la fin du XVIIIe si\u00e8cle, les <b>vins de champagne<\/b> sont de plus en plus populaires aupr\u00e8s de la noblesse fran\u00e7aise et plus g\u00e9n\u00e9ralement europ\u00e9enne. Alors qu\u2019une analogie est faite entre le p\u00e9tillant du vin et le p\u00e9tillant de l\u2019esprit, un effet de mode se d\u00e9ploie dans toute l\u2019Europe et les bouteilles champenoises s\u2019exportent. Vin rare et cher, <b>vin des lumi\u00e8res<\/b>, le champagne devient LE vin des \u00e9lites europ\u00e9ennes.<\/p>\n<p>[\/et_pb_text][et_pb_image src=\u00a0\u00bbhttps:\/\/www.primardeco.com\/blog\/wp-content\/uploads\/2022\/06\/Nicolas-Arnoult.-Degustation-champagne-XVII-\u00a9Wikipedia.jpeg\u00a0\u00bb alt=\u00a0\u00bbNicolas Arnoult. Degustation champagne XVII \u00a9Wikipedia\u00a0\u00bb title_text=\u00a0\u00bbNicolas Arnoult. Degustation champagne XVII \u00a9Wikipedia\u00a0\u00bb _builder_version=\u00a0\u00bb4.17.4&Prime; _module_preset=\u00a0\u00bbdefault\u00a0\u00bb global_colors_info=\u00a0\u00bb{}\u00a0\u00bb][\/et_pb_image][\/et_pb_column][\/et_pb_row][et_pb_row column_structure=\u00a0\u00bb1_2,1_2&Prime; _builder_version=\u00a0\u00bb4.16&Prime; _module_preset=\u00a0\u00bbdefault\u00a0\u00bb global_colors_info=\u00a0\u00bb{}\u00a0\u00bb][et_pb_column type=\u00a0\u00bb1_2&Prime; _builder_version=\u00a0\u00bb4.16&Prime; _module_preset=\u00a0\u00bbdefault\u00a0\u00bb global_colors_info=\u00a0\u00bb{}\u00a0\u00bb][et_pb_image src=\u00a0\u00bbhttps:\/\/www.primardeco.com\/blog\/wp-content\/uploads\/2022\/06\/Bouteilles-de-champagne-\u00a9Flickr-scaled.jpg\u00a0\u00bb title_text=\u00a0\u00bbDSCF4460&Prime; _builder_version=\u00a0\u00bb4.17.4&Prime; _module_preset=\u00a0\u00bbdefault\u00a0\u00bb global_colors_info=\u00a0\u00bb{}\u00a0\u00bb][\/et_pb_image][\/et_pb_column][et_pb_column type=\u00a0\u00bb1_2&Prime; _builder_version=\u00a0\u00bb4.16&Prime; _module_preset=\u00a0\u00bbdefault\u00a0\u00bb global_colors_info=\u00a0\u00bb{}\u00a0\u00bb][et_pb_text _builder_version=\u00a0\u00bb4.17.4&Prime; _module_preset=\u00a0\u00bbdefault\u00a0\u00bb global_colors_info=\u00a0\u00bb{}\u00a0\u00bb]<\/p>\n<p>L\u2019id\u00e9e de mettre le vin en bouteille constitue un v\u00e9ritable tournant dans le destin des <b>vins de Champagne<\/b>. V\u00e9ritable r\u00e9volution technique et culturelle, les bouteilles permettent d\u2019individualiser la consommation de vin. Il devient d\u00e8s lors possible de pr\u00e9senter sur une m\u00eame table plusieurs vari\u00e9t\u00e9s de vins venus du monde entier.<\/p>\n<p>[\/et_pb_text][\/et_pb_column][\/et_pb_row][et_pb_row _builder_version=\u00a0\u00bb4.17.4&Prime; _module_preset=\u00a0\u00bbdefault\u00a0\u00bb global_colors_info=\u00a0\u00bb{}\u00a0\u00bb][et_pb_column type=\u00a0\u00bb4_4&Prime; _builder_version=\u00a0\u00bb4.17.4&Prime; _module_preset=\u00a0\u00bbdefault\u00a0\u00bb global_colors_info=\u00a0\u00bb{}\u00a0\u00bb][et_pb_text _builder_version=\u00a0\u00bb4.17.4&Prime; _module_preset=\u00a0\u00bbdefault\u00a0\u00bb custom_margin=\u00a0\u00bb-43px|||||\u00a0\u00bb global_colors_info=\u00a0\u00bb{}\u00a0\u00bb]<\/p>\n<p>C\u2019est au cours de cette p\u00e9riode majeure de <b>l\u2019histoire du champagne <\/b>que beaucoup de grandes maisons sont fond\u00e9es comme<b> Ruinart <\/b>en 1729, Forrest Fourneaux en 1734 (aujourd\u2019hui <b>Taittinger<\/b>), <b>Mo\u00ebt<\/b> en 1743, <b>Veuve Cliquot <\/b>en 1772, etc.<\/p>\n<p>[\/et_pb_text][et_pb_text _builder_version=\u00a0\u00bb4.17.4&Prime; _module_preset=\u00a0\u00bbdefault\u00a0\u00bb global_colors_info=\u00a0\u00bb{}\u00a0\u00bb]<\/p>\n<p><b><\/b><\/p>\n<h2>La R\u00e9volution industrielle<\/h2>\n<p>&nbsp;<\/p>\n<p>La R\u00e9volution industrielle et le d\u00e9ploiement des lignes de fer augmentent les perspectives de <b>commerce<\/b>. Parall\u00e8lement, les innombrables progr\u00e8s dans le domaine de la science perfectionnent la qualit\u00e9 des vins tandis que la m\u00e9canisation, et plus tard l\u2019\u00e9lectricit\u00e9, am\u00e9liorent les conditions de travail. La nouvelle bourgeoisie s\u2019emparent du <b>champagne<\/b>, longtemps r\u00e9serv\u00e9 \u00e0 la noblesse, et la demande ne cesse de croitre.<span class=\"Apple-converted-space\">\u00a0<\/span><\/p>\n<p>[\/et_pb_text][et_pb_text _builder_version=\u00a0\u00bb4.17.4&Prime; _module_preset=\u00a0\u00bbdefault\u00a0\u00bb global_colors_info=\u00a0\u00bb{}\u00a0\u00bb]<\/p>\n<h2>Les grandes maisons de champagne<\/h2>\n<p>Le XIXe correspond au si\u00e8cle des grandes strat\u00e9gies commerciales et du marketing.<span class=\"Apple-converted-space\">\u00a0<\/span><\/p>\n<p>De grandes figures comme la <b>Veuve Cliquot<\/b> (Mme Nicole Barbe Clicquot-Ponsardin) et <b>Jeanne Alexandrine Pommery <\/b>parviennent \u00e0 \u00e9lever le champagne au dessus des autres vins fran\u00e7ais gr\u00e2ce \u00e0 un sens des affaires inou\u00efe et beaucoup d\u2019audace.<span class=\"Apple-converted-space\">\u00a0<\/span><\/p>\n<p>[\/et_pb_text][\/et_pb_column][\/et_pb_row][et_pb_row column_structure=\u00a0\u00bb1_2,1_2&Prime; _builder_version=\u00a0\u00bb4.17.4&Prime; _module_preset=\u00a0\u00bbdefault\u00a0\u00bb global_colors_info=\u00a0\u00bb{}\u00a0\u00bb][et_pb_column type=\u00a0\u00bb1_2&Prime; _builder_version=\u00a0\u00bb4.17.4&Prime; _module_preset=\u00a0\u00bbdefault\u00a0\u00bb global_colors_info=\u00a0\u00bb{}\u00a0\u00bb][et_pb_image src=\u00a0\u00bbhttps:\/\/www.primardeco.com\/blog\/wp-content\/uploads\/2022\/06\/Veuve-Clicquot-\u00a9Wikipedia.jpeg\u00a0\u00bb alt=\u00a0\u00bbVeuve Clicquot \u00a9Wikipedia\u00a0\u00bb title_text=\u00a0\u00bbVeuve Clicquot \u00a9Wikipedia\u00a0\u00bb _builder_version=\u00a0\u00bb4.17.4&Prime; _module_preset=\u00a0\u00bbdefault\u00a0\u00bb global_colors_info=\u00a0\u00bb{}\u00a0\u00bb][\/et_pb_image][\/et_pb_column][et_pb_column type=\u00a0\u00bb1_2&Prime; _builder_version=\u00a0\u00bb4.17.4&Prime; _module_preset=\u00a0\u00bbdefault\u00a0\u00bb global_colors_info=\u00a0\u00bb{}\u00a0\u00bb][et_pb_image src=\u00a0\u00bbhttps:\/\/www.primardeco.com\/blog\/wp-content\/uploads\/2022\/06\/Louise-Pommery-\u00a9Wikipedia.jpeg\u00a0\u00bb alt=\u00a0\u00bbLouise Pommery \u00a9Wikipedia\u00a0\u00bb title_text=\u00a0\u00bbLouise Pommery \u00a9Wikipedia\u00a0\u00bb _builder_version=\u00a0\u00bb4.17.4&Prime; _module_preset=\u00a0\u00bbdefault\u00a0\u00bb global_colors_info=\u00a0\u00bb{}\u00a0\u00bb][\/et_pb_image][\/et_pb_column][\/et_pb_row][et_pb_row _builder_version=\u00a0\u00bb4.17.4&Prime; _module_preset=\u00a0\u00bbdefault\u00a0\u00bb global_colors_info=\u00a0\u00bb{}\u00a0\u00bb][et_pb_column type=\u00a0\u00bb4_4&Prime; _builder_version=\u00a0\u00bb4.17.4&Prime; _module_preset=\u00a0\u00bbdefault\u00a0\u00bb global_colors_info=\u00a0\u00bb{}\u00a0\u00bb][et_pb_text _builder_version=\u00a0\u00bb4.17.4&Prime; _module_preset=\u00a0\u00bbdefault\u00a0\u00bb global_colors_info=\u00a0\u00bb{}\u00a0\u00bb]<\/p>\n<p>A cette p\u00e9riode, les grandes maisons champenoises se singularisent et font rayonner leur nom.<span class=\"Apple-converted-space\">\u00a0<\/span><\/p>\n<p>Chaque maison souhaite produire un <b>champagne unique<\/b>, diff\u00e9rent de celui des concurrents : l\u2019assemblage devient primordial.<\/p>\n<p>Pour forger leur identit\u00e9, les domaines champenois mettent en place une s\u00e9rie d\u2019\u00e9l\u00e9ments pour rendre leur maison reconnaissable aux yeux de tous : code couleur, cordon rouge qui barre l\u2019\u00e9tiquette, etc.<span class=\"Apple-converted-space\">\u00a0<\/span><\/p>\n<p>[\/et_pb_text][\/et_pb_column][\/et_pb_row][et_pb_row column_structure=\u00a0\u00bb1_2,1_2&Prime; _builder_version=\u00a0\u00bb4.17.4&Prime; _module_preset=\u00a0\u00bbdefault\u00a0\u00bb global_colors_info=\u00a0\u00bb{}\u00a0\u00bb][et_pb_column type=\u00a0\u00bb1_2&Prime; _builder_version=\u00a0\u00bb4.17.4&Prime; _module_preset=\u00a0\u00bbdefault\u00a0\u00bb global_colors_info=\u00a0\u00bb{}\u00a0\u00bb][et_pb_image src=\u00a0\u00bbhttps:\/\/www.primardeco.com\/blog\/wp-content\/uploads\/2022\/06\/VEUVE-CLIQUOT-PONSARDIN-\u00a9Primardeco.jpg\u00a0\u00bb title_text=\u00a0\u00bbVEUVE CLIQUOT PONSARDIN \u00a9Primardeco\u00a0\u00bb _builder_version=\u00a0\u00bb4.17.4&Prime; _module_preset=\u00a0\u00bbdefault\u00a0\u00bb global_colors_info=\u00a0\u00bb{}\u00a0\u00bb][\/et_pb_image][\/et_pb_column][et_pb_column type=\u00a0\u00bb1_2&Prime; _builder_version=\u00a0\u00bb4.17.4&Prime; _module_preset=\u00a0\u00bbdefault\u00a0\u00bb global_colors_info=\u00a0\u00bb{}\u00a0\u00bb][et_pb_image src=\u00a0\u00bbhttps:\/\/www.primardeco.com\/blog\/wp-content\/uploads\/2022\/06\/RUINART-\u00a9Primardeco.jpg\u00a0\u00bb alt=\u00a0\u00bbRUINART \u00a9Primardeco\u00a0\u00bb title_text=\u00a0\u00bbRUINART \u00a9Primardeco\u00a0\u00bb _builder_version=\u00a0\u00bb4.17.4&Prime; _module_preset=\u00a0\u00bbdefault\u00a0\u00bb global_colors_info=\u00a0\u00bb{}\u00a0\u00bb][\/et_pb_image][\/et_pb_column][\/et_pb_row][et_pb_row _builder_version=\u00a0\u00bb4.17.4&Prime; _module_preset=\u00a0\u00bbdefault\u00a0\u00bb global_colors_info=\u00a0\u00bb{}\u00a0\u00bb][et_pb_column type=\u00a0\u00bb4_4&Prime; _builder_version=\u00a0\u00bb4.17.4&Prime; _module_preset=\u00a0\u00bbdefault\u00a0\u00bb global_colors_info=\u00a0\u00bb{}\u00a0\u00bb][et_pb_text _builder_version=\u00a0\u00bb4.17.4&Prime; _module_preset=\u00a0\u00bbdefault\u00a0\u00bb global_colors_info=\u00a0\u00bb{}\u00a0\u00bb]<\/p>\n<h2>Extraordinaire champagne<span class=\"Apple-converted-space\">\u00a0<\/span><\/h2>\n<p>&nbsp;<\/p>\n<p>Ce vin d\u2019une beaut\u00e9 incomparable et au bruit merveilleux synonyme de f\u00eate, de bonheur et de luxe a conquis la plan\u00e8te enti\u00e8re. Particuli\u00e8rement complexe et complet, le <b>champagne<\/b> r\u00e9clame de nombreuses techniques singuli\u00e8res.<\/p>\n<p>Si la popularit\u00e9 du champagne est aujourd\u2019hui mondiale, son histoire n\u2019a pas \u00e9t\u00e9 un long fleuve tranquille. En effet, il a du faire face \u00e0 de nombreuses crises et d\u00e9fis : entre maladies (phylloxera), vieillissement et guerres les maisons champenoises ont souffert mais sont toujours parvenues \u00e0 maintenir leur production.<span class=\"Apple-converted-space\">\u00a0<\/span><\/p>\n<p>Le succ\u00e8s de ce vin est tel, qu\u2019il est vite copi\u00e9 et imit\u00e9. Les maisons s\u2019allient alors au sein d\u2019un syndicat pour y faire face et se prot\u00e9ger : l\u2019<b>Appellation d\u2019Origine Control\u00e9e<\/b> verra bient\u00f4t le jour.<\/p>\n<p>[\/et_pb_text][\/et_pb_column][\/et_pb_row][et_pb_row _builder_version=\u00a0\u00bb4.17.4&Prime; _module_preset=\u00a0\u00bbdefault\u00a0\u00bb global_colors_info=\u00a0\u00bb{}\u00a0\u00bb][et_pb_column type=\u00a0\u00bb4_4&Prime; _builder_version=\u00a0\u00bb4.17.4&Prime; _module_preset=\u00a0\u00bbdefault\u00a0\u00bb global_colors_info=\u00a0\u00bb{}\u00a0\u00bb][et_pb_text _builder_version=\u00a0\u00bb4.17.4&Prime; _module_preset=\u00a0\u00bbdefault\u00a0\u00bb global_colors_info=\u00a0\u00bb{}\u00a0\u00bb]<\/p>\n<p><i>Aujourd\u2019hui les coteaux, les caves et les maisons de Champagne sont inscrits au <\/i><b><i>patrimoine mondiale de l\u2019UNESCO<\/i><\/b><i> en hommage \u00e0 un terroir, \u00e0 un savoir faire transmis de g\u00e9n\u00e9ration en g\u00e9n\u00e9ration et \u00e0 une histoire unique au monde. Longtemps absent des <\/i><a href=\"https:\/\/www.primardeco.com\/ventes-aux-encheres\"><b><i>ventes aux ench\u00e8res de grands vins et alcools anciens<\/i><\/b><\/a><i>, le champagne a su trouver sa place au sein d\u2019un march\u00e9 complexe et hyper actif (lire <\/i><a href=\"https:\/\/www.primardeco.com\/blog\/le-champagne-un-marche-petillant\/\"><b><i>Le champagne, un march\u00e9 p\u00e9tillant<\/i><\/b><\/a><i><a href=\"https:\/\/www.primardeco.com\/blog\/le-champagne-un-marche-petillant\/\">)<\/a>. Plus que jamais, le champagne a de la valeur !<span class=\"Apple-converted-space\">\u00a0<\/span><\/i><\/p>\n<p>[\/et_pb_text][\/et_pb_column][\/et_pb_row][et_pb_row _builder_version=\u00a0\u00bb4.16&Prime; _module_preset=\u00a0\u00bbdefault\u00a0\u00bb global_colors_info=\u00a0\u00bb{}\u00a0\u00bb][et_pb_column type=\u00a0\u00bb4_4&Prime; _builder_version=\u00a0\u00bb4.16&Prime; _module_preset=\u00a0\u00bbdefault\u00a0\u00bb global_colors_info=\u00a0\u00bb{}\u00a0\u00bb][et_pb_divider _builder_version=\u00a0\u00bb4.16&Prime; _module_preset=\u00a0\u00bbdefault\u00a0\u00bb global_colors_info=\u00a0\u00bb{}\u00a0\u00bb][\/et_pb_divider][\/et_pb_column][\/et_pb_row][\/et_pb_section]<\/p>\n","protected":false},"excerpt":{"rendered":"<p>Invent\u00e9 il y a plusieurs si\u00e8cles, le champagne accompagne et c\u00e9l\u00e8bre les plus grands \u00e9v\u00e9nements de notre vie. Consid\u00e9r\u00e9 comme l\u2019un des vins les plus prestigieux de la plan\u00e8te, retour sur le fabuleux destin de ce vin unique, incontournable et universel.\u00a0Les d\u00e9buts du champagne &nbsp; Les Romains furent les premiers \u00e0 importer la culture de [&hellip;]<\/p>\n","protected":false},"author":2,"featured_media":1852,"comment_status":"closed","ping_status":"closed","sticky":false,"template":"","format":"standard","meta":{"_et_pb_use_builder":"on","_et_pb_old_content":"","_et_gb_content_width":"","footnotes":""},"categories":[5],"tags":[20],"class_list":["post-1830","post","type-post","status-publish","format-standard","has-post-thumbnail","hentry","category-vins-champagnes-spiritueux","tag-champagnes"],"yoast_head":"<!-- This site is optimized with the Yoast SEO plugin v25.6 - https:\/\/yoast.com\/wordpress\/plugins\/seo\/ -->\n<title>Le mythe champagne | Primardeco - Blog<\/title>\n<meta name=\"description\" content=\"En savoir plus sur &quot;Le mythe champagne&quot;, un sujet propos\u00e9 dans la cat\u00e9gorie Vins, champagnes &amp; spiritueux par l&#039;\u00e9quipe Primardeco, sp\u00e9cialistes de l&#039;expertise et de la vente aux ench\u00e8res d&#039;art \u00e0 Toulouse.\" \/>\n<meta name=\"robots\" content=\"index, follow, max-snippet:-1, max-image-preview:large, max-video-preview:-1\" \/>\n<link rel=\"canonical\" href=\"https:\/\/www.primardeco.com\/blog\/le-mythe-champagne\/\" \/>\n<meta property=\"og:locale\" content=\"fr_FR\" \/>\n<meta property=\"og:type\" content=\"article\" \/>\n<meta property=\"og:title\" content=\"Le mythe champagne | Primardeco - Blog\" \/>\n<meta property=\"og:description\" content=\"En savoir plus sur &quot;Le mythe champagne&quot;, un sujet propos\u00e9 dans la cat\u00e9gorie Vins, champagnes &amp; spiritueux par l&#039;\u00e9quipe Primardeco, sp\u00e9cialistes de l&#039;expertise et de la vente aux ench\u00e8res d&#039;art \u00e0 Toulouse.\" \/>\n<meta property=\"og:url\" content=\"https:\/\/www.primardeco.com\/blog\/le-mythe-champagne\/\" \/>\n<meta property=\"og:site_name\" content=\"Primardeco - Blog\" \/>\n<meta property=\"article:publisher\" content=\"https:\/\/www.facebook.com\/Primardeco-275817602518624\/\" \/>\n<meta property=\"article:published_time\" content=\"2022-06-02T08:55:19+00:00\" \/>\n<meta property=\"article:modified_time\" content=\"2022-06-02T08:55:33+00:00\" \/>\n<meta property=\"og:image\" content=\"https:\/\/www.primardeco.com\/blog\/wp-content\/uploads\/2022\/06\/Image-de-mise-en-avant-1.jpg\" \/>\n\t<meta property=\"og:image:width\" content=\"2000\" \/>\n\t<meta property=\"og:image:height\" content=\"1600\" \/>\n\t<meta property=\"og:image:type\" content=\"image\/jpeg\" \/>\n<meta name=\"author\" content=\"Anne de Colonges-Trotignon,\" \/>\n<meta name=\"twitter:card\" content=\"summary_large_image\" \/>\n<meta name=\"twitter:creator\" content=\"@PRIMARDECO\" \/>\n<meta name=\"twitter:site\" content=\"@PRIMARDECO\" \/>\n<meta name=\"twitter:label1\" content=\"\u00c9crit par\" \/>\n\t<meta name=\"twitter:data1\" content=\"Anne de Colonges-Trotignon,\" \/>\n\t<meta name=\"twitter:label2\" content=\"Dur\u00e9e de lecture estim\u00e9e\" \/>\n\t<meta name=\"twitter:data2\" content=\"12 minutes\" \/>\n<script type=\"application\/ld+json\" class=\"yoast-schema-graph\">{\"@context\":\"https:\/\/schema.org\",\"@graph\":[{\"@type\":\"Article\",\"@id\":\"https:\/\/www.primardeco.com\/blog\/le-mythe-champagne\/#article\",\"isPartOf\":{\"@id\":\"https:\/\/www.primardeco.com\/blog\/le-mythe-champagne\/\"},\"author\":{\"name\":\"Anne de Colonges-Trotignon,\",\"@id\":\"https:\/\/www.primardeco.com\/blog\/#\/schema\/person\/7de13947a1930d4cdcc9da53f15a8bf6\"},\"headline\":\"Le mythe champagne\",\"datePublished\":\"2022-06-02T08:55:19+00:00\",\"dateModified\":\"2022-06-02T08:55:33+00:00\",\"mainEntityOfPage\":{\"@id\":\"https:\/\/www.primardeco.com\/blog\/le-mythe-champagne\/\"},\"wordCount\":2439,\"publisher\":{\"@id\":\"https:\/\/www.primardeco.com\/blog\/#organization\"},\"image\":{\"@id\":\"https:\/\/www.primardeco.com\/blog\/le-mythe-champagne\/#primaryimage\"},\"thumbnailUrl\":\"https:\/\/www.primardeco.com\/blog\/wp-content\/uploads\/2022\/06\/Image-de-mise-en-avant-1.jpg\",\"keywords\":[\"Champagnes\"],\"articleSection\":[\"Vins, champagnes &amp; spiritueux\"],\"inLanguage\":\"fr-FR\"},{\"@type\":\"WebPage\",\"@id\":\"https:\/\/www.primardeco.com\/blog\/le-mythe-champagne\/\",\"url\":\"https:\/\/www.primardeco.com\/blog\/le-mythe-champagne\/\",\"name\":\"Le mythe champagne | Primardeco - Blog\",\"isPartOf\":{\"@id\":\"https:\/\/www.primardeco.com\/blog\/#website\"},\"primaryImageOfPage\":{\"@id\":\"https:\/\/www.primardeco.com\/blog\/le-mythe-champagne\/#primaryimage\"},\"image\":{\"@id\":\"https:\/\/www.primardeco.com\/blog\/le-mythe-champagne\/#primaryimage\"},\"thumbnailUrl\":\"https:\/\/www.primardeco.com\/blog\/wp-content\/uploads\/2022\/06\/Image-de-mise-en-avant-1.jpg\",\"datePublished\":\"2022-06-02T08:55:19+00:00\",\"dateModified\":\"2022-06-02T08:55:33+00:00\",\"description\":\"En savoir plus sur \\\"Le mythe champagne\\\", un sujet propos\u00e9 dans la cat\u00e9gorie Vins, champagnes &amp; spiritueux par l'\u00e9quipe Primardeco, sp\u00e9cialistes de l'expertise et de la vente aux ench\u00e8res d'art \u00e0 Toulouse.\",\"breadcrumb\":{\"@id\":\"https:\/\/www.primardeco.com\/blog\/le-mythe-champagne\/#breadcrumb\"},\"inLanguage\":\"fr-FR\",\"potentialAction\":[{\"@type\":\"ReadAction\",\"target\":[\"https:\/\/www.primardeco.com\/blog\/le-mythe-champagne\/\"]}]},{\"@type\":\"ImageObject\",\"inLanguage\":\"fr-FR\",\"@id\":\"https:\/\/www.primardeco.com\/blog\/le-mythe-champagne\/#primaryimage\",\"url\":\"https:\/\/www.primardeco.com\/blog\/wp-content\/uploads\/2022\/06\/Image-de-mise-en-avant-1.jpg\",\"contentUrl\":\"https:\/\/www.primardeco.com\/blog\/wp-content\/uploads\/2022\/06\/Image-de-mise-en-avant-1.jpg\",\"width\":2000,\"height\":1600},{\"@type\":\"BreadcrumbList\",\"@id\":\"https:\/\/www.primardeco.com\/blog\/le-mythe-champagne\/#breadcrumb\",\"itemListElement\":[{\"@type\":\"ListItem\",\"position\":1,\"name\":\"Accueil\",\"item\":\"https:\/\/www.primardeco.com\/blog\/\"},{\"@type\":\"ListItem\",\"position\":2,\"name\":\"Le mythe champagne\"}]},{\"@type\":\"WebSite\",\"@id\":\"https:\/\/www.primardeco.com\/blog\/#website\",\"url\":\"https:\/\/www.primardeco.com\/blog\/\",\"name\":\"Primardeco - Blog\",\"description\":\"Expertises et Ventes aux ench\u00e8res\",\"publisher\":{\"@id\":\"https:\/\/www.primardeco.com\/blog\/#organization\"},\"potentialAction\":[{\"@type\":\"SearchAction\",\"target\":{\"@type\":\"EntryPoint\",\"urlTemplate\":\"https:\/\/www.primardeco.com\/blog\/?s={search_term_string}\"},\"query-input\":{\"@type\":\"PropertyValueSpecification\",\"valueRequired\":true,\"valueName\":\"search_term_string\"}}],\"inLanguage\":\"fr-FR\"},{\"@type\":\"Organization\",\"@id\":\"https:\/\/www.primardeco.com\/blog\/#organization\",\"name\":\"Le Blog Primardeco, Ventes aux Ench\u00e8res d'Art \u00e0 Toulouse\",\"url\":\"https:\/\/www.primardeco.com\/blog\/\",\"logo\":{\"@type\":\"ImageObject\",\"inLanguage\":\"fr-FR\",\"@id\":\"https:\/\/www.primardeco.com\/blog\/#\/schema\/logo\/image\/\",\"url\":\"https:\/\/www.primardeco.com\/blog\/wp-content\/uploads\/2021\/11\/logo-primardeco-blog.png\",\"contentUrl\":\"https:\/\/www.primardeco.com\/blog\/wp-content\/uploads\/2021\/11\/logo-primardeco-blog.png\",\"width\":282,\"height\":84,\"caption\":\"Le Blog Primardeco, Ventes aux Ench\u00e8res d'Art \u00e0 Toulouse\"},\"image\":{\"@id\":\"https:\/\/www.primardeco.com\/blog\/#\/schema\/logo\/image\/\"},\"sameAs\":[\"https:\/\/www.facebook.com\/Primardeco-275817602518624\/\",\"https:\/\/x.com\/PRIMARDECO\",\"https:\/\/www.instagram.com\/primardeco\/\"]},{\"@type\":\"Person\",\"@id\":\"https:\/\/www.primardeco.com\/blog\/#\/schema\/person\/7de13947a1930d4cdcc9da53f15a8bf6\",\"name\":\"Anne de Colonges-Trotignon,\",\"image\":{\"@type\":\"ImageObject\",\"inLanguage\":\"fr-FR\",\"@id\":\"https:\/\/www.primardeco.com\/blog\/#\/schema\/person\/image\/\",\"url\":\"https:\/\/secure.gravatar.com\/avatar\/853054ac9272b8d8231f62d5ba9a57c0838e74856b0112cb96fd18a428d1d335?s=96&d=mm&r=g\",\"contentUrl\":\"https:\/\/secure.gravatar.com\/avatar\/853054ac9272b8d8231f62d5ba9a57c0838e74856b0112cb96fd18a428d1d335?s=96&d=mm&r=g\",\"caption\":\"Anne de Colonges-Trotignon,\"},\"url\":\"https:\/\/www.primardeco.com\/blog\/author\/anne\/\"}]}<\/script>\n<!-- \/ Yoast SEO plugin. -->","yoast_head_json":{"title":"Le mythe champagne | Primardeco - Blog","description":"En savoir plus sur \"Le mythe champagne\", un sujet propos\u00e9 dans la cat\u00e9gorie Vins, champagnes &amp; spiritueux par l'\u00e9quipe Primardeco, sp\u00e9cialistes de l'expertise et de la vente aux ench\u00e8res d'art \u00e0 Toulouse.","robots":{"index":"index","follow":"follow","max-snippet":"max-snippet:-1","max-image-preview":"max-image-preview:large","max-video-preview":"max-video-preview:-1"},"canonical":"https:\/\/www.primardeco.com\/blog\/le-mythe-champagne\/","og_locale":"fr_FR","og_type":"article","og_title":"Le mythe champagne | Primardeco - Blog","og_description":"En savoir plus sur \"Le mythe champagne\", un sujet propos\u00e9 dans la cat\u00e9gorie Vins, champagnes &amp; spiritueux par l'\u00e9quipe Primardeco, sp\u00e9cialistes de l'expertise et de la vente aux ench\u00e8res d'art \u00e0 Toulouse.","og_url":"https:\/\/www.primardeco.com\/blog\/le-mythe-champagne\/","og_site_name":"Primardeco - Blog","article_publisher":"https:\/\/www.facebook.com\/Primardeco-275817602518624\/","article_published_time":"2022-06-02T08:55:19+00:00","article_modified_time":"2022-06-02T08:55:33+00:00","og_image":[{"width":2000,"height":1600,"url":"https:\/\/www.primardeco.com\/blog\/wp-content\/uploads\/2022\/06\/Image-de-mise-en-avant-1.jpg","type":"image\/jpeg"}],"author":"Anne de Colonges-Trotignon,","twitter_card":"summary_large_image","twitter_creator":"@PRIMARDECO","twitter_site":"@PRIMARDECO","twitter_misc":{"\u00c9crit par":"Anne de Colonges-Trotignon,","Dur\u00e9e de lecture estim\u00e9e":"12 minutes"},"schema":{"@context":"https:\/\/schema.org","@graph":[{"@type":"Article","@id":"https:\/\/www.primardeco.com\/blog\/le-mythe-champagne\/#article","isPartOf":{"@id":"https:\/\/www.primardeco.com\/blog\/le-mythe-champagne\/"},"author":{"name":"Anne de Colonges-Trotignon,","@id":"https:\/\/www.primardeco.com\/blog\/#\/schema\/person\/7de13947a1930d4cdcc9da53f15a8bf6"},"headline":"Le mythe champagne","datePublished":"2022-06-02T08:55:19+00:00","dateModified":"2022-06-02T08:55:33+00:00","mainEntityOfPage":{"@id":"https:\/\/www.primardeco.com\/blog\/le-mythe-champagne\/"},"wordCount":2439,"publisher":{"@id":"https:\/\/www.primardeco.com\/blog\/#organization"},"image":{"@id":"https:\/\/www.primardeco.com\/blog\/le-mythe-champagne\/#primaryimage"},"thumbnailUrl":"https:\/\/www.primardeco.com\/blog\/wp-content\/uploads\/2022\/06\/Image-de-mise-en-avant-1.jpg","keywords":["Champagnes"],"articleSection":["Vins, champagnes &amp; spiritueux"],"inLanguage":"fr-FR"},{"@type":"WebPage","@id":"https:\/\/www.primardeco.com\/blog\/le-mythe-champagne\/","url":"https:\/\/www.primardeco.com\/blog\/le-mythe-champagne\/","name":"Le mythe champagne | Primardeco - Blog","isPartOf":{"@id":"https:\/\/www.primardeco.com\/blog\/#website"},"primaryImageOfPage":{"@id":"https:\/\/www.primardeco.com\/blog\/le-mythe-champagne\/#primaryimage"},"image":{"@id":"https:\/\/www.primardeco.com\/blog\/le-mythe-champagne\/#primaryimage"},"thumbnailUrl":"https:\/\/www.primardeco.com\/blog\/wp-content\/uploads\/2022\/06\/Image-de-mise-en-avant-1.jpg","datePublished":"2022-06-02T08:55:19+00:00","dateModified":"2022-06-02T08:55:33+00:00","description":"En savoir plus sur \"Le mythe champagne\", un sujet propos\u00e9 dans la cat\u00e9gorie Vins, champagnes &amp; spiritueux par l'\u00e9quipe Primardeco, sp\u00e9cialistes de l'expertise et de la vente aux ench\u00e8res d'art \u00e0 Toulouse.","breadcrumb":{"@id":"https:\/\/www.primardeco.com\/blog\/le-mythe-champagne\/#breadcrumb"},"inLanguage":"fr-FR","potentialAction":[{"@type":"ReadAction","target":["https:\/\/www.primardeco.com\/blog\/le-mythe-champagne\/"]}]},{"@type":"ImageObject","inLanguage":"fr-FR","@id":"https:\/\/www.primardeco.com\/blog\/le-mythe-champagne\/#primaryimage","url":"https:\/\/www.primardeco.com\/blog\/wp-content\/uploads\/2022\/06\/Image-de-mise-en-avant-1.jpg","contentUrl":"https:\/\/www.primardeco.com\/blog\/wp-content\/uploads\/2022\/06\/Image-de-mise-en-avant-1.jpg","width":2000,"height":1600},{"@type":"BreadcrumbList","@id":"https:\/\/www.primardeco.com\/blog\/le-mythe-champagne\/#breadcrumb","itemListElement":[{"@type":"ListItem","position":1,"name":"Accueil","item":"https:\/\/www.primardeco.com\/blog\/"},{"@type":"ListItem","position":2,"name":"Le mythe champagne"}]},{"@type":"WebSite","@id":"https:\/\/www.primardeco.com\/blog\/#website","url":"https:\/\/www.primardeco.com\/blog\/","name":"Primardeco - Blog","description":"Expertises et Ventes aux ench\u00e8res","publisher":{"@id":"https:\/\/www.primardeco.com\/blog\/#organization"},"potentialAction":[{"@type":"SearchAction","target":{"@type":"EntryPoint","urlTemplate":"https:\/\/www.primardeco.com\/blog\/?s={search_term_string}"},"query-input":{"@type":"PropertyValueSpecification","valueRequired":true,"valueName":"search_term_string"}}],"inLanguage":"fr-FR"},{"@type":"Organization","@id":"https:\/\/www.primardeco.com\/blog\/#organization","name":"Le Blog Primardeco, Ventes aux Ench\u00e8res d'Art \u00e0 Toulouse","url":"https:\/\/www.primardeco.com\/blog\/","logo":{"@type":"ImageObject","inLanguage":"fr-FR","@id":"https:\/\/www.primardeco.com\/blog\/#\/schema\/logo\/image\/","url":"https:\/\/www.primardeco.com\/blog\/wp-content\/uploads\/2021\/11\/logo-primardeco-blog.png","contentUrl":"https:\/\/www.primardeco.com\/blog\/wp-content\/uploads\/2021\/11\/logo-primardeco-blog.png","width":282,"height":84,"caption":"Le Blog Primardeco, Ventes aux Ench\u00e8res d'Art \u00e0 Toulouse"},"image":{"@id":"https:\/\/www.primardeco.com\/blog\/#\/schema\/logo\/image\/"},"sameAs":["https:\/\/www.facebook.com\/Primardeco-275817602518624\/","https:\/\/x.com\/PRIMARDECO","https:\/\/www.instagram.com\/primardeco\/"]},{"@type":"Person","@id":"https:\/\/www.primardeco.com\/blog\/#\/schema\/person\/7de13947a1930d4cdcc9da53f15a8bf6","name":"Anne de Colonges-Trotignon,","image":{"@type":"ImageObject","inLanguage":"fr-FR","@id":"https:\/\/www.primardeco.com\/blog\/#\/schema\/person\/image\/","url":"https:\/\/secure.gravatar.com\/avatar\/853054ac9272b8d8231f62d5ba9a57c0838e74856b0112cb96fd18a428d1d335?s=96&d=mm&r=g","contentUrl":"https:\/\/secure.gravatar.com\/avatar\/853054ac9272b8d8231f62d5ba9a57c0838e74856b0112cb96fd18a428d1d335?s=96&d=mm&r=g","caption":"Anne de Colonges-Trotignon,"},"url":"https:\/\/www.primardeco.com\/blog\/author\/anne\/"}]}},"_links":{"self":[{"href":"https:\/\/www.primardeco.com\/blog\/wp-json\/wp\/v2\/posts\/1830","targetHints":{"allow":["GET"]}}],"collection":[{"href":"https:\/\/www.primardeco.com\/blog\/wp-json\/wp\/v2\/posts"}],"about":[{"href":"https:\/\/www.primardeco.com\/blog\/wp-json\/wp\/v2\/types\/post"}],"author":[{"embeddable":true,"href":"https:\/\/www.primardeco.com\/blog\/wp-json\/wp\/v2\/users\/2"}],"replies":[{"embeddable":true,"href":"https:\/\/www.primardeco.com\/blog\/wp-json\/wp\/v2\/comments?post=1830"}],"version-history":[{"count":4,"href":"https:\/\/www.primardeco.com\/blog\/wp-json\/wp\/v2\/posts\/1830\/revisions"}],"predecessor-version":[{"id":1855,"href":"https:\/\/www.primardeco.com\/blog\/wp-json\/wp\/v2\/posts\/1830\/revisions\/1855"}],"wp:featuredmedia":[{"embeddable":true,"href":"https:\/\/www.primardeco.com\/blog\/wp-json\/wp\/v2\/media\/1852"}],"wp:attachment":[{"href":"https:\/\/www.primardeco.com\/blog\/wp-json\/wp\/v2\/media?parent=1830"}],"wp:term":[{"taxonomy":"category","embeddable":true,"href":"https:\/\/www.primardeco.com\/blog\/wp-json\/wp\/v2\/categories?post=1830"},{"taxonomy":"post_tag","embeddable":true,"href":"https:\/\/www.primardeco.com\/blog\/wp-json\/wp\/v2\/tags?post=1830"}],"curies":[{"name":"wp","href":"https:\/\/api.w.org\/{rel}","templated":true}]}}