{"id":1812,"date":"2022-06-01T16:15:00","date_gmt":"2022-06-01T14:15:00","guid":{"rendered":"https:\/\/www.primardeco.com\/blog\/?p=1812"},"modified":"2022-06-02T09:41:55","modified_gmt":"2022-06-02T07:41:55","slug":"5-bonnes-raisons-de-vendre-ses-bouteilles-aux-encheres","status":"publish","type":"post","link":"https:\/\/www.primardeco.com\/blog\/5-bonnes-raisons-de-vendre-ses-bouteilles-aux-encheres\/","title":{"rendered":"5 bonnes raisons de vendre ses bouteilles aux ench\u00e8res"},"content":{"rendered":"<p>[et_pb_section fb_built=\u00a0\u00bb1&Prime; _builder_version=\u00a0\u00bb4.16&Prime; global_colors_info=\u00a0\u00bb{}\u00a0\u00bb][et_pb_row _builder_version=\u00a0\u00bb4.16&Prime; background_size=\u00a0\u00bbinitial\u00a0\u00bb background_position=\u00a0\u00bbtop_left\u00a0\u00bb background_repeat=\u00a0\u00bbrepeat\u00a0\u00bb global_colors_info=\u00a0\u00bb{}\u00a0\u00bb][et_pb_column type=\u00a0\u00bb4_4&Prime; _builder_version=\u00a0\u00bb4.16&Prime; custom_padding=\u00a0\u00bb|||\u00a0\u00bb global_colors_info=\u00a0\u00bb{}\u00a0\u00bb custom_padding__hover=\u00a0\u00bb|||\u00a0\u00bb][et_pb_text admin_label=\u00a0\u00bbIntro\u00a0\u00bb _builder_version=\u00a0\u00bb4.17.4&Prime; _module_preset=\u00a0\u00bbdefault\u00a0\u00bb custom_padding=\u00a0\u00bb1px|||||\u00a0\u00bb hover_enabled=\u00a0\u00bb0&Prime; global_colors_info=\u00a0\u00bb{}\u00a0\u00bb sticky_enabled=\u00a0\u00bb0&Prime;]<\/p>\n<p><i>Depuis quelques ann\u00e9es, Primardeco s\u2019est positionn\u00e9e en acteur majeur sur le march\u00e9 des <strong>vins, champagnes et alcools anciens<\/strong>. Mais alors quel int\u00e9r\u00eat de vendre son <strong>vin aux ench\u00e8res<\/strong>\u00a0? Voici 5 bonnes raisons de vendre son vin chez Primardeco !<\/i><\/p>\n<p>[\/et_pb_text][et_pb_divider _builder_version=\u00a0\u00bb4.16&Prime; _module_preset=\u00a0\u00bbdefault\u00a0\u00bb global_colors_info=\u00a0\u00bb{}\u00a0\u00bb][\/et_pb_divider][et_pb_text _builder_version=\u00a0\u00bb4.17.4&Prime; background_size=\u00a0\u00bbinitial\u00a0\u00bb background_position=\u00a0\u00bbtop_left\u00a0\u00bb background_repeat=\u00a0\u00bbrepeat\u00a0\u00bb hover_enabled=\u00a0\u00bb0&Prime; global_colors_info=\u00a0\u00bb{}\u00a0\u00bb sticky_enabled=\u00a0\u00bb0&Prime;]<\/p>\n<h2>Valoriser sa cave aux ench\u00e8res<\/h2>\n<p>&nbsp;<\/p>\n<p>Tout d\u2019abord, <strong>vendre ses bouteilles de vin aux ench\u00e8res<\/strong> permet<i> <\/i>de<i> <\/i>rentabiliser une partie de sa cave que l\u2019on ne boira peut-\u00eatre jamais. Il est tout \u00e0 fait possible que vos go\u00fbts aient \u00e9volu\u00e9 au cours du temps rendant quelques bouteilles obsol\u00e8tes.<\/p>\n<p>De plus, certains de vos vins peuvent \u00eatre arriv\u00e9s \u00e0 maturit\u00e9 ou \u00eatre pr\u00e9sents en plusieurs exemplaires dans votre cave : il est alors grand temps de faire un tri et de vendre une partie de vos bouteilles.<span class=\"Apple-converted-space\">\u00a0<\/span><\/p>\n<p>Les vieilles bouteilles, m\u00eame tr\u00e8s ab\u00eem\u00e9es, ont de la valeur comme en t\u00e9moigne cette bouteille de <a href=\"https:\/\/www.primardeco.com\/vins-champagnes-et-spiritueux\/1-bouteille-chateau-cheval-blanc-st-emilion-1947-bep-ela-capsule-t-42783\"><strong>Ch\u00e2teau Cheval Blanc<\/strong> de 1947<\/a> adjug\u00e9e 1 570\u20ac !<span class=\"Apple-converted-space\">\u00a0<\/span><\/p>\n<p>[\/et_pb_text][\/et_pb_column][\/et_pb_row][et_pb_row _builder_version=\u00a0\u00bb4.17.4&Prime; _module_preset=\u00a0\u00bbdefault\u00a0\u00bb global_colors_info=\u00a0\u00bb{}\u00a0\u00bb][et_pb_column type=\u00a0\u00bb4_4&Prime; _builder_version=\u00a0\u00bb4.17.4&Prime; _module_preset=\u00a0\u00bbdefault\u00a0\u00bb global_colors_info=\u00a0\u00bb{}\u00a0\u00bb][et_pb_image src=\u00a0\u00bbhttps:\/\/www.primardeco.com\/blog\/wp-content\/uploads\/2022\/06\/Chateau-Cheval-Blanc-\u00a9Primardeco.jpg\u00a0\u00bb alt=\u00a0\u00bbCh\u00e2teau Cheval Blanc \u00a9Primardeco\u00a0\u00bb title_text=\u00a0\u00bbCh\u00e2teau Cheval Blanc \u00a9Primardeco\u00a0\u00bb _builder_version=\u00a0\u00bb4.17.4&Prime; _module_preset=\u00a0\u00bbdefault\u00a0\u00bb global_colors_info=\u00a0\u00bb{}\u00a0\u00bb][\/et_pb_image][\/et_pb_column][\/et_pb_row][et_pb_row _builder_version=\u00a0\u00bb4.16&Prime; _module_preset=\u00a0\u00bbdefault\u00a0\u00bb global_colors_info=\u00a0\u00bb{}\u00a0\u00bb][et_pb_column type=\u00a0\u00bb4_4&Prime; _builder_version=\u00a0\u00bb4.16&Prime; _module_preset=\u00a0\u00bbdefault\u00a0\u00bb global_colors_info=\u00a0\u00bb{}\u00a0\u00bb][et_pb_text _builder_version=\u00a0\u00bb4.17.4&Prime; _module_preset=\u00a0\u00bbdefault\u00a0\u00bb hover_enabled=\u00a0\u00bb0&Prime; global_colors_info=\u00a0\u00bb{}\u00a0\u00bb sticky_enabled=\u00a0\u00bb0&Prime;]<\/p>\n<p>Dans certains cas, il est recommand\u00e9 de <strong>vendre ses bouteilles aux ench\u00e8res\u00a0<\/strong> plut\u00f4t que de les laisser vieillir, dans des conditions qui ne sont pas toujours optimales, et prendre ainsi le risque qu\u2019elles s\u2019oxydent et perdent tout leur int\u00e9r\u00eat. A cet effet, les experts de Primardeco seront \u00e0 m\u00eame de vous renseigner avec franchise et honn\u00eatet\u00e9.<span class=\"Apple-converted-space\">\u00a0<\/span><\/p>\n<p>Si les <strong>ventes aux ench\u00e8res<\/strong> permettent de vendre vos bouteilles de vins, champagnes &amp; spiritueux, elles sont aussi un excellent moyen de d\u00e9couvrir de nouveaux crus. Elles sont alors l\u2019occasion de remplacer de<strong> vieux mill\u00e9simes<\/strong> par de jeunes cuv\u00e9es tr\u00e8s prometteuses. Les <a href=\"https:\/\/www.primardeco.com\/vins-champagnes-et-spiritueux\"><strong>ventes aux ench\u00e8res de vins, champagnes et spiritueux<\/strong><\/a> organis\u00e9es par Primardeco comprennent toujours beaucoup de lots d\u2019une tr\u00e8s grande vari\u00e9t\u00e9 mettant \u00e0 l\u2019honneur de nombreuses r\u00e9gions et domaines, des plus connus aux plus confidentiels.<\/p>\n<p>[\/et_pb_text][\/et_pb_column][\/et_pb_row][et_pb_row _builder_version=\u00a0\u00bb4.17.4&Prime; _module_preset=\u00a0\u00bbdefault\u00a0\u00bb global_colors_info=\u00a0\u00bb{}\u00a0\u00bb][et_pb_column type=\u00a0\u00bb4_4&Prime; _builder_version=\u00a0\u00bb4.17.4&Prime; _module_preset=\u00a0\u00bbdefault\u00a0\u00bb global_colors_info=\u00a0\u00bb{}\u00a0\u00bb][et_pb_image src=\u00a0\u00bbhttps:\/\/www.primardeco.com\/blog\/wp-content\/uploads\/2022\/06\/Vin-jaune-\u00a9Primardeco.jpg\u00a0\u00bb alt=\u00a0\u00bbVin jaune \u00a9Primardeco\u00a0\u00bb title_text=\u00a0\u00bbVin jaune \u00a9Primardeco\u00a0\u00bb _builder_version=\u00a0\u00bb4.17.4&Prime; _module_preset=\u00a0\u00bbdefault\u00a0\u00bb global_colors_info=\u00a0\u00bb{}\u00a0\u00bb][\/et_pb_image][\/et_pb_column][\/et_pb_row][et_pb_row _builder_version=\u00a0\u00bb4.16&Prime; _module_preset=\u00a0\u00bbdefault\u00a0\u00bb global_colors_info=\u00a0\u00bb{}\u00a0\u00bb][et_pb_column type=\u00a0\u00bb4_4&Prime; _builder_version=\u00a0\u00bb4.16&Prime; _module_preset=\u00a0\u00bbdefault\u00a0\u00bb global_colors_info=\u00a0\u00bb{}\u00a0\u00bb][et_pb_text _builder_version=\u00a0\u00bb4.17.4&Prime; _module_preset=\u00a0\u00bbdefault\u00a0\u00bb global_colors_info=\u00a0\u00bb{}\u00a0\u00bb]<\/p>\n<h2>Un r\u00e9seau d\u2019acheteurs internationaux<\/h2>\n<p><strong><i><\/i><\/strong><\/p>\n<p><strong>Vendre son vin aux ench\u00e8res<\/strong> chez Primardeco, c\u2019est b\u00e9n\u00e9ficier d\u2019un r\u00e9seau d\u2019acheteurs internationaux entretenu par des<strong> ventes aux ench\u00e8res<\/strong> sp\u00e9cialis\u00e9es de qualit\u00e9 et par une communication strat\u00e9gique. La diffusion des ventes aux ench\u00e8res en live sur <a href=\"https:\/\/drouot.com\"><strong>Drouotlive<\/strong><\/a> permet de pr\u00e9senter \u00e0 des collectionneurs et amateurs du monde entier les <strong>lots de vins, champagnes &amp; spiritueux<\/strong>.<span class=\"Apple-converted-space\">\u00a0<\/span><\/p>\n<p>Les acheteurs les plus influents du march\u00e9 sont aujourd\u2019hui majoritairement r\u00e9partis en Europe, en Am\u00e9rique du Nord et en Asie. Travailler avec Primardeco, c\u2019est faire le choix d\u2019une maison de vente mondialement r\u00e9put\u00e9e pour la vente et l\u2019achat de vins, champagnes et spiritueux !<\/p>\n<p>[\/et_pb_text][\/et_pb_column][\/et_pb_row][et_pb_row _builder_version=\u00a0\u00bb4.17.4&Prime; _module_preset=\u00a0\u00bbdefault\u00a0\u00bb global_colors_info=\u00a0\u00bb{}\u00a0\u00bb][et_pb_column type=\u00a0\u00bb4_4&Prime; _builder_version=\u00a0\u00bb4.17.4&Prime; _module_preset=\u00a0\u00bbdefault\u00a0\u00bb global_colors_info=\u00a0\u00bb{}\u00a0\u00bb][et_pb_text _builder_version=\u00a0\u00bb4.17.4&Prime; _module_preset=\u00a0\u00bbdefault\u00a0\u00bb global_colors_info=\u00a0\u00bb{}\u00a0\u00bb]<\/p>\n<h2>Des bouteilles valoris\u00e9es aux ench\u00e8res<\/h2>\n<p>&nbsp;<\/p>\n<p>\u00a0La <strong>vente aux ench\u00e8res<\/strong> est, \u00e0 ce jour, le meilleur moyen de vendre des bouteilles de vin, champagne et spiritueux. En effet, en mettant en concurrence des acheteurs du monde entier, certaines bouteilles atteignent des prix records tandis que d\u2019autres s\u00e9duisent de simples amateurs soucieux d\u2019agrandir leur cave.<\/p>\n<p>[\/et_pb_text][\/et_pb_column][\/et_pb_row][et_pb_row column_structure=\u00a0\u00bb3_5,2_5&Prime; _builder_version=\u00a0\u00bb4.16&Prime; _module_preset=\u00a0\u00bbdefault\u00a0\u00bb global_colors_info=\u00a0\u00bb{}\u00a0\u00bb][et_pb_column type=\u00a0\u00bb3_5&Prime; _builder_version=\u00a0\u00bb4.16&Prime; _module_preset=\u00a0\u00bbdefault\u00a0\u00bb global_colors_info=\u00a0\u00bb{}\u00a0\u00bb][et_pb_text _builder_version=\u00a0\u00bb4.17.4&Prime; _module_preset=\u00a0\u00bbdefault\u00a0\u00bb global_colors_info=\u00a0\u00bb{}\u00a0\u00bb]<\/p>\n<p>Bien souvent, les caves sont les grandes oubli\u00e9es des inventaires. Primardeco veillera \u00e0 toujours <strong>valoriser votre cave<\/strong> et\/ou les quelques bouteilles que vous pouvez poss\u00e9der. Une seule bouteille peut avoir beaucoup de valeur !<span class=\"Apple-converted-space\">\u00a0<\/span><\/p>\n<p>[\/et_pb_text][\/et_pb_column][et_pb_column type=\u00a0\u00bb2_5&Prime; _builder_version=\u00a0\u00bb4.16&Prime; _module_preset=\u00a0\u00bbdefault\u00a0\u00bb global_colors_info=\u00a0\u00bb{}\u00a0\u00bb][et_pb_image src=\u00a0\u00bbhttps:\/\/www.primardeco.com\/blog\/wp-content\/uploads\/2022\/06\/Cave\u00a9Primardeco.png\u00a0\u00bb alt=\u00a0\u00bbCave \u00a9Primardeco\u00a0\u00bb title_text=\u00a0\u00bbCave \u00a9Primardeco\u00a0\u00bb _builder_version=\u00a0\u00bb4.17.4&Prime; _module_preset=\u00a0\u00bbdefault\u00a0\u00bb global_colors_info=\u00a0\u00bb{}\u00a0\u00bb][\/et_pb_image][\/et_pb_column][\/et_pb_row][et_pb_row _builder_version=\u00a0\u00bb4.16&Prime; _module_preset=\u00a0\u00bbdefault\u00a0\u00bb global_colors_info=\u00a0\u00bb{}\u00a0\u00bb][et_pb_column type=\u00a0\u00bb4_4&Prime; _builder_version=\u00a0\u00bb4.16&Prime; _module_preset=\u00a0\u00bbdefault\u00a0\u00bb global_colors_info=\u00a0\u00bb{}\u00a0\u00bb][et_pb_text _builder_version=\u00a0\u00bb4.17.4&Prime; _module_preset=\u00a0\u00bbdefault\u00a0\u00bb global_colors_info=\u00a0\u00bb{}\u00a0\u00bb]<\/p>\n<h2>L\u2019exp\u00e9rience et l\u2019expertise \u00e0 votre service<\/h2>\n<p><i><\/i><\/p>\n<p>Si le <strong>march\u00e9 du vin, champagne et spiritueux<\/strong> s\u2019est internationalis\u00e9, il s\u2019est \u00e9galement complexifi\u00e9. En effet, chaque fois plus nombreux et devant faire face \u00e0 une concurrence toujours plus forte, les collectionneurs et\/ou courtiers sont de plus en plus pr\u00e9cis et exigeants.<span class=\"Apple-converted-space\">\u00a0<\/span><\/p>\n<p>Primardeco vous garantit une<a href=\"https:\/\/www.primardeco.com\/expertise\/vins-champagnes-et-spiritueux\/\"><strong> expertise fine<\/strong><\/a>. Tous les crit\u00e8res de valeur (\u00e9tat de conservation de la bouteille, date, grand cru class\u00e9, niveau, etc) sont attentivement examin\u00e9s pour d\u00e9terminer l\u2019<strong>estimation d\u2019une bouteille<\/strong>.<span class=\"Apple-converted-space\">\u00a0<\/span><\/p>\n<p>[\/et_pb_text][\/et_pb_column][\/et_pb_row][et_pb_row _builder_version=\u00a0\u00bb4.17.4&Prime; _module_preset=\u00a0\u00bbdefault\u00a0\u00bb global_colors_info=\u00a0\u00bb{}\u00a0\u00bb][et_pb_column type=\u00a0\u00bb4_4&Prime; _builder_version=\u00a0\u00bb4.17.4&Prime; _module_preset=\u00a0\u00bbdefault\u00a0\u00bb global_colors_info=\u00a0\u00bb{}\u00a0\u00bb][et_pb_text _builder_version=\u00a0\u00bb4.17.4&Prime; _module_preset=\u00a0\u00bbdefault\u00a0\u00bb global_colors_info=\u00a0\u00bb{}\u00a0\u00bb]<\/p>\n<h2>Une veille continue et une connaissance exacte du march\u00e9<\/h2>\n<p><b><i><\/i><\/b><\/p>\n<p>Si les experts de Primardeco peuvent d\u00e9livrer une <strong>estimation<\/strong> fid\u00e8le \u00e0 la valeur r\u00e9elle d\u2019une bouteille, c\u2019est probablement gr\u00e2ce \u00e0 une parfaite connaissance de ce march\u00e9 complexe en pleine expansion.\u00a0<\/p>\n<p>[\/et_pb_text][\/et_pb_column][\/et_pb_row][et_pb_row column_structure=\u00a0\u00bb1_2,1_2&Prime; _builder_version=\u00a0\u00bb4.16&Prime; _module_preset=\u00a0\u00bbdefault\u00a0\u00bb global_colors_info=\u00a0\u00bb{}\u00a0\u00bb][et_pb_column type=\u00a0\u00bb1_2&Prime; _builder_version=\u00a0\u00bb4.16&Prime; _module_preset=\u00a0\u00bbdefault\u00a0\u00bb global_colors_info=\u00a0\u00bb{}\u00a0\u00bb][et_pb_text _builder_version=\u00a0\u00bb4.17.4&Prime; _module_preset=\u00a0\u00bbdefault\u00a0\u00bb hover_enabled=\u00a0\u00bb0&Prime; global_colors_info=\u00a0\u00bb{}\u00a0\u00bb custom_padding=\u00a0\u00bb16px|||||\u00a0\u00bb sticky_enabled=\u00a0\u00bb0&Prime;]<\/p>\n<p>Le <strong>march\u00e9 du vin, champagne et spiritueux<\/strong> est soumis, lui aussi, au ph\u00e9nom\u00e8ne de mode, certains crus sont ainsi plus ou moins recherch\u00e9s en fonction des p\u00e9riodes. Par exemple, si les <strong>Sauternes<\/strong> ont pendant longtemps \u00e9t\u00e9 des vins tr\u00e8s \u00e0 la mode,<span class=\"Apple-converted-space\">\u00a0 <\/span>il semblerait qu\u2019ils le soient un peu moins aujourd\u2019hui. Leur cote a alors \u00e9t\u00e9 significativement affect\u00e9e.\u00a0<\/p>\n<p>[\/et_pb_text][\/et_pb_column][et_pb_column type=\u00a0\u00bb1_2&Prime; _builder_version=\u00a0\u00bb4.16&Prime; _module_preset=\u00a0\u00bbdefault\u00a0\u00bb global_colors_info=\u00a0\u00bb{}\u00a0\u00bb][et_pb_image src=\u00a0\u00bbhttps:\/\/www.primardeco.com\/blog\/wp-content\/uploads\/2022\/06\/Chateau-dYquem-Sauternes-\u00a9Primardeco.jpg\u00a0\u00bb alt=\u00a0\u00bbCh\u00e2teau d&rsquo;Yquem Sauternes \u00a9Primardeco\u00a0\u00bb title_text=\u00a0\u00bbCh\u00e2teau d&rsquo;Yquem Sauternes \u00a9Primardeco\u00a0\u00bb _builder_version=\u00a0\u00bb4.17.4&Prime; _module_preset=\u00a0\u00bbdefault\u00a0\u00bb global_colors_info=\u00a0\u00bb{}\u00a0\u00bb][\/et_pb_image][\/et_pb_column][\/et_pb_row][et_pb_row _builder_version=\u00a0\u00bb4.17.4&Prime; _module_preset=\u00a0\u00bbdefault\u00a0\u00bb global_colors_info=\u00a0\u00bb{}\u00a0\u00bb][et_pb_column type=\u00a0\u00bb4_4&Prime; _builder_version=\u00a0\u00bb4.17.4&Prime; _module_preset=\u00a0\u00bbdefault\u00a0\u00bb global_colors_info=\u00a0\u00bb{}\u00a0\u00bb][et_pb_text _builder_version=\u00a0\u00bb4.17.4&Prime; _module_preset=\u00a0\u00bbdefault\u00a0\u00bb global_colors_info=\u00a0\u00bb{}\u00a0\u00bb]<\/p>\n<p>D\u2019autres \u00e9v\u00e9nements peuvent \u00e9galement participer \u00e0 la <strong>valeur d\u2019une bouteille<\/strong> comme les ann\u00e9es \u00ab\u00a0anniversaire\u00a0\u00bb. En effet, les mill\u00e9simes ayant 20, 30 ou 50 ans l\u2019ann\u00e9e de leur vente verront leur cote consid\u00e9rablement augmenter.<span class=\"Apple-converted-space\">\u00a0<\/span><\/p>\n<p>[\/et_pb_text][\/et_pb_column][\/et_pb_row][et_pb_row _builder_version=\u00a0\u00bb4.17.4&Prime; _module_preset=\u00a0\u00bbdefault\u00a0\u00bb global_colors_info=\u00a0\u00bb{}\u00a0\u00bb][et_pb_column type=\u00a0\u00bb4_4&Prime; _builder_version=\u00a0\u00bb4.17.4&Prime; _module_preset=\u00a0\u00bbdefault\u00a0\u00bb global_colors_info=\u00a0\u00bb{}\u00a0\u00bb][et_pb_text _builder_version=\u00a0\u00bb4.17.4&Prime; _module_preset=\u00a0\u00bbdefault\u00a0\u00bb global_colors_info=\u00a0\u00bb{}\u00a0\u00bb]<\/p>\n<p><em>Fid\u00e8le \u00e0 son c\u00e9l\u00e8bre slogan \u00ab\u00a0imbuvable mais vendable\u00a0\u00bb, Primardeco dispose d\u2019un <strong>secteur sp\u00e9cialis\u00e9 dans les vins, vieux mill\u00e9simes et alcools anciens<\/strong> et propose une solution rapide pour estimer et vendre aux ench\u00e8res vos bouteilles.<span class=\"Apple-converted-space\">\u00a0<\/span><\/em><\/p>\n<p>[\/et_pb_text][\/et_pb_column][\/et_pb_row][et_pb_row _builder_version=\u00a0\u00bb4.16&Prime; _module_preset=\u00a0\u00bbdefault\u00a0\u00bb global_colors_info=\u00a0\u00bb{}\u00a0\u00bb][et_pb_column type=\u00a0\u00bb4_4&Prime; _builder_version=\u00a0\u00bb4.16&Prime; _module_preset=\u00a0\u00bbdefault\u00a0\u00bb global_colors_info=\u00a0\u00bb{}\u00a0\u00bb][et_pb_divider _builder_version=\u00a0\u00bb4.16&Prime; _module_preset=\u00a0\u00bbdefault\u00a0\u00bb global_colors_info=\u00a0\u00bb{}\u00a0\u00bb][\/et_pb_divider][\/et_pb_column][\/et_pb_row][\/et_pb_section]<\/p>\n","protected":false},"excerpt":{"rendered":"<p>Depuis quelques ann\u00e9es, Primardeco s\u2019est positionn\u00e9e en acteur majeur sur le march\u00e9 des vins, champagnes et alcools anciens. Mais alors quel int\u00e9r\u00eat de vendre son vin aux ench\u00e8res\u00a0? Voici 5 bonnes raisons de vendre son vin chez Primardeco !Valoriser sa cave aux ench\u00e8res &nbsp; Tout d\u2019abord, vendre ses bouteilles de vin aux ench\u00e8res permet de [&hellip;]<\/p>\n","protected":false},"author":2,"featured_media":1822,"comment_status":"closed","ping_status":"closed","sticky":false,"template":"","format":"standard","meta":{"_et_pb_use_builder":"on","_et_pb_old_content":"","_et_gb_content_width":"","footnotes":""},"categories":[5],"tags":[20,19],"class_list":["post-1812","post","type-post","status-publish","format-standard","has-post-thumbnail","hentry","category-vins-champagnes-spiritueux","tag-champagnes","tag-vins"],"yoast_head":"<!-- This site is optimized with the Yoast SEO plugin v25.6 - https:\/\/yoast.com\/wordpress\/plugins\/seo\/ -->\n<title>5 bonnes raisons de vendre ses bouteilles aux ench\u00e8res | Primardeco - Blog<\/title>\n<meta name=\"description\" content=\"En savoir plus sur &quot;5 bonnes raisons de vendre ses bouteilles aux ench\u00e8res&quot;, un sujet propos\u00e9 dans la cat\u00e9gorie Vins, champagnes &amp; spiritueux par l&#039;\u00e9quipe Primardeco, sp\u00e9cialistes de l&#039;expertise et de la vente aux ench\u00e8res d&#039;art \u00e0 Toulouse.\" \/>\n<meta name=\"robots\" content=\"index, follow, max-snippet:-1, max-image-preview:large, max-video-preview:-1\" \/>\n<link rel=\"canonical\" href=\"https:\/\/www.primardeco.com\/blog\/5-bonnes-raisons-de-vendre-ses-bouteilles-aux-encheres\/\" \/>\n<meta property=\"og:locale\" content=\"fr_FR\" \/>\n<meta property=\"og:type\" content=\"article\" \/>\n<meta property=\"og:title\" content=\"5 bonnes raisons de vendre ses bouteilles aux ench\u00e8res | Primardeco - Blog\" \/>\n<meta property=\"og:description\" content=\"En savoir plus sur &quot;5 bonnes raisons de vendre ses bouteilles aux ench\u00e8res&quot;, un sujet propos\u00e9 dans la cat\u00e9gorie Vins, champagnes &amp; spiritueux par l&#039;\u00e9quipe Primardeco, sp\u00e9cialistes de l&#039;expertise et de la vente aux ench\u00e8res d&#039;art \u00e0 Toulouse.\" \/>\n<meta property=\"og:url\" content=\"https:\/\/www.primardeco.com\/blog\/5-bonnes-raisons-de-vendre-ses-bouteilles-aux-encheres\/\" \/>\n<meta property=\"og:site_name\" content=\"Primardeco - Blog\" \/>\n<meta property=\"article:publisher\" content=\"https:\/\/www.facebook.com\/Primardeco-275817602518624\/\" \/>\n<meta property=\"article:published_time\" content=\"2022-06-01T14:15:00+00:00\" \/>\n<meta property=\"article:modified_time\" content=\"2022-06-02T07:41:55+00:00\" \/>\n<meta property=\"og:image\" content=\"https:\/\/www.primardeco.com\/blog\/wp-content\/uploads\/2022\/06\/Image-de-mise-en-avant-scaled.jpg\" \/>\n\t<meta property=\"og:image:width\" content=\"2560\" \/>\n\t<meta property=\"og:image:height\" content=\"1920\" \/>\n\t<meta property=\"og:image:type\" content=\"image\/jpeg\" \/>\n<meta name=\"author\" content=\"Anne de Colonges-Trotignon,\" \/>\n<meta name=\"twitter:card\" content=\"summary_large_image\" \/>\n<meta name=\"twitter:creator\" content=\"@PRIMARDECO\" \/>\n<meta name=\"twitter:site\" content=\"@PRIMARDECO\" \/>\n<meta name=\"twitter:label1\" content=\"\u00c9crit par\" \/>\n\t<meta name=\"twitter:data1\" content=\"Anne de Colonges-Trotignon,\" \/>\n\t<meta name=\"twitter:label2\" content=\"Dur\u00e9e de lecture estim\u00e9e\" \/>\n\t<meta name=\"twitter:data2\" content=\"8 minutes\" \/>\n<script type=\"application\/ld+json\" class=\"yoast-schema-graph\">{\"@context\":\"https:\/\/schema.org\",\"@graph\":[{\"@type\":\"Article\",\"@id\":\"https:\/\/www.primardeco.com\/blog\/5-bonnes-raisons-de-vendre-ses-bouteilles-aux-encheres\/#article\",\"isPartOf\":{\"@id\":\"https:\/\/www.primardeco.com\/blog\/5-bonnes-raisons-de-vendre-ses-bouteilles-aux-encheres\/\"},\"author\":{\"name\":\"Anne de Colonges-Trotignon,\",\"@id\":\"https:\/\/www.primardeco.com\/blog\/#\/schema\/person\/7de13947a1930d4cdcc9da53f15a8bf6\"},\"headline\":\"5 bonnes raisons de vendre ses bouteilles aux ench\u00e8res\",\"datePublished\":\"2022-06-01T14:15:00+00:00\",\"dateModified\":\"2022-06-02T07:41:55+00:00\",\"mainEntityOfPage\":{\"@id\":\"https:\/\/www.primardeco.com\/blog\/5-bonnes-raisons-de-vendre-ses-bouteilles-aux-encheres\/\"},\"wordCount\":1604,\"publisher\":{\"@id\":\"https:\/\/www.primardeco.com\/blog\/#organization\"},\"image\":{\"@id\":\"https:\/\/www.primardeco.com\/blog\/5-bonnes-raisons-de-vendre-ses-bouteilles-aux-encheres\/#primaryimage\"},\"thumbnailUrl\":\"https:\/\/www.primardeco.com\/blog\/wp-content\/uploads\/2022\/06\/Image-de-mise-en-avant-scaled.jpg\",\"keywords\":[\"Champagnes\",\"vins\"],\"articleSection\":[\"Vins, champagnes &amp; spiritueux\"],\"inLanguage\":\"fr-FR\"},{\"@type\":\"WebPage\",\"@id\":\"https:\/\/www.primardeco.com\/blog\/5-bonnes-raisons-de-vendre-ses-bouteilles-aux-encheres\/\",\"url\":\"https:\/\/www.primardeco.com\/blog\/5-bonnes-raisons-de-vendre-ses-bouteilles-aux-encheres\/\",\"name\":\"5 bonnes raisons de vendre ses bouteilles aux ench\u00e8res | Primardeco - Blog\",\"isPartOf\":{\"@id\":\"https:\/\/www.primardeco.com\/blog\/#website\"},\"primaryImageOfPage\":{\"@id\":\"https:\/\/www.primardeco.com\/blog\/5-bonnes-raisons-de-vendre-ses-bouteilles-aux-encheres\/#primaryimage\"},\"image\":{\"@id\":\"https:\/\/www.primardeco.com\/blog\/5-bonnes-raisons-de-vendre-ses-bouteilles-aux-encheres\/#primaryimage\"},\"thumbnailUrl\":\"https:\/\/www.primardeco.com\/blog\/wp-content\/uploads\/2022\/06\/Image-de-mise-en-avant-scaled.jpg\",\"datePublished\":\"2022-06-01T14:15:00+00:00\",\"dateModified\":\"2022-06-02T07:41:55+00:00\",\"description\":\"En savoir plus sur \\\"5 bonnes raisons de vendre ses bouteilles aux ench\u00e8res\\\", un sujet propos\u00e9 dans la cat\u00e9gorie Vins, champagnes &amp; spiritueux par l'\u00e9quipe Primardeco, sp\u00e9cialistes de l'expertise et de la vente aux ench\u00e8res d'art \u00e0 Toulouse.\",\"breadcrumb\":{\"@id\":\"https:\/\/www.primardeco.com\/blog\/5-bonnes-raisons-de-vendre-ses-bouteilles-aux-encheres\/#breadcrumb\"},\"inLanguage\":\"fr-FR\",\"potentialAction\":[{\"@type\":\"ReadAction\",\"target\":[\"https:\/\/www.primardeco.com\/blog\/5-bonnes-raisons-de-vendre-ses-bouteilles-aux-encheres\/\"]}]},{\"@type\":\"ImageObject\",\"inLanguage\":\"fr-FR\",\"@id\":\"https:\/\/www.primardeco.com\/blog\/5-bonnes-raisons-de-vendre-ses-bouteilles-aux-encheres\/#primaryimage\",\"url\":\"https:\/\/www.primardeco.com\/blog\/wp-content\/uploads\/2022\/06\/Image-de-mise-en-avant-scaled.jpg\",\"contentUrl\":\"https:\/\/www.primardeco.com\/blog\/wp-content\/uploads\/2022\/06\/Image-de-mise-en-avant-scaled.jpg\",\"width\":2560,\"height\":1920,\"caption\":\"\u00a9Primardeco\"},{\"@type\":\"BreadcrumbList\",\"@id\":\"https:\/\/www.primardeco.com\/blog\/5-bonnes-raisons-de-vendre-ses-bouteilles-aux-encheres\/#breadcrumb\",\"itemListElement\":[{\"@type\":\"ListItem\",\"position\":1,\"name\":\"Accueil\",\"item\":\"https:\/\/www.primardeco.com\/blog\/\"},{\"@type\":\"ListItem\",\"position\":2,\"name\":\"5 bonnes raisons de vendre ses bouteilles aux ench\u00e8res\"}]},{\"@type\":\"WebSite\",\"@id\":\"https:\/\/www.primardeco.com\/blog\/#website\",\"url\":\"https:\/\/www.primardeco.com\/blog\/\",\"name\":\"Primardeco - Blog\",\"description\":\"Expertises et Ventes aux ench\u00e8res\",\"publisher\":{\"@id\":\"https:\/\/www.primardeco.com\/blog\/#organization\"},\"potentialAction\":[{\"@type\":\"SearchAction\",\"target\":{\"@type\":\"EntryPoint\",\"urlTemplate\":\"https:\/\/www.primardeco.com\/blog\/?s={search_term_string}\"},\"query-input\":{\"@type\":\"PropertyValueSpecification\",\"valueRequired\":true,\"valueName\":\"search_term_string\"}}],\"inLanguage\":\"fr-FR\"},{\"@type\":\"Organization\",\"@id\":\"https:\/\/www.primardeco.com\/blog\/#organization\",\"name\":\"Le Blog Primardeco, Ventes aux Ench\u00e8res d'Art \u00e0 Toulouse\",\"url\":\"https:\/\/www.primardeco.com\/blog\/\",\"logo\":{\"@type\":\"ImageObject\",\"inLanguage\":\"fr-FR\",\"@id\":\"https:\/\/www.primardeco.com\/blog\/#\/schema\/logo\/image\/\",\"url\":\"https:\/\/www.primardeco.com\/blog\/wp-content\/uploads\/2021\/11\/logo-primardeco-blog.png\",\"contentUrl\":\"https:\/\/www.primardeco.com\/blog\/wp-content\/uploads\/2021\/11\/logo-primardeco-blog.png\",\"width\":282,\"height\":84,\"caption\":\"Le Blog Primardeco, Ventes aux Ench\u00e8res d'Art \u00e0 Toulouse\"},\"image\":{\"@id\":\"https:\/\/www.primardeco.com\/blog\/#\/schema\/logo\/image\/\"},\"sameAs\":[\"https:\/\/www.facebook.com\/Primardeco-275817602518624\/\",\"https:\/\/x.com\/PRIMARDECO\",\"https:\/\/www.instagram.com\/primardeco\/\"]},{\"@type\":\"Person\",\"@id\":\"https:\/\/www.primardeco.com\/blog\/#\/schema\/person\/7de13947a1930d4cdcc9da53f15a8bf6\",\"name\":\"Anne de Colonges-Trotignon,\",\"image\":{\"@type\":\"ImageObject\",\"inLanguage\":\"fr-FR\",\"@id\":\"https:\/\/www.primardeco.com\/blog\/#\/schema\/person\/image\/\",\"url\":\"https:\/\/secure.gravatar.com\/avatar\/853054ac9272b8d8231f62d5ba9a57c0838e74856b0112cb96fd18a428d1d335?s=96&d=mm&r=g\",\"contentUrl\":\"https:\/\/secure.gravatar.com\/avatar\/853054ac9272b8d8231f62d5ba9a57c0838e74856b0112cb96fd18a428d1d335?s=96&d=mm&r=g\",\"caption\":\"Anne de Colonges-Trotignon,\"},\"url\":\"https:\/\/www.primardeco.com\/blog\/author\/anne\/\"}]}<\/script>\n<!-- \/ Yoast SEO plugin. -->","yoast_head_json":{"title":"5 bonnes raisons de vendre ses bouteilles aux ench\u00e8res | Primardeco - Blog","description":"En savoir plus sur \"5 bonnes raisons de vendre ses bouteilles aux ench\u00e8res\", un sujet propos\u00e9 dans la cat\u00e9gorie Vins, champagnes &amp; spiritueux par l'\u00e9quipe Primardeco, sp\u00e9cialistes de l'expertise et de la vente aux ench\u00e8res d'art \u00e0 Toulouse.","robots":{"index":"index","follow":"follow","max-snippet":"max-snippet:-1","max-image-preview":"max-image-preview:large","max-video-preview":"max-video-preview:-1"},"canonical":"https:\/\/www.primardeco.com\/blog\/5-bonnes-raisons-de-vendre-ses-bouteilles-aux-encheres\/","og_locale":"fr_FR","og_type":"article","og_title":"5 bonnes raisons de vendre ses bouteilles aux ench\u00e8res | Primardeco - Blog","og_description":"En savoir plus sur \"5 bonnes raisons de vendre ses bouteilles aux ench\u00e8res\", un sujet propos\u00e9 dans la cat\u00e9gorie Vins, champagnes &amp; spiritueux par l'\u00e9quipe Primardeco, sp\u00e9cialistes de l'expertise et de la vente aux ench\u00e8res d'art \u00e0 Toulouse.","og_url":"https:\/\/www.primardeco.com\/blog\/5-bonnes-raisons-de-vendre-ses-bouteilles-aux-encheres\/","og_site_name":"Primardeco - Blog","article_publisher":"https:\/\/www.facebook.com\/Primardeco-275817602518624\/","article_published_time":"2022-06-01T14:15:00+00:00","article_modified_time":"2022-06-02T07:41:55+00:00","og_image":[{"width":2560,"height":1920,"url":"https:\/\/www.primardeco.com\/blog\/wp-content\/uploads\/2022\/06\/Image-de-mise-en-avant-scaled.jpg","type":"image\/jpeg"}],"author":"Anne de Colonges-Trotignon,","twitter_card":"summary_large_image","twitter_creator":"@PRIMARDECO","twitter_site":"@PRIMARDECO","twitter_misc":{"\u00c9crit par":"Anne de Colonges-Trotignon,","Dur\u00e9e de lecture estim\u00e9e":"8 minutes"},"schema":{"@context":"https:\/\/schema.org","@graph":[{"@type":"Article","@id":"https:\/\/www.primardeco.com\/blog\/5-bonnes-raisons-de-vendre-ses-bouteilles-aux-encheres\/#article","isPartOf":{"@id":"https:\/\/www.primardeco.com\/blog\/5-bonnes-raisons-de-vendre-ses-bouteilles-aux-encheres\/"},"author":{"name":"Anne de Colonges-Trotignon,","@id":"https:\/\/www.primardeco.com\/blog\/#\/schema\/person\/7de13947a1930d4cdcc9da53f15a8bf6"},"headline":"5 bonnes raisons de vendre ses bouteilles aux ench\u00e8res","datePublished":"2022-06-01T14:15:00+00:00","dateModified":"2022-06-02T07:41:55+00:00","mainEntityOfPage":{"@id":"https:\/\/www.primardeco.com\/blog\/5-bonnes-raisons-de-vendre-ses-bouteilles-aux-encheres\/"},"wordCount":1604,"publisher":{"@id":"https:\/\/www.primardeco.com\/blog\/#organization"},"image":{"@id":"https:\/\/www.primardeco.com\/blog\/5-bonnes-raisons-de-vendre-ses-bouteilles-aux-encheres\/#primaryimage"},"thumbnailUrl":"https:\/\/www.primardeco.com\/blog\/wp-content\/uploads\/2022\/06\/Image-de-mise-en-avant-scaled.jpg","keywords":["Champagnes","vins"],"articleSection":["Vins, champagnes &amp; spiritueux"],"inLanguage":"fr-FR"},{"@type":"WebPage","@id":"https:\/\/www.primardeco.com\/blog\/5-bonnes-raisons-de-vendre-ses-bouteilles-aux-encheres\/","url":"https:\/\/www.primardeco.com\/blog\/5-bonnes-raisons-de-vendre-ses-bouteilles-aux-encheres\/","name":"5 bonnes raisons de vendre ses bouteilles aux ench\u00e8res | Primardeco - Blog","isPartOf":{"@id":"https:\/\/www.primardeco.com\/blog\/#website"},"primaryImageOfPage":{"@id":"https:\/\/www.primardeco.com\/blog\/5-bonnes-raisons-de-vendre-ses-bouteilles-aux-encheres\/#primaryimage"},"image":{"@id":"https:\/\/www.primardeco.com\/blog\/5-bonnes-raisons-de-vendre-ses-bouteilles-aux-encheres\/#primaryimage"},"thumbnailUrl":"https:\/\/www.primardeco.com\/blog\/wp-content\/uploads\/2022\/06\/Image-de-mise-en-avant-scaled.jpg","datePublished":"2022-06-01T14:15:00+00:00","dateModified":"2022-06-02T07:41:55+00:00","description":"En savoir plus sur \"5 bonnes raisons de vendre ses bouteilles aux ench\u00e8res\", un sujet propos\u00e9 dans la cat\u00e9gorie Vins, champagnes &amp; spiritueux par l'\u00e9quipe Primardeco, sp\u00e9cialistes de l'expertise et de la vente aux ench\u00e8res d'art \u00e0 Toulouse.","breadcrumb":{"@id":"https:\/\/www.primardeco.com\/blog\/5-bonnes-raisons-de-vendre-ses-bouteilles-aux-encheres\/#breadcrumb"},"inLanguage":"fr-FR","potentialAction":[{"@type":"ReadAction","target":["https:\/\/www.primardeco.com\/blog\/5-bonnes-raisons-de-vendre-ses-bouteilles-aux-encheres\/"]}]},{"@type":"ImageObject","inLanguage":"fr-FR","@id":"https:\/\/www.primardeco.com\/blog\/5-bonnes-raisons-de-vendre-ses-bouteilles-aux-encheres\/#primaryimage","url":"https:\/\/www.primardeco.com\/blog\/wp-content\/uploads\/2022\/06\/Image-de-mise-en-avant-scaled.jpg","contentUrl":"https:\/\/www.primardeco.com\/blog\/wp-content\/uploads\/2022\/06\/Image-de-mise-en-avant-scaled.jpg","width":2560,"height":1920,"caption":"\u00a9Primardeco"},{"@type":"BreadcrumbList","@id":"https:\/\/www.primardeco.com\/blog\/5-bonnes-raisons-de-vendre-ses-bouteilles-aux-encheres\/#breadcrumb","itemListElement":[{"@type":"ListItem","position":1,"name":"Accueil","item":"https:\/\/www.primardeco.com\/blog\/"},{"@type":"ListItem","position":2,"name":"5 bonnes raisons de vendre ses bouteilles aux ench\u00e8res"}]},{"@type":"WebSite","@id":"https:\/\/www.primardeco.com\/blog\/#website","url":"https:\/\/www.primardeco.com\/blog\/","name":"Primardeco - Blog","description":"Expertises et Ventes aux ench\u00e8res","publisher":{"@id":"https:\/\/www.primardeco.com\/blog\/#organization"},"potentialAction":[{"@type":"SearchAction","target":{"@type":"EntryPoint","urlTemplate":"https:\/\/www.primardeco.com\/blog\/?s={search_term_string}"},"query-input":{"@type":"PropertyValueSpecification","valueRequired":true,"valueName":"search_term_string"}}],"inLanguage":"fr-FR"},{"@type":"Organization","@id":"https:\/\/www.primardeco.com\/blog\/#organization","name":"Le Blog Primardeco, Ventes aux Ench\u00e8res d'Art \u00e0 Toulouse","url":"https:\/\/www.primardeco.com\/blog\/","logo":{"@type":"ImageObject","inLanguage":"fr-FR","@id":"https:\/\/www.primardeco.com\/blog\/#\/schema\/logo\/image\/","url":"https:\/\/www.primardeco.com\/blog\/wp-content\/uploads\/2021\/11\/logo-primardeco-blog.png","contentUrl":"https:\/\/www.primardeco.com\/blog\/wp-content\/uploads\/2021\/11\/logo-primardeco-blog.png","width":282,"height":84,"caption":"Le Blog Primardeco, Ventes aux Ench\u00e8res d'Art \u00e0 Toulouse"},"image":{"@id":"https:\/\/www.primardeco.com\/blog\/#\/schema\/logo\/image\/"},"sameAs":["https:\/\/www.facebook.com\/Primardeco-275817602518624\/","https:\/\/x.com\/PRIMARDECO","https:\/\/www.instagram.com\/primardeco\/"]},{"@type":"Person","@id":"https:\/\/www.primardeco.com\/blog\/#\/schema\/person\/7de13947a1930d4cdcc9da53f15a8bf6","name":"Anne de Colonges-Trotignon,","image":{"@type":"ImageObject","inLanguage":"fr-FR","@id":"https:\/\/www.primardeco.com\/blog\/#\/schema\/person\/image\/","url":"https:\/\/secure.gravatar.com\/avatar\/853054ac9272b8d8231f62d5ba9a57c0838e74856b0112cb96fd18a428d1d335?s=96&d=mm&r=g","contentUrl":"https:\/\/secure.gravatar.com\/avatar\/853054ac9272b8d8231f62d5ba9a57c0838e74856b0112cb96fd18a428d1d335?s=96&d=mm&r=g","caption":"Anne de Colonges-Trotignon,"},"url":"https:\/\/www.primardeco.com\/blog\/author\/anne\/"}]}},"_links":{"self":[{"href":"https:\/\/www.primardeco.com\/blog\/wp-json\/wp\/v2\/posts\/1812","targetHints":{"allow":["GET"]}}],"collection":[{"href":"https:\/\/www.primardeco.com\/blog\/wp-json\/wp\/v2\/posts"}],"about":[{"href":"https:\/\/www.primardeco.com\/blog\/wp-json\/wp\/v2\/types\/post"}],"author":[{"embeddable":true,"href":"https:\/\/www.primardeco.com\/blog\/wp-json\/wp\/v2\/users\/2"}],"replies":[{"embeddable":true,"href":"https:\/\/www.primardeco.com\/blog\/wp-json\/wp\/v2\/comments?post=1812"}],"version-history":[{"count":5,"href":"https:\/\/www.primardeco.com\/blog\/wp-json\/wp\/v2\/posts\/1812\/revisions"}],"predecessor-version":[{"id":1825,"href":"https:\/\/www.primardeco.com\/blog\/wp-json\/wp\/v2\/posts\/1812\/revisions\/1825"}],"wp:featuredmedia":[{"embeddable":true,"href":"https:\/\/www.primardeco.com\/blog\/wp-json\/wp\/v2\/media\/1822"}],"wp:attachment":[{"href":"https:\/\/www.primardeco.com\/blog\/wp-json\/wp\/v2\/media?parent=1812"}],"wp:term":[{"taxonomy":"category","embeddable":true,"href":"https:\/\/www.primardeco.com\/blog\/wp-json\/wp\/v2\/categories?post=1812"},{"taxonomy":"post_tag","embeddable":true,"href":"https:\/\/www.primardeco.com\/blog\/wp-json\/wp\/v2\/tags?post=1812"}],"curies":[{"name":"wp","href":"https:\/\/api.w.org\/{rel}","templated":true}]}}