{"id":1462,"date":"2022-04-01T17:20:10","date_gmt":"2022-04-01T15:20:10","guid":{"rendered":"https:\/\/www.primardeco.com\/blog\/?p=1462"},"modified":"2022-04-07T13:42:14","modified_gmt":"2022-04-07T11:42:14","slug":"les-diamants-de-couleurs-aux-encheres-chez-primardeco","status":"publish","type":"post","link":"https:\/\/www.primardeco.com\/blog\/les-diamants-de-couleurs-aux-encheres-chez-primardeco\/","title":{"rendered":"Les diamants de couleur aux ench\u00e8res chez Primardeco"},"content":{"rendered":"<p>[et_pb_section fb_built=\u00a0\u00bb1&Prime; _builder_version=\u00a0\u00bb4.16&Prime; global_colors_info=\u00a0\u00bb{}\u00a0\u00bb][et_pb_row _builder_version=\u00a0\u00bb4.16&Prime; background_size=\u00a0\u00bbinitial\u00a0\u00bb background_position=\u00a0\u00bbtop_left\u00a0\u00bb background_repeat=\u00a0\u00bbrepeat\u00a0\u00bb global_colors_info=\u00a0\u00bb{}\u00a0\u00bb][et_pb_column type=\u00a0\u00bb4_4&Prime; _builder_version=\u00a0\u00bb4.16&Prime; custom_padding=\u00a0\u00bb|||\u00a0\u00bb global_colors_info=\u00a0\u00bb{}\u00a0\u00bb custom_padding__hover=\u00a0\u00bb|||\u00a0\u00bb][et_pb_text admin_label=\u00a0\u00bbIntro\u00a0\u00bb _builder_version=\u00a0\u00bb4.16.1&Prime; _module_preset=\u00a0\u00bbdefault\u00a0\u00bb custom_padding=\u00a0\u00bb1px|||||\u00a0\u00bb global_colors_info=\u00a0\u00bb{}\u00a0\u00bb]<i>Alors que les <a href=\"https:\/\/www.primardeco.com\/blog\/des-diamants-de-toutes-les-couleurs\/\"><strong>diamants de couleur <\/strong><\/a>sont de plus en plus pris\u00e9s lors des ventes aux ench\u00e8res, retour sur deux r\u00e9sultats exceptionnels.<\/i><br \/>\n[\/et_pb_text][et_pb_divider _builder_version=\u00a0\u00bb4.16&Prime; _module_preset=\u00a0\u00bbdefault\u00a0\u00bb global_colors_info=\u00a0\u00bb{}\u00a0\u00bb][\/et_pb_divider][et_pb_text _builder_version=\u00a0\u00bb4.16&Prime; background_size=\u00a0\u00bbinitial\u00a0\u00bb background_position=\u00a0\u00bbtop_left\u00a0\u00bb background_repeat=\u00a0\u00bbrepeat\u00a0\u00bb global_colors_info=\u00a0\u00bb{}\u00a0\u00bb]<\/p>\n<h2>Quand le diamant voit la vie en rose<span class=\"Apple-converted-space\">\u00a0<\/span><\/h2>\n<p>&nbsp;<\/p>\n<p>Un diamant rose doit sa couleur \u00e0 une d\u00e9formation des atomes de carbone lors de la <strong>cristallisation<\/strong> de la pierre. Il s\u2019agit de l\u2019une des teintes les plus rares et les plus d\u00e9sir\u00e9es pour un diamant.<br \/>\n[\/et_pb_text][\/et_pb_column][\/et_pb_row][et_pb_row _builder_version=\u00a0\u00bb4.16&Prime; _module_preset=\u00a0\u00bbdefault\u00a0\u00bb global_colors_info=\u00a0\u00bb{}\u00a0\u00bb][et_pb_column type=\u00a0\u00bb4_4&Prime; _builder_version=\u00a0\u00bb4.16&Prime; _module_preset=\u00a0\u00bbdefault\u00a0\u00bb global_colors_info=\u00a0\u00bb{}\u00a0\u00bb][et_pb_text _builder_version=\u00a0\u00bb4.16.1&Prime; _module_preset=\u00a0\u00bbdefault\u00a0\u00bb global_colors_info=\u00a0\u00bb{}\u00a0\u00bb]<\/p>\n<h3>Estimation &amp; vente des diamants roses<\/h3>\n<p>&nbsp;<\/p>\n<p>Certainement moins rare qu\u2019un <strong>diamant bleu ou rouge,\u00a0<\/strong>mais beaucoup plus qu\u2019un <strong>diamant jaune<\/strong>, le diamant rose se situe \u00e0 l\u2019\u00e9quilibre. Particuli\u00e8rement recherch\u00e9 par les collectionneurs et les investisseurs, son prix flambe \u00e0 l\u2019occasion de<strong> ventes aux ench\u00e8res<\/strong> prestigieuses.<\/p>\n<p>Primardeco a tr\u00e8s r\u00e9cemment vendu aux ench\u00e8res une de ces pierres d\u2019exception.<\/p>\n<p>Ce <a href=\"https:\/\/www.primardeco.com\/bijoux\/bague-en-or-jaune-ornee-dun-diamant-taille-emeraude-fancy-pink-brow-22307\">diamant de 5,54 cts taill\u00e9 \u00e9meraude et class\u00e9 \u00ab\u00a0Fancy Pink Natural\u00a0\u00bb<\/a> sur l\u2019\u00e9chelle du GIA s\u2019est envol\u00e9 \u00e0 <strong>93 000 \u20ac<\/strong> ! \u00a0Accompagn\u00e9e de son certificat d\u2019authentification, quasi-obligatoire pour la <strong>vente aux ench\u00e8res d\u2019un diamant de couleur<\/strong>, cette pierre d\u2019exception a attir\u00e9 toutes les convoitises.<br \/>\n[\/et_pb_text][et_pb_image src=\u00a0\u00bbhttps:\/\/www.primardeco.com\/blog\/wp-content\/uploads\/2022\/04\/2e8fdb54fa8b4a5d8d0e10977124a1d6f7dc8232.jpeg\u00a0\u00bb alt=\u00a0\u00bbDiamant rose. \u00a9Primardeco\u00a0\u00bb title_text=\u00a0\u00bbDiamant rose. \u00a9Primardeco\u00a0\u00bb _builder_version=\u00a0\u00bb4.16&Prime; _module_preset=\u00a0\u00bbdefault\u00a0\u00bb global_colors_info=\u00a0\u00bb{}\u00a0\u00bb][\/et_pb_image][\/et_pb_column][\/et_pb_row][et_pb_row _builder_version=\u00a0\u00bb4.16&Prime; _module_preset=\u00a0\u00bbdefault\u00a0\u00bb global_colors_info=\u00a0\u00bb{}\u00a0\u00bb][et_pb_column type=\u00a0\u00bb4_4&Prime; _builder_version=\u00a0\u00bb4.16&Prime; _module_preset=\u00a0\u00bbdefault\u00a0\u00bb global_colors_info=\u00a0\u00bb{}\u00a0\u00bb][et_pb_text _builder_version=\u00a0\u00bb4.16.1&Prime; _module_preset=\u00a0\u00bbdefault\u00a0\u00bb global_colors_info=\u00a0\u00bb{}\u00a0\u00bb]Plus la couleur rose est intense, plus le <strong>diamant aura de la valeur.<\/strong> La cristallisation sp\u00e9cifique des <strong>diamants roses<\/strong> rend \u00e9galement la taille de la pierre beaucoup plus difficile et contribue ind\u00e9niablement \u00e0 expliquer sa valeur si \u00e9lev\u00e9e.<\/p>\n<p>La tr\u00e8s grande majorit\u00e9 de diamants roses a \u00e9t\u00e9 extraite de la c\u00e9l\u00e8bre <strong>mine australienne de diamants Argyle<\/strong> qui a cess\u00e9 son exploitation en novembre 2020. Nul doute, que la fermeture de la principale mine de <strong>diamants roses<\/strong>\u00a0ne fera qu\u2019augmenter leur valeur\u00a0!<\/p>\n<p>Chaque fois plus rares, n\u00e9cessitant un savoir faire sp\u00e9cifique pour la taille, teinte appr\u00e9ci\u00e9e et recherch\u00e9e : tels sont les \u00e9l\u00e9ments qui expliquent l\u2019<strong>explosion des prix des diamants roses lors des ventes aux ench\u00e8res<\/strong>.<\/p>\n<h2><\/h2>\n<p>[\/et_pb_text][\/et_pb_column][\/et_pb_row][et_pb_row _builder_version=\u00a0\u00bb4.16&Prime; _module_preset=\u00a0\u00bbdefault\u00a0\u00bb global_colors_info=\u00a0\u00bb{}\u00a0\u00bb][et_pb_column type=\u00a0\u00bb4_4&Prime; _builder_version=\u00a0\u00bb4.16&Prime; _module_preset=\u00a0\u00bbdefault\u00a0\u00bb global_colors_info=\u00a0\u00bb{}\u00a0\u00bb][et_pb_text _builder_version=\u00a0\u00bb4.16.1&Prime; _module_preset=\u00a0\u00bbdefault\u00a0\u00bb global_colors_info=\u00a0\u00bb{}\u00a0\u00bb]<\/p>\n<h2>Les diamants jaunes<span class=\"Apple-converted-space\">\u00a0<\/span><\/h2>\n<p>&nbsp;<\/p>\n<p>Le jaune est probablement la couleur la plus populaire et la plus recherch\u00e9e pour un <strong>diamant Fancy Color<\/strong>.<span class=\"Apple-converted-space\">\u00a0<\/span>Un <strong>diamant jaune<\/strong> doit sa couleur unique \u00e0 la pr\u00e9sence d\u2019atomes d\u2019azote. Comme tous les <strong>diamants Fancy Color<\/strong>, l\u2019intensit\u00e9 de la teinte peut consid\u00e9rablement varier d\u2019un jaune tr\u00e8s vif \u00e0 un jaune beaucoup plus subtil.<br \/>\n[\/et_pb_text][\/et_pb_column][\/et_pb_row][et_pb_row _builder_version=\u00a0\u00bb4.16&Prime; _module_preset=\u00a0\u00bbdefault\u00a0\u00bb global_colors_info=\u00a0\u00bb{}\u00a0\u00bb][et_pb_column type=\u00a0\u00bb4_4&Prime; _builder_version=\u00a0\u00bb4.16&Prime; _module_preset=\u00a0\u00bbdefault\u00a0\u00bb global_colors_info=\u00a0\u00bb{}\u00a0\u00bb][et_pb_text _builder_version=\u00a0\u00bb4.16.1&Prime; _module_preset=\u00a0\u00bbdefault\u00a0\u00bb global_colors_info=\u00a0\u00bb{}\u00a0\u00bb]<\/p>\n<h3>Estimation &amp; vente des diamants jaunes<\/h3>\n<p>&nbsp;<\/p>\n<p>Les<strong> diamants jaunes<\/strong> sont certainement les plus courants dans les <strong>ventes aux ench\u00e8res<\/strong>. En effet, le jaune est l\u2019une des couleurs de diamants Fancy Color les plus r\u00e9pandues apr\u00e8s le brun.<\/p>\n<p>Pour les diamants jaunes, en dessous de \u00ab\u00a0<strong>Fancy\u00a0<\/strong>\u00bb sur l\u2019\u00e9chelle du GIA,<span class=\"Apple-converted-space\">\u00a0 <\/span>la teinte est tr\u00e8s claire. Au contraire, les teintes situ\u00e9es au dessus sont tr\u00e8s intenses, beaucoup plus rares et donc beaucoup plus chers !<\/p>\n<p>Cette <a href=\"https:\/\/www.primardeco.com\/bijoux\/mellerio-bague-marguerite-en-platine-sertie-en-son-centre-dun-diaman-43701\">bague marguerite en platine, sertie en son centre d\u2019un diamant jaune de 2,59 ct \u00ab\u00a0Fancy light yellow\u00a0\u00bb-VS2<\/a>, entour\u00e9 de quatorze petits diamants sign\u00e9e Mellerio et adjug\u00e9e<strong> 11 875\u20ac<\/strong> par Primardeco refl\u00e8te le succ\u00e8s in\u00e9galable des <a href=\"https:\/\/www.primardeco.com\/blog\/des-diamants-de-toutes-les-couleurs\/\"><strong>diamants de couleurs sur le march\u00e9 de l\u2019art<\/strong> <\/a>!<span class=\"Apple-converted-space\">\u00a0<\/span><br \/>\n[\/et_pb_text][et_pb_image src=\u00a0\u00bbhttps:\/\/www.primardeco.com\/blog\/wp-content\/uploads\/2022\/04\/MELLERIO-Bague-marguerite-en-platine-sertie-en-son-centre-dun-diamant-jaune-de-259-ct-22Fancy-light-yellow222\u00a9Primardeco.jpg\u00a0\u00bb alt=\u00a0\u00bbDiamant jaune. \u00a9Primardeco\u00a0\u00bb title_text=\u00a0\u00bbDiamant jaune. \u00a9Primardeco\u00a0\u00bb _builder_version=\u00a0\u00bb4.16&Prime; _module_preset=\u00a0\u00bbdefault\u00a0\u00bb global_colors_info=\u00a0\u00bb{}\u00a0\u00bb][\/et_pb_image][et_pb_text _builder_version=\u00a0\u00bb4.16&Prime; _module_preset=\u00a0\u00bbdefault\u00a0\u00bb global_colors_info=\u00a0\u00bb{}\u00a0\u00bb]Comme toujours, le <strong>prix d\u2019un diamant<\/strong> jaune varie en fonction du carat, de l\u2019intensit\u00e9 de la couleur et de la pr\u00e9sence d\u2019une seconde teinte ou non. De mani\u00e8re g\u00e9n\u00e9rale, les diamants pr\u00e9sentant une seconde teinte ont un peu moins de valeur.<span class=\"Apple-converted-space\">\u00a0<\/span><\/p>\n<p>D\u2019une tr\u00e8s grande finesse, un peu moins rares, les diamants jaunes sont les <strong>diamants Fancy Color<\/strong> les plus abordables du march\u00e9 et rencontrent toujours un franc succ\u00e8s aupr\u00e8s des investisseurs et des collectionneurs.<span class=\"Apple-converted-space\">\u00a0<\/span><br \/>\n[\/et_pb_text][\/et_pb_column][\/et_pb_row][et_pb_row _builder_version=\u00a0\u00bb4.16&Prime; _module_preset=\u00a0\u00bbdefault\u00a0\u00bb global_colors_info=\u00a0\u00bb{}\u00a0\u00bb][et_pb_column type=\u00a0\u00bb4_4&Prime; _builder_version=\u00a0\u00bb4.16&Prime; _module_preset=\u00a0\u00bbdefault\u00a0\u00bb global_colors_info=\u00a0\u00bb{}\u00a0\u00bb][et_pb_text _builder_version=\u00a0\u00bb4.16&Prime; _module_preset=\u00a0\u00bbdefault\u00a0\u00bb global_colors_info=\u00a0\u00bb{}\u00a0\u00bb]<em>En \u00e9troite collaboration avec le Laboratoire de gemmologie fran\u00e7ais, Primardeco <strong>expertise, estime et vend aux ench\u00e8res les diamants de couleurs<\/strong>.\u00a0<\/em><br \/>\n[\/et_pb_text][\/et_pb_column][\/et_pb_row][et_pb_row _builder_version=\u00a0\u00bb4.16&Prime; _module_preset=\u00a0\u00bbdefault\u00a0\u00bb global_colors_info=\u00a0\u00bb{}\u00a0\u00bb][et_pb_column type=\u00a0\u00bb4_4&Prime; _builder_version=\u00a0\u00bb4.16&Prime; _module_preset=\u00a0\u00bbdefault\u00a0\u00bb global_colors_info=\u00a0\u00bb{}\u00a0\u00bb][et_pb_divider _builder_version=\u00a0\u00bb4.16&Prime; _module_preset=\u00a0\u00bbdefault\u00a0\u00bb global_colors_info=\u00a0\u00bb{}\u00a0\u00bb][\/et_pb_divider][\/et_pb_column][\/et_pb_row][\/et_pb_section]<\/p>\n","protected":false},"excerpt":{"rendered":"<p>Alors que les diamants de couleur sont de plus en plus pris\u00e9s lors des ventes aux ench\u00e8res, retour sur deux r\u00e9sultats exceptionnels. Quand le diamant voit la vie en rose\u00a0 &nbsp; Un diamant rose doit sa couleur \u00e0 une d\u00e9formation des atomes de carbone lors de la cristallisation de la pierre. Il s\u2019agit de l\u2019une [&hellip;]<\/p>\n","protected":false},"author":2,"featured_media":1464,"comment_status":"closed","ping_status":"closed","sticky":false,"template":"","format":"standard","meta":{"_et_pb_use_builder":"on","_et_pb_old_content":"","_et_gb_content_width":"","footnotes":""},"categories":[6],"tags":[52],"class_list":["post-1462","post","type-post","status-publish","format-standard","has-post-thumbnail","hentry","category-orfevrerie-argenterie","tag-diamants"],"yoast_head":"<!-- This site is optimized with the Yoast SEO plugin v25.6 - https:\/\/yoast.com\/wordpress\/plugins\/seo\/ -->\n<title>Les diamants de couleur aux ench\u00e8res chez Primardeco | Primardeco - Blog<\/title>\n<meta name=\"description\" content=\"En savoir plus sur &quot;Les diamants de couleur aux ench\u00e8res chez Primardeco&quot;, un sujet propos\u00e9 dans la cat\u00e9gorie Or, bijoux &amp; argenterie par l&#039;\u00e9quipe Primardeco, sp\u00e9cialistes de l&#039;expertise et de la vente aux ench\u00e8res d&#039;art \u00e0 Toulouse.\" \/>\n<meta name=\"robots\" content=\"index, follow, max-snippet:-1, max-image-preview:large, max-video-preview:-1\" \/>\n<link rel=\"canonical\" href=\"https:\/\/www.primardeco.com\/blog\/les-diamants-de-couleurs-aux-encheres-chez-primardeco\/\" \/>\n<meta property=\"og:locale\" content=\"fr_FR\" \/>\n<meta property=\"og:type\" content=\"article\" \/>\n<meta property=\"og:title\" content=\"Les diamants de couleur aux ench\u00e8res chez Primardeco | Primardeco - Blog\" \/>\n<meta property=\"og:description\" content=\"En savoir plus sur &quot;Les diamants de couleur aux ench\u00e8res chez Primardeco&quot;, un sujet propos\u00e9 dans la cat\u00e9gorie Or, bijoux &amp; argenterie par l&#039;\u00e9quipe Primardeco, sp\u00e9cialistes de l&#039;expertise et de la vente aux ench\u00e8res d&#039;art \u00e0 Toulouse.\" \/>\n<meta property=\"og:url\" content=\"https:\/\/www.primardeco.com\/blog\/les-diamants-de-couleurs-aux-encheres-chez-primardeco\/\" \/>\n<meta property=\"og:site_name\" content=\"Primardeco - Blog\" \/>\n<meta property=\"article:publisher\" content=\"https:\/\/www.facebook.com\/Primardeco-275817602518624\/\" \/>\n<meta property=\"article:published_time\" content=\"2022-04-01T15:20:10+00:00\" \/>\n<meta property=\"article:modified_time\" content=\"2022-04-07T11:42:14+00:00\" \/>\n<meta property=\"og:image\" content=\"https:\/\/www.primardeco.com\/blog\/wp-content\/uploads\/2022\/04\/1d6abf059969e80139a1ab14bf1083ae783571e8.jpeg\" \/>\n\t<meta property=\"og:image:width\" content=\"1514\" \/>\n\t<meta property=\"og:image:height\" content=\"1586\" \/>\n\t<meta property=\"og:image:type\" content=\"image\/jpeg\" \/>\n<meta name=\"author\" content=\"Anne de Colonges-Trotignon,\" \/>\n<meta name=\"twitter:card\" content=\"summary_large_image\" \/>\n<meta name=\"twitter:creator\" content=\"@PRIMARDECO\" \/>\n<meta name=\"twitter:site\" content=\"@PRIMARDECO\" \/>\n<meta name=\"twitter:label1\" content=\"\u00c9crit par\" \/>\n\t<meta name=\"twitter:data1\" content=\"Anne de Colonges-Trotignon,\" \/>\n\t<meta name=\"twitter:label2\" content=\"Dur\u00e9e de lecture estim\u00e9e\" \/>\n\t<meta name=\"twitter:data2\" content=\"5 minutes\" \/>\n<script type=\"application\/ld+json\" class=\"yoast-schema-graph\">{\"@context\":\"https:\/\/schema.org\",\"@graph\":[{\"@type\":\"Article\",\"@id\":\"https:\/\/www.primardeco.com\/blog\/les-diamants-de-couleurs-aux-encheres-chez-primardeco\/#article\",\"isPartOf\":{\"@id\":\"https:\/\/www.primardeco.com\/blog\/les-diamants-de-couleurs-aux-encheres-chez-primardeco\/\"},\"author\":{\"name\":\"Anne de Colonges-Trotignon,\",\"@id\":\"https:\/\/www.primardeco.com\/blog\/#\/schema\/person\/7de13947a1930d4cdcc9da53f15a8bf6\"},\"headline\":\"Les diamants de couleur aux ench\u00e8res chez Primardeco\",\"datePublished\":\"2022-04-01T15:20:10+00:00\",\"dateModified\":\"2022-04-07T11:42:14+00:00\",\"mainEntityOfPage\":{\"@id\":\"https:\/\/www.primardeco.com\/blog\/les-diamants-de-couleurs-aux-encheres-chez-primardeco\/\"},\"wordCount\":1082,\"publisher\":{\"@id\":\"https:\/\/www.primardeco.com\/blog\/#organization\"},\"image\":{\"@id\":\"https:\/\/www.primardeco.com\/blog\/les-diamants-de-couleurs-aux-encheres-chez-primardeco\/#primaryimage\"},\"thumbnailUrl\":\"https:\/\/www.primardeco.com\/blog\/wp-content\/uploads\/2022\/04\/1d6abf059969e80139a1ab14bf1083ae783571e8.jpeg\",\"keywords\":[\"Diamants\"],\"articleSection\":[\"Or, bijoux &amp; argenterie\"],\"inLanguage\":\"fr-FR\"},{\"@type\":\"WebPage\",\"@id\":\"https:\/\/www.primardeco.com\/blog\/les-diamants-de-couleurs-aux-encheres-chez-primardeco\/\",\"url\":\"https:\/\/www.primardeco.com\/blog\/les-diamants-de-couleurs-aux-encheres-chez-primardeco\/\",\"name\":\"Les diamants de couleur aux ench\u00e8res chez Primardeco | Primardeco - Blog\",\"isPartOf\":{\"@id\":\"https:\/\/www.primardeco.com\/blog\/#website\"},\"primaryImageOfPage\":{\"@id\":\"https:\/\/www.primardeco.com\/blog\/les-diamants-de-couleurs-aux-encheres-chez-primardeco\/#primaryimage\"},\"image\":{\"@id\":\"https:\/\/www.primardeco.com\/blog\/les-diamants-de-couleurs-aux-encheres-chez-primardeco\/#primaryimage\"},\"thumbnailUrl\":\"https:\/\/www.primardeco.com\/blog\/wp-content\/uploads\/2022\/04\/1d6abf059969e80139a1ab14bf1083ae783571e8.jpeg\",\"datePublished\":\"2022-04-01T15:20:10+00:00\",\"dateModified\":\"2022-04-07T11:42:14+00:00\",\"description\":\"En savoir plus sur \\\"Les diamants de couleur aux ench\u00e8res chez Primardeco\\\", un sujet propos\u00e9 dans la cat\u00e9gorie Or, bijoux &amp; argenterie par l'\u00e9quipe Primardeco, sp\u00e9cialistes de l'expertise et de la vente aux ench\u00e8res d'art \u00e0 Toulouse.\",\"breadcrumb\":{\"@id\":\"https:\/\/www.primardeco.com\/blog\/les-diamants-de-couleurs-aux-encheres-chez-primardeco\/#breadcrumb\"},\"inLanguage\":\"fr-FR\",\"potentialAction\":[{\"@type\":\"ReadAction\",\"target\":[\"https:\/\/www.primardeco.com\/blog\/les-diamants-de-couleurs-aux-encheres-chez-primardeco\/\"]}]},{\"@type\":\"ImageObject\",\"inLanguage\":\"fr-FR\",\"@id\":\"https:\/\/www.primardeco.com\/blog\/les-diamants-de-couleurs-aux-encheres-chez-primardeco\/#primaryimage\",\"url\":\"https:\/\/www.primardeco.com\/blog\/wp-content\/uploads\/2022\/04\/1d6abf059969e80139a1ab14bf1083ae783571e8.jpeg\",\"contentUrl\":\"https:\/\/www.primardeco.com\/blog\/wp-content\/uploads\/2022\/04\/1d6abf059969e80139a1ab14bf1083ae783571e8.jpeg\",\"width\":1514,\"height\":1586,\"caption\":\"Diamant rose \u00a9Primardeco\"},{\"@type\":\"BreadcrumbList\",\"@id\":\"https:\/\/www.primardeco.com\/blog\/les-diamants-de-couleurs-aux-encheres-chez-primardeco\/#breadcrumb\",\"itemListElement\":[{\"@type\":\"ListItem\",\"position\":1,\"name\":\"Accueil\",\"item\":\"https:\/\/www.primardeco.com\/blog\/\"},{\"@type\":\"ListItem\",\"position\":2,\"name\":\"Les diamants de couleur aux ench\u00e8res chez Primardeco\"}]},{\"@type\":\"WebSite\",\"@id\":\"https:\/\/www.primardeco.com\/blog\/#website\",\"url\":\"https:\/\/www.primardeco.com\/blog\/\",\"name\":\"Primardeco - Blog\",\"description\":\"Expertises et Ventes aux ench\u00e8res\",\"publisher\":{\"@id\":\"https:\/\/www.primardeco.com\/blog\/#organization\"},\"potentialAction\":[{\"@type\":\"SearchAction\",\"target\":{\"@type\":\"EntryPoint\",\"urlTemplate\":\"https:\/\/www.primardeco.com\/blog\/?s={search_term_string}\"},\"query-input\":{\"@type\":\"PropertyValueSpecification\",\"valueRequired\":true,\"valueName\":\"search_term_string\"}}],\"inLanguage\":\"fr-FR\"},{\"@type\":\"Organization\",\"@id\":\"https:\/\/www.primardeco.com\/blog\/#organization\",\"name\":\"Le Blog Primardeco, Ventes aux Ench\u00e8res d'Art \u00e0 Toulouse\",\"url\":\"https:\/\/www.primardeco.com\/blog\/\",\"logo\":{\"@type\":\"ImageObject\",\"inLanguage\":\"fr-FR\",\"@id\":\"https:\/\/www.primardeco.com\/blog\/#\/schema\/logo\/image\/\",\"url\":\"https:\/\/www.primardeco.com\/blog\/wp-content\/uploads\/2021\/11\/logo-primardeco-blog.png\",\"contentUrl\":\"https:\/\/www.primardeco.com\/blog\/wp-content\/uploads\/2021\/11\/logo-primardeco-blog.png\",\"width\":282,\"height\":84,\"caption\":\"Le Blog Primardeco, Ventes aux Ench\u00e8res d'Art \u00e0 Toulouse\"},\"image\":{\"@id\":\"https:\/\/www.primardeco.com\/blog\/#\/schema\/logo\/image\/\"},\"sameAs\":[\"https:\/\/www.facebook.com\/Primardeco-275817602518624\/\",\"https:\/\/x.com\/PRIMARDECO\",\"https:\/\/www.instagram.com\/primardeco\/\"]},{\"@type\":\"Person\",\"@id\":\"https:\/\/www.primardeco.com\/blog\/#\/schema\/person\/7de13947a1930d4cdcc9da53f15a8bf6\",\"name\":\"Anne de Colonges-Trotignon,\",\"image\":{\"@type\":\"ImageObject\",\"inLanguage\":\"fr-FR\",\"@id\":\"https:\/\/www.primardeco.com\/blog\/#\/schema\/person\/image\/\",\"url\":\"https:\/\/secure.gravatar.com\/avatar\/853054ac9272b8d8231f62d5ba9a57c0838e74856b0112cb96fd18a428d1d335?s=96&d=mm&r=g\",\"contentUrl\":\"https:\/\/secure.gravatar.com\/avatar\/853054ac9272b8d8231f62d5ba9a57c0838e74856b0112cb96fd18a428d1d335?s=96&d=mm&r=g\",\"caption\":\"Anne de Colonges-Trotignon,\"},\"url\":\"https:\/\/www.primardeco.com\/blog\/author\/anne\/\"}]}<\/script>\n<!-- \/ Yoast SEO plugin. -->","yoast_head_json":{"title":"Les diamants de couleur aux ench\u00e8res chez Primardeco | Primardeco - Blog","description":"En savoir plus sur \"Les diamants de couleur aux ench\u00e8res chez Primardeco\", un sujet propos\u00e9 dans la cat\u00e9gorie Or, bijoux &amp; argenterie par l'\u00e9quipe Primardeco, sp\u00e9cialistes de l'expertise et de la vente aux ench\u00e8res d'art \u00e0 Toulouse.","robots":{"index":"index","follow":"follow","max-snippet":"max-snippet:-1","max-image-preview":"max-image-preview:large","max-video-preview":"max-video-preview:-1"},"canonical":"https:\/\/www.primardeco.com\/blog\/les-diamants-de-couleurs-aux-encheres-chez-primardeco\/","og_locale":"fr_FR","og_type":"article","og_title":"Les diamants de couleur aux ench\u00e8res chez Primardeco | Primardeco - Blog","og_description":"En savoir plus sur \"Les diamants de couleur aux ench\u00e8res chez Primardeco\", un sujet propos\u00e9 dans la cat\u00e9gorie Or, bijoux &amp; argenterie par l'\u00e9quipe Primardeco, sp\u00e9cialistes de l'expertise et de la vente aux ench\u00e8res d'art \u00e0 Toulouse.","og_url":"https:\/\/www.primardeco.com\/blog\/les-diamants-de-couleurs-aux-encheres-chez-primardeco\/","og_site_name":"Primardeco - Blog","article_publisher":"https:\/\/www.facebook.com\/Primardeco-275817602518624\/","article_published_time":"2022-04-01T15:20:10+00:00","article_modified_time":"2022-04-07T11:42:14+00:00","og_image":[{"width":1514,"height":1586,"url":"https:\/\/www.primardeco.com\/blog\/wp-content\/uploads\/2022\/04\/1d6abf059969e80139a1ab14bf1083ae783571e8.jpeg","type":"image\/jpeg"}],"author":"Anne de Colonges-Trotignon,","twitter_card":"summary_large_image","twitter_creator":"@PRIMARDECO","twitter_site":"@PRIMARDECO","twitter_misc":{"\u00c9crit par":"Anne de Colonges-Trotignon,","Dur\u00e9e de lecture estim\u00e9e":"5 minutes"},"schema":{"@context":"https:\/\/schema.org","@graph":[{"@type":"Article","@id":"https:\/\/www.primardeco.com\/blog\/les-diamants-de-couleurs-aux-encheres-chez-primardeco\/#article","isPartOf":{"@id":"https:\/\/www.primardeco.com\/blog\/les-diamants-de-couleurs-aux-encheres-chez-primardeco\/"},"author":{"name":"Anne de Colonges-Trotignon,","@id":"https:\/\/www.primardeco.com\/blog\/#\/schema\/person\/7de13947a1930d4cdcc9da53f15a8bf6"},"headline":"Les diamants de couleur aux ench\u00e8res chez Primardeco","datePublished":"2022-04-01T15:20:10+00:00","dateModified":"2022-04-07T11:42:14+00:00","mainEntityOfPage":{"@id":"https:\/\/www.primardeco.com\/blog\/les-diamants-de-couleurs-aux-encheres-chez-primardeco\/"},"wordCount":1082,"publisher":{"@id":"https:\/\/www.primardeco.com\/blog\/#organization"},"image":{"@id":"https:\/\/www.primardeco.com\/blog\/les-diamants-de-couleurs-aux-encheres-chez-primardeco\/#primaryimage"},"thumbnailUrl":"https:\/\/www.primardeco.com\/blog\/wp-content\/uploads\/2022\/04\/1d6abf059969e80139a1ab14bf1083ae783571e8.jpeg","keywords":["Diamants"],"articleSection":["Or, bijoux &amp; argenterie"],"inLanguage":"fr-FR"},{"@type":"WebPage","@id":"https:\/\/www.primardeco.com\/blog\/les-diamants-de-couleurs-aux-encheres-chez-primardeco\/","url":"https:\/\/www.primardeco.com\/blog\/les-diamants-de-couleurs-aux-encheres-chez-primardeco\/","name":"Les diamants de couleur aux ench\u00e8res chez Primardeco | Primardeco - Blog","isPartOf":{"@id":"https:\/\/www.primardeco.com\/blog\/#website"},"primaryImageOfPage":{"@id":"https:\/\/www.primardeco.com\/blog\/les-diamants-de-couleurs-aux-encheres-chez-primardeco\/#primaryimage"},"image":{"@id":"https:\/\/www.primardeco.com\/blog\/les-diamants-de-couleurs-aux-encheres-chez-primardeco\/#primaryimage"},"thumbnailUrl":"https:\/\/www.primardeco.com\/blog\/wp-content\/uploads\/2022\/04\/1d6abf059969e80139a1ab14bf1083ae783571e8.jpeg","datePublished":"2022-04-01T15:20:10+00:00","dateModified":"2022-04-07T11:42:14+00:00","description":"En savoir plus sur \"Les diamants de couleur aux ench\u00e8res chez Primardeco\", un sujet propos\u00e9 dans la cat\u00e9gorie Or, bijoux &amp; argenterie par l'\u00e9quipe Primardeco, sp\u00e9cialistes de l'expertise et de la vente aux ench\u00e8res d'art \u00e0 Toulouse.","breadcrumb":{"@id":"https:\/\/www.primardeco.com\/blog\/les-diamants-de-couleurs-aux-encheres-chez-primardeco\/#breadcrumb"},"inLanguage":"fr-FR","potentialAction":[{"@type":"ReadAction","target":["https:\/\/www.primardeco.com\/blog\/les-diamants-de-couleurs-aux-encheres-chez-primardeco\/"]}]},{"@type":"ImageObject","inLanguage":"fr-FR","@id":"https:\/\/www.primardeco.com\/blog\/les-diamants-de-couleurs-aux-encheres-chez-primardeco\/#primaryimage","url":"https:\/\/www.primardeco.com\/blog\/wp-content\/uploads\/2022\/04\/1d6abf059969e80139a1ab14bf1083ae783571e8.jpeg","contentUrl":"https:\/\/www.primardeco.com\/blog\/wp-content\/uploads\/2022\/04\/1d6abf059969e80139a1ab14bf1083ae783571e8.jpeg","width":1514,"height":1586,"caption":"Diamant rose \u00a9Primardeco"},{"@type":"BreadcrumbList","@id":"https:\/\/www.primardeco.com\/blog\/les-diamants-de-couleurs-aux-encheres-chez-primardeco\/#breadcrumb","itemListElement":[{"@type":"ListItem","position":1,"name":"Accueil","item":"https:\/\/www.primardeco.com\/blog\/"},{"@type":"ListItem","position":2,"name":"Les diamants de couleur aux ench\u00e8res chez Primardeco"}]},{"@type":"WebSite","@id":"https:\/\/www.primardeco.com\/blog\/#website","url":"https:\/\/www.primardeco.com\/blog\/","name":"Primardeco - Blog","description":"Expertises et Ventes aux ench\u00e8res","publisher":{"@id":"https:\/\/www.primardeco.com\/blog\/#organization"},"potentialAction":[{"@type":"SearchAction","target":{"@type":"EntryPoint","urlTemplate":"https:\/\/www.primardeco.com\/blog\/?s={search_term_string}"},"query-input":{"@type":"PropertyValueSpecification","valueRequired":true,"valueName":"search_term_string"}}],"inLanguage":"fr-FR"},{"@type":"Organization","@id":"https:\/\/www.primardeco.com\/blog\/#organization","name":"Le Blog Primardeco, Ventes aux Ench\u00e8res d'Art \u00e0 Toulouse","url":"https:\/\/www.primardeco.com\/blog\/","logo":{"@type":"ImageObject","inLanguage":"fr-FR","@id":"https:\/\/www.primardeco.com\/blog\/#\/schema\/logo\/image\/","url":"https:\/\/www.primardeco.com\/blog\/wp-content\/uploads\/2021\/11\/logo-primardeco-blog.png","contentUrl":"https:\/\/www.primardeco.com\/blog\/wp-content\/uploads\/2021\/11\/logo-primardeco-blog.png","width":282,"height":84,"caption":"Le Blog Primardeco, Ventes aux Ench\u00e8res d'Art \u00e0 Toulouse"},"image":{"@id":"https:\/\/www.primardeco.com\/blog\/#\/schema\/logo\/image\/"},"sameAs":["https:\/\/www.facebook.com\/Primardeco-275817602518624\/","https:\/\/x.com\/PRIMARDECO","https:\/\/www.instagram.com\/primardeco\/"]},{"@type":"Person","@id":"https:\/\/www.primardeco.com\/blog\/#\/schema\/person\/7de13947a1930d4cdcc9da53f15a8bf6","name":"Anne de Colonges-Trotignon,","image":{"@type":"ImageObject","inLanguage":"fr-FR","@id":"https:\/\/www.primardeco.com\/blog\/#\/schema\/person\/image\/","url":"https:\/\/secure.gravatar.com\/avatar\/853054ac9272b8d8231f62d5ba9a57c0838e74856b0112cb96fd18a428d1d335?s=96&d=mm&r=g","contentUrl":"https:\/\/secure.gravatar.com\/avatar\/853054ac9272b8d8231f62d5ba9a57c0838e74856b0112cb96fd18a428d1d335?s=96&d=mm&r=g","caption":"Anne de Colonges-Trotignon,"},"url":"https:\/\/www.primardeco.com\/blog\/author\/anne\/"}]}},"_links":{"self":[{"href":"https:\/\/www.primardeco.com\/blog\/wp-json\/wp\/v2\/posts\/1462","targetHints":{"allow":["GET"]}}],"collection":[{"href":"https:\/\/www.primardeco.com\/blog\/wp-json\/wp\/v2\/posts"}],"about":[{"href":"https:\/\/www.primardeco.com\/blog\/wp-json\/wp\/v2\/types\/post"}],"author":[{"embeddable":true,"href":"https:\/\/www.primardeco.com\/blog\/wp-json\/wp\/v2\/users\/2"}],"replies":[{"embeddable":true,"href":"https:\/\/www.primardeco.com\/blog\/wp-json\/wp\/v2\/comments?post=1462"}],"version-history":[{"count":10,"href":"https:\/\/www.primardeco.com\/blog\/wp-json\/wp\/v2\/posts\/1462\/revisions"}],"predecessor-version":[{"id":1484,"href":"https:\/\/www.primardeco.com\/blog\/wp-json\/wp\/v2\/posts\/1462\/revisions\/1484"}],"wp:featuredmedia":[{"embeddable":true,"href":"https:\/\/www.primardeco.com\/blog\/wp-json\/wp\/v2\/media\/1464"}],"wp:attachment":[{"href":"https:\/\/www.primardeco.com\/blog\/wp-json\/wp\/v2\/media?parent=1462"}],"wp:term":[{"taxonomy":"category","embeddable":true,"href":"https:\/\/www.primardeco.com\/blog\/wp-json\/wp\/v2\/categories?post=1462"},{"taxonomy":"post_tag","embeddable":true,"href":"https:\/\/www.primardeco.com\/blog\/wp-json\/wp\/v2\/tags?post=1462"}],"curies":[{"name":"wp","href":"https:\/\/api.w.org\/{rel}","templated":true}]}}