{"id":1394,"date":"2022-03-24T16:49:36","date_gmt":"2022-03-24T15:49:36","guid":{"rendered":"https:\/\/www.primardeco.com\/blog\/?p=1394"},"modified":"2022-03-24T17:08:16","modified_gmt":"2022-03-24T16:08:16","slug":"la-vente-aux-encheres-dune-exceptionnelle-peinture-sur-ardoise-de-jacques-stella","status":"publish","type":"post","link":"https:\/\/www.primardeco.com\/blog\/la-vente-aux-encheres-dune-exceptionnelle-peinture-sur-ardoise-de-jacques-stella\/","title":{"rendered":"La vente aux ench\u00e8res d&rsquo;une exceptionnelle peinture sur ardoise de Jacques Stella"},"content":{"rendered":"<p>[et_pb_section fb_built=\u00a0\u00bb1&Prime; _builder_version=\u00a0\u00bb4.15&Prime; global_colors_info=\u00a0\u00bb{}\u00a0\u00bb][et_pb_row _builder_version=\u00a0\u00bb4.15&Prime; background_size=\u00a0\u00bbinitial\u00a0\u00bb background_position=\u00a0\u00bbtop_left\u00a0\u00bb background_repeat=\u00a0\u00bbrepeat\u00a0\u00bb global_colors_info=\u00a0\u00bb{}\u00a0\u00bb][et_pb_column type=\u00a0\u00bb4_4&Prime; _builder_version=\u00a0\u00bb4.15&Prime; custom_padding=\u00a0\u00bb|||\u00a0\u00bb global_colors_info=\u00a0\u00bb{}\u00a0\u00bb custom_padding__hover=\u00a0\u00bb|||\u00a0\u00bb][et_pb_text admin_label=\u00a0\u00bbIntro\u00a0\u00bb _builder_version=\u00a0\u00bb4.15.1&Prime; _module_preset=\u00a0\u00bbdefault\u00a0\u00bb custom_padding=\u00a0\u00bb1px|||||\u00a0\u00bb global_colors_info=\u00a0\u00bb{}\u00a0\u00bb]<\/p>\n<p><em>Les peintures sur ardoises sont tr\u00e8s rares dans les <strong>ventes aux ench\u00e8res de tableaux anciens<\/strong>. Extr\u00eamement fragiles, nombre d\u2019entre elles n\u2019ont malheureusement pas surv\u00e9cu dans le temps. La Sainte Famille et saint Jean, chef d\u2019\u0153uvre de l\u2019un des plus grands artistes fran\u00e7ais du <strong>XVIIe si\u00e8cle<\/strong>, est un tr\u00e8s beau t\u00e9moignage d\u2019une technique ancienne et originale : la <strong>peinture sur pierre<\/strong>.<span class=\"Apple-converted-space\">\u00a0<\/span><\/em><\/p>\n<p>[\/et_pb_text][et_pb_divider _builder_version=\u00a0\u00bb4.15&Prime; _module_preset=\u00a0\u00bbdefault\u00a0\u00bb global_colors_info=\u00a0\u00bb{}\u00a0\u00bb][\/et_pb_divider][et_pb_text _builder_version=\u00a0\u00bb4.15.1&Prime; background_size=\u00a0\u00bbinitial\u00a0\u00bb background_position=\u00a0\u00bbtop_left\u00a0\u00bb background_repeat=\u00a0\u00bbrepeat\u00a0\u00bb global_colors_info=\u00a0\u00bb{}\u00a0\u00bb]<\/p>\n<h2><span class=\"Apple-converted-space\">Ses d\u00e9buts en Italie<\/span><\/h2>\n<h2><span class=\"Apple-converted-space\">\u00a0<\/span><\/h2>\n<p><span class=\"Apple-converted-space\"><\/span><\/p>\n<h3>1. Florence<\/h3>\n<p>&nbsp;<\/p>\n<p>Fils de peintre, <strong>Jacques Stella<\/strong> a seulement vingt ans lorsqu\u2019il se rend en Italie. De 1617 \u00e0 1621, il s\u00e9journe \u00e0 Florence et travaille pour la famille <strong>M\u00e9dicis<\/strong>.<span class=\"Apple-converted-space\">\u00a0<\/span><span class=\"Apple-converted-space\"><\/span><\/p>\n<p><span class=\"Apple-converted-space\"><\/span><\/p>\n<p>C\u2019est probablement \u00e0 ce moment l\u00e0 qu\u2019il d\u00e9couvre la peinture sur pierre : marbre, lapis lazuli, onyx ou ardoise sont alors les supports de pr\u00e9dilection. En lien avec la cr\u00e9ation \u00e0 Florence par Ferdinand Ier de M\u00e9dicis en 1588 de l\u2019Opificio delle Pietre Dur, la famille M\u00e9dicis encourage largement les artistes \u00e0 utiliser cette technique et multiplie les commandes.<\/p>\n<p>La peinture sur ardoise rel\u00e8ve d\u2019une v\u00e9ritable tradition italienne issue de l\u2019art antique et remise au go\u00fbt du jour par des artistes de la Renaissance dont le c\u00e9l\u00e8bre Sebastiano Del Piomno.<\/p>\n<p>Jacques Stella est tr\u00e8s vite initi\u00e9 \u00e0 cet art si particulier. Mettant ind\u00e9niablement en valeur la lumi\u00e8re et les couleurs vives, la peinture sur ardoise retient particuli\u00e8rement son attention mais ne repr\u00e9sentera qu\u2019une toute petite partie de sa production.<span class=\"Apple-converted-space\">\u00a0<\/span><\/p>\n<p>[\/et_pb_text][\/et_pb_column][\/et_pb_row][et_pb_row column_structure=\u00a0\u00bb1_2,1_2&Prime; _builder_version=\u00a0\u00bb4.15.1&Prime; _module_preset=\u00a0\u00bbdefault\u00a0\u00bb global_colors_info=\u00a0\u00bb{}\u00a0\u00bb][et_pb_column type=\u00a0\u00bb1_2&Prime; _builder_version=\u00a0\u00bb4.15.1&Prime; _module_preset=\u00a0\u00bbdefault\u00a0\u00bb global_colors_info=\u00a0\u00bb{}\u00a0\u00bb][et_pb_text _builder_version=\u00a0\u00bb4.15.1&Prime; _module_preset=\u00a0\u00bbdefault\u00a0\u00bb global_colors_info=\u00a0\u00bb{}\u00a0\u00bb]<\/p>\n<h2><b>2. Rome<\/b><\/h2>\n<p><b><\/b><\/p>\n<p><b><\/b><\/p>\n<p>Jacques <strong>Stella<\/strong> r\u00e9alise probablement <i>La Sainte Famille et Saint Jean<\/i> au d\u00e9but de sa carri\u00e8re lors de son s\u00e9jour \u00e0 Rome entre 1622 et 1634. A Rome, il travaille pour le pape Urbain VIII et sa famille les <strong>Barberini,<\/strong> se lie d\u2019amiti\u00e9 avec <strong>Nicolas Poussin<\/strong> et c\u00f4toie les grands maitres de son temps comme <strong>Simon Vouet<\/strong>.<\/p>\n<p>Rome et Venise sont apr\u00e8s Florence les deux autres foyers importants de la <strong>peinture sur pierre en Italie au XVII\u00e8me si\u00e8cle<\/strong> et Jacques Stella approfondit probablement ses connaissances sur cette technique lors de ce s\u00e9jour romain.<\/p>\n<p>&nbsp;<\/p>\n<h2><b>Retour en France et le d\u00e9but de la gloire<\/b><\/h2>\n<p>&nbsp;<\/p>\n<p><strong>Jacques Stella<\/strong> reste \u00e0 Rome jusqu\u2019en 1634 avant de rentrer en France o\u00f9 il poursuit sa pratique de peinture sur pierre et parvient \u00e0 se faire remarquer par les grands de son temps. <strong>Richelieu<\/strong> enrichit par exemple sa collection de nombreux petits exemplaires de peintures sur pierres r\u00e9alis\u00e9s par Jacques Stella.<\/p>\n<p>[\/et_pb_text][\/et_pb_column][et_pb_column type=\u00a0\u00bb1_2&Prime; _builder_version=\u00a0\u00bb4.15.1&Prime; _module_preset=\u00a0\u00bbdefault\u00a0\u00bb global_colors_info=\u00a0\u00bb{}\u00a0\u00bb][et_pb_image src=\u00a0\u00bbhttps:\/\/www.primardeco.com\/blog\/wp-content\/uploads\/2022\/03\/Jacques-Stella-Autoportrait-Musee-des-Beaux-Arts-Lyon-\u00a9WikimediaCommons.jpeg\u00a0\u00bb alt=\u00a0\u00bbJacques Stella, &lsquo;Autoportrait&rsquo;, Mus\u00e9e des Beaux-Arts Lyon, \u00a9WikimediaCommons\u00a0\u00bb title_text=\u00a0\u00bbJacques Stella, &lsquo;Autoportrait&rsquo;, Mus\u00e9e des Beaux-Arts Lyon, \u00a9WikimediaCommons\u00a0\u00bb _builder_version=\u00a0\u00bb4.15.1&Prime; _module_preset=\u00a0\u00bbdefault\u00a0\u00bb global_colors_info=\u00a0\u00bb{}\u00a0\u00bb][\/et_pb_image][\/et_pb_column][\/et_pb_row][et_pb_row _builder_version=\u00a0\u00bb4.15&Prime; _module_preset=\u00a0\u00bbdefault\u00a0\u00bb global_colors_info=\u00a0\u00bb{}\u00a0\u00bb][et_pb_column type=\u00a0\u00bb4_4&Prime; _builder_version=\u00a0\u00bb4.15&Prime; _module_preset=\u00a0\u00bbdefault\u00a0\u00bb global_colors_info=\u00a0\u00bb{}\u00a0\u00bb][et_pb_text _builder_version=\u00a0\u00bb4.15.1&Prime; _module_preset=\u00a0\u00bbdefault\u00a0\u00bb global_colors_info=\u00a0\u00bb{}\u00a0\u00bb]<\/p>\n<h2><b>Jacques Stella, Ma\u00eetre de l\u2019ardoise<\/b><\/h2>\n<p><b><\/b><\/p>\n<p><b><\/b><\/p>\n<p>Connu pour ses retables monumentaux, <strong>Jacques Stella<\/strong> s\u2019essaye \u00e0 de nombreuses reprises \u00e0 la <strong>peinture sur ardoise<\/strong> privil\u00e9giant les sc\u00e8nes religieuses destin\u00e9es aux collectionneurs italiens et fran\u00e7ais friands de ces petits objets de d\u00e9votion.<span class=\"Apple-converted-space\">\u00a0<\/span><\/p>\n<p>La pratique de la peinture sur pierre que ce soit sur ardoise, marbre, lapis lazuli ou onyx fonde l\u2019originalit\u00e9 de cet immense artiste du<strong> Grand Si\u00e8cle<\/strong> et contribue ind\u00e9niablement \u00e0 son succ\u00e8s \u00e0 la cour.<span class=\"Apple-converted-space\">\u00a0<\/span><\/p>\n<p>Gr\u00e2ce \u00e0 une ma\u00eetrise parfaite de cette technique, il joue avec les contrastes entre un fond fonc\u00e9 de l\u2019ardoise et une lumi\u00e8re et des couleurs tr\u00e8s vives. Il parvient ainsi \u00e0 cr\u00e9er des sc\u00e8nes d\u00e9licates et d\u2019une tr\u00e8s grande finesse comme en t\u00e9moigne cette oeuvre vendue aux ench\u00e8res.<span class=\"Apple-converted-space\">\u00a0<\/span><\/p>\n<p>[\/et_pb_text][et_pb_image src=\u00a0\u00bbhttps:\/\/www.primardeco.com\/blog\/wp-content\/uploads\/2022\/03\/Zoom-Jacques-Stella-Sainte-Famille-et-saint-Jean-\u00a9Primardeco.jpeg\u00a0\u00bb alt=\u00a0\u00bbZoom Jacques Stella, Sainte Famille et saint Jean \u00a9Primardeco\u00a0\u00bb title_text=\u00a0\u00bbZoom Jacques Stella, Sainte Famille et saint Jean \u00a9Primardeco\u00a0\u00bb _builder_version=\u00a0\u00bb4.15.1&Prime; _module_preset=\u00a0\u00bbdefault\u00a0\u00bb global_colors_info=\u00a0\u00bb{}\u00a0\u00bb][\/et_pb_image][\/et_pb_column][\/et_pb_row][et_pb_row column_structure=\u00a0\u00bb3_4,1_4&Prime; _builder_version=\u00a0\u00bb4.15.1&Prime; _module_preset=\u00a0\u00bbdefault\u00a0\u00bb custom_padding=\u00a0\u00bb28px|||||\u00a0\u00bb global_colors_info=\u00a0\u00bb{}\u00a0\u00bb][et_pb_column type=\u00a0\u00bb3_4&Prime; _builder_version=\u00a0\u00bb4.15.1&Prime; _module_preset=\u00a0\u00bbdefault\u00a0\u00bb global_colors_info=\u00a0\u00bb{}\u00a0\u00bb][et_pb_text _builder_version=\u00a0\u00bb4.15.1&Prime; _module_preset=\u00a0\u00bbdefault\u00a0\u00bb global_colors_info=\u00a0\u00bb{}\u00a0\u00bb]<\/p>\n<p>Le support, l\u2019iconographie, les dimensions, mais aussi les coloris permettent de rapprocher cette oeuvre d\u2019une autre peinture de Jacques Stella : <i>La Sainte Famille avec saint Jean-Baptiste enfant et un ange<\/i>, dat\u00e9e de 1633 et aujourd\u2019hui conserv\u00e9e au mus\u00e9e Fabre \u00e0 Montpellier (ardoise, 53 x 37 cm).<span class=\"Apple-converted-space\">\u00a0<\/span><\/p>\n<p>[\/et_pb_text][\/et_pb_column][et_pb_column type=\u00a0\u00bb1_4&Prime; _builder_version=\u00a0\u00bb4.15.1&Prime; _module_preset=\u00a0\u00bbdefault\u00a0\u00bb global_colors_info=\u00a0\u00bb{}\u00a0\u00bb][et_pb_image src=\u00a0\u00bbhttps:\/\/www.primardeco.com\/blog\/wp-content\/uploads\/2022\/03\/Jacques-Stella-Sainte-famille-avec-saint-Jean-Baptiste-huile-sur-ardoise-53-x-37-cm-Montpellier-\u00a9musee-Fabre.jpeg\u00a0\u00bb alt=\u00a0\u00bbJacques Stella, Sainte famille avec saint Jean-Baptiste, huile sur ardoise, 53 x 37 cm, Montpellier, \u00a9mus\u00e9e Fabre\u00a0\u00bb title_text=\u00a0\u00bbJacques Stella, Sainte famille avec saint Jean-Baptiste, huile sur ardoise, 53 x 37 cm, Montpellier, \u00a9mus\u00e9e Fabre\u00a0\u00bb _builder_version=\u00a0\u00bb4.15.1&Prime; _module_preset=\u00a0\u00bbdefault\u00a0\u00bb global_colors_info=\u00a0\u00bb{}\u00a0\u00bb][\/et_pb_image][\/et_pb_column][\/et_pb_row][et_pb_row column_structure=\u00a0\u00bb3_5,2_5&Prime; _builder_version=\u00a0\u00bb4.15.1&Prime; _module_preset=\u00a0\u00bbdefault\u00a0\u00bb global_colors_info=\u00a0\u00bb{}\u00a0\u00bb][et_pb_column type=\u00a0\u00bb3_5&Prime; _builder_version=\u00a0\u00bb4.15.1&Prime; _module_preset=\u00a0\u00bbdefault\u00a0\u00bb global_colors_info=\u00a0\u00bb{}\u00a0\u00bb][et_pb_text _builder_version=\u00a0\u00bb4.15.1&Prime; _module_preset=\u00a0\u00bbdefault\u00a0\u00bb global_colors_info=\u00a0\u00bb{}\u00a0\u00bb]<\/p>\n<p>Dans la <i>Sainte Famille et saint Jean <\/i>vendue aux ench\u00e8res par Primardeco, l\u2019artiste repr\u00e9sente une sc\u00e8ne intimiste mais sacr\u00e9e de l\u2019enfant J\u00e9sus entour\u00e9 de ses parents et de son cousin posant sur l\u2019agneau la couronne de Fleurs. L&rsquo;iconographie de <strong>l&rsquo;Enfant couronnant l&rsquo;Agneau de fleurs<\/strong> pourrait \u00eatre une pr\u00e9figuration de la Passion et du couronnement d\u2019\u00e9pines.<\/p>\n<p>Au cours de sa carri\u00e8re, Jacques Stella r\u00e9alise de nombreuses <strong>Saintes Familles<\/strong> au point d\u2019en ma\u00eetriser parfaitement tous les codes.<\/p>\n<p>Par son support, son iconographie et ses dimensions, cette oeuvre vendue aux ench\u00e8res peut aussi \u00eatre rapproch\u00e9e de <i>La Vierge \u00e0 l&rsquo;Enfant avec le petit saint Jean-Baptiste <\/i>du <strong>mus\u00e9e des Beaux-Arts de Montr\u00e9al<\/strong> (ardoise, 30 x 23 cm).<span class=\"Apple-converted-space\">\u00a0<\/span><\/p>\n<p>[\/et_pb_text][\/et_pb_column][et_pb_column type=\u00a0\u00bb2_5&Prime; _builder_version=\u00a0\u00bb4.15.1&Prime; _module_preset=\u00a0\u00bbdefault\u00a0\u00bb global_colors_info=\u00a0\u00bb{}\u00a0\u00bb][et_pb_image src=\u00a0\u00bbhttps:\/\/www.primardeco.com\/blog\/wp-content\/uploads\/2022\/03\/Jacques-Stella-La-Vierge-et-lEnfant-avec-saint-Jean-vers-1635-40-huile-sur-ardoise-\u00a9musee-des-Beaux-Arts-de-Montreal.jpeg\u00a0\u00bb alt=\u00a0\u00bbJacques Stella, La Vierge et l&rsquo;Enfant avec saint Jean, vers 1635-40, huile sur ardoise \u00a9mus\u00e9e des Beaux-Arts de Montr\u00e9al\u00a0\u00bb title_text=\u00a0\u00bbJacques Stella, La Vierge et l&rsquo;Enfant avec saint Jean, vers 1635-40, huile sur ardoise \u00a9mus\u00e9e des Beaux-Arts de Montr\u00e9al\u00a0\u00bb _builder_version=\u00a0\u00bb4.15.1&Prime; _module_preset=\u00a0\u00bbdefault\u00a0\u00bb global_colors_info=\u00a0\u00bb{}\u00a0\u00bb][\/et_pb_image][\/et_pb_column][\/et_pb_row][et_pb_row _builder_version=\u00a0\u00bb4.15.1&Prime; _module_preset=\u00a0\u00bbdefault\u00a0\u00bb global_colors_info=\u00a0\u00bb{}\u00a0\u00bb][et_pb_column type=\u00a0\u00bb4_4&Prime; _builder_version=\u00a0\u00bb4.15.1&Prime; _module_preset=\u00a0\u00bbdefault\u00a0\u00bb global_colors_info=\u00a0\u00bb{}\u00a0\u00bb][et_pb_text _builder_version=\u00a0\u00bb4.15.1&Prime; _module_preset=\u00a0\u00bbdefault\u00a0\u00bb global_colors_info=\u00a0\u00bb{}\u00a0\u00bb]<\/p>\n<h2><b>Une provenance claire<span class=\"Apple-converted-space\">\u00a0<\/span><\/b><\/h2>\n<p><b><span class=\"Apple-converted-space\"><\/span><\/b><\/p>\n<p>De la <strong>collection Richelieu<\/strong> \u00e0 une famille du Sud-Ouest de la France en passant par le peintre, collectionneur et marchand d&rsquo;art <strong>Jean Baptiste Pierre Le Brun<\/strong> puis par <strong>Jean Le Vacher de Charnois<\/strong>, journaliste, mort lors de la Grande Terreur, cette oeuvre a fait l\u2019objet d\u2019un soin particulier de la part de tous ses propri\u00e9taires ce qui explique son parfait \u00e9tat de conservation et sa pr\u00e9sence sur le <strong>march\u00e9 de l\u2019art<\/strong>. En effet, l\u2019ardoise \u00e9tant un support extr\u00eamement fragile peu d\u2019oeuvres dans ce genre nous sont parvenues.<span class=\"Apple-converted-space\">\u00a0<\/span><\/p>\n<p>[\/et_pb_text][et_pb_image src=\u00a0\u00bbhttps:\/\/www.primardeco.com\/blog\/wp-content\/uploads\/2022\/03\/Support-.jpg\u00a0\u00bb alt=\u00a0\u00bbJacques Stella, Sainte Famille et saint Jean \u00a9Primardeco\u00a0\u00bb title_text=\u00a0\u00bbSupport Jacques Stella, Sainte Famille et saint Jean \u00a9Primardeco\u00a0\u00bb _builder_version=\u00a0\u00bb4.15.1&Prime; _module_preset=\u00a0\u00bbdefault\u00a0\u00bb global_colors_info=\u00a0\u00bb{}\u00a0\u00bb][\/et_pb_image][\/et_pb_column][\/et_pb_row][et_pb_row _builder_version=\u00a0\u00bb4.15.1&Prime; _module_preset=\u00a0\u00bbdefault\u00a0\u00bb global_colors_info=\u00a0\u00bb{}\u00a0\u00bb][et_pb_column type=\u00a0\u00bb4_4&Prime; _builder_version=\u00a0\u00bb4.15.1&Prime; _module_preset=\u00a0\u00bbdefault\u00a0\u00bb global_colors_info=\u00a0\u00bb{}\u00a0\u00bb][et_pb_text _builder_version=\u00a0\u00bb4.15.1&Prime; _module_preset=\u00a0\u00bbdefault\u00a0\u00bb global_colors_info=\u00a0\u00bb{}\u00a0\u00bb]<\/p>\n<h2><b>Un artiste \u00e0 la post\u00e9rit\u00e9 tardive<span class=\"Apple-converted-space\">\u00a0<\/span><\/b><\/h2>\n<p>&nbsp;<\/p>\n<p>Si Jacques <strong>Stella<\/strong> rencontre un vif succ\u00e8s de son vivant, il est tr\u00e8s vite oubli\u00e9 et \u00e9clips\u00e9 par d\u2019autres grands <strong>peintres du XVII\u00e8me si\u00e8cle fran\u00e7ais<\/strong> comme Nicolas <strong>Poussin<\/strong>.<span class=\"Apple-converted-space\">\u00a0<\/span><\/p>\n<p>Longtemps peu consid\u00e9r\u00e9 par les historiens de l\u2019art, l\u2019exposition pr\u00e9sent\u00e9e au mus\u00e9e des Beaux-arts de Lyon et au mus\u00e9e des Augustins \u00e0 Toulouse \u00e0 l\u2019occasion des 350 ans de sa mort en 2007 a permis de faire conna\u00eetre ce peintre au grand public.<span class=\"Apple-converted-space\">\u00a0<\/span><\/p>\n<p>[\/et_pb_text][\/et_pb_column][\/et_pb_row][et_pb_row _builder_version=\u00a0\u00bb4.15.1&Prime; _module_preset=\u00a0\u00bbdefault\u00a0\u00bb global_colors_info=\u00a0\u00bb{}\u00a0\u00bb][et_pb_column type=\u00a0\u00bb4_4&Prime; _builder_version=\u00a0\u00bb4.15.1&Prime; _module_preset=\u00a0\u00bbdefault\u00a0\u00bb global_colors_info=\u00a0\u00bb{}\u00a0\u00bb][et_pb_text _builder_version=\u00a0\u00bb4.15.1&Prime; _module_preset=\u00a0\u00bbdefault\u00a0\u00bb global_colors_info=\u00a0\u00bb{}\u00a0\u00bb]<\/p>\n<p><em>Cette oeuvre de Jacques Stella, rare et unique, d\u00e9montre toute l\u2019originalit\u00e9 et le talent de ce <strong>grand ma\u00eetre de l\u2019art fran\u00e7ais du XVII\u00e8me si\u00e8cle<\/strong>. C\u2019est \u00e9galement un t\u00e9moignage exceptionnel d\u2019une technique d\u00e9licate.<span class=\"Apple-converted-space\">\u00a0<\/span><\/em><\/p>\n<p><em>Seul artiste fran\u00e7ais du XVII\u00e8me si\u00e8cle \u00e0 avoir pratiqu\u00e9 la peinture sur pierre, Jacques Stella a actuellement la reconnaissance qu\u2019il m\u00e9rite et ses oeuvres ont beaucoup de<strong> valeur sur le march\u00e9 de l\u2019art<\/strong> comme en t\u00e9moigne la <a href=\"https:\/\/www.primardeco.com\/tableaux-anciens\/jacques-stella-lyon-1596-paris-1657-la-sainte-famille-et-saint-jea-34596\/rapport-condition\">Sainte Famille et saint Jean adjug\u00e9e 49 600\u20ac chez Primardeco<\/a>.<span class=\"Apple-converted-space\">\u00a0<\/span><\/em><\/p>\n<p>[\/et_pb_text][\/et_pb_column][\/et_pb_row][et_pb_row _builder_version=\u00a0\u00bb4.15&Prime; _module_preset=\u00a0\u00bbdefault\u00a0\u00bb global_colors_info=\u00a0\u00bb{}\u00a0\u00bb][et_pb_column type=\u00a0\u00bb4_4&Prime; _builder_version=\u00a0\u00bb4.15&Prime; _module_preset=\u00a0\u00bbdefault\u00a0\u00bb global_colors_info=\u00a0\u00bb{}\u00a0\u00bb][et_pb_divider _builder_version=\u00a0\u00bb4.15&Prime; _module_preset=\u00a0\u00bbdefault\u00a0\u00bb global_colors_info=\u00a0\u00bb{}\u00a0\u00bb][\/et_pb_divider][\/et_pb_column][\/et_pb_row][\/et_pb_section]<\/p>\n","protected":false},"excerpt":{"rendered":"<p>Les peintures sur ardoises sont tr\u00e8s rares dans les ventes aux ench\u00e8res de tableaux anciens. Extr\u00eamement fragiles, nombre d\u2019entre elles n\u2019ont malheureusement pas surv\u00e9cu dans le temps. La Sainte Famille et saint Jean, chef d\u2019\u0153uvre de l\u2019un des plus grands artistes fran\u00e7ais du XVIIe si\u00e8cle, est un tr\u00e8s beau t\u00e9moignage d\u2019une technique ancienne et originale [&hellip;]<\/p>\n","protected":false},"author":2,"featured_media":1401,"comment_status":"closed","ping_status":"closed","sticky":false,"template":"","format":"standard","meta":{"_et_pb_use_builder":"on","_et_pb_old_content":"","_et_gb_content_width":"","footnotes":""},"categories":[7],"tags":[50,15],"class_list":["post-1394","post","type-post","status-publish","format-standard","has-post-thumbnail","hentry","category-tableaux","tag-peinture","tag-resultats-ventes-encheres"],"yoast_head":"<!-- This site is optimized with the Yoast SEO plugin v25.6 - https:\/\/yoast.com\/wordpress\/plugins\/seo\/ -->\n<title>La vente aux ench\u00e8res d&#039;une exceptionnelle peinture sur ardoise de Jacques Stella | Primardeco - Blog<\/title>\n<meta name=\"description\" content=\"En savoir plus sur &quot;La vente aux ench\u00e8res d&#039;une exceptionnelle peinture sur ardoise de Jacques Stella&quot;, un sujet propos\u00e9 dans la cat\u00e9gorie Tableaux par l&#039;\u00e9quipe Primardeco, sp\u00e9cialistes de l&#039;expertise et de la vente aux ench\u00e8res d&#039;art \u00e0 Toulouse.\" \/>\n<meta name=\"robots\" content=\"index, follow, max-snippet:-1, max-image-preview:large, max-video-preview:-1\" \/>\n<link rel=\"canonical\" href=\"https:\/\/www.primardeco.com\/blog\/la-vente-aux-encheres-dune-exceptionnelle-peinture-sur-ardoise-de-jacques-stella\/\" \/>\n<meta property=\"og:locale\" content=\"fr_FR\" \/>\n<meta property=\"og:type\" content=\"article\" \/>\n<meta property=\"og:title\" content=\"La vente aux ench\u00e8res d&#039;une exceptionnelle peinture sur ardoise de Jacques Stella | Primardeco - Blog\" \/>\n<meta property=\"og:description\" content=\"En savoir plus sur &quot;La vente aux ench\u00e8res d&#039;une exceptionnelle peinture sur ardoise de Jacques Stella&quot;, un sujet propos\u00e9 dans la cat\u00e9gorie Tableaux par l&#039;\u00e9quipe Primardeco, sp\u00e9cialistes de l&#039;expertise et de la vente aux ench\u00e8res d&#039;art \u00e0 Toulouse.\" \/>\n<meta property=\"og:url\" content=\"https:\/\/www.primardeco.com\/blog\/la-vente-aux-encheres-dune-exceptionnelle-peinture-sur-ardoise-de-jacques-stella\/\" \/>\n<meta property=\"og:site_name\" content=\"Primardeco - Blog\" \/>\n<meta property=\"article:publisher\" content=\"https:\/\/www.facebook.com\/Primardeco-275817602518624\/\" \/>\n<meta property=\"article:published_time\" content=\"2022-03-24T15:49:36+00:00\" \/>\n<meta property=\"article:modified_time\" content=\"2022-03-24T16:08:16+00:00\" \/>\n<meta property=\"og:image\" content=\"https:\/\/www.primardeco.com\/blog\/wp-content\/uploads\/2022\/03\/Jacques-Stella-Sainte-Famille-et-saint-Jean-\u00a9Primardeco.jpeg\" \/>\n\t<meta property=\"og:image:width\" content=\"578\" \/>\n\t<meta property=\"og:image:height\" content=\"768\" \/>\n\t<meta property=\"og:image:type\" content=\"image\/jpeg\" \/>\n<meta name=\"author\" content=\"Anne de Colonges-Trotignon,\" \/>\n<meta name=\"twitter:card\" content=\"summary_large_image\" \/>\n<meta name=\"twitter:creator\" content=\"@PRIMARDECO\" \/>\n<meta name=\"twitter:site\" content=\"@PRIMARDECO\" \/>\n<meta name=\"twitter:label1\" content=\"\u00c9crit par\" \/>\n\t<meta name=\"twitter:data1\" content=\"Anne de Colonges-Trotignon,\" \/>\n\t<meta name=\"twitter:label2\" content=\"Dur\u00e9e de lecture estim\u00e9e\" \/>\n\t<meta name=\"twitter:data2\" content=\"9 minutes\" \/>\n<script type=\"application\/ld+json\" class=\"yoast-schema-graph\">{\"@context\":\"https:\/\/schema.org\",\"@graph\":[{\"@type\":\"Article\",\"@id\":\"https:\/\/www.primardeco.com\/blog\/la-vente-aux-encheres-dune-exceptionnelle-peinture-sur-ardoise-de-jacques-stella\/#article\",\"isPartOf\":{\"@id\":\"https:\/\/www.primardeco.com\/blog\/la-vente-aux-encheres-dune-exceptionnelle-peinture-sur-ardoise-de-jacques-stella\/\"},\"author\":{\"name\":\"Anne de Colonges-Trotignon,\",\"@id\":\"https:\/\/www.primardeco.com\/blog\/#\/schema\/person\/7de13947a1930d4cdcc9da53f15a8bf6\"},\"headline\":\"La vente aux ench\u00e8res d&rsquo;une exceptionnelle peinture sur ardoise de Jacques Stella\",\"datePublished\":\"2022-03-24T15:49:36+00:00\",\"dateModified\":\"2022-03-24T16:08:16+00:00\",\"mainEntityOfPage\":{\"@id\":\"https:\/\/www.primardeco.com\/blog\/la-vente-aux-encheres-dune-exceptionnelle-peinture-sur-ardoise-de-jacques-stella\/\"},\"wordCount\":1797,\"publisher\":{\"@id\":\"https:\/\/www.primardeco.com\/blog\/#organization\"},\"image\":{\"@id\":\"https:\/\/www.primardeco.com\/blog\/la-vente-aux-encheres-dune-exceptionnelle-peinture-sur-ardoise-de-jacques-stella\/#primaryimage\"},\"thumbnailUrl\":\"https:\/\/www.primardeco.com\/blog\/wp-content\/uploads\/2022\/03\/Jacques-Stella-Sainte-Famille-et-saint-Jean-\u00a9Primardeco.jpeg\",\"keywords\":[\"Peinture\",\"r\u00e9sultats de ventes aux ench\u00e8res\"],\"articleSection\":[\"Tableaux\"],\"inLanguage\":\"fr-FR\"},{\"@type\":\"WebPage\",\"@id\":\"https:\/\/www.primardeco.com\/blog\/la-vente-aux-encheres-dune-exceptionnelle-peinture-sur-ardoise-de-jacques-stella\/\",\"url\":\"https:\/\/www.primardeco.com\/blog\/la-vente-aux-encheres-dune-exceptionnelle-peinture-sur-ardoise-de-jacques-stella\/\",\"name\":\"La vente aux ench\u00e8res d'une exceptionnelle peinture sur ardoise de Jacques Stella | Primardeco - Blog\",\"isPartOf\":{\"@id\":\"https:\/\/www.primardeco.com\/blog\/#website\"},\"primaryImageOfPage\":{\"@id\":\"https:\/\/www.primardeco.com\/blog\/la-vente-aux-encheres-dune-exceptionnelle-peinture-sur-ardoise-de-jacques-stella\/#primaryimage\"},\"image\":{\"@id\":\"https:\/\/www.primardeco.com\/blog\/la-vente-aux-encheres-dune-exceptionnelle-peinture-sur-ardoise-de-jacques-stella\/#primaryimage\"},\"thumbnailUrl\":\"https:\/\/www.primardeco.com\/blog\/wp-content\/uploads\/2022\/03\/Jacques-Stella-Sainte-Famille-et-saint-Jean-\u00a9Primardeco.jpeg\",\"datePublished\":\"2022-03-24T15:49:36+00:00\",\"dateModified\":\"2022-03-24T16:08:16+00:00\",\"description\":\"En savoir plus sur \\\"La vente aux ench\u00e8res d'une exceptionnelle peinture sur ardoise de Jacques Stella\\\", un sujet propos\u00e9 dans la cat\u00e9gorie Tableaux par l'\u00e9quipe Primardeco, sp\u00e9cialistes de l'expertise et de la vente aux ench\u00e8res d'art \u00e0 Toulouse.\",\"breadcrumb\":{\"@id\":\"https:\/\/www.primardeco.com\/blog\/la-vente-aux-encheres-dune-exceptionnelle-peinture-sur-ardoise-de-jacques-stella\/#breadcrumb\"},\"inLanguage\":\"fr-FR\",\"potentialAction\":[{\"@type\":\"ReadAction\",\"target\":[\"https:\/\/www.primardeco.com\/blog\/la-vente-aux-encheres-dune-exceptionnelle-peinture-sur-ardoise-de-jacques-stella\/\"]}]},{\"@type\":\"ImageObject\",\"inLanguage\":\"fr-FR\",\"@id\":\"https:\/\/www.primardeco.com\/blog\/la-vente-aux-encheres-dune-exceptionnelle-peinture-sur-ardoise-de-jacques-stella\/#primaryimage\",\"url\":\"https:\/\/www.primardeco.com\/blog\/wp-content\/uploads\/2022\/03\/Jacques-Stella-Sainte-Famille-et-saint-Jean-\u00a9Primardeco.jpeg\",\"contentUrl\":\"https:\/\/www.primardeco.com\/blog\/wp-content\/uploads\/2022\/03\/Jacques-Stella-Sainte-Famille-et-saint-Jean-\u00a9Primardeco.jpeg\",\"width\":578,\"height\":768,\"caption\":\"Jacques Stella, Sainte Famille et saint Jean \u00a9Primardeco\"},{\"@type\":\"BreadcrumbList\",\"@id\":\"https:\/\/www.primardeco.com\/blog\/la-vente-aux-encheres-dune-exceptionnelle-peinture-sur-ardoise-de-jacques-stella\/#breadcrumb\",\"itemListElement\":[{\"@type\":\"ListItem\",\"position\":1,\"name\":\"Accueil\",\"item\":\"https:\/\/www.primardeco.com\/blog\/\"},{\"@type\":\"ListItem\",\"position\":2,\"name\":\"La vente aux ench\u00e8res d&rsquo;une exceptionnelle peinture sur ardoise de Jacques Stella\"}]},{\"@type\":\"WebSite\",\"@id\":\"https:\/\/www.primardeco.com\/blog\/#website\",\"url\":\"https:\/\/www.primardeco.com\/blog\/\",\"name\":\"Primardeco - Blog\",\"description\":\"Expertises et Ventes aux ench\u00e8res\",\"publisher\":{\"@id\":\"https:\/\/www.primardeco.com\/blog\/#organization\"},\"potentialAction\":[{\"@type\":\"SearchAction\",\"target\":{\"@type\":\"EntryPoint\",\"urlTemplate\":\"https:\/\/www.primardeco.com\/blog\/?s={search_term_string}\"},\"query-input\":{\"@type\":\"PropertyValueSpecification\",\"valueRequired\":true,\"valueName\":\"search_term_string\"}}],\"inLanguage\":\"fr-FR\"},{\"@type\":\"Organization\",\"@id\":\"https:\/\/www.primardeco.com\/blog\/#organization\",\"name\":\"Le Blog Primardeco, Ventes aux Ench\u00e8res d'Art \u00e0 Toulouse\",\"url\":\"https:\/\/www.primardeco.com\/blog\/\",\"logo\":{\"@type\":\"ImageObject\",\"inLanguage\":\"fr-FR\",\"@id\":\"https:\/\/www.primardeco.com\/blog\/#\/schema\/logo\/image\/\",\"url\":\"https:\/\/www.primardeco.com\/blog\/wp-content\/uploads\/2021\/11\/logo-primardeco-blog.png\",\"contentUrl\":\"https:\/\/www.primardeco.com\/blog\/wp-content\/uploads\/2021\/11\/logo-primardeco-blog.png\",\"width\":282,\"height\":84,\"caption\":\"Le Blog Primardeco, Ventes aux Ench\u00e8res d'Art \u00e0 Toulouse\"},\"image\":{\"@id\":\"https:\/\/www.primardeco.com\/blog\/#\/schema\/logo\/image\/\"},\"sameAs\":[\"https:\/\/www.facebook.com\/Primardeco-275817602518624\/\",\"https:\/\/x.com\/PRIMARDECO\",\"https:\/\/www.instagram.com\/primardeco\/\"]},{\"@type\":\"Person\",\"@id\":\"https:\/\/www.primardeco.com\/blog\/#\/schema\/person\/7de13947a1930d4cdcc9da53f15a8bf6\",\"name\":\"Anne de Colonges-Trotignon,\",\"image\":{\"@type\":\"ImageObject\",\"inLanguage\":\"fr-FR\",\"@id\":\"https:\/\/www.primardeco.com\/blog\/#\/schema\/person\/image\/\",\"url\":\"https:\/\/secure.gravatar.com\/avatar\/853054ac9272b8d8231f62d5ba9a57c0838e74856b0112cb96fd18a428d1d335?s=96&d=mm&r=g\",\"contentUrl\":\"https:\/\/secure.gravatar.com\/avatar\/853054ac9272b8d8231f62d5ba9a57c0838e74856b0112cb96fd18a428d1d335?s=96&d=mm&r=g\",\"caption\":\"Anne de Colonges-Trotignon,\"},\"url\":\"https:\/\/www.primardeco.com\/blog\/author\/anne\/\"}]}<\/script>\n<!-- \/ Yoast SEO plugin. -->","yoast_head_json":{"title":"La vente aux ench\u00e8res d'une exceptionnelle peinture sur ardoise de Jacques Stella | Primardeco - Blog","description":"En savoir plus sur \"La vente aux ench\u00e8res d'une exceptionnelle peinture sur ardoise de Jacques Stella\", un sujet propos\u00e9 dans la cat\u00e9gorie Tableaux par l'\u00e9quipe Primardeco, sp\u00e9cialistes de l'expertise et de la vente aux ench\u00e8res d'art \u00e0 Toulouse.","robots":{"index":"index","follow":"follow","max-snippet":"max-snippet:-1","max-image-preview":"max-image-preview:large","max-video-preview":"max-video-preview:-1"},"canonical":"https:\/\/www.primardeco.com\/blog\/la-vente-aux-encheres-dune-exceptionnelle-peinture-sur-ardoise-de-jacques-stella\/","og_locale":"fr_FR","og_type":"article","og_title":"La vente aux ench\u00e8res d'une exceptionnelle peinture sur ardoise de Jacques Stella | Primardeco - Blog","og_description":"En savoir plus sur \"La vente aux ench\u00e8res d'une exceptionnelle peinture sur ardoise de Jacques Stella\", un sujet propos\u00e9 dans la cat\u00e9gorie Tableaux par l'\u00e9quipe Primardeco, sp\u00e9cialistes de l'expertise et de la vente aux ench\u00e8res d'art \u00e0 Toulouse.","og_url":"https:\/\/www.primardeco.com\/blog\/la-vente-aux-encheres-dune-exceptionnelle-peinture-sur-ardoise-de-jacques-stella\/","og_site_name":"Primardeco - Blog","article_publisher":"https:\/\/www.facebook.com\/Primardeco-275817602518624\/","article_published_time":"2022-03-24T15:49:36+00:00","article_modified_time":"2022-03-24T16:08:16+00:00","og_image":[{"width":578,"height":768,"url":"https:\/\/www.primardeco.com\/blog\/wp-content\/uploads\/2022\/03\/Jacques-Stella-Sainte-Famille-et-saint-Jean-\u00a9Primardeco.jpeg","type":"image\/jpeg"}],"author":"Anne de Colonges-Trotignon,","twitter_card":"summary_large_image","twitter_creator":"@PRIMARDECO","twitter_site":"@PRIMARDECO","twitter_misc":{"\u00c9crit par":"Anne de Colonges-Trotignon,","Dur\u00e9e de lecture estim\u00e9e":"9 minutes"},"schema":{"@context":"https:\/\/schema.org","@graph":[{"@type":"Article","@id":"https:\/\/www.primardeco.com\/blog\/la-vente-aux-encheres-dune-exceptionnelle-peinture-sur-ardoise-de-jacques-stella\/#article","isPartOf":{"@id":"https:\/\/www.primardeco.com\/blog\/la-vente-aux-encheres-dune-exceptionnelle-peinture-sur-ardoise-de-jacques-stella\/"},"author":{"name":"Anne de Colonges-Trotignon,","@id":"https:\/\/www.primardeco.com\/blog\/#\/schema\/person\/7de13947a1930d4cdcc9da53f15a8bf6"},"headline":"La vente aux ench\u00e8res d&rsquo;une exceptionnelle peinture sur ardoise de Jacques Stella","datePublished":"2022-03-24T15:49:36+00:00","dateModified":"2022-03-24T16:08:16+00:00","mainEntityOfPage":{"@id":"https:\/\/www.primardeco.com\/blog\/la-vente-aux-encheres-dune-exceptionnelle-peinture-sur-ardoise-de-jacques-stella\/"},"wordCount":1797,"publisher":{"@id":"https:\/\/www.primardeco.com\/blog\/#organization"},"image":{"@id":"https:\/\/www.primardeco.com\/blog\/la-vente-aux-encheres-dune-exceptionnelle-peinture-sur-ardoise-de-jacques-stella\/#primaryimage"},"thumbnailUrl":"https:\/\/www.primardeco.com\/blog\/wp-content\/uploads\/2022\/03\/Jacques-Stella-Sainte-Famille-et-saint-Jean-\u00a9Primardeco.jpeg","keywords":["Peinture","r\u00e9sultats de ventes aux ench\u00e8res"],"articleSection":["Tableaux"],"inLanguage":"fr-FR"},{"@type":"WebPage","@id":"https:\/\/www.primardeco.com\/blog\/la-vente-aux-encheres-dune-exceptionnelle-peinture-sur-ardoise-de-jacques-stella\/","url":"https:\/\/www.primardeco.com\/blog\/la-vente-aux-encheres-dune-exceptionnelle-peinture-sur-ardoise-de-jacques-stella\/","name":"La vente aux ench\u00e8res d'une exceptionnelle peinture sur ardoise de Jacques Stella | Primardeco - Blog","isPartOf":{"@id":"https:\/\/www.primardeco.com\/blog\/#website"},"primaryImageOfPage":{"@id":"https:\/\/www.primardeco.com\/blog\/la-vente-aux-encheres-dune-exceptionnelle-peinture-sur-ardoise-de-jacques-stella\/#primaryimage"},"image":{"@id":"https:\/\/www.primardeco.com\/blog\/la-vente-aux-encheres-dune-exceptionnelle-peinture-sur-ardoise-de-jacques-stella\/#primaryimage"},"thumbnailUrl":"https:\/\/www.primardeco.com\/blog\/wp-content\/uploads\/2022\/03\/Jacques-Stella-Sainte-Famille-et-saint-Jean-\u00a9Primardeco.jpeg","datePublished":"2022-03-24T15:49:36+00:00","dateModified":"2022-03-24T16:08:16+00:00","description":"En savoir plus sur \"La vente aux ench\u00e8res d'une exceptionnelle peinture sur ardoise de Jacques Stella\", un sujet propos\u00e9 dans la cat\u00e9gorie Tableaux par l'\u00e9quipe Primardeco, sp\u00e9cialistes de l'expertise et de la vente aux ench\u00e8res d'art \u00e0 Toulouse.","breadcrumb":{"@id":"https:\/\/www.primardeco.com\/blog\/la-vente-aux-encheres-dune-exceptionnelle-peinture-sur-ardoise-de-jacques-stella\/#breadcrumb"},"inLanguage":"fr-FR","potentialAction":[{"@type":"ReadAction","target":["https:\/\/www.primardeco.com\/blog\/la-vente-aux-encheres-dune-exceptionnelle-peinture-sur-ardoise-de-jacques-stella\/"]}]},{"@type":"ImageObject","inLanguage":"fr-FR","@id":"https:\/\/www.primardeco.com\/blog\/la-vente-aux-encheres-dune-exceptionnelle-peinture-sur-ardoise-de-jacques-stella\/#primaryimage","url":"https:\/\/www.primardeco.com\/blog\/wp-content\/uploads\/2022\/03\/Jacques-Stella-Sainte-Famille-et-saint-Jean-\u00a9Primardeco.jpeg","contentUrl":"https:\/\/www.primardeco.com\/blog\/wp-content\/uploads\/2022\/03\/Jacques-Stella-Sainte-Famille-et-saint-Jean-\u00a9Primardeco.jpeg","width":578,"height":768,"caption":"Jacques Stella, Sainte Famille et saint Jean \u00a9Primardeco"},{"@type":"BreadcrumbList","@id":"https:\/\/www.primardeco.com\/blog\/la-vente-aux-encheres-dune-exceptionnelle-peinture-sur-ardoise-de-jacques-stella\/#breadcrumb","itemListElement":[{"@type":"ListItem","position":1,"name":"Accueil","item":"https:\/\/www.primardeco.com\/blog\/"},{"@type":"ListItem","position":2,"name":"La vente aux ench\u00e8res d&rsquo;une exceptionnelle peinture sur ardoise de Jacques Stella"}]},{"@type":"WebSite","@id":"https:\/\/www.primardeco.com\/blog\/#website","url":"https:\/\/www.primardeco.com\/blog\/","name":"Primardeco - Blog","description":"Expertises et Ventes aux ench\u00e8res","publisher":{"@id":"https:\/\/www.primardeco.com\/blog\/#organization"},"potentialAction":[{"@type":"SearchAction","target":{"@type":"EntryPoint","urlTemplate":"https:\/\/www.primardeco.com\/blog\/?s={search_term_string}"},"query-input":{"@type":"PropertyValueSpecification","valueRequired":true,"valueName":"search_term_string"}}],"inLanguage":"fr-FR"},{"@type":"Organization","@id":"https:\/\/www.primardeco.com\/blog\/#organization","name":"Le Blog Primardeco, Ventes aux Ench\u00e8res d'Art \u00e0 Toulouse","url":"https:\/\/www.primardeco.com\/blog\/","logo":{"@type":"ImageObject","inLanguage":"fr-FR","@id":"https:\/\/www.primardeco.com\/blog\/#\/schema\/logo\/image\/","url":"https:\/\/www.primardeco.com\/blog\/wp-content\/uploads\/2021\/11\/logo-primardeco-blog.png","contentUrl":"https:\/\/www.primardeco.com\/blog\/wp-content\/uploads\/2021\/11\/logo-primardeco-blog.png","width":282,"height":84,"caption":"Le Blog Primardeco, Ventes aux Ench\u00e8res d'Art \u00e0 Toulouse"},"image":{"@id":"https:\/\/www.primardeco.com\/blog\/#\/schema\/logo\/image\/"},"sameAs":["https:\/\/www.facebook.com\/Primardeco-275817602518624\/","https:\/\/x.com\/PRIMARDECO","https:\/\/www.instagram.com\/primardeco\/"]},{"@type":"Person","@id":"https:\/\/www.primardeco.com\/blog\/#\/schema\/person\/7de13947a1930d4cdcc9da53f15a8bf6","name":"Anne de Colonges-Trotignon,","image":{"@type":"ImageObject","inLanguage":"fr-FR","@id":"https:\/\/www.primardeco.com\/blog\/#\/schema\/person\/image\/","url":"https:\/\/secure.gravatar.com\/avatar\/853054ac9272b8d8231f62d5ba9a57c0838e74856b0112cb96fd18a428d1d335?s=96&d=mm&r=g","contentUrl":"https:\/\/secure.gravatar.com\/avatar\/853054ac9272b8d8231f62d5ba9a57c0838e74856b0112cb96fd18a428d1d335?s=96&d=mm&r=g","caption":"Anne de Colonges-Trotignon,"},"url":"https:\/\/www.primardeco.com\/blog\/author\/anne\/"}]}},"_links":{"self":[{"href":"https:\/\/www.primardeco.com\/blog\/wp-json\/wp\/v2\/posts\/1394","targetHints":{"allow":["GET"]}}],"collection":[{"href":"https:\/\/www.primardeco.com\/blog\/wp-json\/wp\/v2\/posts"}],"about":[{"href":"https:\/\/www.primardeco.com\/blog\/wp-json\/wp\/v2\/types\/post"}],"author":[{"embeddable":true,"href":"https:\/\/www.primardeco.com\/blog\/wp-json\/wp\/v2\/users\/2"}],"replies":[{"embeddable":true,"href":"https:\/\/www.primardeco.com\/blog\/wp-json\/wp\/v2\/comments?post=1394"}],"version-history":[{"count":5,"href":"https:\/\/www.primardeco.com\/blog\/wp-json\/wp\/v2\/posts\/1394\/revisions"}],"predecessor-version":[{"id":1407,"href":"https:\/\/www.primardeco.com\/blog\/wp-json\/wp\/v2\/posts\/1394\/revisions\/1407"}],"wp:featuredmedia":[{"embeddable":true,"href":"https:\/\/www.primardeco.com\/blog\/wp-json\/wp\/v2\/media\/1401"}],"wp:attachment":[{"href":"https:\/\/www.primardeco.com\/blog\/wp-json\/wp\/v2\/media?parent=1394"}],"wp:term":[{"taxonomy":"category","embeddable":true,"href":"https:\/\/www.primardeco.com\/blog\/wp-json\/wp\/v2\/categories?post=1394"},{"taxonomy":"post_tag","embeddable":true,"href":"https:\/\/www.primardeco.com\/blog\/wp-json\/wp\/v2\/tags?post=1394"}],"curies":[{"name":"wp","href":"https:\/\/api.w.org\/{rel}","templated":true}]}}