{"id":1379,"date":"2022-03-23T18:10:27","date_gmt":"2022-03-23T17:10:27","guid":{"rendered":"https:\/\/www.primardeco.com\/blog\/?p=1379"},"modified":"2022-03-23T18:10:38","modified_gmt":"2022-03-23T17:10:38","slug":"comprendre-dater-et-estimer-les-tableaux-anciens","status":"publish","type":"post","link":"https:\/\/www.primardeco.com\/blog\/comprendre-dater-et-estimer-les-tableaux-anciens\/","title":{"rendered":"Comprendre, dater et estimer les tableaux anciens"},"content":{"rendered":"<p>[et_pb_section fb_built=\u00a0\u00bb1&Prime; _builder_version=\u00a0\u00bb4.15&Prime; global_colors_info=\u00a0\u00bb{}\u00a0\u00bb][et_pb_row _builder_version=\u00a0\u00bb4.15&Prime; background_size=\u00a0\u00bbinitial\u00a0\u00bb background_position=\u00a0\u00bbtop_left\u00a0\u00bb background_repeat=\u00a0\u00bbrepeat\u00a0\u00bb global_colors_info=\u00a0\u00bb{}\u00a0\u00bb][et_pb_column type=\u00a0\u00bb4_4&Prime; _builder_version=\u00a0\u00bb4.15&Prime; custom_padding=\u00a0\u00bb|||\u00a0\u00bb global_colors_info=\u00a0\u00bb{}\u00a0\u00bb custom_padding__hover=\u00a0\u00bb|||\u00a0\u00bb][et_pb_text admin_label=\u00a0\u00bbIntro\u00a0\u00bb _builder_version=\u00a0\u00bb4.15.1&Prime; _module_preset=\u00a0\u00bbdefault\u00a0\u00bb custom_padding=\u00a0\u00bb1px|||||\u00a0\u00bb global_colors_info=\u00a0\u00bb{}\u00a0\u00bb]<\/p>\n<p><i>Lors de sa prochaine <\/i><a href=\"https:\/\/www.primardeco.com\/ventes-aux-encheres\/annee-2022\/25-03-288\"><b><i>vente aux ench\u00e8res d\u00e9di\u00e9e aux tableaux, mobiliers &amp; objets d\u2019art<\/i><\/b><\/a><i>, de nombreux <\/i><b><i>tableaux anciens<\/i><\/b><i> seront pr\u00e9sent\u00e9s. Retour sur ce march\u00e9 des ma\u00eetres anciens qui a fond\u00e9 la r\u00e9putation des salles des ventes.<span class=\"Apple-converted-space\">\u00a0<\/span><\/i><\/p>\n<p>[\/et_pb_text][et_pb_divider _builder_version=\u00a0\u00bb4.15&Prime; _module_preset=\u00a0\u00bbdefault\u00a0\u00bb global_colors_info=\u00a0\u00bb{}\u00a0\u00bb][\/et_pb_divider][et_pb_text _builder_version=\u00a0\u00bb4.15.1&Prime; background_size=\u00a0\u00bbinitial\u00a0\u00bb background_position=\u00a0\u00bbtop_left\u00a0\u00bb background_repeat=\u00a0\u00bbrepeat\u00a0\u00bb global_colors_info=\u00a0\u00bb{}\u00a0\u00bb]<\/p>\n<h2>Qu\u2019est ce qu\u2019un tableau ancien ?<b><span class=\"Apple-converted-space\"><\/span><\/b><\/h2>\n<p>&nbsp;<\/p>\n<p>Un tableau est dit <b>ancien<\/b> lorsqu\u2019il est dat\u00e9 entre le XIV\u00e8me si\u00e8cle et les ann\u00e9es 1870, c\u2019est-\u00e0-dire approximativement jusqu\u2019\u00e0 l\u2019impressionnisme.<span class=\"Apple-converted-space\">\u00a0<\/span><\/p>\n<p>Les <b>tableaux anciens<\/b>, reflets de la soci\u00e9t\u00e9 de leur \u00e9poque, sont des t\u00e9moignages uniques des principaux mouvements artistiques qui ont anim\u00e9 les si\u00e8cles pass\u00e9s. Divers, tant par leur sujet que par leur ex\u00e9cution, les tableaux anciens repr\u00e9sentent encore aujourd\u2019hui une part importante du<b> march\u00e9 de l\u2019art<\/b> en France et \u00e0 l\u2019\u00e9tranger.<\/p>\n<p>Historiques, mythologiques, religieux, paysages, natures mortes, portraits\u2026 les <a href=\"https:\/\/www.primardeco.com\/tableaux-anciens\"><b>genres des tableaux anciens <\/b><\/a>sont vari\u00e9s. Sur toile ou sur bois, ces tableaux de ma\u00eetre affolent les collectionneurs et donnent lieu \u00e0 de belles batailles d\u2019ench\u00e8res.<span class=\"Apple-converted-space\">\u00a0<\/span><\/p>\n<p>[\/et_pb_text][et_pb_image src=\u00a0\u00bbhttps:\/\/www.primardeco.com\/blog\/wp-content\/uploads\/2022\/03\/Genres-varies.jpg\u00a0\u00bb alt=\u00a0\u00bbLes tableaux anciens, des genres vari\u00e9s \u00a9Primardeco\u00a0\u00bb title_text=\u00a0\u00bbLes tableaux anciens, des genres vari\u00e9s \u00a9Primardeco\u00a0\u00bb _builder_version=\u00a0\u00bb4.15.1&Prime; _module_preset=\u00a0\u00bbdefault\u00a0\u00bb global_colors_info=\u00a0\u00bb{}\u00a0\u00bb][\/et_pb_image][et_pb_text _builder_version=\u00a0\u00bb4.15.1&Prime; _module_preset=\u00a0\u00bbdefault\u00a0\u00bb global_colors_info=\u00a0\u00bb{}\u00a0\u00bb]<\/p>\n<p>Ma\u00eetres de la Renaissance, \u00e9coles italiennes, fran\u00e7aises, Ecole du Nord, ou artistes plus confidentiels, les <strong>peintures anciennes s\u00e9duisent<\/strong> : du collectionneur aux grands mus\u00e9es en passant par le simple particulier.<span class=\"Apple-converted-space\">\u00a0<\/span><\/p>\n<p>[\/et_pb_text][\/et_pb_column][\/et_pb_row][et_pb_row _builder_version=\u00a0\u00bb4.15&Prime; _module_preset=\u00a0\u00bbdefault\u00a0\u00bb global_colors_info=\u00a0\u00bb{}\u00a0\u00bb][et_pb_column type=\u00a0\u00bb4_4&Prime; _builder_version=\u00a0\u00bb4.15&Prime; _module_preset=\u00a0\u00bbdefault\u00a0\u00bb global_colors_info=\u00a0\u00bb{}\u00a0\u00bb][et_pb_text _builder_version=\u00a0\u00bb4.15.1&Prime; _module_preset=\u00a0\u00bbdefault\u00a0\u00bb global_colors_info=\u00a0\u00bb{}\u00a0\u00bb]<\/p>\n<h2>Comment dater un tableau ancien ? Quelques crit\u00e8res importants\u2026 <span class=\"Apple-converted-space\">\u00a0<\/span><\/h2>\n<p>&nbsp;<\/p>\n<p>La technique, le support, l\u2019iconographie, le mouvement artistique, toute trace permettant d\u2019identifier l\u2019artiste (date, inscriptions), l\u2019iconographie : tels sont les principaux \u00e9l\u00e9ments \u00e0 consid\u00e9rer pour la <b>datation d\u2019un tableau ancien<\/b>.<span class=\"Apple-converted-space\">\u00a0<\/span><\/p>\n<p><span class=\"Apple-converted-space\"><\/span><\/p>\n<h3>1. La date<\/h3>\n<p>&nbsp;<\/p>\n<p>Souvent transmis de g\u00e9n\u00e9ration en g\u00e9n\u00e9ration, il est souvent difficile de la conna\u00eetre la date d\u2019acquisition d\u2019une toile ancienne.<span class=\"Apple-converted-space\">\u00a0<\/span><\/p>\n<p>N\u00e9anmoins, l\u2019analyse de l\u2019iconographie, du support, du mouvement artistique de r\u00e9f\u00e9rence permettent de pr\u00e9ciser la <b>date d\u2019ex\u00e9cution d\u2019un tableau ancien<\/b>. <span class=\"Apple-converted-space\">\u00a0<\/span><\/p>\n<p><span class=\"Apple-converted-space\"><\/span><\/p>\n<h3>2. La technique<span class=\"Apple-converted-space\">\u00a0<\/span><\/h3>\n<p><span class=\"Apple-converted-space\"><\/span><\/p>\n<p>G\u00e9n\u00e9ralement peint \u00e0 l\u2019huile sur toile ou sur bois, l\u2019analyse du support est essentielle pour <b>authentifier un tableau ancien<\/b>. Le vernis appliqu\u00e9 en fin de r\u00e9alisation ayant tendance \u00e0 jaunir, il est souvent un indicateur majeur pour d\u00e9terminer la technique employ\u00e9e par l\u2019artiste et sa <b>date<span class=\"Apple-converted-space\">\u00a0<\/span><\/b><\/p>\n<p>[\/et_pb_text][\/et_pb_column][\/et_pb_row][et_pb_row column_structure=\u00a0\u00bb3_5,2_5&Prime; _builder_version=\u00a0\u00bb4.15.1&Prime; _module_preset=\u00a0\u00bbdefault\u00a0\u00bb global_colors_info=\u00a0\u00bb{}\u00a0\u00bb][et_pb_column type=\u00a0\u00bb3_5&Prime; _builder_version=\u00a0\u00bb4.15.1&Prime; _module_preset=\u00a0\u00bbdefault\u00a0\u00bb global_colors_info=\u00a0\u00bb{}\u00a0\u00bb][et_pb_text _builder_version=\u00a0\u00bb4.15.1&Prime; _module_preset=\u00a0\u00bbdefault\u00a0\u00bb global_colors_info=\u00a0\u00bb{}\u00a0\u00bb]<\/p>\n<h3>3. L\u2019iconographie<span class=\"Apple-converted-space\">\u00a0<\/span><\/h3>\n<p>&nbsp;<\/p>\n<p>Pour <b>dater une peinture ancienne<\/b>, le sujet du tableau est essentiel. En effet, certains sujets sont particuli\u00e8rement li\u00e9s \u00e0 des si\u00e8cles, des modes. Par exemple, le XVIII\u00e8me est en France le si\u00e8cle des grands portraitistes et des sc\u00e8nes de galanterie.<span class=\"Apple-converted-space\">\u00a0<\/span><\/p>\n<p>[\/et_pb_text][\/et_pb_column][et_pb_column type=\u00a0\u00bb2_5&Prime; _builder_version=\u00a0\u00bb4.15.1&Prime; _module_preset=\u00a0\u00bbdefault\u00a0\u00bb global_colors_info=\u00a0\u00bb{}\u00a0\u00bb][et_pb_image src=\u00a0\u00bbhttps:\/\/www.primardeco.com\/blog\/wp-content\/uploads\/2022\/03\/Ecole-francaise-XVIIIeme-Portrait-de-Jean-de-Roquette-Eveque-dAuxerre.jpeg\u00a0\u00bb alt=\u00a0\u00bbEcole fran\u00e7aise XVIII\u00e8me Portrait de Jean de Roquette Eveque d&rsquo;Auxerre\u00a9Primardeco\u00a0\u00bb title_text=\u00a0\u00bbEcole fran\u00e7aise XVIII\u00e8me Portrait de Jean de Roquette Eveque d&rsquo;Auxerre\u00a9Primardeco\u00a0\u00bb _builder_version=\u00a0\u00bb4.15.1&Prime; _module_preset=\u00a0\u00bbdefault\u00a0\u00bb global_colors_info=\u00a0\u00bb{}\u00a0\u00bb][\/et_pb_image][\/et_pb_column][\/et_pb_row][et_pb_row _builder_version=\u00a0\u00bb4.15.1&Prime; _module_preset=\u00a0\u00bbdefault\u00a0\u00bb global_colors_info=\u00a0\u00bb{}\u00a0\u00bb][et_pb_column type=\u00a0\u00bb4_4&Prime; _builder_version=\u00a0\u00bb4.15.1&Prime; _module_preset=\u00a0\u00bbdefault\u00a0\u00bb global_colors_info=\u00a0\u00bb{}\u00a0\u00bb][et_pb_text _builder_version=\u00a0\u00bb4.15.1&Prime; _module_preset=\u00a0\u00bbdefault\u00a0\u00bb global_colors_info=\u00a0\u00bb{}\u00a0\u00bb]<\/p>\n<h3>4. La signature<\/h3>\n<p>Jusqu\u2019\u00e0 la Renaissance, les peintures sont souvent anonymes et rendent alors complexes leur authentification.<\/p>\n<p>La signature n\u2019\u00e9tant pas syst\u00e9matique, la composition, le sujet repr\u00e9sent\u00e9, les couleurs et la touche sont autant de moyens de <b>connaitre l\u2019auteur d\u2019une peinture ancienne<\/b>.<\/p>\n<p>[\/et_pb_text][\/et_pb_column][\/et_pb_row][et_pb_row column_structure=\u00a0\u00bb3_4,1_4&Prime; _builder_version=\u00a0\u00bb4.15.1&Prime; _module_preset=\u00a0\u00bbdefault\u00a0\u00bb global_colors_info=\u00a0\u00bb{}\u00a0\u00bb][et_pb_column type=\u00a0\u00bb3_4&Prime; _builder_version=\u00a0\u00bb4.15.1&Prime; _module_preset=\u00a0\u00bbdefault\u00a0\u00bb global_colors_info=\u00a0\u00bb{}\u00a0\u00bb][et_pb_text _builder_version=\u00a0\u00bb4.15.1&Prime; _module_preset=\u00a0\u00bbdefault\u00a0\u00bb global_colors_info=\u00a0\u00bb{}\u00a0\u00bb]<\/p>\n<h2>5. Le support<span class=\"Apple-converted-space\">\u00a0<\/span><\/h2>\n<p>&nbsp;<\/p>\n<p>L\u2019analyse du support est un autre \u00e9l\u00e9ment important dans sa <b>datation<\/b>. Si le bois et la toile sont les plus courants pour les tableaux anciens, d\u2019autres supports, plus rares, ont pu \u00eatre utilis\u00e9s comme les panneaux de cuivre ou la pierre (marbre, ardoise, etc).<\/p>\n<p>[\/et_pb_text][\/et_pb_column][et_pb_column type=\u00a0\u00bb1_4&Prime; _builder_version=\u00a0\u00bb4.15.1&Prime; _module_preset=\u00a0\u00bbdefault\u00a0\u00bb global_colors_info=\u00a0\u00bb{}\u00a0\u00bb][et_pb_image src=\u00a0\u00bbhttps:\/\/www.primardeco.com\/blog\/wp-content\/uploads\/2022\/03\/Ecole-francaise-XVIIIeme-St-Jacques.-Huile-sur-cuivre-\u00a9Primardeco.jpeg\u00a0\u00bb alt=\u00a0\u00bbEcole fran\u00e7aise XVIII\u00e8me &lsquo;St Jacques&rsquo;. Huile sur cuivre \u00a9Primardeco\u00a0\u00bb title_text=\u00a0\u00bbEcole fran\u00e7aise XVIII\u00e8me &lsquo;St Jacques&rsquo;. Huile sur cuivre \u00a9Primardeco\u00a0\u00bb _builder_version=\u00a0\u00bb4.15.1&Prime; _module_preset=\u00a0\u00bbdefault\u00a0\u00bb global_colors_info=\u00a0\u00bb{}\u00a0\u00bb][\/et_pb_image][\/et_pb_column][\/et_pb_row][et_pb_row _builder_version=\u00a0\u00bb4.15.1&Prime; _module_preset=\u00a0\u00bbdefault\u00a0\u00bb global_colors_info=\u00a0\u00bb{}\u00a0\u00bb][et_pb_column type=\u00a0\u00bb4_4&Prime; _builder_version=\u00a0\u00bb4.15.1&Prime; _module_preset=\u00a0\u00bbdefault\u00a0\u00bb global_colors_info=\u00a0\u00bb{}\u00a0\u00bb][et_pb_text _builder_version=\u00a0\u00bb4.15.1&Prime; _module_preset=\u00a0\u00bbdefault\u00a0\u00bb global_colors_info=\u00a0\u00bb{}\u00a0\u00bb]<\/p>\n<p>Le bois est le support de pr\u00e9dilection jusqu\u2019au XVI\u00e8me si\u00e8cle.<span class=\"Apple-converted-space\">\u00a0 <\/span>Dans certaines r\u00e9gions comme les Flandres, les Pays-Bas ou le Nord de la France, il rel\u00e8ve d\u2019une v\u00e9ritable tradition picturale comme en t\u00e9moigne cette magnifique <b>Ecole flamande \u00ab\u00a0Lamentation du Christ\u00a0\u00bb de<\/b> <b>l\u2019atelier d\u2019Albert Bouts<\/b> (vers 1500) qui fera partie de la vente du 25 mars prochain chez Primardeco.<span class=\"Apple-converted-space\">\u00a0<\/span><\/p>\n<p>Malheureusement, le bois pr\u00e9sente souvent d\u2019importances traces d\u2019usures : ayant tendance a se dess\u00e9cher, se d\u00e9former, la couche picturale est souvent accident\u00e9e.<\/p>\n<p>[\/et_pb_text][et_pb_image src=\u00a0\u00bbhttps:\/\/www.primardeco.com\/blog\/wp-content\/uploads\/2022\/03\/Lamentation-du-Christ.jpg\u00a0\u00bb alt=\u00a0\u00bbLamentation du Christ\u00a9Primardeco\u00a0\u00bb title_text=\u00a0\u00bbLamentation du Christ\u00a9Primardeco\u00a0\u00bb _builder_version=\u00a0\u00bb4.15.1&Prime; _module_preset=\u00a0\u00bbdefault\u00a0\u00bb global_colors_info=\u00a0\u00bb{}\u00a0\u00bb][\/et_pb_image][et_pb_text _builder_version=\u00a0\u00bb4.15.1&Prime; _module_preset=\u00a0\u00bbdefault\u00a0\u00bb global_colors_info=\u00a0\u00bb{}\u00a0\u00bb]<\/p>\n<p>Le bois a progressivement c\u00e9d\u00e9 sa place \u00e0 la<strong> toile<\/strong>.<span class=\"Apple-converted-space\">\u00a0<\/span>Si la toile pr\u00e9sente un certain nombre d\u2019avantage, elle a \u00e9galement tendance au fil du temps \u00e0 se distendre voire se casser entrainant ainsi des craquelures et m\u00eame pire des d\u00e9collement de la couche picturale.<span class=\"Apple-converted-space\">\u00a0<\/span><\/p>\n<p>[\/et_pb_text][\/et_pb_column][\/et_pb_row][et_pb_row column_structure=\u00a0\u00bb3_5,2_5&Prime; _builder_version=\u00a0\u00bb4.15.1&Prime; _module_preset=\u00a0\u00bbdefault\u00a0\u00bb global_colors_info=\u00a0\u00bb{}\u00a0\u00bb][et_pb_column type=\u00a0\u00bb3_5&Prime; _builder_version=\u00a0\u00bb4.15.1&Prime; _module_preset=\u00a0\u00bbdefault\u00a0\u00bb global_colors_info=\u00a0\u00bb{}\u00a0\u00bb][et_pb_text _builder_version=\u00a0\u00bb4.15.1&Prime; _module_preset=\u00a0\u00bbdefault\u00a0\u00bb global_colors_info=\u00a0\u00bb{}\u00a0\u00bb]<\/p>\n<p>Les <b>peintures anciennes<\/b> sur bois ou sur toile ont travers\u00e9 les si\u00e8cles et portent souvent en elles les marques du temps. Heureusement, la restauration de tableau ancien permet de palier \u00e0 ces traces d\u2019usures et leur redonne une seconde jeunesse.<span class=\"Apple-converted-space\">\u00a0<\/span><\/p>\n<p>ATTENTION ! La <b>restauration de tableaux anciens <\/b>est particuli\u00e8rement d\u00e9licate et il est fortement conseill\u00e9 de faire appel \u00e0 un sp\u00e9cialiste.<span class=\"Apple-converted-space\">\u00a0<\/span><\/p>\n<p>[\/et_pb_text][\/et_pb_column][et_pb_column type=\u00a0\u00bb2_5&Prime; _builder_version=\u00a0\u00bb4.15.1&Prime; _module_preset=\u00a0\u00bbdefault\u00a0\u00bb global_colors_info=\u00a0\u00bb{}\u00a0\u00bb][et_pb_image src=\u00a0\u00bbhttps:\/\/www.primardeco.com\/blog\/wp-content\/uploads\/2022\/03\/Ecole-francaise-XIXeme-22Descente-de-croix22.-Traces-dusure.jpg\u00a0\u00bb alt=\u00a0\u00bbEcole fran\u00e7aise XIX\u00e8me, %22Descente de croix%22. Traces d&rsquo;usure\u00a9Primardeco\u00a0\u00bb title_text=\u00a0\u00bbEcole fran\u00e7aise XIX\u00e8me, %22Descente de croix%22. Traces d&rsquo;usure\u00a9Primardeco\u00a0\u00bb _builder_version=\u00a0\u00bb4.15.1&Prime; _module_preset=\u00a0\u00bbdefault\u00a0\u00bb global_colors_info=\u00a0\u00bb{}\u00a0\u00bb][\/et_pb_image][\/et_pb_column][\/et_pb_row][et_pb_row _builder_version=\u00a0\u00bb4.15&Prime; _module_preset=\u00a0\u00bbdefault\u00a0\u00bb global_colors_info=\u00a0\u00bb{}\u00a0\u00bb][et_pb_column type=\u00a0\u00bb4_4&Prime; _builder_version=\u00a0\u00bb4.15&Prime; _module_preset=\u00a0\u00bbdefault\u00a0\u00bb global_colors_info=\u00a0\u00bb{}\u00a0\u00bb][et_pb_text _builder_version=\u00a0\u00bb4.15.1&Prime; _module_preset=\u00a0\u00bbdefault\u00a0\u00bb global_colors_info=\u00a0\u00bb{}\u00a0\u00bb]<\/p>\n<h2>L\u2019estimation d\u2019un tableau ancien<span class=\"Apple-converted-space\">\u00a0<\/span><\/h2>\n<p><span class=\"Apple-converted-space\"><\/span><\/p>\n<p>Solliciter un expert est indispensable pour d\u00e9celer le potentiel d\u2019un tableau ancien et l\u2019estimer \u00e0 sa juste valeur. Gratuite, personnelle et confidentielle, Primardeco pourra r\u00e9aliser rapidement l\u2019<b>expertise de votre tableau<\/b>.<\/p>\n<p>La <b>valeur d\u2019un tableau ancien<\/b> varie selon divers crit\u00e8res. Le degr\u00e9 de raret\u00e9, le sujet repr\u00e9sent\u00e9, ses qualit\u00e9s propres, la notori\u00e9t\u00e9 de l\u2019artiste et\/ou l\u2019atelier, les dimensions, l\u2019\u00e9tat de conservation et la demande sur le march\u00e9 de l\u2019art sont autant d\u2019\u00e9l\u00e9ments importants \u00e0 prendre en compte dans l\u2019<b>appr\u00e9ciation de la valeur d\u2019un tableau<\/b>.<\/p>\n<h2><\/h2>\n<p>[\/et_pb_text][\/et_pb_column][\/et_pb_row][et_pb_row _builder_version=\u00a0\u00bb4.15&Prime; _module_preset=\u00a0\u00bbdefault\u00a0\u00bb global_colors_info=\u00a0\u00bb{}\u00a0\u00bb][et_pb_column type=\u00a0\u00bb4_4&Prime; _builder_version=\u00a0\u00bb4.15&Prime; _module_preset=\u00a0\u00bbdefault\u00a0\u00bb global_colors_info=\u00a0\u00bb{}\u00a0\u00bb][et_pb_text _builder_version=\u00a0\u00bb4.15.1&Prime; _module_preset=\u00a0\u00bbdefault\u00a0\u00bb global_colors_info=\u00a0\u00bb{}\u00a0\u00bb]<\/p>\n<h2>O\u00f9 vendre des tableaux anciens ?<span class=\"Apple-converted-space\">\u00a0<\/span><\/h2>\n<p>&nbsp;<\/p>\n<p>La vente aux ench\u00e8res est actuellement le meilleur moyen de <b>vendre une peinture ancienne<\/b> au meilleur prix. En effet, les commissaires-priseurs connaissent la cote des artistes, la cote des tableaux et leur prix de vente sur le march\u00e9 de l\u2019art.<span class=\"Apple-converted-space\">\u00a0<\/span><\/p>\n<p>Faire appel aux services d\u2019une maison de vente permet \u00e9galement d\u2019\u00e9carter tout soup\u00e7on de contre fa\u00e7on. Le march\u00e9 de l\u2019art est r\u00e9guli\u00e8rement secou\u00e9 par des scandales de faux et les tableaux anciens ne d\u00e9rogent malheureusement pas \u00e0 la r\u00e8gle.<\/p>\n<p>Le <strong>march\u00e9 des ma\u00eetres anciens<\/strong> se r\u00e9v\u00e8le aujourd\u2019hui extr\u00eamement dynamique port\u00e9 par des collectionneurs du monde entier, soucieux de la provenance et de la qualit\u00e9 des oeuvres, des grands institutions culturelles souhaitant enrichir leur collection ou des passionn\u00e9s et des amateurs de beau.<\/p>\n<p>[\/et_pb_text][\/et_pb_column][\/et_pb_row][et_pb_row _builder_version=\u00a0\u00bb4.15.1&Prime; _module_preset=\u00a0\u00bbdefault\u00a0\u00bb global_colors_info=\u00a0\u00bb{}\u00a0\u00bb][et_pb_column type=\u00a0\u00bb4_4&Prime; _builder_version=\u00a0\u00bb4.15.1&Prime; _module_preset=\u00a0\u00bbdefault\u00a0\u00bb global_colors_info=\u00a0\u00bb{}\u00a0\u00bb][et_pb_text _builder_version=\u00a0\u00bb4.15.1&Prime; _module_preset=\u00a0\u00bbdefault\u00a0\u00bb global_colors_info=\u00a0\u00bb{}\u00a0\u00bb]<\/p>\n<h2>Les tableaux anciens &amp; Primardeco<\/h2>\n<p>&nbsp;<\/p>\n<p>Fort de son expertise, Primardeco a vendu \u00e0 de nombreuses reprises des tableaux des plus grands ma\u00eetres comme <strong>Jan Van Kessel<\/strong> (1629-1679) et son oeuvre \u00ab\u00a0Papillons, Coquillages et insectes\u00a0\u00bb adjug\u00e9e 410 000\u20ac ou \u00ab\u00a0Vue de nuit du V\u00e9suve en \u00e9ruption\u00a0\u00bb de <strong>Pierre-Jacques Volaire alias le Chevalier<\/strong> adjug\u00e9e 282 000\u20ac.<span class=\"Apple-converted-space\">\u00a0<\/span><\/p>\n<p>[\/et_pb_text][et_pb_image src=\u00a0\u00bbhttps:\/\/www.primardeco.com\/blog\/wp-content\/uploads\/2022\/03\/Fleurs-papillons-coquillages-insectes-Jan-van-Kessel.jpeg\u00a0\u00bb alt=\u00a0\u00bbFleurs, papillons, coquillages &#038; insectes, Jan van Kessel\u00a0\u00bb title_text=\u00a0\u00bbFleurs, papillons, coquillages &#038; insectes, Jan van Kessel\u00a0\u00bb _builder_version=\u00a0\u00bb4.15.1&Prime; _module_preset=\u00a0\u00bbdefault\u00a0\u00bb global_colors_info=\u00a0\u00bb{}\u00a0\u00bb][\/et_pb_image][\/et_pb_column][\/et_pb_row][et_pb_row _builder_version=\u00a0\u00bb4.15.1&Prime; _module_preset=\u00a0\u00bbdefault\u00a0\u00bb global_colors_info=\u00a0\u00bb{}\u00a0\u00bb][et_pb_column type=\u00a0\u00bb4_4&Prime; _builder_version=\u00a0\u00bb4.15.1&Prime; _module_preset=\u00a0\u00bbdefault\u00a0\u00bb global_colors_info=\u00a0\u00bb{}\u00a0\u00bb][et_pb_text _builder_version=\u00a0\u00bb4.15.1&Prime; _module_preset=\u00a0\u00bbdefault\u00a0\u00bb global_colors_info=\u00a0\u00bb{}\u00a0\u00bb]<\/p>\n<h2>Les tableaux anciens chez vous !<span class=\"Apple-converted-space\">\u00a0<\/span><\/h2>\n<p><b><\/b><\/p>\n<p>La <strong>vente aux ench\u00e8res de tableaux anciens<\/strong> redonne vie \u00e0 ces oeuvres. Si les grands maitres sont souvent l\u2019apanage de grands collectionneurs et mus\u00e9es, les tableaux d\u2019anonymes ou d\u2019artistes plus confidentiels, sont plus abordables pour les amateurs.<span class=\"Apple-converted-space\">\u00a0<\/span><\/p>\n<p>Souvent d\u00e9laiss\u00e9s dans le fond d\u2019un grenier, les tableaux anciens peuvent tout \u00e0 fait trouver leur place dans un int\u00e9rieur moderne et ainsi conna\u00eetre une nouvelle jeunesse. V\u00e9ritable <strong>atout charme<\/strong>, il donne du cachet et de l\u2019authenticit\u00e9 \u00e0 une pi\u00e8ce. Alors laissez vous tenter lors de notre prochaine vente !<span class=\"Apple-converted-space\">\u00a0<\/span><\/p>\n<p>&nbsp;<\/p>\n<p>&nbsp;<\/p>\n<p><em>Afin de <strong>dater et estimer un tableau ancien,<\/strong> les crit\u00e8res sont nombreux mais complexes et n\u00e9cessitent alors de faire appel \u00e0 un expert en la mati\u00e8re. Il sera \u00e9galement en mesure de donner une<strong> estimation<\/strong> s\u00fbre de l\u2019oeuvre. Recherch\u00e9s par les collectionneurs et les amateurs de beaux, les tableaux anciens ont toujours la cote.<span class=\"Apple-converted-space\">\u00a0<\/span><\/em><\/p>\n<p>&nbsp;<\/p>\n<p>[\/et_pb_text][\/et_pb_column][\/et_pb_row][et_pb_row _builder_version=\u00a0\u00bb4.15&Prime; _module_preset=\u00a0\u00bbdefault\u00a0\u00bb global_colors_info=\u00a0\u00bb{}\u00a0\u00bb][et_pb_column type=\u00a0\u00bb4_4&Prime; _builder_version=\u00a0\u00bb4.15&Prime; _module_preset=\u00a0\u00bbdefault\u00a0\u00bb global_colors_info=\u00a0\u00bb{}\u00a0\u00bb][et_pb_divider _builder_version=\u00a0\u00bb4.15&Prime; _module_preset=\u00a0\u00bbdefault\u00a0\u00bb global_colors_info=\u00a0\u00bb{}\u00a0\u00bb][\/et_pb_divider][\/et_pb_column][\/et_pb_row][\/et_pb_section]<\/p>\n","protected":false},"excerpt":{"rendered":"<p>Lors de sa prochaine vente aux ench\u00e8res d\u00e9di\u00e9e aux tableaux, mobiliers &amp; objets d\u2019art, de nombreux tableaux anciens seront pr\u00e9sent\u00e9s. Retour sur ce march\u00e9 des ma\u00eetres anciens qui a fond\u00e9 la r\u00e9putation des salles des ventes.\u00a0Qu\u2019est ce qu\u2019un tableau ancien ? &nbsp; Un tableau est dit ancien lorsqu\u2019il est dat\u00e9 entre le XIV\u00e8me si\u00e8cle et [&hellip;]<\/p>\n","protected":false},"author":2,"featured_media":1391,"comment_status":"closed","ping_status":"closed","sticky":false,"template":"","format":"standard","meta":{"_et_pb_use_builder":"on","_et_pb_old_content":"","_et_gb_content_width":"","footnotes":""},"categories":[7],"tags":[49],"class_list":["post-1379","post","type-post","status-publish","format-standard","has-post-thumbnail","hentry","category-tableaux","tag-tableaux-anciens"],"yoast_head":"<!-- This site is optimized with the Yoast SEO plugin v25.6 - https:\/\/yoast.com\/wordpress\/plugins\/seo\/ -->\n<title>Comprendre, dater et estimer les tableaux anciens | Primardeco - Blog<\/title>\n<meta name=\"description\" content=\"En savoir plus sur &quot;Comprendre, dater et estimer les tableaux anciens&quot;, un sujet propos\u00e9 dans la cat\u00e9gorie Tableaux par l&#039;\u00e9quipe Primardeco, sp\u00e9cialistes de l&#039;expertise et de la vente aux ench\u00e8res d&#039;art \u00e0 Toulouse.\" \/>\n<meta name=\"robots\" content=\"index, follow, max-snippet:-1, max-image-preview:large, max-video-preview:-1\" \/>\n<link rel=\"canonical\" href=\"https:\/\/www.primardeco.com\/blog\/comprendre-dater-et-estimer-les-tableaux-anciens\/\" \/>\n<meta property=\"og:locale\" content=\"fr_FR\" \/>\n<meta property=\"og:type\" content=\"article\" \/>\n<meta property=\"og:title\" content=\"Comprendre, dater et estimer les tableaux anciens | Primardeco - Blog\" \/>\n<meta property=\"og:description\" content=\"En savoir plus sur &quot;Comprendre, dater et estimer les tableaux anciens&quot;, un sujet propos\u00e9 dans la cat\u00e9gorie Tableaux par l&#039;\u00e9quipe Primardeco, sp\u00e9cialistes de l&#039;expertise et de la vente aux ench\u00e8res d&#039;art \u00e0 Toulouse.\" \/>\n<meta property=\"og:url\" content=\"https:\/\/www.primardeco.com\/blog\/comprendre-dater-et-estimer-les-tableaux-anciens\/\" \/>\n<meta property=\"og:site_name\" content=\"Primardeco - Blog\" \/>\n<meta property=\"article:publisher\" content=\"https:\/\/www.facebook.com\/Primardeco-275817602518624\/\" \/>\n<meta property=\"article:published_time\" content=\"2022-03-23T17:10:27+00:00\" \/>\n<meta property=\"article:modified_time\" content=\"2022-03-23T17:10:38+00:00\" \/>\n<meta property=\"og:image\" content=\"https:\/\/www.primardeco.com\/blog\/wp-content\/uploads\/2022\/03\/Tableaux-anciens.jpg\" \/>\n\t<meta property=\"og:image:width\" content=\"1800\" \/>\n\t<meta property=\"og:image:height\" content=\"1200\" \/>\n\t<meta property=\"og:image:type\" content=\"image\/jpeg\" \/>\n<meta name=\"author\" content=\"Anne de Colonges-Trotignon,\" \/>\n<meta name=\"twitter:card\" content=\"summary_large_image\" \/>\n<meta name=\"twitter:creator\" content=\"@PRIMARDECO\" \/>\n<meta name=\"twitter:site\" content=\"@PRIMARDECO\" \/>\n<meta name=\"twitter:label1\" content=\"\u00c9crit par\" \/>\n\t<meta name=\"twitter:data1\" content=\"Anne de Colonges-Trotignon,\" \/>\n\t<meta name=\"twitter:label2\" content=\"Dur\u00e9e de lecture estim\u00e9e\" \/>\n\t<meta name=\"twitter:data2\" content=\"11 minutes\" \/>\n<script type=\"application\/ld+json\" class=\"yoast-schema-graph\">{\"@context\":\"https:\/\/schema.org\",\"@graph\":[{\"@type\":\"Article\",\"@id\":\"https:\/\/www.primardeco.com\/blog\/comprendre-dater-et-estimer-les-tableaux-anciens\/#article\",\"isPartOf\":{\"@id\":\"https:\/\/www.primardeco.com\/blog\/comprendre-dater-et-estimer-les-tableaux-anciens\/\"},\"author\":{\"name\":\"Anne de Colonges-Trotignon,\",\"@id\":\"https:\/\/www.primardeco.com\/blog\/#\/schema\/person\/7de13947a1930d4cdcc9da53f15a8bf6\"},\"headline\":\"Comprendre, dater et estimer les tableaux anciens\",\"datePublished\":\"2022-03-23T17:10:27+00:00\",\"dateModified\":\"2022-03-23T17:10:38+00:00\",\"mainEntityOfPage\":{\"@id\":\"https:\/\/www.primardeco.com\/blog\/comprendre-dater-et-estimer-les-tableaux-anciens\/\"},\"wordCount\":2121,\"publisher\":{\"@id\":\"https:\/\/www.primardeco.com\/blog\/#organization\"},\"image\":{\"@id\":\"https:\/\/www.primardeco.com\/blog\/comprendre-dater-et-estimer-les-tableaux-anciens\/#primaryimage\"},\"thumbnailUrl\":\"https:\/\/www.primardeco.com\/blog\/wp-content\/uploads\/2022\/03\/Tableaux-anciens.jpg\",\"keywords\":[\"Tableaux anciens\"],\"articleSection\":[\"Tableaux\"],\"inLanguage\":\"fr-FR\"},{\"@type\":\"WebPage\",\"@id\":\"https:\/\/www.primardeco.com\/blog\/comprendre-dater-et-estimer-les-tableaux-anciens\/\",\"url\":\"https:\/\/www.primardeco.com\/blog\/comprendre-dater-et-estimer-les-tableaux-anciens\/\",\"name\":\"Comprendre, dater et estimer les tableaux anciens | Primardeco - Blog\",\"isPartOf\":{\"@id\":\"https:\/\/www.primardeco.com\/blog\/#website\"},\"primaryImageOfPage\":{\"@id\":\"https:\/\/www.primardeco.com\/blog\/comprendre-dater-et-estimer-les-tableaux-anciens\/#primaryimage\"},\"image\":{\"@id\":\"https:\/\/www.primardeco.com\/blog\/comprendre-dater-et-estimer-les-tableaux-anciens\/#primaryimage\"},\"thumbnailUrl\":\"https:\/\/www.primardeco.com\/blog\/wp-content\/uploads\/2022\/03\/Tableaux-anciens.jpg\",\"datePublished\":\"2022-03-23T17:10:27+00:00\",\"dateModified\":\"2022-03-23T17:10:38+00:00\",\"description\":\"En savoir plus sur \\\"Comprendre, dater et estimer les tableaux anciens\\\", un sujet propos\u00e9 dans la cat\u00e9gorie Tableaux par l'\u00e9quipe Primardeco, sp\u00e9cialistes de l'expertise et de la vente aux ench\u00e8res d'art \u00e0 Toulouse.\",\"breadcrumb\":{\"@id\":\"https:\/\/www.primardeco.com\/blog\/comprendre-dater-et-estimer-les-tableaux-anciens\/#breadcrumb\"},\"inLanguage\":\"fr-FR\",\"potentialAction\":[{\"@type\":\"ReadAction\",\"target\":[\"https:\/\/www.primardeco.com\/blog\/comprendre-dater-et-estimer-les-tableaux-anciens\/\"]}]},{\"@type\":\"ImageObject\",\"inLanguage\":\"fr-FR\",\"@id\":\"https:\/\/www.primardeco.com\/blog\/comprendre-dater-et-estimer-les-tableaux-anciens\/#primaryimage\",\"url\":\"https:\/\/www.primardeco.com\/blog\/wp-content\/uploads\/2022\/03\/Tableaux-anciens.jpg\",\"contentUrl\":\"https:\/\/www.primardeco.com\/blog\/wp-content\/uploads\/2022\/03\/Tableaux-anciens.jpg\",\"width\":1800,\"height\":1200,\"caption\":\"Tableaux anciens\u00a9Primardeco\"},{\"@type\":\"BreadcrumbList\",\"@id\":\"https:\/\/www.primardeco.com\/blog\/comprendre-dater-et-estimer-les-tableaux-anciens\/#breadcrumb\",\"itemListElement\":[{\"@type\":\"ListItem\",\"position\":1,\"name\":\"Accueil\",\"item\":\"https:\/\/www.primardeco.com\/blog\/\"},{\"@type\":\"ListItem\",\"position\":2,\"name\":\"Comprendre, dater et estimer les tableaux anciens\"}]},{\"@type\":\"WebSite\",\"@id\":\"https:\/\/www.primardeco.com\/blog\/#website\",\"url\":\"https:\/\/www.primardeco.com\/blog\/\",\"name\":\"Primardeco - Blog\",\"description\":\"Expertises et Ventes aux ench\u00e8res\",\"publisher\":{\"@id\":\"https:\/\/www.primardeco.com\/blog\/#organization\"},\"potentialAction\":[{\"@type\":\"SearchAction\",\"target\":{\"@type\":\"EntryPoint\",\"urlTemplate\":\"https:\/\/www.primardeco.com\/blog\/?s={search_term_string}\"},\"query-input\":{\"@type\":\"PropertyValueSpecification\",\"valueRequired\":true,\"valueName\":\"search_term_string\"}}],\"inLanguage\":\"fr-FR\"},{\"@type\":\"Organization\",\"@id\":\"https:\/\/www.primardeco.com\/blog\/#organization\",\"name\":\"Le Blog Primardeco, Ventes aux Ench\u00e8res d'Art \u00e0 Toulouse\",\"url\":\"https:\/\/www.primardeco.com\/blog\/\",\"logo\":{\"@type\":\"ImageObject\",\"inLanguage\":\"fr-FR\",\"@id\":\"https:\/\/www.primardeco.com\/blog\/#\/schema\/logo\/image\/\",\"url\":\"https:\/\/www.primardeco.com\/blog\/wp-content\/uploads\/2021\/11\/logo-primardeco-blog.png\",\"contentUrl\":\"https:\/\/www.primardeco.com\/blog\/wp-content\/uploads\/2021\/11\/logo-primardeco-blog.png\",\"width\":282,\"height\":84,\"caption\":\"Le Blog Primardeco, Ventes aux Ench\u00e8res d'Art \u00e0 Toulouse\"},\"image\":{\"@id\":\"https:\/\/www.primardeco.com\/blog\/#\/schema\/logo\/image\/\"},\"sameAs\":[\"https:\/\/www.facebook.com\/Primardeco-275817602518624\/\",\"https:\/\/x.com\/PRIMARDECO\",\"https:\/\/www.instagram.com\/primardeco\/\"]},{\"@type\":\"Person\",\"@id\":\"https:\/\/www.primardeco.com\/blog\/#\/schema\/person\/7de13947a1930d4cdcc9da53f15a8bf6\",\"name\":\"Anne de Colonges-Trotignon,\",\"image\":{\"@type\":\"ImageObject\",\"inLanguage\":\"fr-FR\",\"@id\":\"https:\/\/www.primardeco.com\/blog\/#\/schema\/person\/image\/\",\"url\":\"https:\/\/secure.gravatar.com\/avatar\/853054ac9272b8d8231f62d5ba9a57c0838e74856b0112cb96fd18a428d1d335?s=96&d=mm&r=g\",\"contentUrl\":\"https:\/\/secure.gravatar.com\/avatar\/853054ac9272b8d8231f62d5ba9a57c0838e74856b0112cb96fd18a428d1d335?s=96&d=mm&r=g\",\"caption\":\"Anne de Colonges-Trotignon,\"},\"url\":\"https:\/\/www.primardeco.com\/blog\/author\/anne\/\"}]}<\/script>\n<!-- \/ Yoast SEO plugin. -->","yoast_head_json":{"title":"Comprendre, dater et estimer les tableaux anciens | Primardeco - Blog","description":"En savoir plus sur \"Comprendre, dater et estimer les tableaux anciens\", un sujet propos\u00e9 dans la cat\u00e9gorie Tableaux par l'\u00e9quipe Primardeco, sp\u00e9cialistes de l'expertise et de la vente aux ench\u00e8res d'art \u00e0 Toulouse.","robots":{"index":"index","follow":"follow","max-snippet":"max-snippet:-1","max-image-preview":"max-image-preview:large","max-video-preview":"max-video-preview:-1"},"canonical":"https:\/\/www.primardeco.com\/blog\/comprendre-dater-et-estimer-les-tableaux-anciens\/","og_locale":"fr_FR","og_type":"article","og_title":"Comprendre, dater et estimer les tableaux anciens | Primardeco - Blog","og_description":"En savoir plus sur \"Comprendre, dater et estimer les tableaux anciens\", un sujet propos\u00e9 dans la cat\u00e9gorie Tableaux par l'\u00e9quipe Primardeco, sp\u00e9cialistes de l'expertise et de la vente aux ench\u00e8res d'art \u00e0 Toulouse.","og_url":"https:\/\/www.primardeco.com\/blog\/comprendre-dater-et-estimer-les-tableaux-anciens\/","og_site_name":"Primardeco - Blog","article_publisher":"https:\/\/www.facebook.com\/Primardeco-275817602518624\/","article_published_time":"2022-03-23T17:10:27+00:00","article_modified_time":"2022-03-23T17:10:38+00:00","og_image":[{"width":1800,"height":1200,"url":"https:\/\/www.primardeco.com\/blog\/wp-content\/uploads\/2022\/03\/Tableaux-anciens.jpg","type":"image\/jpeg"}],"author":"Anne de Colonges-Trotignon,","twitter_card":"summary_large_image","twitter_creator":"@PRIMARDECO","twitter_site":"@PRIMARDECO","twitter_misc":{"\u00c9crit par":"Anne de Colonges-Trotignon,","Dur\u00e9e de lecture estim\u00e9e":"11 minutes"},"schema":{"@context":"https:\/\/schema.org","@graph":[{"@type":"Article","@id":"https:\/\/www.primardeco.com\/blog\/comprendre-dater-et-estimer-les-tableaux-anciens\/#article","isPartOf":{"@id":"https:\/\/www.primardeco.com\/blog\/comprendre-dater-et-estimer-les-tableaux-anciens\/"},"author":{"name":"Anne de Colonges-Trotignon,","@id":"https:\/\/www.primardeco.com\/blog\/#\/schema\/person\/7de13947a1930d4cdcc9da53f15a8bf6"},"headline":"Comprendre, dater et estimer les tableaux anciens","datePublished":"2022-03-23T17:10:27+00:00","dateModified":"2022-03-23T17:10:38+00:00","mainEntityOfPage":{"@id":"https:\/\/www.primardeco.com\/blog\/comprendre-dater-et-estimer-les-tableaux-anciens\/"},"wordCount":2121,"publisher":{"@id":"https:\/\/www.primardeco.com\/blog\/#organization"},"image":{"@id":"https:\/\/www.primardeco.com\/blog\/comprendre-dater-et-estimer-les-tableaux-anciens\/#primaryimage"},"thumbnailUrl":"https:\/\/www.primardeco.com\/blog\/wp-content\/uploads\/2022\/03\/Tableaux-anciens.jpg","keywords":["Tableaux anciens"],"articleSection":["Tableaux"],"inLanguage":"fr-FR"},{"@type":"WebPage","@id":"https:\/\/www.primardeco.com\/blog\/comprendre-dater-et-estimer-les-tableaux-anciens\/","url":"https:\/\/www.primardeco.com\/blog\/comprendre-dater-et-estimer-les-tableaux-anciens\/","name":"Comprendre, dater et estimer les tableaux anciens | Primardeco - Blog","isPartOf":{"@id":"https:\/\/www.primardeco.com\/blog\/#website"},"primaryImageOfPage":{"@id":"https:\/\/www.primardeco.com\/blog\/comprendre-dater-et-estimer-les-tableaux-anciens\/#primaryimage"},"image":{"@id":"https:\/\/www.primardeco.com\/blog\/comprendre-dater-et-estimer-les-tableaux-anciens\/#primaryimage"},"thumbnailUrl":"https:\/\/www.primardeco.com\/blog\/wp-content\/uploads\/2022\/03\/Tableaux-anciens.jpg","datePublished":"2022-03-23T17:10:27+00:00","dateModified":"2022-03-23T17:10:38+00:00","description":"En savoir plus sur \"Comprendre, dater et estimer les tableaux anciens\", un sujet propos\u00e9 dans la cat\u00e9gorie Tableaux par l'\u00e9quipe Primardeco, sp\u00e9cialistes de l'expertise et de la vente aux ench\u00e8res d'art \u00e0 Toulouse.","breadcrumb":{"@id":"https:\/\/www.primardeco.com\/blog\/comprendre-dater-et-estimer-les-tableaux-anciens\/#breadcrumb"},"inLanguage":"fr-FR","potentialAction":[{"@type":"ReadAction","target":["https:\/\/www.primardeco.com\/blog\/comprendre-dater-et-estimer-les-tableaux-anciens\/"]}]},{"@type":"ImageObject","inLanguage":"fr-FR","@id":"https:\/\/www.primardeco.com\/blog\/comprendre-dater-et-estimer-les-tableaux-anciens\/#primaryimage","url":"https:\/\/www.primardeco.com\/blog\/wp-content\/uploads\/2022\/03\/Tableaux-anciens.jpg","contentUrl":"https:\/\/www.primardeco.com\/blog\/wp-content\/uploads\/2022\/03\/Tableaux-anciens.jpg","width":1800,"height":1200,"caption":"Tableaux anciens\u00a9Primardeco"},{"@type":"BreadcrumbList","@id":"https:\/\/www.primardeco.com\/blog\/comprendre-dater-et-estimer-les-tableaux-anciens\/#breadcrumb","itemListElement":[{"@type":"ListItem","position":1,"name":"Accueil","item":"https:\/\/www.primardeco.com\/blog\/"},{"@type":"ListItem","position":2,"name":"Comprendre, dater et estimer les tableaux anciens"}]},{"@type":"WebSite","@id":"https:\/\/www.primardeco.com\/blog\/#website","url":"https:\/\/www.primardeco.com\/blog\/","name":"Primardeco - Blog","description":"Expertises et Ventes aux ench\u00e8res","publisher":{"@id":"https:\/\/www.primardeco.com\/blog\/#organization"},"potentialAction":[{"@type":"SearchAction","target":{"@type":"EntryPoint","urlTemplate":"https:\/\/www.primardeco.com\/blog\/?s={search_term_string}"},"query-input":{"@type":"PropertyValueSpecification","valueRequired":true,"valueName":"search_term_string"}}],"inLanguage":"fr-FR"},{"@type":"Organization","@id":"https:\/\/www.primardeco.com\/blog\/#organization","name":"Le Blog Primardeco, Ventes aux Ench\u00e8res d'Art \u00e0 Toulouse","url":"https:\/\/www.primardeco.com\/blog\/","logo":{"@type":"ImageObject","inLanguage":"fr-FR","@id":"https:\/\/www.primardeco.com\/blog\/#\/schema\/logo\/image\/","url":"https:\/\/www.primardeco.com\/blog\/wp-content\/uploads\/2021\/11\/logo-primardeco-blog.png","contentUrl":"https:\/\/www.primardeco.com\/blog\/wp-content\/uploads\/2021\/11\/logo-primardeco-blog.png","width":282,"height":84,"caption":"Le Blog Primardeco, Ventes aux Ench\u00e8res d'Art \u00e0 Toulouse"},"image":{"@id":"https:\/\/www.primardeco.com\/blog\/#\/schema\/logo\/image\/"},"sameAs":["https:\/\/www.facebook.com\/Primardeco-275817602518624\/","https:\/\/x.com\/PRIMARDECO","https:\/\/www.instagram.com\/primardeco\/"]},{"@type":"Person","@id":"https:\/\/www.primardeco.com\/blog\/#\/schema\/person\/7de13947a1930d4cdcc9da53f15a8bf6","name":"Anne de Colonges-Trotignon,","image":{"@type":"ImageObject","inLanguage":"fr-FR","@id":"https:\/\/www.primardeco.com\/blog\/#\/schema\/person\/image\/","url":"https:\/\/secure.gravatar.com\/avatar\/853054ac9272b8d8231f62d5ba9a57c0838e74856b0112cb96fd18a428d1d335?s=96&d=mm&r=g","contentUrl":"https:\/\/secure.gravatar.com\/avatar\/853054ac9272b8d8231f62d5ba9a57c0838e74856b0112cb96fd18a428d1d335?s=96&d=mm&r=g","caption":"Anne de Colonges-Trotignon,"},"url":"https:\/\/www.primardeco.com\/blog\/author\/anne\/"}]}},"_links":{"self":[{"href":"https:\/\/www.primardeco.com\/blog\/wp-json\/wp\/v2\/posts\/1379","targetHints":{"allow":["GET"]}}],"collection":[{"href":"https:\/\/www.primardeco.com\/blog\/wp-json\/wp\/v2\/posts"}],"about":[{"href":"https:\/\/www.primardeco.com\/blog\/wp-json\/wp\/v2\/types\/post"}],"author":[{"embeddable":true,"href":"https:\/\/www.primardeco.com\/blog\/wp-json\/wp\/v2\/users\/2"}],"replies":[{"embeddable":true,"href":"https:\/\/www.primardeco.com\/blog\/wp-json\/wp\/v2\/comments?post=1379"}],"version-history":[{"count":4,"href":"https:\/\/www.primardeco.com\/blog\/wp-json\/wp\/v2\/posts\/1379\/revisions"}],"predecessor-version":[{"id":1392,"href":"https:\/\/www.primardeco.com\/blog\/wp-json\/wp\/v2\/posts\/1379\/revisions\/1392"}],"wp:featuredmedia":[{"embeddable":true,"href":"https:\/\/www.primardeco.com\/blog\/wp-json\/wp\/v2\/media\/1391"}],"wp:attachment":[{"href":"https:\/\/www.primardeco.com\/blog\/wp-json\/wp\/v2\/media?parent=1379"}],"wp:term":[{"taxonomy":"category","embeddable":true,"href":"https:\/\/www.primardeco.com\/blog\/wp-json\/wp\/v2\/categories?post=1379"},{"taxonomy":"post_tag","embeddable":true,"href":"https:\/\/www.primardeco.com\/blog\/wp-json\/wp\/v2\/tags?post=1379"}],"curies":[{"name":"wp","href":"https:\/\/api.w.org\/{rel}","templated":true}]}}