{"id":1311,"date":"2022-03-18T16:12:36","date_gmt":"2022-03-18T15:12:36","guid":{"rendered":"https:\/\/www.primardeco.com\/blog\/?p=1311"},"modified":"2022-10-24T15:26:13","modified_gmt":"2022-10-24T13:26:13","slug":"petrus-pomerol-de-bordeaux-ou-lhistoire-dun-mythe","status":"publish","type":"post","link":"https:\/\/www.primardeco.com\/blog\/petrus-pomerol-de-bordeaux-ou-lhistoire-dun-mythe\/","title":{"rendered":"Petrus Pomerol de Bordeaux ou l&rsquo;histoire d&rsquo;un mythe"},"content":{"rendered":"<p>[et_pb_section fb_built=\u00a0\u00bb1&Prime; _builder_version=\u00a0\u00bb4.16&Prime; global_colors_info=\u00a0\u00bb{}\u00a0\u00bb][et_pb_row _builder_version=\u00a0\u00bb4.16&Prime; background_size=\u00a0\u00bbinitial\u00a0\u00bb background_position=\u00a0\u00bbtop_left\u00a0\u00bb background_repeat=\u00a0\u00bbrepeat\u00a0\u00bb global_colors_info=\u00a0\u00bb{}\u00a0\u00bb][et_pb_column type=\u00a0\u00bb4_4&Prime; _builder_version=\u00a0\u00bb4.16&Prime; custom_padding=\u00a0\u00bb|||\u00a0\u00bb global_colors_info=\u00a0\u00bb{}\u00a0\u00bb custom_padding__hover=\u00a0\u00bb|||\u00a0\u00bb][et_pb_text admin_label=\u00a0\u00bbIntro\u00a0\u00bb _builder_version=\u00a0\u00bb4.16&Prime; _module_preset=\u00a0\u00bbdefault\u00a0\u00bb custom_padding=\u00a0\u00bb1px|||||\u00a0\u00bb global_colors_info=\u00a0\u00bb{}\u00a0\u00bb]<em>Les <a href=\"https:\/\/www.primardeco.com\/vins-champagnes-et-spiritueux\/1-bouteille-chateau-petrus-pomerol-1989-bg-42857\">bouteilles de <strong>Petrus <\/strong><\/a>ont fait grimper les ench\u00e8res chez Primardeco ! Les r\u00e9cents r\u00e9sultats de la maison de vente t\u00e9moignent du succ\u00e8s aux <strong>ench\u00e8res<\/strong> de l\u2019un des vins les r\u00e9put\u00e9s et les plus chers de la plan\u00e8te qui a su trouver sa place au sein du prestigieux vignoble de Bordeaux : <strong>Petrus<\/strong> !<span class=\"Apple-converted-space\">\u00a0<\/span><\/em><br \/>\n[\/et_pb_text][et_pb_divider _builder_version=\u00a0\u00bb4.16&Prime; _module_preset=\u00a0\u00bbdefault\u00a0\u00bb global_colors_info=\u00a0\u00bb{}\u00a0\u00bb][\/et_pb_divider][\/et_pb_column][\/et_pb_row][et_pb_row _builder_version=\u00a0\u00bb4.16&Prime; _module_preset=\u00a0\u00bbdefault\u00a0\u00bb global_colors_info=\u00a0\u00bb{}\u00a0\u00bb][et_pb_column type=\u00a0\u00bb4_4&Prime; _builder_version=\u00a0\u00bb4.16&Prime; _module_preset=\u00a0\u00bbdefault\u00a0\u00bb global_colors_info=\u00a0\u00bb{}\u00a0\u00bb][et_pb_text _builder_version=\u00a0\u00bb4.16&Prime; _module_preset=\u00a0\u00bbdefault\u00a0\u00bb global_colors_info=\u00a0\u00bb{}\u00a0\u00bb]<\/p>\n<h2>Petrus, un grand cru de Bordeaux<\/h2>\n<p>&nbsp;<\/p>\n<p>Petrus est un tr\u00e8s<strong> grand vin de Bordeaux<\/strong> et l\u2019un des vins les plus connus et les plus prestigieux\u00a0de l\u2019appellation Pomerol.<span class=\"Apple-converted-space\">\u00a0<\/span><\/p>\n<p>S&rsquo;il ne figure sur aucune des <a href=\"https:\/\/www.primardeco.com\/blog\/les-grands-vins-de-bordeaux-histoire-cepage-grands-crus\/\"><strong>classifications officielles des Grands vins de Bordeaux<\/strong><\/a>, il est tout de m\u00eame consid\u00e9r\u00e9 comme un Grand cru class\u00e9 au m\u00eame titre que<strong> Ch\u00e2teau Margaux<\/strong>, <strong>Ch\u00e2teau Haut Brion<\/strong>, <strong>Ch\u00e2teau Latour<\/strong>, <strong>Ch\u00e2teau Mouton Rotschild<\/strong> ou les <strong>vins de Saint Emilion<\/strong> comme <strong>Ch\u00e2teau Cheval Blanc<\/strong>, <strong>Ch\u00e2teau Ausone<\/strong>\u2026<span class=\"Apple-converted-space\">\u00a0<\/span><\/p>\n<p>Contrairement \u00e0 nombre de Grands crus du Bordelais, Petrus n\u2019utilise pas l\u2019appellation ch\u00e2teau et son domaine n\u2019est d\u2019ailleurs pas rattach\u00e9 \u00e0 un ch\u00e2teau.<span class=\"Apple-converted-space\">\u00a0<\/span><br \/>\n[\/et_pb_text][\/et_pb_column][\/et_pb_row][et_pb_row column_structure=\u00a0\u00bb3_5,2_5&Prime; _builder_version=\u00a0\u00bb4.16&Prime; _module_preset=\u00a0\u00bbdefault\u00a0\u00bb global_colors_info=\u00a0\u00bb{}\u00a0\u00bb][et_pb_column type=\u00a0\u00bb3_5&Prime; _builder_version=\u00a0\u00bb4.16&Prime; _module_preset=\u00a0\u00bbdefault\u00a0\u00bb global_colors_info=\u00a0\u00bb{}\u00a0\u00bb][et_pb_text _builder_version=\u00a0\u00bb4.16&Prime; _module_preset=\u00a0\u00bbdefault\u00a0\u00bb global_colors_info=\u00a0\u00bb{}\u00a0\u00bb]<\/p>\n<h2>La cote de Petrus<span class=\"Apple-converted-space\">\u00a0<\/span><\/h2>\n<p>&nbsp;<\/p>\n<h2><\/h2>\n<p>&nbsp;<\/p>\n<p>Les <strong>Grands vins des Bordeaux<\/strong> rencontrent toujours un franc succ\u00e8s aux ench\u00e8res et Petrus ne d\u00e9roge pas \u00e0 la r\u00e8gle, reflet d\u2019une <strong>cote \u00e9lev\u00e9e<\/strong>.<span class=\"Apple-converted-space\">\u00a0<\/span><\/p>\n<p>&nbsp;<\/p>\n<p>Si Petrus doit faire face \u00e0 une concurrence chaque fois plus rude, le domaine parvient \u00e0 maintenir son rang et <strong>sa cote<\/strong>. En effet, consid\u00e9r\u00e9 par nombre d\u2019amateurs comme un <strong>investissement s\u00fbr et fiable<\/strong> dans le temps, sa valeur ne peut que s\u2019accroitre. Son immense potentiel de garde contribue ind\u00e9niablement \u00e0 sa popularit\u00e9.<br \/>\n[\/et_pb_text][\/et_pb_column][et_pb_column type=\u00a0\u00bb2_5&Prime; _builder_version=\u00a0\u00bb4.16&Prime; _module_preset=\u00a0\u00bbdefault\u00a0\u00bb global_colors_info=\u00a0\u00bb{}\u00a0\u00bb][et_pb_image src=\u00a0\u00bbhttps:\/\/www.primardeco.com\/blog\/wp-content\/uploads\/2022\/03\/Petrus-\u00a9Primardeco.jpg\u00a0\u00bb alt=\u00a0\u00bbP\u00e9trus \u00a9Primardeco\u00a0\u00bb title_text=\u00a0\u00bbP\u00e9trus \u00a9Primardeco\u00a0\u00bb _builder_version=\u00a0\u00bb4.16&Prime; _module_preset=\u00a0\u00bbdefault\u00a0\u00bb global_colors_info=\u00a0\u00bb{}\u00a0\u00bb][\/et_pb_image][\/et_pb_column][\/et_pb_row][et_pb_row _builder_version=\u00a0\u00bb4.16&Prime; _module_preset=\u00a0\u00bbdefault\u00a0\u00bb global_colors_info=\u00a0\u00bb{}\u00a0\u00bb][et_pb_column type=\u00a0\u00bb4_4&Prime; _builder_version=\u00a0\u00bb4.16&Prime; _module_preset=\u00a0\u00bbdefault\u00a0\u00bb global_colors_info=\u00a0\u00bb{}\u00a0\u00bb][et_pb_text _builder_version=\u00a0\u00bb4.16&Prime; _module_preset=\u00a0\u00bbdefault\u00a0\u00bb global_colors_info=\u00a0\u00bb{}\u00a0\u00bb]<\/p>\n<h2>Quel est le prix d\u2019une bouteille Petrus ?<span class=\"Apple-converted-space\">\u00a0<\/span><\/h2>\n<p>&nbsp;<\/p>\n<p>Petrus est actuellement l\u2019un des <strong>vins les plus chers au monde<\/strong>.<span class=\"Apple-converted-space\">\u00a0<\/span><\/p>\n<p>Son prix varie au gr\u00e8s des <strong>mill\u00e9simes<\/strong>. G\u00e9n\u00e9ralement, le prix d\u2019une bouteille de Petrus est estim\u00e9 aux alentours de 3 000\u20ac mais la fourchette de prix est large de 600 \u00e0 15 000\u20ac.<span class=\"Apple-converted-space\">\u00a0<\/span><\/p>\n<p>Lors de ventes aux ench\u00e8res d\u00e9di\u00e9es aux grands vins, les prix peuvent s\u2019envoler surtout lorsque ce sont de grands mill\u00e9simes qui sont pr\u00e9sent\u00e9s. En effet, Petrus a obtenu la fabuleuse note de <strong>100\/100<\/strong> par le critique le plus influent de tout les temps<strong> Robert Parker<\/strong> pour 9 mill\u00e9simes exceptionnels : 2010,2009 2000, 1990, 1989, 1961, 1947, 1929, 1921.<span class=\"Apple-converted-space\">\u00a0<\/span><\/p>\n<p>Voici les r\u00e9cents r\u00e9sultats de Primardeco pour des bouteilles de Petrus :<\/p>\n<p>&#8211; 1 bouteille de<a href=\"https:\/\/www.primardeco.com\/vins-champagnes-et-spiritueux\/1-bouteille-chateau-petrus-pomerol-1989-bg-42857\"> <strong>Petrus Pomerol 1989<\/strong>\u00a0<\/a>adjug\u00e9e 3 875\u20ac<\/p>\n<p>&#8211; 1 bouteille <a href=\"https:\/\/www.primardeco.com\/vins-champagnes-et-spiritueux\/1-bouteille-chateau-petrus-pomerol-1985-bg-etla-42833\"><strong>Petrus Pomerol 1985<\/strong> <\/a>adjug\u00e9e 1 900\u20ac<\/p>\n<p>&#8211; 1 bouteille <a href=\"https:\/\/www.primardeco.com\/vins-champagnes-et-spiritueux\/1-bouteille-petrus-pomerol-1979-bg-42809\"><strong>Petrus Pomerol 1979 <\/strong><\/a>adjug\u00e9e 1 690\u20ac<\/p>\n<p>L\u2019<a href=\"https:\/\/www.primardeco.com\/expertise\/vins-champagnes-et-spiritueux\/\"><strong>estimation d\u2019une bouteille de Petrus<\/strong><\/a> peut donc s&rsquo;av\u00e9rer complexe et faire appel \u00e0 un expert est indispensable pour pouvoir la vendre sur le march\u00e9 au juste prix.<span class=\"Apple-converted-space\">\u00a0<\/span><\/p>\n<p>&nbsp;<br \/>\n[\/et_pb_text][\/et_pb_column][\/et_pb_row][et_pb_row _builder_version=\u00a0\u00bb4.16&Prime; _module_preset=\u00a0\u00bbdefault\u00a0\u00bb global_colors_info=\u00a0\u00bb{}\u00a0\u00bb][et_pb_column type=\u00a0\u00bb4_4&Prime; _builder_version=\u00a0\u00bb4.16&Prime; _module_preset=\u00a0\u00bbdefault\u00a0\u00bb global_colors_info=\u00a0\u00bb{}\u00a0\u00bb][et_pb_text _builder_version=\u00a0\u00bb4.16&Prime; _module_preset=\u00a0\u00bbdefault\u00a0\u00bb global_colors_info=\u00a0\u00bb{}\u00a0\u00bb]<\/p>\n<h2>O\u00f9 est Petrus ?<span class=\"Apple-converted-space\">\u00a0<\/span><\/h2>\n<p>&nbsp;<\/p>\n<p>Le <strong>domaine Petrus<\/strong> d\u2019environ 11,4 hectares est situ\u00e9 en plein coeur de l\u2019<strong>appellation Pomerol<\/strong> sur la Rive droite du vignoble Bordelais. Si Pomerol est l\u2019une des plus petites appellations du Bordelais, c\u2019est aussi l\u2019une des plus r\u00e9put\u00e9es au monde et Petrus est sans aucun doute son vin le plus c\u00e9l\u00e8bre.<\/p>\n<p>A l\u2019image du vignoble Bordelais, caract\u00e9ris\u00e9 par un terroir d\u2019une tr\u00e8s grande richesse, les terres de Petrus ont leurs propres caract\u00e9ristiques qui fondent ind\u00e9niablement la singularit\u00e9 de ce<strong> vin rouge<\/strong>.<span class=\"Apple-converted-space\">\u00a0<\/span><\/p>\n<p>Trois types de sols composent le domaine: graves, salles et les argiles bleues. La pr\u00e9sence d\u2019argiles bleues rend les <strong>sols de Petrus<\/strong> unique. En effet, particuli\u00e8rement riches en fer, les argiles bleues ont une capacit\u00e9 de stockage de l\u2019eau importante permettant de nourrir la terre m\u00eame en p\u00e9riodes arides. Elles fondent la <strong>singularit\u00e9 des vins de Petrus.<\/strong><br \/>\n[\/et_pb_text][\/et_pb_column][\/et_pb_row][et_pb_row _builder_version=\u00a0\u00bb4.16&Prime; _module_preset=\u00a0\u00bbdefault\u00a0\u00bb global_colors_info=\u00a0\u00bb{}\u00a0\u00bb][et_pb_column type=\u00a0\u00bb4_4&Prime; _builder_version=\u00a0\u00bb4.16&Prime; _module_preset=\u00a0\u00bbdefault\u00a0\u00bb global_colors_info=\u00a0\u00bb{}\u00a0\u00bb][et_pb_image src=\u00a0\u00bbhttps:\/\/www.primardeco.com\/blog\/wp-content\/uploads\/2022\/03\/Petrus.jpeg\u00a0\u00bb title_text=\u00a0\u00bbPetrus\u00a0\u00bb _builder_version=\u00a0\u00bb4.16&Prime; _module_preset=\u00a0\u00bbdefault\u00a0\u00bb global_colors_info=\u00a0\u00bb{}\u00a0\u00bb][\/et_pb_image][\/et_pb_column][\/et_pb_row][et_pb_row _builder_version=\u00a0\u00bb4.16&Prime; _module_preset=\u00a0\u00bbdefault\u00a0\u00bb global_colors_info=\u00a0\u00bb{}\u00a0\u00bb][et_pb_column type=\u00a0\u00bb4_4&Prime; _builder_version=\u00a0\u00bb4.16&Prime; _module_preset=\u00a0\u00bbdefault\u00a0\u00bb global_colors_info=\u00a0\u00bb{}\u00a0\u00bb][et_pb_text _builder_version=\u00a0\u00bb4.16&Prime; _module_preset=\u00a0\u00bbdefault\u00a0\u00bb global_colors_info=\u00a0\u00bb{}\u00a0\u00bb]<\/p>\n<h2>Quel est le c\u00e9page de Petrus ?<\/h2>\n<p>&nbsp;<\/p>\n<p>Petrus ne produit qu\u2019un seul <strong>vin rouge de Bordeaux<\/strong>.Le domaine est en <strong>monoc\u00e9page<\/strong> c\u2019est-\u00e0-dire que l\u2019enc\u00e9pagement est constitu\u00e9 \u00e0 100% de <strong>Merlot<\/strong>. Ce parti pris fonde la singularit\u00e9 des vins de Petrus.<\/p>\n<p>L\u2019\u00e2ge moyen des vignes est de 40 ans et 30 000 bouteilles sont produites en moyenne par an.<span class=\"Apple-converted-space\">\u00a0<\/span><br \/>\n[\/et_pb_text][\/et_pb_column][\/et_pb_row][et_pb_row _builder_version=\u00a0\u00bb4.16&Prime; _module_preset=\u00a0\u00bbdefault\u00a0\u00bb custom_padding=\u00a0\u00bb|||4px||\u00a0\u00bb global_colors_info=\u00a0\u00bb{}\u00a0\u00bb][et_pb_column type=\u00a0\u00bb4_4&Prime; _builder_version=\u00a0\u00bb4.16&Prime; _module_preset=\u00a0\u00bbdefault\u00a0\u00bb global_colors_info=\u00a0\u00bb{}\u00a0\u00bb][et_pb_text _builder_version=\u00a0\u00bb4.16&Prime; _module_preset=\u00a0\u00bbdefault\u00a0\u00bb global_colors_info=\u00a0\u00bb{}\u00a0\u00bb]<\/p>\n<h2>Edmonde Loubat &amp; Jean Pierre Moueix, figures embl\u00e9matiques de Petrus<\/h2>\n<p>&nbsp;<\/p>\n<h3>1. Edmonde Loubat<\/h3>\n<p>&nbsp;<\/p>\n<p>Propri\u00e9taire d\u2019une petite auberge \u00e0 <strong>Libourne<\/strong>, Edmonde Loubat d\u00e9couvre le domaine viticole et y voit tout de suite son haut potentiel. Progressivement, elle rach\u00e8te <strong>les parts de Petrus<\/strong> et en devient l\u2019unique propri\u00e9taire en 1945.<span class=\"Apple-converted-space\">\u00a0<\/span><\/p>\n<p>A force de travail, de volont\u00e9 et d\u2019une bonne dose de culot, elle parvient \u00e0 \u00e9lever Petrus au niveau des <strong>Grands crus de Bordeaux de la Rive Gauche<\/strong>. Elle r\u00e9ussit m\u00eame \u00e0 servir son vin lors du couronnement d\u2019Elisabeth II.<span class=\"Apple-converted-space\">\u00a0<\/span><\/p>\n<p>Tr\u00e8s rapidement, elle confie la partie commerciale du domaine \u00e0 une autre figure embl\u00e9matique dans l\u2019histoire du domaine :<span class=\"Apple-converted-space\">\u00a0<\/span>le n\u00e9gociant <strong>Jean Pierre Moueix.<\/strong><span class=\"Apple-converted-space\">\u00a0<\/span><\/p>\n<p>&nbsp;<\/p>\n<h3>2. Jean Pierre Moueix<span class=\"Apple-converted-space\">\u00a0<\/span><\/h3>\n<p>&nbsp;<\/p>\n<p><strong>Jean Pierre Moueix<\/strong>, n\u00e9gociant de Petrus assoit d\u00e9finitivement la r\u00e9putation du domaine en France, mais aussi \u00e0 l\u2019\u00e9tranger. Il parvient m\u00eame \u00e0 faire de Petrus le vin pr\u00e9f\u00e9r\u00e9 de la famille <strong>Kennedy<\/strong>.<\/p>\n<p>Fin commer\u00e7ant, il structure la vente des bouteilles Petrus et en fait un mythe. La maison de n\u00e9goce Jean Pierre Moueix en devient propri\u00e9taire en 1969.<span class=\"Apple-converted-space\">\u00a0<\/span><br \/>\n[\/et_pb_text][\/et_pb_column][\/et_pb_row][et_pb_row _builder_version=\u00a0\u00bb4.16&Prime; _module_preset=\u00a0\u00bbdefault\u00a0\u00bb global_colors_info=\u00a0\u00bb{}\u00a0\u00bb][et_pb_column type=\u00a0\u00bb4_4&Prime; _builder_version=\u00a0\u00bb4.16&Prime; _module_preset=\u00a0\u00bbdefault\u00a0\u00bb global_colors_info=\u00a0\u00bb{}\u00a0\u00bb][et_pb_text _builder_version=\u00a0\u00bb4.16&Prime; _module_preset=\u00a0\u00bbdefault\u00a0\u00bb global_colors_info=\u00a0\u00bb{}\u00a0\u00bb]<\/p>\n<h2>Petrus, aujourd\u2019hui<\/h2>\n<p>&nbsp;<\/p>\n<p>Petrus est encore aujourd\u2019hui le vin le plus connu et \u00e9galement le plus pris\u00e9 de l\u2019<strong>appellation Pomerol<\/strong>.<span class=\"Apple-converted-space\">\u00a0<\/span><\/p>\n<p>Propri\u00e9t\u00e9 de la <strong>famille Moueix<\/strong> depuis plus d\u2019un demi-si\u00e8cle, le domaine est actuellement dirig\u00e9 par <strong>Olivier Berrouet<\/strong> qui a succ\u00e9d\u00e9 \u00e0 son p\u00e8re <strong>Jean Claude Berrouet<\/strong>. En 2018, l\u2019entrepreneur am\u00e9ricain d\u2019origine colombienne <strong>Alejandro Santo Domingo<\/strong> acquiert 20% du capital de Petrus.<span class=\"Apple-converted-space\">\u00a0<\/span><br \/>\n[\/et_pb_text][\/et_pb_column][\/et_pb_row][et_pb_row _builder_version=\u00a0\u00bb4.16&Prime; _module_preset=\u00a0\u00bbdefault\u00a0\u00bb global_colors_info=\u00a0\u00bb{}\u00a0\u00bb][et_pb_column type=\u00a0\u00bb4_4&Prime; _builder_version=\u00a0\u00bb4.16&Prime; _module_preset=\u00a0\u00bbdefault\u00a0\u00bb global_colors_info=\u00a0\u00bb{}\u00a0\u00bb][et_pb_text _builder_version=\u00a0\u00bb4.16&Prime; _module_preset=\u00a0\u00bbdefault\u00a0\u00bb global_colors_info=\u00a0\u00bb{}\u00a0\u00bb]<em>Une histoire passionnante, des vins exceptionnels et un terroir unique : tels sont les \u00e9l\u00e9ments qui expliquent le succ\u00e8s des <strong>vins de Petrus aux ench\u00e8res<\/strong>.<span class=\"Apple-converted-space\">\u00a0<\/span><\/em><em>Ces r\u00e9sultats exceptionnels sont le reflet d&rsquo;un <a href=\"https:\/\/www.primardeco.com\/blog\/vins-champagnes-et-alcools-anciens-primardeco-un-acteur-majeur-dans-un-marche-en-plein-expansion\/\"><strong>march\u00e9 de vins, champagne &amp; spiritueux<\/strong><\/a> extr\u00eamement dynamique.<\/em><br \/>\n[\/et_pb_text][\/et_pb_column][\/et_pb_row][\/et_pb_section]<\/p>\n","protected":false},"excerpt":{"rendered":"<p>Les bouteilles de Petrus ont fait grimper les ench\u00e8res chez Primardeco ! Les r\u00e9cents r\u00e9sultats de la maison de vente t\u00e9moignent du succ\u00e8s aux ench\u00e8res de l\u2019un des vins les r\u00e9put\u00e9s et les plus chers de la plan\u00e8te qui a su trouver sa place au sein du prestigieux vignoble de Bordeaux : Petrus !\u00a0 Petrus, [&hellip;]<\/p>\n","protected":false},"author":2,"featured_media":1330,"comment_status":"closed","ping_status":"closed","sticky":false,"template":"","format":"standard","meta":{"_et_pb_use_builder":"on","_et_pb_old_content":"","_et_gb_content_width":"","footnotes":""},"categories":[5],"tags":[46,48,15],"class_list":["post-1311","post","type-post","status-publish","format-standard","has-post-thumbnail","hentry","category-vins-champagnes-spiritueux","tag-grands-vins-de-bordeaux","tag-petrus","tag-resultats-ventes-encheres"],"yoast_head":"<!-- This site is optimized with the Yoast SEO plugin v25.6 - https:\/\/yoast.com\/wordpress\/plugins\/seo\/ -->\n<title>Petrus Pomerol de Bordeaux ou l&#039;histoire d&#039;un mythe | Primardeco - Blog<\/title>\n<meta name=\"description\" content=\"En savoir plus sur &quot;Petrus Pomerol de Bordeaux ou l&#039;histoire d&#039;un mythe&quot;, un sujet propos\u00e9 dans la cat\u00e9gorie Vins, champagnes &amp; spiritueux par l&#039;\u00e9quipe Primardeco, sp\u00e9cialistes de l&#039;expertise et de la vente aux ench\u00e8res d&#039;art \u00e0 Toulouse.\" \/>\n<meta name=\"robots\" content=\"index, follow, max-snippet:-1, max-image-preview:large, max-video-preview:-1\" \/>\n<link rel=\"canonical\" href=\"https:\/\/www.primardeco.com\/blog\/petrus-pomerol-de-bordeaux-ou-lhistoire-dun-mythe\/\" \/>\n<meta property=\"og:locale\" content=\"fr_FR\" \/>\n<meta property=\"og:type\" content=\"article\" \/>\n<meta property=\"og:title\" content=\"Petrus Pomerol de Bordeaux ou l&#039;histoire d&#039;un mythe | Primardeco - Blog\" \/>\n<meta property=\"og:description\" content=\"En savoir plus sur &quot;Petrus Pomerol de Bordeaux ou l&#039;histoire d&#039;un mythe&quot;, un sujet propos\u00e9 dans la cat\u00e9gorie Vins, champagnes &amp; spiritueux par l&#039;\u00e9quipe Primardeco, sp\u00e9cialistes de l&#039;expertise et de la vente aux ench\u00e8res d&#039;art \u00e0 Toulouse.\" \/>\n<meta property=\"og:url\" content=\"https:\/\/www.primardeco.com\/blog\/petrus-pomerol-de-bordeaux-ou-lhistoire-dun-mythe\/\" \/>\n<meta property=\"og:site_name\" content=\"Primardeco - Blog\" \/>\n<meta property=\"article:publisher\" content=\"https:\/\/www.facebook.com\/Primardeco-275817602518624\/\" \/>\n<meta property=\"article:published_time\" content=\"2022-03-18T15:12:36+00:00\" \/>\n<meta property=\"article:modified_time\" content=\"2022-10-24T13:26:13+00:00\" \/>\n<meta property=\"og:image\" content=\"https:\/\/www.primardeco.com\/blog\/wp-content\/uploads\/2022\/03\/Petrus-Pomerol-Bordeaux-\u00a9Primardeco.jpg\" \/>\n\t<meta property=\"og:image:width\" content=\"1564\" \/>\n\t<meta property=\"og:image:height\" content=\"1564\" \/>\n\t<meta property=\"og:image:type\" content=\"image\/jpeg\" \/>\n<meta name=\"author\" content=\"Anne de Colonges-Trotignon,\" \/>\n<meta name=\"twitter:card\" content=\"summary_large_image\" \/>\n<meta name=\"twitter:creator\" content=\"@PRIMARDECO\" \/>\n<meta name=\"twitter:site\" content=\"@PRIMARDECO\" \/>\n<meta name=\"twitter:label1\" content=\"\u00c9crit par\" \/>\n\t<meta name=\"twitter:data1\" content=\"Anne de Colonges-Trotignon,\" \/>\n\t<meta name=\"twitter:label2\" content=\"Dur\u00e9e de lecture estim\u00e9e\" \/>\n\t<meta name=\"twitter:data2\" content=\"6 minutes\" \/>\n<script type=\"application\/ld+json\" class=\"yoast-schema-graph\">{\"@context\":\"https:\/\/schema.org\",\"@graph\":[{\"@type\":\"Article\",\"@id\":\"https:\/\/www.primardeco.com\/blog\/petrus-pomerol-de-bordeaux-ou-lhistoire-dun-mythe\/#article\",\"isPartOf\":{\"@id\":\"https:\/\/www.primardeco.com\/blog\/petrus-pomerol-de-bordeaux-ou-lhistoire-dun-mythe\/\"},\"author\":{\"name\":\"Anne de Colonges-Trotignon,\",\"@id\":\"https:\/\/www.primardeco.com\/blog\/#\/schema\/person\/7de13947a1930d4cdcc9da53f15a8bf6\"},\"headline\":\"Petrus Pomerol de Bordeaux ou l&rsquo;histoire d&rsquo;un mythe\",\"datePublished\":\"2022-03-18T15:12:36+00:00\",\"dateModified\":\"2022-10-24T13:26:13+00:00\",\"mainEntityOfPage\":{\"@id\":\"https:\/\/www.primardeco.com\/blog\/petrus-pomerol-de-bordeaux-ou-lhistoire-dun-mythe\/\"},\"wordCount\":1514,\"publisher\":{\"@id\":\"https:\/\/www.primardeco.com\/blog\/#organization\"},\"image\":{\"@id\":\"https:\/\/www.primardeco.com\/blog\/petrus-pomerol-de-bordeaux-ou-lhistoire-dun-mythe\/#primaryimage\"},\"thumbnailUrl\":\"https:\/\/www.primardeco.com\/blog\/wp-content\/uploads\/2022\/03\/Petrus-Pomerol-Bordeaux-\u00a9Primardeco.jpg\",\"keywords\":[\"grands vins de Bordeaux\",\"Petrus\",\"r\u00e9sultats de ventes aux ench\u00e8res\"],\"articleSection\":[\"Vins, champagnes &amp; spiritueux\"],\"inLanguage\":\"fr-FR\"},{\"@type\":\"WebPage\",\"@id\":\"https:\/\/www.primardeco.com\/blog\/petrus-pomerol-de-bordeaux-ou-lhistoire-dun-mythe\/\",\"url\":\"https:\/\/www.primardeco.com\/blog\/petrus-pomerol-de-bordeaux-ou-lhistoire-dun-mythe\/\",\"name\":\"Petrus Pomerol de Bordeaux ou l'histoire d'un mythe | Primardeco - Blog\",\"isPartOf\":{\"@id\":\"https:\/\/www.primardeco.com\/blog\/#website\"},\"primaryImageOfPage\":{\"@id\":\"https:\/\/www.primardeco.com\/blog\/petrus-pomerol-de-bordeaux-ou-lhistoire-dun-mythe\/#primaryimage\"},\"image\":{\"@id\":\"https:\/\/www.primardeco.com\/blog\/petrus-pomerol-de-bordeaux-ou-lhistoire-dun-mythe\/#primaryimage\"},\"thumbnailUrl\":\"https:\/\/www.primardeco.com\/blog\/wp-content\/uploads\/2022\/03\/Petrus-Pomerol-Bordeaux-\u00a9Primardeco.jpg\",\"datePublished\":\"2022-03-18T15:12:36+00:00\",\"dateModified\":\"2022-10-24T13:26:13+00:00\",\"description\":\"En savoir plus sur \\\"Petrus Pomerol de Bordeaux ou l'histoire d'un mythe\\\", un sujet propos\u00e9 dans la cat\u00e9gorie Vins, champagnes &amp; spiritueux par l'\u00e9quipe Primardeco, sp\u00e9cialistes de l'expertise et de la vente aux ench\u00e8res d'art \u00e0 Toulouse.\",\"breadcrumb\":{\"@id\":\"https:\/\/www.primardeco.com\/blog\/petrus-pomerol-de-bordeaux-ou-lhistoire-dun-mythe\/#breadcrumb\"},\"inLanguage\":\"fr-FR\",\"potentialAction\":[{\"@type\":\"ReadAction\",\"target\":[\"https:\/\/www.primardeco.com\/blog\/petrus-pomerol-de-bordeaux-ou-lhistoire-dun-mythe\/\"]}]},{\"@type\":\"ImageObject\",\"inLanguage\":\"fr-FR\",\"@id\":\"https:\/\/www.primardeco.com\/blog\/petrus-pomerol-de-bordeaux-ou-lhistoire-dun-mythe\/#primaryimage\",\"url\":\"https:\/\/www.primardeco.com\/blog\/wp-content\/uploads\/2022\/03\/Petrus-Pomerol-Bordeaux-\u00a9Primardeco.jpg\",\"contentUrl\":\"https:\/\/www.primardeco.com\/blog\/wp-content\/uploads\/2022\/03\/Petrus-Pomerol-Bordeaux-\u00a9Primardeco.jpg\",\"width\":1564,\"height\":1564,\"caption\":\"Petrus - Pomerol Bordeaux \u00a9Primardeco\"},{\"@type\":\"BreadcrumbList\",\"@id\":\"https:\/\/www.primardeco.com\/blog\/petrus-pomerol-de-bordeaux-ou-lhistoire-dun-mythe\/#breadcrumb\",\"itemListElement\":[{\"@type\":\"ListItem\",\"position\":1,\"name\":\"Accueil\",\"item\":\"https:\/\/www.primardeco.com\/blog\/\"},{\"@type\":\"ListItem\",\"position\":2,\"name\":\"Petrus Pomerol de Bordeaux ou l&rsquo;histoire d&rsquo;un mythe\"}]},{\"@type\":\"WebSite\",\"@id\":\"https:\/\/www.primardeco.com\/blog\/#website\",\"url\":\"https:\/\/www.primardeco.com\/blog\/\",\"name\":\"Primardeco - Blog\",\"description\":\"Expertises et Ventes aux ench\u00e8res\",\"publisher\":{\"@id\":\"https:\/\/www.primardeco.com\/blog\/#organization\"},\"potentialAction\":[{\"@type\":\"SearchAction\",\"target\":{\"@type\":\"EntryPoint\",\"urlTemplate\":\"https:\/\/www.primardeco.com\/blog\/?s={search_term_string}\"},\"query-input\":{\"@type\":\"PropertyValueSpecification\",\"valueRequired\":true,\"valueName\":\"search_term_string\"}}],\"inLanguage\":\"fr-FR\"},{\"@type\":\"Organization\",\"@id\":\"https:\/\/www.primardeco.com\/blog\/#organization\",\"name\":\"Le Blog Primardeco, Ventes aux Ench\u00e8res d'Art \u00e0 Toulouse\",\"url\":\"https:\/\/www.primardeco.com\/blog\/\",\"logo\":{\"@type\":\"ImageObject\",\"inLanguage\":\"fr-FR\",\"@id\":\"https:\/\/www.primardeco.com\/blog\/#\/schema\/logo\/image\/\",\"url\":\"https:\/\/www.primardeco.com\/blog\/wp-content\/uploads\/2021\/11\/logo-primardeco-blog.png\",\"contentUrl\":\"https:\/\/www.primardeco.com\/blog\/wp-content\/uploads\/2021\/11\/logo-primardeco-blog.png\",\"width\":282,\"height\":84,\"caption\":\"Le Blog Primardeco, Ventes aux Ench\u00e8res d'Art \u00e0 Toulouse\"},\"image\":{\"@id\":\"https:\/\/www.primardeco.com\/blog\/#\/schema\/logo\/image\/\"},\"sameAs\":[\"https:\/\/www.facebook.com\/Primardeco-275817602518624\/\",\"https:\/\/x.com\/PRIMARDECO\",\"https:\/\/www.instagram.com\/primardeco\/\"]},{\"@type\":\"Person\",\"@id\":\"https:\/\/www.primardeco.com\/blog\/#\/schema\/person\/7de13947a1930d4cdcc9da53f15a8bf6\",\"name\":\"Anne de Colonges-Trotignon,\",\"image\":{\"@type\":\"ImageObject\",\"inLanguage\":\"fr-FR\",\"@id\":\"https:\/\/www.primardeco.com\/blog\/#\/schema\/person\/image\/\",\"url\":\"https:\/\/secure.gravatar.com\/avatar\/853054ac9272b8d8231f62d5ba9a57c0838e74856b0112cb96fd18a428d1d335?s=96&d=mm&r=g\",\"contentUrl\":\"https:\/\/secure.gravatar.com\/avatar\/853054ac9272b8d8231f62d5ba9a57c0838e74856b0112cb96fd18a428d1d335?s=96&d=mm&r=g\",\"caption\":\"Anne de Colonges-Trotignon,\"},\"url\":\"https:\/\/www.primardeco.com\/blog\/author\/anne\/\"}]}<\/script>\n<!-- \/ Yoast SEO plugin. -->","yoast_head_json":{"title":"Petrus Pomerol de Bordeaux ou l'histoire d'un mythe | Primardeco - Blog","description":"En savoir plus sur \"Petrus Pomerol de Bordeaux ou l'histoire d'un mythe\", un sujet propos\u00e9 dans la cat\u00e9gorie Vins, champagnes &amp; spiritueux par l'\u00e9quipe Primardeco, sp\u00e9cialistes de l'expertise et de la vente aux ench\u00e8res d'art \u00e0 Toulouse.","robots":{"index":"index","follow":"follow","max-snippet":"max-snippet:-1","max-image-preview":"max-image-preview:large","max-video-preview":"max-video-preview:-1"},"canonical":"https:\/\/www.primardeco.com\/blog\/petrus-pomerol-de-bordeaux-ou-lhistoire-dun-mythe\/","og_locale":"fr_FR","og_type":"article","og_title":"Petrus Pomerol de Bordeaux ou l'histoire d'un mythe | Primardeco - Blog","og_description":"En savoir plus sur \"Petrus Pomerol de Bordeaux ou l'histoire d'un mythe\", un sujet propos\u00e9 dans la cat\u00e9gorie Vins, champagnes &amp; spiritueux par l'\u00e9quipe Primardeco, sp\u00e9cialistes de l'expertise et de la vente aux ench\u00e8res d'art \u00e0 Toulouse.","og_url":"https:\/\/www.primardeco.com\/blog\/petrus-pomerol-de-bordeaux-ou-lhistoire-dun-mythe\/","og_site_name":"Primardeco - Blog","article_publisher":"https:\/\/www.facebook.com\/Primardeco-275817602518624\/","article_published_time":"2022-03-18T15:12:36+00:00","article_modified_time":"2022-10-24T13:26:13+00:00","og_image":[{"width":1564,"height":1564,"url":"https:\/\/www.primardeco.com\/blog\/wp-content\/uploads\/2022\/03\/Petrus-Pomerol-Bordeaux-\u00a9Primardeco.jpg","type":"image\/jpeg"}],"author":"Anne de Colonges-Trotignon,","twitter_card":"summary_large_image","twitter_creator":"@PRIMARDECO","twitter_site":"@PRIMARDECO","twitter_misc":{"\u00c9crit par":"Anne de Colonges-Trotignon,","Dur\u00e9e de lecture estim\u00e9e":"6 minutes"},"schema":{"@context":"https:\/\/schema.org","@graph":[{"@type":"Article","@id":"https:\/\/www.primardeco.com\/blog\/petrus-pomerol-de-bordeaux-ou-lhistoire-dun-mythe\/#article","isPartOf":{"@id":"https:\/\/www.primardeco.com\/blog\/petrus-pomerol-de-bordeaux-ou-lhistoire-dun-mythe\/"},"author":{"name":"Anne de Colonges-Trotignon,","@id":"https:\/\/www.primardeco.com\/blog\/#\/schema\/person\/7de13947a1930d4cdcc9da53f15a8bf6"},"headline":"Petrus Pomerol de Bordeaux ou l&rsquo;histoire d&rsquo;un mythe","datePublished":"2022-03-18T15:12:36+00:00","dateModified":"2022-10-24T13:26:13+00:00","mainEntityOfPage":{"@id":"https:\/\/www.primardeco.com\/blog\/petrus-pomerol-de-bordeaux-ou-lhistoire-dun-mythe\/"},"wordCount":1514,"publisher":{"@id":"https:\/\/www.primardeco.com\/blog\/#organization"},"image":{"@id":"https:\/\/www.primardeco.com\/blog\/petrus-pomerol-de-bordeaux-ou-lhistoire-dun-mythe\/#primaryimage"},"thumbnailUrl":"https:\/\/www.primardeco.com\/blog\/wp-content\/uploads\/2022\/03\/Petrus-Pomerol-Bordeaux-\u00a9Primardeco.jpg","keywords":["grands vins de Bordeaux","Petrus","r\u00e9sultats de ventes aux ench\u00e8res"],"articleSection":["Vins, champagnes &amp; spiritueux"],"inLanguage":"fr-FR"},{"@type":"WebPage","@id":"https:\/\/www.primardeco.com\/blog\/petrus-pomerol-de-bordeaux-ou-lhistoire-dun-mythe\/","url":"https:\/\/www.primardeco.com\/blog\/petrus-pomerol-de-bordeaux-ou-lhistoire-dun-mythe\/","name":"Petrus Pomerol de Bordeaux ou l'histoire d'un mythe | Primardeco - Blog","isPartOf":{"@id":"https:\/\/www.primardeco.com\/blog\/#website"},"primaryImageOfPage":{"@id":"https:\/\/www.primardeco.com\/blog\/petrus-pomerol-de-bordeaux-ou-lhistoire-dun-mythe\/#primaryimage"},"image":{"@id":"https:\/\/www.primardeco.com\/blog\/petrus-pomerol-de-bordeaux-ou-lhistoire-dun-mythe\/#primaryimage"},"thumbnailUrl":"https:\/\/www.primardeco.com\/blog\/wp-content\/uploads\/2022\/03\/Petrus-Pomerol-Bordeaux-\u00a9Primardeco.jpg","datePublished":"2022-03-18T15:12:36+00:00","dateModified":"2022-10-24T13:26:13+00:00","description":"En savoir plus sur \"Petrus Pomerol de Bordeaux ou l'histoire d'un mythe\", un sujet propos\u00e9 dans la cat\u00e9gorie Vins, champagnes &amp; spiritueux par l'\u00e9quipe Primardeco, sp\u00e9cialistes de l'expertise et de la vente aux ench\u00e8res d'art \u00e0 Toulouse.","breadcrumb":{"@id":"https:\/\/www.primardeco.com\/blog\/petrus-pomerol-de-bordeaux-ou-lhistoire-dun-mythe\/#breadcrumb"},"inLanguage":"fr-FR","potentialAction":[{"@type":"ReadAction","target":["https:\/\/www.primardeco.com\/blog\/petrus-pomerol-de-bordeaux-ou-lhistoire-dun-mythe\/"]}]},{"@type":"ImageObject","inLanguage":"fr-FR","@id":"https:\/\/www.primardeco.com\/blog\/petrus-pomerol-de-bordeaux-ou-lhistoire-dun-mythe\/#primaryimage","url":"https:\/\/www.primardeco.com\/blog\/wp-content\/uploads\/2022\/03\/Petrus-Pomerol-Bordeaux-\u00a9Primardeco.jpg","contentUrl":"https:\/\/www.primardeco.com\/blog\/wp-content\/uploads\/2022\/03\/Petrus-Pomerol-Bordeaux-\u00a9Primardeco.jpg","width":1564,"height":1564,"caption":"Petrus - Pomerol Bordeaux \u00a9Primardeco"},{"@type":"BreadcrumbList","@id":"https:\/\/www.primardeco.com\/blog\/petrus-pomerol-de-bordeaux-ou-lhistoire-dun-mythe\/#breadcrumb","itemListElement":[{"@type":"ListItem","position":1,"name":"Accueil","item":"https:\/\/www.primardeco.com\/blog\/"},{"@type":"ListItem","position":2,"name":"Petrus Pomerol de Bordeaux ou l&rsquo;histoire d&rsquo;un mythe"}]},{"@type":"WebSite","@id":"https:\/\/www.primardeco.com\/blog\/#website","url":"https:\/\/www.primardeco.com\/blog\/","name":"Primardeco - Blog","description":"Expertises et Ventes aux ench\u00e8res","publisher":{"@id":"https:\/\/www.primardeco.com\/blog\/#organization"},"potentialAction":[{"@type":"SearchAction","target":{"@type":"EntryPoint","urlTemplate":"https:\/\/www.primardeco.com\/blog\/?s={search_term_string}"},"query-input":{"@type":"PropertyValueSpecification","valueRequired":true,"valueName":"search_term_string"}}],"inLanguage":"fr-FR"},{"@type":"Organization","@id":"https:\/\/www.primardeco.com\/blog\/#organization","name":"Le Blog Primardeco, Ventes aux Ench\u00e8res d'Art \u00e0 Toulouse","url":"https:\/\/www.primardeco.com\/blog\/","logo":{"@type":"ImageObject","inLanguage":"fr-FR","@id":"https:\/\/www.primardeco.com\/blog\/#\/schema\/logo\/image\/","url":"https:\/\/www.primardeco.com\/blog\/wp-content\/uploads\/2021\/11\/logo-primardeco-blog.png","contentUrl":"https:\/\/www.primardeco.com\/blog\/wp-content\/uploads\/2021\/11\/logo-primardeco-blog.png","width":282,"height":84,"caption":"Le Blog Primardeco, Ventes aux Ench\u00e8res d'Art \u00e0 Toulouse"},"image":{"@id":"https:\/\/www.primardeco.com\/blog\/#\/schema\/logo\/image\/"},"sameAs":["https:\/\/www.facebook.com\/Primardeco-275817602518624\/","https:\/\/x.com\/PRIMARDECO","https:\/\/www.instagram.com\/primardeco\/"]},{"@type":"Person","@id":"https:\/\/www.primardeco.com\/blog\/#\/schema\/person\/7de13947a1930d4cdcc9da53f15a8bf6","name":"Anne de Colonges-Trotignon,","image":{"@type":"ImageObject","inLanguage":"fr-FR","@id":"https:\/\/www.primardeco.com\/blog\/#\/schema\/person\/image\/","url":"https:\/\/secure.gravatar.com\/avatar\/853054ac9272b8d8231f62d5ba9a57c0838e74856b0112cb96fd18a428d1d335?s=96&d=mm&r=g","contentUrl":"https:\/\/secure.gravatar.com\/avatar\/853054ac9272b8d8231f62d5ba9a57c0838e74856b0112cb96fd18a428d1d335?s=96&d=mm&r=g","caption":"Anne de Colonges-Trotignon,"},"url":"https:\/\/www.primardeco.com\/blog\/author\/anne\/"}]}},"_links":{"self":[{"href":"https:\/\/www.primardeco.com\/blog\/wp-json\/wp\/v2\/posts\/1311","targetHints":{"allow":["GET"]}}],"collection":[{"href":"https:\/\/www.primardeco.com\/blog\/wp-json\/wp\/v2\/posts"}],"about":[{"href":"https:\/\/www.primardeco.com\/blog\/wp-json\/wp\/v2\/types\/post"}],"author":[{"embeddable":true,"href":"https:\/\/www.primardeco.com\/blog\/wp-json\/wp\/v2\/users\/2"}],"replies":[{"embeddable":true,"href":"https:\/\/www.primardeco.com\/blog\/wp-json\/wp\/v2\/comments?post=1311"}],"version-history":[{"count":11,"href":"https:\/\/www.primardeco.com\/blog\/wp-json\/wp\/v2\/posts\/1311\/revisions"}],"predecessor-version":[{"id":2171,"href":"https:\/\/www.primardeco.com\/blog\/wp-json\/wp\/v2\/posts\/1311\/revisions\/2171"}],"wp:featuredmedia":[{"embeddable":true,"href":"https:\/\/www.primardeco.com\/blog\/wp-json\/wp\/v2\/media\/1330"}],"wp:attachment":[{"href":"https:\/\/www.primardeco.com\/blog\/wp-json\/wp\/v2\/media?parent=1311"}],"wp:term":[{"taxonomy":"category","embeddable":true,"href":"https:\/\/www.primardeco.com\/blog\/wp-json\/wp\/v2\/categories?post=1311"},{"taxonomy":"post_tag","embeddable":true,"href":"https:\/\/www.primardeco.com\/blog\/wp-json\/wp\/v2\/tags?post=1311"}],"curies":[{"name":"wp","href":"https:\/\/api.w.org\/{rel}","templated":true}]}}