{"id":1214,"date":"2022-03-16T10:23:24","date_gmt":"2022-03-16T09:23:24","guid":{"rendered":"https:\/\/www.primardeco.com\/blog\/?p=1214"},"modified":"2022-03-22T15:37:20","modified_gmt":"2022-03-22T14:37:20","slug":"les-grands-vins-de-bordeaux-histoire-cepage-grands-crus","status":"publish","type":"post","link":"https:\/\/www.primardeco.com\/blog\/les-grands-vins-de-bordeaux-histoire-cepage-grands-crus\/","title":{"rendered":"Les grands vins de Bordeaux : histoire, c\u00e9pages &#038; grands crus"},"content":{"rendered":"<p>[et_pb_section fb_built=\u00a0\u00bb1&Prime; _builder_version=\u00a0\u00bb4.15&Prime; global_colors_info=\u00a0\u00bb{}\u00a0\u00bb][et_pb_row _builder_version=\u00a0\u00bb4.15&Prime; background_size=\u00a0\u00bbinitial\u00a0\u00bb background_position=\u00a0\u00bbtop_left\u00a0\u00bb background_repeat=\u00a0\u00bbrepeat\u00a0\u00bb global_colors_info=\u00a0\u00bb{}\u00a0\u00bb][et_pb_column type=\u00a0\u00bb4_4&Prime; _builder_version=\u00a0\u00bb4.15&Prime; custom_padding=\u00a0\u00bb|||\u00a0\u00bb global_colors_info=\u00a0\u00bb{}\u00a0\u00bb custom_padding__hover=\u00a0\u00bb|||\u00a0\u00bb][et_pb_text admin_label=\u00a0\u00bbIntro\u00a0\u00bb _builder_version=\u00a0\u00bb4.15&Prime; _module_preset=\u00a0\u00bbdefault\u00a0\u00bb global_colors_info=\u00a0\u00bb{}\u00a0\u00bb]<\/p>\n<p><i>Lors de sa prochaine <a href=\"https:\/\/www.primardeco.com\/ventes-aux-encheres\/annee-2022\/18-03-284\">vente aux ench\u00e8res de <\/a><\/i><a href=\"https:\/\/www.primardeco.com\/ventes-aux-encheres\/annee-2022\/18-03-284\"><b><i>grands vins &amp; spiritueux<\/i><\/b><\/a><i>, Primardeco pr\u00e9sentera de nombreux exemplaires de grands vins de bordeaux. <\/i><\/p>\n<p><i>Retour sur l\u2019histoire du plus ancien vignoble fran\u00e7ais dont le <\/i><b><i>succ\u00e8s sur le march\u00e9 des ench\u00e8res<\/i><\/b><i> est ind\u00e9niable.<span class=\"Apple-converted-space\">\u00a0<\/span><\/i><\/p>\n<p>[\/et_pb_text][et_pb_divider _builder_version=\u00a0\u00bb4.15&Prime; _module_preset=\u00a0\u00bbdefault\u00a0\u00bb global_colors_info=\u00a0\u00bb{}\u00a0\u00bb][\/et_pb_divider][\/et_pb_column][\/et_pb_row][et_pb_row _builder_version=\u00a0\u00bb4.15&Prime; _module_preset=\u00a0\u00bbdefault\u00a0\u00bb global_colors_info=\u00a0\u00bb{}\u00a0\u00bb][et_pb_column type=\u00a0\u00bb4_4&Prime; _builder_version=\u00a0\u00bb4.15&Prime; _module_preset=\u00a0\u00bbdefault\u00a0\u00bb global_colors_info=\u00a0\u00bb{}\u00a0\u00bb][et_pb_text _builder_version=\u00a0\u00bb4.15&Prime; _module_preset=\u00a0\u00bbdefault\u00a0\u00bb global_colors_info=\u00a0\u00bb{}\u00a0\u00bb]<\/p>\n<h1><strong>\u200bUn vignoble \u00e0 l&rsquo;histoire mill\u00e9naire<\/strong><\/h1>\n<p>&nbsp;<\/p>\n<p>Le <b>vignoble de Bordeaux<\/b> est consid\u00e9r\u00e9 comme le plus ancien au monde. Il est le reflet d\u2019un <b>savoir-faire mill\u00e9naire<\/b> qui a travers\u00e9 les si\u00e8cles de l\u2019Antiquit\u00e9 jusqu\u2019\u00e0 nos jours.<span class=\"Apple-converted-space\">\u00a0<\/span><\/p>\n<p>Les premi\u00e8res traces de <b>viticulture<\/b> dans la r\u00e9gion bordelaise remontent au Ier si\u00e8cle. Le commerce florissant du vin fait de Bordeaux une ville importante de n\u00e9goce.<\/p>\n<p>[\/et_pb_text][\/et_pb_column][\/et_pb_row][et_pb_row column_structure=\u00a0\u00bb1_2,1_2&Prime; _builder_version=\u00a0\u00bb4.15&Prime; _module_preset=\u00a0\u00bbdefault\u00a0\u00bb global_colors_info=\u00a0\u00bb{}\u00a0\u00bb][et_pb_column type=\u00a0\u00bb1_2&Prime; _builder_version=\u00a0\u00bb4.15&Prime; _module_preset=\u00a0\u00bbdefault\u00a0\u00bb global_colors_info=\u00a0\u00bb{}\u00a0\u00bb][et_pb_text _builder_version=\u00a0\u00bb4.15&Prime; _module_preset=\u00a0\u00bbdefault\u00a0\u00bb global_colors_info=\u00a0\u00bb{}\u00a0\u00bb]<\/p>\n<p>\u00a0Au XII\u00e8me si\u00e8cle, Henri II Plantagen\u00eat Roi d\u2019Angleterre \u00e9pouse Ali\u00e9nor d\u2019Aquitaine. Les \u00e9changes commerciaux entre l\u2019Angleterre et l\u2019Aquitaine sont d\u00e8s lors intensifi\u00e9s et les<b> vins de la r\u00e9gion <\/b>sont rapidement adopt\u00e9s Outre Manche. Cette demande croissante permet aux vignobles bordelais de se d\u00e9velopper et la ville devient le <b>principal port d\u2019exportation des vins<\/b> vers l\u2019Angleterre et les Pays-Bas. Pour la premi\u00e8re fois de son histoire, le <b>vignoble de Bordeaux<\/b> acquiert une renomm\u00e9e internationale.<\/p>\n<p>[\/et_pb_text][\/et_pb_column][et_pb_column type=\u00a0\u00bb1_2&Prime; _builder_version=\u00a0\u00bb4.15&Prime; _module_preset=\u00a0\u00bbdefault\u00a0\u00bb global_colors_info=\u00a0\u00bb{}\u00a0\u00bb][et_pb_image src=\u00a0\u00bbhttps:\/\/www.primardeco.com\/blog\/wp-content\/uploads\/2022\/03\/\u00a9Archives-Port-de-Bordeaux.jpeg\u00a0\u00bb alt=\u00a0\u00bbPort de Bordeaux \u00a9Archives Port de Bordeaux\u00a0\u00bb title_text=\u00a0\u00bbPort de Bordeaux \u00a9Archives Port de Bordeaux\u00a0\u00bb _builder_version=\u00a0\u00bb4.15&Prime; _module_preset=\u00a0\u00bbdefault\u00a0\u00bb global_colors_info=\u00a0\u00bb{}\u00a0\u00bb][\/et_pb_image][\/et_pb_column][\/et_pb_row][et_pb_row column_structure=\u00a0\u00bb1_3,2_3&Prime; _builder_version=\u00a0\u00bb4.15&Prime; _module_preset=\u00a0\u00bbdefault\u00a0\u00bb global_colors_info=\u00a0\u00bb{}\u00a0\u00bb][et_pb_column type=\u00a0\u00bb1_3&Prime; _builder_version=\u00a0\u00bb4.15&Prime; _module_preset=\u00a0\u00bbdefault\u00a0\u00bb global_colors_info=\u00a0\u00bb{}\u00a0\u00bb][et_pb_image src=\u00a0\u00bbhttps:\/\/www.primardeco.com\/blog\/wp-content\/uploads\/2022\/03\/31352192626_73bc24084b_o.jpg\u00a0\u00bb alt=\u00a0\u00bbBarrique en bois &#8211; invention du vignoble de Bordeaux\u00a0\u00bb title_text=\u00a0\u00bbBarrique en bois &#8211; invention du vignoble de Bordeaux\u00a0\u00bb _builder_version=\u00a0\u00bb4.15&Prime; _module_preset=\u00a0\u00bbdefault\u00a0\u00bb global_colors_info=\u00a0\u00bb{}\u00a0\u00bb][\/et_pb_image][\/et_pb_column][et_pb_column type=\u00a0\u00bb2_3&Prime; _builder_version=\u00a0\u00bb4.15&Prime; _module_preset=\u00a0\u00bbdefault\u00a0\u00bb global_colors_info=\u00a0\u00bb{}\u00a0\u00bb][et_pb_text _builder_version=\u00a0\u00bb4.15&Prime; _module_preset=\u00a0\u00bbdefault\u00a0\u00bb global_colors_info=\u00a0\u00bb{}\u00a0\u00bb]<\/p>\n<p>Le XVII\u00e8me si\u00e8cle correspond \u00e0 <strong>nouvel \u00e2ge d\u2019or des vins de Bordeaux<\/strong>. Les Hollandais particuli\u00e8rement friands du \u00ab\u00a0O-Bryan\u00a0\u00bb <strong>futur Haut Brion<\/strong> encouragent la production et incitent les vignobles bordelais \u00e0 innover.<\/p>\n<p>C\u2019est dans ce contexte qu\u2019apparaissent les barriques en bois. Rapidement adopt\u00e9es en remplacement des amphores, elles pr\u00e9sentent un double avantage : elles facilitent le transport et assurent une meilleure conservation du vin.<\/p>\n<p><span class=\"Apple-converted-space\"><\/span><\/p>\n<p><span class=\"Apple-converted-space\">Gr\u00e2ce \u00e0 ce commerce florissant, les familles s\u2019enrichissent et les grands domaines qui feront la <strong>renomm\u00e9e du vignoble<\/strong> se construisent.<\/span><\/p>\n<p>[\/et_pb_text][\/et_pb_column][\/et_pb_row][et_pb_row _builder_version=\u00a0\u00bb4.15&Prime; _module_preset=\u00a0\u00bbdefault\u00a0\u00bb global_colors_info=\u00a0\u00bb{}\u00a0\u00bb][et_pb_column type=\u00a0\u00bb4_4&Prime; _builder_version=\u00a0\u00bb4.15&Prime; _module_preset=\u00a0\u00bbdefault\u00a0\u00bb global_colors_info=\u00a0\u00bb{}\u00a0\u00bb][et_pb_text _builder_version=\u00a0\u00bb4.15&Prime; _module_preset=\u00a0\u00bbdefault\u00a0\u00bb global_colors_info=\u00a0\u00bb{}\u00a0\u00bb]<\/p>\n<p>Au cours de son histoire, le vignoble bordelais a d\u00fb faire face \u00e0 de tr\u00e8s nombreuses crises. Dans les <strong>ann\u00e9es 1870<\/strong> par exemple, il doit lutter contre deux <strong>maladies de la vigne<\/strong> : le phyllox\u00e9ra et le mildiou. Toutes les crises sont n\u00e9anmoins enray\u00e9es gr\u00e2ce \u00e0 des inventions ing\u00e9nieuses. En ces temps difficiles, les r\u00e9coltes sont maigres, les vins sont alors plus rares entrainant une <strong>hausse importante des prix<\/strong>. En effet, la <strong>raret\u00e9 d&rsquo;un mill\u00e9sime<\/strong> contribue ind\u00e9niablement \u00e0 l&rsquo;augmentation de sa valeur sur le march\u00e9 des ench\u00e8res.<\/p>\n<p>Le succ\u00e8s du <strong>vignoble de Bordeaux\u00a0aux ench\u00e8res<\/strong> est du en partie \u00e0 son histoire mill\u00e9naire et \u00e0 son savoir-faire unique transmis de g\u00e9n\u00e9ration en g\u00e9n\u00e9ration.<\/p>\n<h2>\u200b<\/h2>\n<p>[\/et_pb_text][\/et_pb_column][\/et_pb_row][et_pb_row _builder_version=\u00a0\u00bb4.15&Prime; _module_preset=\u00a0\u00bbdefault\u00a0\u00bb global_colors_info=\u00a0\u00bb{}\u00a0\u00bb][et_pb_column type=\u00a0\u00bb4_4&Prime; _builder_version=\u00a0\u00bb4.15&Prime; _module_preset=\u00a0\u00bbdefault\u00a0\u00bb global_colors_info=\u00a0\u00bb{}\u00a0\u00bb][et_pb_text _builder_version=\u00a0\u00bb4.15&Prime; _module_preset=\u00a0\u00bbdefault\u00a0\u00bb global_colors_info=\u00a0\u00bb{}\u00a0\u00bb]<\/p>\n<h1>Bordeaux, Un terroir unique<\/h1>\n<p>&nbsp;<\/p>\n<p>Le <strong>vignoble bordelais<\/strong> s\u2019articule autour de trois principales aires g\u00e9ographiques aux caract\u00e9ristiques propres et d\u00e9limit\u00e9es par les axes fluviaux de la r\u00e9gion : la<strong> Garonne<\/strong> au nord, la <strong>Dordogne<\/strong> au sud et leur estuaire commun la <strong>Gironde<\/strong>.<span class=\"Apple-converted-space\">\u00a0<\/span><\/p>\n<p><span class=\"Apple-converted-space\"><\/span><\/p>\n<h2>1. La Rive droite<span class=\"Apple-converted-space\">\u00a0<\/span><\/h2>\n<p><span class=\"Apple-converted-space\"><\/span><\/p>\n<p>Sur ces sols calcaires, le c\u00e9page principal ou du moins le plus plant\u00e9 est le<strong> Merlot<\/strong>. Pomerol ou Saint Emilion entre autres sont implant\u00e9s sur ce territoire. Les vins produits sur cette rive sont fruit\u00e9s.<\/p>\n<p>&nbsp;<\/p>\n<h2>2. La Rive gauche<span class=\"Apple-converted-space\">\u00a0<\/span><\/h2>\n<p>&nbsp;<\/p>\n<p>Ce sont sur ces sols graveleux que sont \u00e9lev\u00e9s les <strong>vins de Graves, M\u00e9doc, Haut M\u00e9doc et de Pessac-L\u00e9ognan.<\/strong> Le c\u00e9page principal est le <strong>Cabernet Sauvignon<\/strong>. N\u00e9 d\u2019un croisement entre le Cabernet Franc et le Sauvignon blanc il donne des vins cors\u00e9s, vifs de caract\u00e8re.<\/p>\n<p>C\u2019est \u00e9galement sur cette rive que sont produits les liquoreux de <strong>Barsac<\/strong> et <strong>Sauternes.<span class=\"Apple-converted-space\">\u00a0<\/span><\/strong><\/p>\n<p>&nbsp;<\/p>\n<h2>3. L\u2019Entre deux-mers<\/h2>\n<h2><\/h2>\n<p>Moins connue que ces pr\u00e9d\u00e9cesseurs, l\u2019Entre deux-mers situ\u00e9e entre la Dordogne et la Garonne est le vief des <strong>vins blancs de Bordeaux<\/strong>.<span class=\"Apple-converted-space\">\u00a0<\/span><\/p>\n<p><span class=\"Apple-converted-space\"><\/span><\/p>\n<p>Bien que l\u2019Entre Deux Mers trouve progressivement sa place, la Rive droite et la Rive Gauche continuent d\u2019\u00eatre les <strong>stars du vignoble bordelais.<\/strong> Les r\u00e9sultats lors des <strong>ventes aux ench\u00e8res<\/strong> en sont le reflet.<span class=\"Apple-converted-space\">\u00a0<\/span><\/p>\n<p><span class=\"Apple-converted-space\"><\/span><\/p>\n<p>[\/et_pb_text][\/et_pb_column][\/et_pb_row][et_pb_row _builder_version=\u00a0\u00bb4.15&Prime; _module_preset=\u00a0\u00bbdefault\u00a0\u00bb global_colors_info=\u00a0\u00bb{}\u00a0\u00bb][et_pb_column type=\u00a0\u00bb4_4&Prime; _builder_version=\u00a0\u00bb4.15&Prime; _module_preset=\u00a0\u00bbdefault\u00a0\u00bb global_colors_info=\u00a0\u00bb{}\u00a0\u00bb][et_pb_text _builder_version=\u00a0\u00bb4.15&Prime; _module_preset=\u00a0\u00bbdefault\u00a0\u00bb global_colors_info=\u00a0\u00bb{}\u00a0\u00bb]<\/p>\n<h1>Quel est le c\u00e9page des bordeaux ?<\/h1>\n<h1>\u00a0<\/h1>\n<p>La particularit\u00e9 des vins de Bordeaux r\u00e9side dans l\u2019assemblage de divers <strong>c\u00e9pages<\/strong> pour cr\u00e9er un vin unique. Gr\u00e2ce \u00e0 une connaissance approfondie de leur terroir, et des caract\u00e9ristiques de chaque c\u00e9page les <strong>vignerons du Bordelais<\/strong> sont parvenus \u00e0 cr\u00e9er des assemblages exceptionnels.<span class=\"Apple-converted-space\">\u00a0<\/span><\/p>\n<h2>Quels sont les diff\u00e9rents c\u00e9pages ?<\/h2>\n<p>Six principaux c\u00e9pages (trois blancs et trois rouges) sont utilis\u00e9s pour les grands vins de Bordeaux :<span class=\"Apple-converted-space\">\u00a0<\/span><\/p>\n<p>&#8211; Les<strong> principaux c\u00e9pages pour le vin rouge<\/strong> sont le Cabernet Sauvignon, le Cabernet franc et le Merlot. Sont \u00e9galement pr\u00e9sents, mais en moindre quantit\u00e9 le Malbec et Le Petit Verdot.<\/p>\n<p>&#8211; Les <strong>principaux c\u00e9pages pour les vins blancs<\/strong> sont le S\u00e9millon, le Sauvignon Blanc et le Muscadelle.<\/p>\n<h2>\u200b<\/h2>\n<p>[\/et_pb_text][\/et_pb_column][\/et_pb_row][et_pb_row _builder_version=\u00a0\u00bb4.15&Prime; _module_preset=\u00a0\u00bbdefault\u00a0\u00bb global_colors_info=\u00a0\u00bb{}\u00a0\u00bb][et_pb_column type=\u00a0\u00bb4_4&Prime; _builder_version=\u00a0\u00bb4.15&Prime; _module_preset=\u00a0\u00bbdefault\u00a0\u00bb global_colors_info=\u00a0\u00bb{}\u00a0\u00bb][et_pb_text _builder_version=\u00a0\u00bb4.15&Prime; _module_preset=\u00a0\u00bbdefault\u00a0\u00bb custom_padding=\u00a0\u00bb||0px|||\u00a0\u00bb global_colors_info=\u00a0\u00bb{}\u00a0\u00bb]<\/p>\n<h1>Quels sont les grands vins de Bordeaux ?<span class=\"Apple-converted-space\">\u00a0<\/span><\/h1>\n<p>&nbsp;<\/p>\n<p>Depuis 1855, les <strong>grands vins de Bordeaux <\/strong>font r\u00e9guli\u00e8rement l\u2019objet de classements afin de distinguer les meilleurs d\u2019entre eux.<\/p>\n<p><span style=\"font-size: 16px;\">Pourtant, tous les grands vins ne figurent pas automatiquement dans un classement. C\u2019est le cas par exemple de Pomerol qui recense pourtant l\u2019un des vins les plus chers et les plus r\u00e9put\u00e9s de la plan\u00e8te : <strong>Ch\u00e2teau P\u00e9trus.<\/strong><\/span><\/p>\n<p>[\/et_pb_text][\/et_pb_column][\/et_pb_row][et_pb_row _builder_version=\u00a0\u00bb4.15&Prime; _module_preset=\u00a0\u00bbdefault\u00a0\u00bb custom_margin=\u00a0\u00bb3px|auto||auto||\u00a0\u00bb global_colors_info=\u00a0\u00bb{}\u00a0\u00bb][et_pb_column type=\u00a0\u00bb4_4&Prime; _builder_version=\u00a0\u00bb4.15&Prime; _module_preset=\u00a0\u00bbdefault\u00a0\u00bb global_colors_info=\u00a0\u00bb{}\u00a0\u00bb][et_pb_text _builder_version=\u00a0\u00bb4.15&Prime; _module_preset=\u00a0\u00bbdefault\u00a0\u00bb min_height=\u00a0\u00bb204px\u00a0\u00bb global_colors_info=\u00a0\u00bb{}\u00a0\u00bb]<\/p>\n<h2>1. Le classement de 1855 : \u00a0Quels sont les grands crus de Bordeaux ?<\/h2>\n<p><b><\/b><\/p>\n<p>Le premier et probablement le plus c\u00e9l\u00e8bre des classements est celui initi\u00e9 sous <strong>Napol\u00e9on III<\/strong> pour l\u2019Exposition Universelle de <strong>1855.<\/strong> Class\u00e9s en fonction de leurs prix et de leur r\u00e9putation, seuls des <strong>vins de la Rive gauche<\/strong> ont \u00e9t\u00e9 retenus.<\/p>\n<p>Classement prestigieux, la <strong>c\u00f4te des vins<\/strong> qui y figurent est souvent tr\u00e8s \u00e9lev\u00e9e. Parmi eux figurent : Ch\u00e2teau Lafitte, Ch\u00e2teau Latour, Ch\u00e2teau Margaux, Ch\u00e2teau Haut-Brion\u2026\u00a0<\/p>\n<p>[\/et_pb_text][et_pb_image src=\u00a0\u00bbhttps:\/\/www.primardeco.com\/blog\/wp-content\/uploads\/2022\/03\/Lafite-Yquem-Latour-Margaux-au-classement-de-1855.jpeg\u00a0\u00bb alt=\u00a0\u00bbLafite, Yquem, Latour &#038; Margaux au classement de 1855&Prime; title_text=\u00a0\u00bbLafite, Yquem, Latour &#038; Margaux au classement de 1855&Prime; _builder_version=\u00a0\u00bb4.15&Prime; _module_preset=\u00a0\u00bbdefault\u00a0\u00bb global_colors_info=\u00a0\u00bb{}\u00a0\u00bb][\/et_pb_image][et_pb_text _builder_version=\u00a0\u00bb4.15&Prime; _module_preset=\u00a0\u00bbdefault\u00a0\u00bb global_colors_info=\u00a0\u00bb{}\u00a0\u00bb]<\/p>\n<h2>2. Le classement des Graves<span class=\"Apple-converted-space\">\u00a0&#8211; Quel est le meilleur vin des Graves ?<\/span><\/h2>\n<p><b><\/b><\/p>\n<p>Le <strong>classement des vins de Graves<\/strong> est initi\u00e9 en 1953 par l\u2019Institut national des appellations d\u2019origine (INAO) \u00e0 la demande du Syndicat de d\u00e9fense de l\u2019appellation des Graves. Les vins sont alors class\u00e9s par communes et par type de vins (rouges ou blancs).<\/p>\n<p>Il distingue <strong>16 crus Class\u00e9s de Graves<\/strong>. Parmi eux : domaine de Chevalier, Ch\u00e2teaux Pape Cl\u00e9ment, Ch\u00e2teau Haut-Bailly, Ch\u00e2teau Smith-Haut-Lafitte ou Ch\u00e2teau Haut-brion.<\/p>\n<p>Le Ch\u00e2teau Haut-brion est le seul vin de Bordeaux a \u00eatre class\u00e9 deux fois !<span class=\"Apple-converted-space\">\u00a0<\/span><\/p>\n<p>[\/et_pb_text][et_pb_text _builder_version=\u00a0\u00bb4.15&Prime; _module_preset=\u00a0\u00bbdefault\u00a0\u00bb global_colors_info=\u00a0\u00bb{}\u00a0\u00bb]<\/p>\n<h2>3. CLASSEMENT DES Grands crus de St Emilion : quels sont les grands crus classes ?<\/h2>\n<h2><\/h2>\n<p>Ce <strong>classement des crus de l\u2019appellation Saint Emilion<\/strong> est men\u00e9 pour la premi\u00e8re fois en 1954 par<span class=\"Apple-converted-space\">\u00a0 <\/span>l\u2019INAO \u00e0 la demande du Syndicat de d\u00e9fense de l\u2019appellation Saint Emilion.<\/p>\n<p>R\u00e9vis\u00e9 en 1959 puis tous les 10 ans, le dernier en date est de 2012 et distingue 82 propri\u00e9t\u00e9s r\u00e9parties en deux cat\u00e9gories :<\/p>\n<ul>\n<li><span><\/span>64 <strong>Grands Crus class\u00e9s<\/strong><\/li>\n<\/ul>\n<p>Parmi eux : Ch\u00e2teau Cheval Blanc, Ch\u00e2teau Ausone, Ch\u00e2teau Ang\u00e9lus, Ch\u00e2teau Pavie sont les plus c\u00e9l\u00e8bres.<\/p>\n<ul>\n<li><span><\/span>18 Premiers Grand crus class\u00e9s<\/li>\n<\/ul>\n<p>&nbsp;<\/p>\n<p>[\/et_pb_text][et_pb_text _builder_version=\u00a0\u00bb4.15&Prime; _module_preset=\u00a0\u00bbdefault\u00a0\u00bb global_colors_info=\u00a0\u00bb{}\u00a0\u00bb]<\/p>\n<h2><b>4. Crus Bourgeois<span class=\"Apple-converted-space\">\u00a0: Pourquoi crus bourgeois ?<\/span><\/b><\/h2>\n<p>&nbsp;<\/p>\n<p>Moins bien connu que ces pr\u00e9d\u00e9cesseurs, cr\u00e9\u00e9 en 1932, ce classement \u00e9volutif se fonde sur la qualit\u00e9 et la valeur des vins rouges produits en <strong>M\u00e9doc.<\/strong><\/p>\n<p>Entre 240 et 260 propri\u00e9t\u00e9s, repr\u00e9sentant pr\u00e8s <strong>40% de la production du M\u00e9doc<\/strong>, y figurent.<\/p>\n<p>[\/et_pb_text][\/et_pb_column][\/et_pb_row][et_pb_row column_structure=\u00a0\u00bb3_5,2_5&Prime; _builder_version=\u00a0\u00bb4.15&Prime; _module_preset=\u00a0\u00bbdefault\u00a0\u00bb global_colors_info=\u00a0\u00bb{}\u00a0\u00bb][et_pb_column type=\u00a0\u00bb3_5&Prime; _builder_version=\u00a0\u00bb4.15&Prime; _module_preset=\u00a0\u00bbdefault\u00a0\u00bb global_colors_info=\u00a0\u00bb{}\u00a0\u00bb][et_pb_text _builder_version=\u00a0\u00bb4.15&Prime; _module_preset=\u00a0\u00bbdefault\u00a0\u00bb global_colors_info=\u00a0\u00bb{}\u00a0\u00bb]<\/p>\n<h2><b>5. Crus artisans<span class=\"Apple-converted-space\">\u00a0<\/span><\/b><\/h2>\n<p><b><\/b><\/p>\n<p>Ce classement existant depuis un si\u00e8cle et demi n\u2019est remis au go\u00fbt du jour qu\u2019en 1989 avec la cr\u00e9ation du<strong> Syndicat des Crus artisans du M\u00e9doc<\/strong>.<span class=\"Apple-converted-space\">\u00a0<\/span><\/p>\n<p>R\u00e9vis\u00e9 tous les 5 ans, il distingue majoritairement des \u00ab\u00a0exploitations autonomes de petite et moyenne taille, o\u00f9 le chef d\u2019exploitation participe effectivement \u00e0 la conduite de son vignoble, produit des vins AOC et commercialise sa production mise en bouteilles au ch\u00e2teau\u00a0\u00bb. Une quarantaine de propri\u00e9t\u00e9s y figurent.<span class=\"Apple-converted-space\">\u00a0<\/span><\/p>\n<p>[\/et_pb_text][\/et_pb_column][et_pb_column type=\u00a0\u00bb2_5&Prime; _builder_version=\u00a0\u00bb4.15&Prime; _module_preset=\u00a0\u00bbdefault\u00a0\u00bb global_colors_info=\u00a0\u00bb{}\u00a0\u00bb][et_pb_image src=\u00a0\u00bbhttps:\/\/www.primardeco.com\/blog\/wp-content\/uploads\/2022\/03\/logo-artisans-medoc.jpeg\u00a0\u00bb alt=\u00a0\u00bblogo-artisans-medoc\u00a0\u00bb title_text=\u00a0\u00bblogo-artisans-medoc\u00a0\u00bb _builder_version=\u00a0\u00bb4.15&Prime; _module_preset=\u00a0\u00bbdefault\u00a0\u00bb global_colors_info=\u00a0\u00bb{}\u00a0\u00bb][\/et_pb_image][\/et_pb_column][\/et_pb_row][et_pb_row _builder_version=\u00a0\u00bb4.15&Prime; _module_preset=\u00a0\u00bbdefault\u00a0\u00bb custom_margin=\u00a0\u00bb|auto||101px||\u00a0\u00bb global_colors_info=\u00a0\u00bb{}\u00a0\u00bb][et_pb_column type=\u00a0\u00bb4_4&Prime; _builder_version=\u00a0\u00bb4.15&Prime; _module_preset=\u00a0\u00bbdefault\u00a0\u00bb global_colors_info=\u00a0\u00bb{}\u00a0\u00bb][et_pb_text _builder_version=\u00a0\u00bb4.15&Prime; _module_preset=\u00a0\u00bbdefault\u00a0\u00bb global_colors_info=\u00a0\u00bb{}\u00a0\u00bb]<\/p>\n<h1>Le vignoble de bordeaux, un incontournable des ench\u00e8res<span class=\"Apple-converted-space\">\u00a0<\/span><\/h1>\n<p>&nbsp;<\/p>\n<p>Bordeaux est depuis longtemps l<strong>\u2019une des r\u00e9gions les plus attractives aux ench\u00e8res.<\/strong> R\u00e9gion viticole r\u00e9put\u00e9e dans le monde entier, les collectionneurs s\u2019arrachent les plus <strong>grands crus<\/strong> et les <strong>ench\u00e8res<\/strong> s\u2019envolent.<span class=\"Apple-converted-space\">\u00a0<\/span><\/p>\n<p>Symboles de qualit\u00e9 et d\u2019excellence \u00e0 la fran\u00e7aise, les <strong>vins de Bordeaux<\/strong> se sont progressivement hiss\u00e9s au plus haut niveau mondial et les <strong>vieux mill\u00e9simes<\/strong> sont particuli\u00e8rement recherch\u00e9s. Les <strong>rouges<\/strong> suscitent \u00e9videmment plus d\u2019\u00e9mois que les blancs, m\u00eame si <strong>la c\u00f4te des liquoreux<\/strong> ne cesse de s\u2019accro\u00eetre avec en chef de file le fameux <a href=\"https:\/\/www.primardeco.com\/ventes-aux-encheres\/annee-2022\/18-03-284\"><strong>Ch\u00e2teau d\u2019Yquem<\/strong><\/a> (appellation <strong>Sauternes<\/strong>).<span class=\"Apple-converted-space\">\u00a0<\/span><\/p>\n<p>[\/et_pb_text][et_pb_image src=\u00a0\u00bbhttps:\/\/www.primardeco.com\/blog\/wp-content\/uploads\/2022\/03\/Chateau-Yquem-\u00a9Primardeco.png\u00a0\u00bb alt=\u00a0\u00bbCh\u00e2teau Yquem \u00a9Primardeco\u00a0\u00bb title_text=\u00a0\u00bbCh\u00e2teau Yquem \u00a9Primardeco\u00a0\u00bb _builder_version=\u00a0\u00bb4.15&Prime; _module_preset=\u00a0\u00bbdefault\u00a0\u00bb global_colors_info=\u00a0\u00bb{}\u00a0\u00bb][\/et_pb_image][et_pb_text _builder_version=\u00a0\u00bb4.15&Prime; _module_preset=\u00a0\u00bbdefault\u00a0\u00bb global_colors_info=\u00a0\u00bb{}\u00a0\u00bb]<\/p>\n<p>Si les vins de Bordeaux ont pendant longtemps <strong>domin\u00e9 le march\u00e9 des ench\u00e8res<\/strong>, ils sont aujourd\u2019hui s\u00e9v\u00e8rement concurrenc\u00e9s par d\u2019autres r\u00e9gions, la Bourgogne notamment. Si certains ont pu parler de \u00ab\u00a0Bordeaux Bashing\u00a0\u00bb, leur <strong>c\u00f4te constante<\/strong> voire m\u00eame en l\u00e9g\u00e8re croissance d\u2019ann\u00e9e en ann\u00e9e semble d\u00e9montrer le contraire.<span class=\"Apple-converted-space\">\u00a0<\/span><\/p>\n<p>Si ce vignoble a pu \u00eatre d\u00e9laiss\u00e9 par des amateurs \u00e0 la recherche de nouveaut\u00e9s, Bordeaux reste la <strong>r\u00e9gion la plus repr\u00e9sent\u00e9e en salle des ventes<\/strong> en termes de volume.<\/p>\n<p>[\/et_pb_text][et_pb_text _builder_version=\u00a0\u00bb4.15&Prime; _module_preset=\u00a0\u00bbdefault\u00a0\u00bb global_colors_info=\u00a0\u00bb{}\u00a0\u00bb]<\/p>\n<p><i>Le <strong>vignoble de Bordeaux<\/strong> doit sa r\u00e9putation \u00e0 ses <strong>vins<\/strong> d\u2019une tr\u00e8s grande qualit\u00e9 et r\u00e9gularit\u00e9 et \u00e0 la diversit\u00e9 de ses terroirs. Avec plus de 65 appellations \u00e0 son compteur, Le Bordelais est aujourd\u2019hui le <strong>vignoble fran\u00e7ais<\/strong> qui recense le plus d\u2019Appellations d\u2019Origine Contr\u00f4l\u00e9e. R\u00e9guli\u00e8rement pr\u00e9sent\u00e9s sur le <strong>march\u00e9 des ench\u00e8res<\/strong>, les <a href=\"https:\/\/www.primardeco.com\/vins-champagnes-et-spiritueux\/1-caisse-carre-das-duclot-ndeg0065-comprenant-8-magnums-2-petrus-23028\"><strong>grands vins de Bordeaux<\/strong> s\u2019envolent \u00e0 des <strong>prix records<\/strong><\/a>.<\/i><\/p>\n<p>[\/et_pb_text][\/et_pb_column][\/et_pb_row][\/et_pb_section]<\/p>\n","protected":false},"excerpt":{"rendered":"<p>Lors de sa prochaine vente aux ench\u00e8res de grands vins &amp; spiritueux, Primardeco pr\u00e9sentera de nombreux exemplaires de grands vins de bordeaux. Retour sur l\u2019histoire du plus ancien vignoble fran\u00e7ais dont le succ\u00e8s sur le march\u00e9 des ench\u00e8res est ind\u00e9niable.\u00a0\u200bUn vignoble \u00e0 l&rsquo;histoire mill\u00e9naire &nbsp; Le vignoble de Bordeaux est consid\u00e9r\u00e9 comme le plus ancien [&hellip;]<\/p>\n","protected":false},"author":2,"featured_media":1230,"comment_status":"closed","ping_status":"closed","sticky":false,"template":"","format":"standard","meta":{"_et_pb_use_builder":"on","_et_pb_old_content":"","_et_gb_content_width":"","footnotes":""},"categories":[5],"tags":[46,19],"class_list":["post-1214","post","type-post","status-publish","format-standard","has-post-thumbnail","hentry","category-vins-champagnes-spiritueux","tag-grands-vins-de-bordeaux","tag-vins"],"yoast_head":"<!-- This site is optimized with the Yoast SEO plugin v25.6 - https:\/\/yoast.com\/wordpress\/plugins\/seo\/ -->\n<title>Les grands vins de Bordeaux : histoire, c\u00e9pages &amp; grands crus | Primardeco - Blog<\/title>\n<meta name=\"description\" content=\"En savoir plus sur &quot;Les grands vins de Bordeaux : histoire, c\u00e9pages &amp; grands crus&quot;, un sujet propos\u00e9 dans la cat\u00e9gorie Vins, champagnes &amp; spiritueux par l&#039;\u00e9quipe Primardeco, sp\u00e9cialistes de l&#039;expertise et de la vente aux ench\u00e8res d&#039;art \u00e0 Toulouse.\" \/>\n<meta name=\"robots\" content=\"index, follow, max-snippet:-1, max-image-preview:large, max-video-preview:-1\" \/>\n<link rel=\"canonical\" href=\"https:\/\/www.primardeco.com\/blog\/les-grands-vins-de-bordeaux-histoire-cepage-grands-crus\/\" \/>\n<meta property=\"og:locale\" content=\"fr_FR\" \/>\n<meta property=\"og:type\" content=\"article\" \/>\n<meta property=\"og:title\" content=\"Les grands vins de Bordeaux : histoire, c\u00e9pages &amp; grands crus | Primardeco - Blog\" \/>\n<meta property=\"og:description\" content=\"En savoir plus sur &quot;Les grands vins de Bordeaux : histoire, c\u00e9pages &amp; grands crus&quot;, un sujet propos\u00e9 dans la cat\u00e9gorie Vins, champagnes &amp; spiritueux par l&#039;\u00e9quipe Primardeco, sp\u00e9cialistes de l&#039;expertise et de la vente aux ench\u00e8res d&#039;art \u00e0 Toulouse.\" \/>\n<meta property=\"og:url\" content=\"https:\/\/www.primardeco.com\/blog\/les-grands-vins-de-bordeaux-histoire-cepage-grands-crus\/\" \/>\n<meta property=\"og:site_name\" content=\"Primardeco - Blog\" \/>\n<meta property=\"article:publisher\" content=\"https:\/\/www.facebook.com\/Primardeco-275817602518624\/\" \/>\n<meta property=\"article:published_time\" content=\"2022-03-16T09:23:24+00:00\" \/>\n<meta property=\"article:modified_time\" content=\"2022-03-22T14:37:20+00:00\" \/>\n<meta property=\"og:image\" content=\"https:\/\/www.primardeco.com\/blog\/wp-content\/uploads\/2022\/03\/Sans-titre.png\" \/>\n\t<meta property=\"og:image:width\" content=\"945\" \/>\n\t<meta property=\"og:image:height\" content=\"756\" \/>\n\t<meta property=\"og:image:type\" content=\"image\/png\" \/>\n<meta name=\"author\" content=\"Anne de Colonges-Trotignon,\" \/>\n<meta name=\"twitter:card\" content=\"summary_large_image\" \/>\n<meta name=\"twitter:creator\" content=\"@PRIMARDECO\" \/>\n<meta name=\"twitter:site\" content=\"@PRIMARDECO\" \/>\n<meta name=\"twitter:label1\" content=\"\u00c9crit par\" \/>\n\t<meta name=\"twitter:data1\" content=\"Anne de Colonges-Trotignon,\" \/>\n\t<meta name=\"twitter:label2\" content=\"Dur\u00e9e de lecture estim\u00e9e\" \/>\n\t<meta name=\"twitter:data2\" content=\"12 minutes\" \/>\n<script type=\"application\/ld+json\" class=\"yoast-schema-graph\">{\"@context\":\"https:\/\/schema.org\",\"@graph\":[{\"@type\":\"Article\",\"@id\":\"https:\/\/www.primardeco.com\/blog\/les-grands-vins-de-bordeaux-histoire-cepage-grands-crus\/#article\",\"isPartOf\":{\"@id\":\"https:\/\/www.primardeco.com\/blog\/les-grands-vins-de-bordeaux-histoire-cepage-grands-crus\/\"},\"author\":{\"name\":\"Anne de Colonges-Trotignon,\",\"@id\":\"https:\/\/www.primardeco.com\/blog\/#\/schema\/person\/7de13947a1930d4cdcc9da53f15a8bf6\"},\"headline\":\"Les grands vins de Bordeaux : histoire, c\u00e9pages &#038; grands crus\",\"datePublished\":\"2022-03-16T09:23:24+00:00\",\"dateModified\":\"2022-03-22T14:37:20+00:00\",\"mainEntityOfPage\":{\"@id\":\"https:\/\/www.primardeco.com\/blog\/les-grands-vins-de-bordeaux-histoire-cepage-grands-crus\/\"},\"wordCount\":2417,\"publisher\":{\"@id\":\"https:\/\/www.primardeco.com\/blog\/#organization\"},\"image\":{\"@id\":\"https:\/\/www.primardeco.com\/blog\/les-grands-vins-de-bordeaux-histoire-cepage-grands-crus\/#primaryimage\"},\"thumbnailUrl\":\"https:\/\/www.primardeco.com\/blog\/wp-content\/uploads\/2022\/03\/Sans-titre.png\",\"keywords\":[\"grands vins de Bordeaux\",\"vins\"],\"articleSection\":[\"Vins, champagnes &amp; spiritueux\"],\"inLanguage\":\"fr-FR\"},{\"@type\":\"WebPage\",\"@id\":\"https:\/\/www.primardeco.com\/blog\/les-grands-vins-de-bordeaux-histoire-cepage-grands-crus\/\",\"url\":\"https:\/\/www.primardeco.com\/blog\/les-grands-vins-de-bordeaux-histoire-cepage-grands-crus\/\",\"name\":\"Les grands vins de Bordeaux : histoire, c\u00e9pages & grands crus | Primardeco - Blog\",\"isPartOf\":{\"@id\":\"https:\/\/www.primardeco.com\/blog\/#website\"},\"primaryImageOfPage\":{\"@id\":\"https:\/\/www.primardeco.com\/blog\/les-grands-vins-de-bordeaux-histoire-cepage-grands-crus\/#primaryimage\"},\"image\":{\"@id\":\"https:\/\/www.primardeco.com\/blog\/les-grands-vins-de-bordeaux-histoire-cepage-grands-crus\/#primaryimage\"},\"thumbnailUrl\":\"https:\/\/www.primardeco.com\/blog\/wp-content\/uploads\/2022\/03\/Sans-titre.png\",\"datePublished\":\"2022-03-16T09:23:24+00:00\",\"dateModified\":\"2022-03-22T14:37:20+00:00\",\"description\":\"En savoir plus sur \\\"Les grands vins de Bordeaux : histoire, c\u00e9pages & grands crus\\\", un sujet propos\u00e9 dans la cat\u00e9gorie Vins, champagnes &amp; spiritueux par l'\u00e9quipe Primardeco, sp\u00e9cialistes de l'expertise et de la vente aux ench\u00e8res d'art \u00e0 Toulouse.\",\"breadcrumb\":{\"@id\":\"https:\/\/www.primardeco.com\/blog\/les-grands-vins-de-bordeaux-histoire-cepage-grands-crus\/#breadcrumb\"},\"inLanguage\":\"fr-FR\",\"potentialAction\":[{\"@type\":\"ReadAction\",\"target\":[\"https:\/\/www.primardeco.com\/blog\/les-grands-vins-de-bordeaux-histoire-cepage-grands-crus\/\"]}]},{\"@type\":\"ImageObject\",\"inLanguage\":\"fr-FR\",\"@id\":\"https:\/\/www.primardeco.com\/blog\/les-grands-vins-de-bordeaux-histoire-cepage-grands-crus\/#primaryimage\",\"url\":\"https:\/\/www.primardeco.com\/blog\/wp-content\/uploads\/2022\/03\/Sans-titre.png\",\"contentUrl\":\"https:\/\/www.primardeco.com\/blog\/wp-content\/uploads\/2022\/03\/Sans-titre.png\",\"width\":945,\"height\":756,\"caption\":\"Ventes aux ench\u00e8res, grands vins de Bordeaux. \u00a9Primardeco\"},{\"@type\":\"BreadcrumbList\",\"@id\":\"https:\/\/www.primardeco.com\/blog\/les-grands-vins-de-bordeaux-histoire-cepage-grands-crus\/#breadcrumb\",\"itemListElement\":[{\"@type\":\"ListItem\",\"position\":1,\"name\":\"Accueil\",\"item\":\"https:\/\/www.primardeco.com\/blog\/\"},{\"@type\":\"ListItem\",\"position\":2,\"name\":\"Les grands vins de Bordeaux : histoire, c\u00e9pages &#038; grands crus\"}]},{\"@type\":\"WebSite\",\"@id\":\"https:\/\/www.primardeco.com\/blog\/#website\",\"url\":\"https:\/\/www.primardeco.com\/blog\/\",\"name\":\"Primardeco - Blog\",\"description\":\"Expertises et Ventes aux ench\u00e8res\",\"publisher\":{\"@id\":\"https:\/\/www.primardeco.com\/blog\/#organization\"},\"potentialAction\":[{\"@type\":\"SearchAction\",\"target\":{\"@type\":\"EntryPoint\",\"urlTemplate\":\"https:\/\/www.primardeco.com\/blog\/?s={search_term_string}\"},\"query-input\":{\"@type\":\"PropertyValueSpecification\",\"valueRequired\":true,\"valueName\":\"search_term_string\"}}],\"inLanguage\":\"fr-FR\"},{\"@type\":\"Organization\",\"@id\":\"https:\/\/www.primardeco.com\/blog\/#organization\",\"name\":\"Le Blog Primardeco, Ventes aux Ench\u00e8res d'Art \u00e0 Toulouse\",\"url\":\"https:\/\/www.primardeco.com\/blog\/\",\"logo\":{\"@type\":\"ImageObject\",\"inLanguage\":\"fr-FR\",\"@id\":\"https:\/\/www.primardeco.com\/blog\/#\/schema\/logo\/image\/\",\"url\":\"https:\/\/www.primardeco.com\/blog\/wp-content\/uploads\/2021\/11\/logo-primardeco-blog.png\",\"contentUrl\":\"https:\/\/www.primardeco.com\/blog\/wp-content\/uploads\/2021\/11\/logo-primardeco-blog.png\",\"width\":282,\"height\":84,\"caption\":\"Le Blog Primardeco, Ventes aux Ench\u00e8res d'Art \u00e0 Toulouse\"},\"image\":{\"@id\":\"https:\/\/www.primardeco.com\/blog\/#\/schema\/logo\/image\/\"},\"sameAs\":[\"https:\/\/www.facebook.com\/Primardeco-275817602518624\/\",\"https:\/\/x.com\/PRIMARDECO\",\"https:\/\/www.instagram.com\/primardeco\/\"]},{\"@type\":\"Person\",\"@id\":\"https:\/\/www.primardeco.com\/blog\/#\/schema\/person\/7de13947a1930d4cdcc9da53f15a8bf6\",\"name\":\"Anne de Colonges-Trotignon,\",\"image\":{\"@type\":\"ImageObject\",\"inLanguage\":\"fr-FR\",\"@id\":\"https:\/\/www.primardeco.com\/blog\/#\/schema\/person\/image\/\",\"url\":\"https:\/\/secure.gravatar.com\/avatar\/853054ac9272b8d8231f62d5ba9a57c0838e74856b0112cb96fd18a428d1d335?s=96&d=mm&r=g\",\"contentUrl\":\"https:\/\/secure.gravatar.com\/avatar\/853054ac9272b8d8231f62d5ba9a57c0838e74856b0112cb96fd18a428d1d335?s=96&d=mm&r=g\",\"caption\":\"Anne de Colonges-Trotignon,\"},\"url\":\"https:\/\/www.primardeco.com\/blog\/author\/anne\/\"}]}<\/script>\n<!-- \/ Yoast SEO plugin. -->","yoast_head_json":{"title":"Les grands vins de Bordeaux : histoire, c\u00e9pages & grands crus | Primardeco - Blog","description":"En savoir plus sur \"Les grands vins de Bordeaux : histoire, c\u00e9pages & grands crus\", un sujet propos\u00e9 dans la cat\u00e9gorie Vins, champagnes &amp; spiritueux par l'\u00e9quipe Primardeco, sp\u00e9cialistes de l'expertise et de la vente aux ench\u00e8res d'art \u00e0 Toulouse.","robots":{"index":"index","follow":"follow","max-snippet":"max-snippet:-1","max-image-preview":"max-image-preview:large","max-video-preview":"max-video-preview:-1"},"canonical":"https:\/\/www.primardeco.com\/blog\/les-grands-vins-de-bordeaux-histoire-cepage-grands-crus\/","og_locale":"fr_FR","og_type":"article","og_title":"Les grands vins de Bordeaux : histoire, c\u00e9pages & grands crus | Primardeco - Blog","og_description":"En savoir plus sur \"Les grands vins de Bordeaux : histoire, c\u00e9pages & grands crus\", un sujet propos\u00e9 dans la cat\u00e9gorie Vins, champagnes &amp; spiritueux par l'\u00e9quipe Primardeco, sp\u00e9cialistes de l'expertise et de la vente aux ench\u00e8res d'art \u00e0 Toulouse.","og_url":"https:\/\/www.primardeco.com\/blog\/les-grands-vins-de-bordeaux-histoire-cepage-grands-crus\/","og_site_name":"Primardeco - Blog","article_publisher":"https:\/\/www.facebook.com\/Primardeco-275817602518624\/","article_published_time":"2022-03-16T09:23:24+00:00","article_modified_time":"2022-03-22T14:37:20+00:00","og_image":[{"width":945,"height":756,"url":"https:\/\/www.primardeco.com\/blog\/wp-content\/uploads\/2022\/03\/Sans-titre.png","type":"image\/png"}],"author":"Anne de Colonges-Trotignon,","twitter_card":"summary_large_image","twitter_creator":"@PRIMARDECO","twitter_site":"@PRIMARDECO","twitter_misc":{"\u00c9crit par":"Anne de Colonges-Trotignon,","Dur\u00e9e de lecture estim\u00e9e":"12 minutes"},"schema":{"@context":"https:\/\/schema.org","@graph":[{"@type":"Article","@id":"https:\/\/www.primardeco.com\/blog\/les-grands-vins-de-bordeaux-histoire-cepage-grands-crus\/#article","isPartOf":{"@id":"https:\/\/www.primardeco.com\/blog\/les-grands-vins-de-bordeaux-histoire-cepage-grands-crus\/"},"author":{"name":"Anne de Colonges-Trotignon,","@id":"https:\/\/www.primardeco.com\/blog\/#\/schema\/person\/7de13947a1930d4cdcc9da53f15a8bf6"},"headline":"Les grands vins de Bordeaux : histoire, c\u00e9pages &#038; grands crus","datePublished":"2022-03-16T09:23:24+00:00","dateModified":"2022-03-22T14:37:20+00:00","mainEntityOfPage":{"@id":"https:\/\/www.primardeco.com\/blog\/les-grands-vins-de-bordeaux-histoire-cepage-grands-crus\/"},"wordCount":2417,"publisher":{"@id":"https:\/\/www.primardeco.com\/blog\/#organization"},"image":{"@id":"https:\/\/www.primardeco.com\/blog\/les-grands-vins-de-bordeaux-histoire-cepage-grands-crus\/#primaryimage"},"thumbnailUrl":"https:\/\/www.primardeco.com\/blog\/wp-content\/uploads\/2022\/03\/Sans-titre.png","keywords":["grands vins de Bordeaux","vins"],"articleSection":["Vins, champagnes &amp; spiritueux"],"inLanguage":"fr-FR"},{"@type":"WebPage","@id":"https:\/\/www.primardeco.com\/blog\/les-grands-vins-de-bordeaux-histoire-cepage-grands-crus\/","url":"https:\/\/www.primardeco.com\/blog\/les-grands-vins-de-bordeaux-histoire-cepage-grands-crus\/","name":"Les grands vins de Bordeaux : histoire, c\u00e9pages & grands crus | Primardeco - Blog","isPartOf":{"@id":"https:\/\/www.primardeco.com\/blog\/#website"},"primaryImageOfPage":{"@id":"https:\/\/www.primardeco.com\/blog\/les-grands-vins-de-bordeaux-histoire-cepage-grands-crus\/#primaryimage"},"image":{"@id":"https:\/\/www.primardeco.com\/blog\/les-grands-vins-de-bordeaux-histoire-cepage-grands-crus\/#primaryimage"},"thumbnailUrl":"https:\/\/www.primardeco.com\/blog\/wp-content\/uploads\/2022\/03\/Sans-titre.png","datePublished":"2022-03-16T09:23:24+00:00","dateModified":"2022-03-22T14:37:20+00:00","description":"En savoir plus sur \"Les grands vins de Bordeaux : histoire, c\u00e9pages & grands crus\", un sujet propos\u00e9 dans la cat\u00e9gorie Vins, champagnes &amp; spiritueux par l'\u00e9quipe Primardeco, sp\u00e9cialistes de l'expertise et de la vente aux ench\u00e8res d'art \u00e0 Toulouse.","breadcrumb":{"@id":"https:\/\/www.primardeco.com\/blog\/les-grands-vins-de-bordeaux-histoire-cepage-grands-crus\/#breadcrumb"},"inLanguage":"fr-FR","potentialAction":[{"@type":"ReadAction","target":["https:\/\/www.primardeco.com\/blog\/les-grands-vins-de-bordeaux-histoire-cepage-grands-crus\/"]}]},{"@type":"ImageObject","inLanguage":"fr-FR","@id":"https:\/\/www.primardeco.com\/blog\/les-grands-vins-de-bordeaux-histoire-cepage-grands-crus\/#primaryimage","url":"https:\/\/www.primardeco.com\/blog\/wp-content\/uploads\/2022\/03\/Sans-titre.png","contentUrl":"https:\/\/www.primardeco.com\/blog\/wp-content\/uploads\/2022\/03\/Sans-titre.png","width":945,"height":756,"caption":"Ventes aux ench\u00e8res, grands vins de Bordeaux. \u00a9Primardeco"},{"@type":"BreadcrumbList","@id":"https:\/\/www.primardeco.com\/blog\/les-grands-vins-de-bordeaux-histoire-cepage-grands-crus\/#breadcrumb","itemListElement":[{"@type":"ListItem","position":1,"name":"Accueil","item":"https:\/\/www.primardeco.com\/blog\/"},{"@type":"ListItem","position":2,"name":"Les grands vins de Bordeaux : histoire, c\u00e9pages &#038; grands crus"}]},{"@type":"WebSite","@id":"https:\/\/www.primardeco.com\/blog\/#website","url":"https:\/\/www.primardeco.com\/blog\/","name":"Primardeco - Blog","description":"Expertises et Ventes aux ench\u00e8res","publisher":{"@id":"https:\/\/www.primardeco.com\/blog\/#organization"},"potentialAction":[{"@type":"SearchAction","target":{"@type":"EntryPoint","urlTemplate":"https:\/\/www.primardeco.com\/blog\/?s={search_term_string}"},"query-input":{"@type":"PropertyValueSpecification","valueRequired":true,"valueName":"search_term_string"}}],"inLanguage":"fr-FR"},{"@type":"Organization","@id":"https:\/\/www.primardeco.com\/blog\/#organization","name":"Le Blog Primardeco, Ventes aux Ench\u00e8res d'Art \u00e0 Toulouse","url":"https:\/\/www.primardeco.com\/blog\/","logo":{"@type":"ImageObject","inLanguage":"fr-FR","@id":"https:\/\/www.primardeco.com\/blog\/#\/schema\/logo\/image\/","url":"https:\/\/www.primardeco.com\/blog\/wp-content\/uploads\/2021\/11\/logo-primardeco-blog.png","contentUrl":"https:\/\/www.primardeco.com\/blog\/wp-content\/uploads\/2021\/11\/logo-primardeco-blog.png","width":282,"height":84,"caption":"Le Blog Primardeco, Ventes aux Ench\u00e8res d'Art \u00e0 Toulouse"},"image":{"@id":"https:\/\/www.primardeco.com\/blog\/#\/schema\/logo\/image\/"},"sameAs":["https:\/\/www.facebook.com\/Primardeco-275817602518624\/","https:\/\/x.com\/PRIMARDECO","https:\/\/www.instagram.com\/primardeco\/"]},{"@type":"Person","@id":"https:\/\/www.primardeco.com\/blog\/#\/schema\/person\/7de13947a1930d4cdcc9da53f15a8bf6","name":"Anne de Colonges-Trotignon,","image":{"@type":"ImageObject","inLanguage":"fr-FR","@id":"https:\/\/www.primardeco.com\/blog\/#\/schema\/person\/image\/","url":"https:\/\/secure.gravatar.com\/avatar\/853054ac9272b8d8231f62d5ba9a57c0838e74856b0112cb96fd18a428d1d335?s=96&d=mm&r=g","contentUrl":"https:\/\/secure.gravatar.com\/avatar\/853054ac9272b8d8231f62d5ba9a57c0838e74856b0112cb96fd18a428d1d335?s=96&d=mm&r=g","caption":"Anne de Colonges-Trotignon,"},"url":"https:\/\/www.primardeco.com\/blog\/author\/anne\/"}]}},"_links":{"self":[{"href":"https:\/\/www.primardeco.com\/blog\/wp-json\/wp\/v2\/posts\/1214","targetHints":{"allow":["GET"]}}],"collection":[{"href":"https:\/\/www.primardeco.com\/blog\/wp-json\/wp\/v2\/posts"}],"about":[{"href":"https:\/\/www.primardeco.com\/blog\/wp-json\/wp\/v2\/types\/post"}],"author":[{"embeddable":true,"href":"https:\/\/www.primardeco.com\/blog\/wp-json\/wp\/v2\/users\/2"}],"replies":[{"embeddable":true,"href":"https:\/\/www.primardeco.com\/blog\/wp-json\/wp\/v2\/comments?post=1214"}],"version-history":[{"count":13,"href":"https:\/\/www.primardeco.com\/blog\/wp-json\/wp\/v2\/posts\/1214\/revisions"}],"predecessor-version":[{"id":1378,"href":"https:\/\/www.primardeco.com\/blog\/wp-json\/wp\/v2\/posts\/1214\/revisions\/1378"}],"wp:featuredmedia":[{"embeddable":true,"href":"https:\/\/www.primardeco.com\/blog\/wp-json\/wp\/v2\/media\/1230"}],"wp:attachment":[{"href":"https:\/\/www.primardeco.com\/blog\/wp-json\/wp\/v2\/media?parent=1214"}],"wp:term":[{"taxonomy":"category","embeddable":true,"href":"https:\/\/www.primardeco.com\/blog\/wp-json\/wp\/v2\/categories?post=1214"},{"taxonomy":"post_tag","embeddable":true,"href":"https:\/\/www.primardeco.com\/blog\/wp-json\/wp\/v2\/tags?post=1214"}],"curies":[{"name":"wp","href":"https:\/\/api.w.org\/{rel}","templated":true}]}}