{"id":1166,"date":"2022-03-04T09:58:37","date_gmt":"2022-03-04T08:58:37","guid":{"rendered":"https:\/\/www.primardeco.com\/blog\/?p=1166"},"modified":"2023-11-08T10:06:59","modified_gmt":"2023-11-08T09:06:59","slug":"zoom-celine-tardi-le-mariage-reussi-de-deux-genies","status":"publish","type":"post","link":"https:\/\/www.primardeco.com\/blog\/zoom-celine-tardi-le-mariage-reussi-de-deux-genies\/","title":{"rendered":"ZOOM C\u00e9line &#038; Tardi, le mariage r\u00e9ussi de deux g\u00e9nies"},"content":{"rendered":"<p>[et_pb_section fb_built=\u00a0\u00bb1&Prime; _builder_version=\u00a0\u00bb4.16&Prime; global_colors_info=\u00a0\u00bb{}\u00a0\u00bb][et_pb_row _builder_version=\u00a0\u00bb4.16&Prime; background_size=\u00a0\u00bbinitial\u00a0\u00bb background_position=\u00a0\u00bbtop_left\u00a0\u00bb background_repeat=\u00a0\u00bbrepeat\u00a0\u00bb global_colors_info=\u00a0\u00bb{}\u00a0\u00bb][et_pb_column type=\u00a0\u00bb4_4&Prime; _builder_version=\u00a0\u00bb4.16&Prime; custom_padding=\u00a0\u00bb|||\u00a0\u00bb global_colors_info=\u00a0\u00bb{}\u00a0\u00bb custom_padding__hover=\u00a0\u00bb|||\u00a0\u00bb][et_pb_text admin_label=\u00a0\u00bbIntro\u00a0\u00bb _builder_version=\u00a0\u00bb4.16&Prime; _module_preset=\u00a0\u00bbdefault\u00a0\u00bb global_colors_info=\u00a0\u00bb{}\u00a0\u00bb]<\/p>\n<p><em>Le chef d\u2019oeuvre de C\u00e9line illustr\u00e9 par Jacques Tardi : un lot majeur de la vente de <strong>Livres anciens &amp; modernes<\/strong>.\u00a0<\/em><\/p>\n<p>[\/et_pb_text][et_pb_divider _builder_version=\u00a0\u00bb4.16&Prime; _module_preset=\u00a0\u00bbdefault\u00a0\u00bb global_colors_info=\u00a0\u00bb{}\u00a0\u00bb][\/et_pb_divider][\/et_pb_column][\/et_pb_row][et_pb_row _builder_version=\u00a0\u00bb4.16&Prime; _module_preset=\u00a0\u00bbdefault\u00a0\u00bb global_colors_info=\u00a0\u00bb{}\u00a0\u00bb][et_pb_column type=\u00a0\u00bb4_4&Prime; _builder_version=\u00a0\u00bb4.16&Prime; _module_preset=\u00a0\u00bbdefault\u00a0\u00bb global_colors_info=\u00a0\u00bb{}\u00a0\u00bb][et_pb_text _builder_version=\u00a0\u00bb4.16&Prime; _module_preset=\u00a0\u00bbdefault\u00a0\u00bb global_colors_info=\u00a0\u00bb{}\u00a0\u00bb]<\/p>\n<h2><em>Voyage au bout de la nuit<\/em> &#8211; C\u00e9line<span class=\"Apple-converted-space\">\u00a0<\/span><\/h2>\n<p><span class=\"Apple-converted-space\"><\/span><\/p>\n<p>Le 15 octobre 1932 est publi\u00e9 le premier et le plus c\u00e9l\u00e8bre roman de l\u2019\u00e9crivain Louis-Ferdinand Destouches dit <strong>C\u00e9line : <em>Voyage au bout de la Nuit<\/em><\/strong>. C\u2019est ainsi que commence le fabuleux destin de cette oeuvre de r\u00e9f\u00e9rence \u00e0 l\u2019origine d\u2019une v\u00e9ritable <strong>r\u00e9volution litt\u00e9raire<\/strong>.<span class=\"Apple-converted-space\">\u00a0<\/span><\/p>\n<p>Le roman suit la descente aux enfers d\u2019un certain Ferdinand Bardamu en qu\u00eate de sens apr\u00e8s avoir a subit les horreurs de la Grande Guerre. Cet ouvrage au style litt\u00e9raire unique m\u00ealant argot et langage oral aura une cons\u00e9quence sans pr\u00e9c\u00e9dent sur le monde litt\u00e9raire.<span class=\"Apple-converted-space\">\u00a0<\/span><\/p>\n<p>D\u00e8s sa parution, le succ\u00e8s fut imm\u00e9diat et <em>Voyage au bout de la Nuit<\/em> s\u2019\u00e9rige rapidement en un <strong>roman majeur de la litt\u00e9rature fran\u00e7aise du XXe si\u00e8cle<\/strong>.<\/p>\n<p>S&rsquo;il n&rsquo;est pas rare de trouver le roman phare de C\u00e9line en salle des ventes, cet <a href=\"https:\/\/www.primardeco.com\/livres-anciens-et-modernes\/celine-tardi-voyage-au-bout-de-la-nuit-paris-futuropolis-gallim-42568\">exemplaire illustr\u00e9 par <strong>Jacques Tardi<\/strong> <\/a>l&rsquo;est beaucoup plus. \u00a0<\/p>\n<p>[\/et_pb_text][\/et_pb_column][\/et_pb_row][et_pb_row _builder_version=\u00a0\u00bb4.16&Prime; _module_preset=\u00a0\u00bbdefault\u00a0\u00bb global_colors_info=\u00a0\u00bb{}\u00a0\u00bb][et_pb_column type=\u00a0\u00bb4_4&Prime; _builder_version=\u00a0\u00bb4.16&Prime; _module_preset=\u00a0\u00bbdefault\u00a0\u00bb global_colors_info=\u00a0\u00bb{}\u00a0\u00bb][et_pb_text _builder_version=\u00a0\u00bb4.16&Prime; _module_preset=\u00a0\u00bbdefault\u00a0\u00bb global_colors_info=\u00a0\u00bb{}\u00a0\u00bb]<\/p>\n<h2>Jacques Tardi<span class=\"Apple-converted-space\">\u00a0<\/span><\/h2>\n<p>&nbsp;<\/p>\n<p>N\u00e9 \u00e0 Valence en 1946, Jacques Tardi est surtout connu pour sa s\u00e9rie sur les Aventures extraordinaires d\u2019Ad\u00e8le Blanc-Sec et Nestor Buma. <strong>Virtuose du noir et du blanc<\/strong>, Jacques Tardi consacre une grande partie de sa vie \u00e0 illustrer de la Premi\u00e8re guerre mondiale. Avec son style in\u00e9galable, il parvient \u00e0 retranscrire avec brio les horreurs de la guerre des tranch\u00e9es.<span class=\"Apple-converted-space\">\u00a0<\/span><\/p>\n<p><span class=\"Apple-converted-space\">Consid\u00e9r\u00e9 comme l\u2019un des ma\u00eetres du <strong>9\u00e8me art<\/strong>, son oeuvre est r\u00e9guli\u00e8rement r\u00e9compens\u00e9e. Il est notamment laur\u00e9at du Grand prix d\u2019Angoul\u00eame en 1985 et de deux Eisner Awards en 2011.<\/span><\/p>\n<p>&nbsp;<\/p>\n<p>[\/et_pb_text][\/et_pb_column][\/et_pb_row][et_pb_row column_structure=\u00a0\u00bb1_2,1_2&Prime; _builder_version=\u00a0\u00bb4.16&Prime; _module_preset=\u00a0\u00bbdefault\u00a0\u00bb global_colors_info=\u00a0\u00bb{}\u00a0\u00bb][et_pb_column type=\u00a0\u00bb1_2&Prime; _builder_version=\u00a0\u00bb4.16&Prime; _module_preset=\u00a0\u00bbdefault\u00a0\u00bb global_colors_info=\u00a0\u00bb{}\u00a0\u00bb][et_pb_text _builder_version=\u00a0\u00bb4.16&Prime; _module_preset=\u00a0\u00bbdefault\u00a0\u00bb global_colors_info=\u00a0\u00bb{}\u00a0\u00bb]<\/p>\n<p>Tr\u00e8s vite, Jacques Tardi se lance dans la <strong>mise en image des grands chefs d\u2019oeuvres litt\u00e9raires du XX\u00e8me si\u00e8cle<\/strong>.\u00a0Grand admirateur de C\u00e9line, il a notamment illustr\u00e9 toutes les couvertures de ses romans en format poche pour la collection <strong>Folio<\/strong>. Cette \u00e9dition rare signe le mariage r\u00e9ussi de deux g\u00e9nies.\u00a0<\/p>\n<p>Figure majeure de la la bande dessin\u00e9e fran\u00e7aise contemporaine, <strong>Jacques Tardi e<\/strong>st aujourd\u2019hui mondialement connu et son oeuvre traduite en plusieurs langues continue d\u2019inspirer les dessinateurs.<\/p>\n<p>[\/et_pb_text][\/et_pb_column][et_pb_column type=\u00a0\u00bb1_2&Prime; _builder_version=\u00a0\u00bb4.16&Prime; _module_preset=\u00a0\u00bbdefault\u00a0\u00bb global_colors_info=\u00a0\u00bb{}\u00a0\u00bb][et_pb_image src=\u00a0\u00bbhttps:\/\/www.primardeco.com\/blog\/wp-content\/uploads\/2022\/03\/Voyage-au-bout-de-la-nuit-Celine-Tardi-\u00a9Primardeco-1-scaled.jpg\u00a0\u00bb alt=\u00a0\u00bbVoyage au bout de la nuit &#8211; C\u00e9line &#038; Tardi \u00a9Primardeco\u00a0\u00bb title_text=\u00a0\u00bbVoyage au bout de la nuit &#8211; C\u00e9line &#038; Tardi \u00a9Primardeco\u00a0\u00bb _builder_version=\u00a0\u00bb4.16&Prime; _module_preset=\u00a0\u00bbdefault\u00a0\u00bb global_colors_info=\u00a0\u00bb{}\u00a0\u00bb][\/et_pb_image][\/et_pb_column][\/et_pb_row][et_pb_row _builder_version=\u00a0\u00bb4.16&Prime; _module_preset=\u00a0\u00bbdefault\u00a0\u00bb global_colors_info=\u00a0\u00bb{}\u00a0\u00bb][et_pb_column type=\u00a0\u00bb4_4&Prime; _builder_version=\u00a0\u00bb4.16&Prime; _module_preset=\u00a0\u00bbdefault\u00a0\u00bb global_colors_info=\u00a0\u00bb{}\u00a0\u00bb][et_pb_text _builder_version=\u00a0\u00bb4.16&Prime; _module_preset=\u00a0\u00bbdefault\u00a0\u00bb global_colors_info=\u00a0\u00bb{}\u00a0\u00bb]<\/p>\n<h2>Un lot d\u2019exception<\/h2>\n<h2><span class=\"Apple-converted-space\">\u00a0<\/span><\/h2>\n<p><a href=\"https:\/\/www.primardeco.com\/livres-anciens-et-modernes\/celine-tardi-voyage-au-bout-de-la-nuit-paris-futuropolis-gallim-42568\">CELINE &#8211; TARDI. Voyage au bout de la nuit.<\/a> Paris, Futuropolis, Gallimard 1988. in-4. Reliure toile noire \u00e9diteur illustr\u00e9e, \u00e9tui. 1\/100 exemplaire de t\u00eate num\u00e9rot\u00e9 et sign\u00e9 par Tardi.<span class=\"Apple-converted-space\">\u00a0<\/span><\/p>\n<p><span style=\"font-size: 16px;\">Cette \u00e9dition<\/span><strong style=\"font-size: 16px;\"> unique au monde<\/strong><span style=\"font-size: 16px;\"> pr\u00e9sente le roman de <\/span><strong style=\"font-size: 16px;\">C\u00e9line<\/strong><span style=\"font-size: 16px;\"> illustr\u00e9 par le c\u00e9l\u00e8bre auteur de bande dessin\u00e9e et illustrateur fran\u00e7ais <\/span><strong style=\"font-size: 16px;\">Jacques Tardi.<\/strong><span style=\"font-size: 16px;\"> Elle est accompagn\u00e9e d&rsquo;un <\/span><strong style=\"font-size: 16px;\">dessin original de Tardi<\/strong><span style=\"font-size: 16px;\"> \u00e0 l&rsquo;encre de Chine sign\u00e9 et justifi\u00e9. L&rsquo;exemplaire est en outre enrichi d&rsquo;un envoi autographe et un autre dessin original en noir et couleur.<\/span>\u00a0C&rsquo;est un lot majeur de la riche <a href=\"https:\/\/www.primardeco.com\/ventes-aux-encheres\/annee-2022\/04-03-287\">vacation de\u00a0Livres anciens et modernes<\/a> du 4 mars de Primardeco\u00a0<\/p>\n<p>[\/et_pb_text][et_pb_image src=\u00a0\u00bbhttps:\/\/www.primardeco.com\/blog\/wp-content\/uploads\/2022\/03\/69e4860fa661be1140447fdf003feeb447f6be54.jpg\u00a0\u00bb alt=\u00a0\u00bbDessin original Jacques Tardi. \u00a9Primardeco\u00a0\u00bb title_text=\u00a0\u00bbDessin original Jacques Tardi. \u00a9Primardeco\u00a0\u00bb _builder_version=\u00a0\u00bb4.16&Prime; _module_preset=\u00a0\u00bbdefault\u00a0\u00bb global_colors_info=\u00a0\u00bb{}\u00a0\u00bb][\/et_pb_image][\/et_pb_column][\/et_pb_row][et_pb_row _builder_version=\u00a0\u00bb4.16&Prime; _module_preset=\u00a0\u00bbdefault\u00a0\u00bb global_colors_info=\u00a0\u00bb{}\u00a0\u00bb][et_pb_column type=\u00a0\u00bb4_4&Prime; _builder_version=\u00a0\u00bb4.16&Prime; _module_preset=\u00a0\u00bbdefault\u00a0\u00bb global_colors_info=\u00a0\u00bb{}\u00a0\u00bb][et_pb_text _builder_version=\u00a0\u00bb4.16&Prime; _module_preset=\u00a0\u00bbdefault\u00a0\u00bb custom_margin=\u00a0\u00bb||-260px|||\u00a0\u00bb custom_padding=\u00a0\u00bb||0px|||\u00a0\u00bb global_colors_info=\u00a0\u00bb{}\u00a0\u00bb]<\/p>\n<p>Cette \u00e9dition est l\u2019histoire d\u2019une rencontre in\u00e9dite entre un chef d\u2019oeuvre de la <strong>litt\u00e9rature<\/strong> et un maitre de la <strong>bande dessin\u00e9e<\/strong> contemporaine. En effet, Jacques Tardi par une compr\u00e9hension in\u00e9dite du r\u00e9cit parvient a donner une <strong>nouvelle \u00e2me<\/strong> \u00e0 ce roman aux millions de lecteurs. C\u2019est une <strong>formidable relecture<\/strong> que nous offre le dessinateur par le biais de dessins et bandes dessin\u00e9es.<span class=\"Apple-converted-space\">\u00a0<\/span><span class=\"Apple-converted-space\"><\/span><\/p>\n<p>Le format de l\u2019ouvrage permet d\u2019admirer les tr\u00e8s belles illustrations de <strong>Jacques Tardi<\/strong> qui nourrissent le texte. En un mot, cette belle \u00e9dition t\u00e9moigne d\u2019un <strong>mariage plus que r\u00e9ussi entre texte et dessin<\/strong>.<span class=\"Apple-converted-space\">\u00a0<\/span><\/p>\n<p>&nbsp;<\/p>\n<p>&nbsp;<\/p>\n<p>&nbsp;<\/p>\n<p>&nbsp;<\/p>\n<p>&nbsp;<\/p>\n<p>&nbsp;<\/p>\n<p>\u200b<\/p>\n<p>[\/et_pb_text][et_pb_image src=\u00a0\u00bbhttps:\/\/www.primardeco.com\/blog\/wp-content\/uploads\/2022\/03\/b5ed1ea9eb41b454055b56727aca252ddb58b9dc.jpg\u00a0\u00bb alt=\u00a0\u00bb Voyage au bout de la nuit &#8211; C\u00e9line &#038; Tardi \u00a9Primardeco\u00a0\u00bb title_text=\u00a0\u00bb Voyage au bout de la nuit &#8211; C\u00e9line &#038; Tardi \u00a9Primardeco\u00a0\u00bb _builder_version=\u00a0\u00bb4.16&Prime; _module_preset=\u00a0\u00bbdefault\u00a0\u00bb global_colors_info=\u00a0\u00bb{}\u00a0\u00bb][\/et_pb_image][et_pb_text _builder_version=\u00a0\u00bb4.16&Prime; _module_preset=\u00a0\u00bbdefault\u00a0\u00bb global_colors_info=\u00a0\u00bb{}\u00a0\u00bb]<\/p>\n<h2>La bande dessin\u00e9e a le vent en poupe !<\/h2>\n<h2><span class=\"Apple-converted-space\">\u00a0<\/span><\/h2>\n<p>Depuis quelques ann\u00e9es, nous assistons \u00e0 un v\u00e9ritable<strong> \u00ab\u00a0boom\u00a0\u00bbde l&rsquo;univers de la <a href=\"https:\/\/www.primardeco.com\/bandes-dessinees\">bande dessin\u00e9e aux ench\u00e8res<\/a>.<\/strong> Planches et dessins originaux, illustrations, albums ou objets rares de grands noms comme Herg\u00e9 sont alors \u00e0 l&rsquo;origine de tr\u00e8s belles ench\u00e8res.\u00a0Port\u00e9 par des collectionneurs relativement jeunes, le 9\u00e8me art a plus que jamais le vent en poupe.<\/p>\n<p>Sans surprise, ce lot a suscit\u00e9 la curiosit\u00e9 des collectionneurs et s&rsquo;est envol\u00e9 \u00e0 <strong>3 750\u20ac<\/strong> !<\/p>\n<p>[\/et_pb_text][\/et_pb_column][\/et_pb_row][et_pb_row _builder_version=\u00a0\u00bb4.16&Prime; _module_preset=\u00a0\u00bbdefault\u00a0\u00bb global_colors_info=\u00a0\u00bb{}\u00a0\u00bb][et_pb_column type=\u00a0\u00bb4_4&Prime; _builder_version=\u00a0\u00bb4.16&Prime; _module_preset=\u00a0\u00bbdefault\u00a0\u00bb global_colors_info=\u00a0\u00bb{}\u00a0\u00bb][et_pb_divider _builder_version=\u00a0\u00bb4.16&Prime; _module_preset=\u00a0\u00bbdefault\u00a0\u00bb global_colors_info=\u00a0\u00bb{}\u00a0\u00bb][\/et_pb_divider][\/et_pb_column][\/et_pb_row][\/et_pb_section]<\/p>\n","protected":false},"excerpt":{"rendered":"<p>Le chef d\u2019oeuvre de C\u00e9line illustr\u00e9 par Jacques Tardi : un lot majeur de la vente de Livres anciens &amp; modernes.\u00a0Voyage au bout de la nuit &#8211; C\u00e9line\u00a0 Le 15 octobre 1932 est publi\u00e9 le premier et le plus c\u00e9l\u00e8bre roman de l\u2019\u00e9crivain Louis-Ferdinand Destouches dit C\u00e9line : Voyage au bout de la Nuit. C\u2019est [&hellip;]<\/p>\n","protected":false},"author":2,"featured_media":1170,"comment_status":"closed","ping_status":"closed","sticky":false,"template":"","format":"standard","meta":{"_et_pb_use_builder":"on","_et_pb_old_content":"","_et_gb_content_width":"","footnotes":""},"categories":[79],"tags":[44,41,15],"class_list":["post-1166","post","type-post","status-publish","format-standard","has-post-thumbnail","hentry","category-livres-anciens-et-modernes","tag-livres-anciens-modernes","tag-lots-dexception","tag-resultats-ventes-encheres"],"yoast_head":"<!-- This site is optimized with the Yoast SEO plugin v25.6 - https:\/\/yoast.com\/wordpress\/plugins\/seo\/ -->\n<title>ZOOM C\u00e9line &amp; Tardi, le mariage r\u00e9ussi de deux g\u00e9nies | Primardeco - Blog<\/title>\n<meta name=\"description\" content=\"En savoir plus sur &quot;ZOOM C\u00e9line &amp; Tardi, le mariage r\u00e9ussi de deux g\u00e9nies&quot;, un sujet propos\u00e9 dans la cat\u00e9gorie Livres anciens et modernes par l&#039;\u00e9quipe Primardeco, sp\u00e9cialistes de l&#039;expertise et de la vente aux ench\u00e8res d&#039;art \u00e0 Toulouse.\" \/>\n<meta name=\"robots\" content=\"index, follow, max-snippet:-1, max-image-preview:large, max-video-preview:-1\" \/>\n<link rel=\"canonical\" href=\"https:\/\/www.primardeco.com\/blog\/zoom-celine-tardi-le-mariage-reussi-de-deux-genies\/\" \/>\n<meta property=\"og:locale\" content=\"fr_FR\" \/>\n<meta property=\"og:type\" content=\"article\" \/>\n<meta property=\"og:title\" content=\"ZOOM C\u00e9line &amp; Tardi, le mariage r\u00e9ussi de deux g\u00e9nies | Primardeco - Blog\" \/>\n<meta property=\"og:description\" content=\"En savoir plus sur &quot;ZOOM C\u00e9line &amp; Tardi, le mariage r\u00e9ussi de deux g\u00e9nies&quot;, un sujet propos\u00e9 dans la cat\u00e9gorie Livres anciens et modernes par l&#039;\u00e9quipe Primardeco, sp\u00e9cialistes de l&#039;expertise et de la vente aux ench\u00e8res d&#039;art \u00e0 Toulouse.\" \/>\n<meta property=\"og:url\" content=\"https:\/\/www.primardeco.com\/blog\/zoom-celine-tardi-le-mariage-reussi-de-deux-genies\/\" \/>\n<meta property=\"og:site_name\" content=\"Primardeco - Blog\" \/>\n<meta property=\"article:publisher\" content=\"https:\/\/www.facebook.com\/Primardeco-275817602518624\/\" \/>\n<meta property=\"article:published_time\" content=\"2022-03-04T08:58:37+00:00\" \/>\n<meta property=\"article:modified_time\" content=\"2023-11-08T09:06:59+00:00\" \/>\n<meta property=\"og:image\" content=\"https:\/\/www.primardeco.com\/blog\/wp-content\/uploads\/2022\/03\/Voyage-au-bout-de-la-nuit-Celine-Tardi-\u00a9Primardeco-scaled.jpg\" \/>\n\t<meta property=\"og:image:width\" content=\"2560\" \/>\n\t<meta property=\"og:image:height\" content=\"1920\" \/>\n\t<meta property=\"og:image:type\" content=\"image\/jpeg\" \/>\n<meta name=\"author\" content=\"Anne de Colonges-Trotignon,\" \/>\n<meta name=\"twitter:card\" content=\"summary_large_image\" \/>\n<meta name=\"twitter:creator\" content=\"@PRIMARDECO\" \/>\n<meta name=\"twitter:site\" content=\"@PRIMARDECO\" \/>\n<meta name=\"twitter:label1\" content=\"\u00c9crit par\" \/>\n\t<meta name=\"twitter:data1\" content=\"Anne de Colonges-Trotignon,\" \/>\n\t<meta name=\"twitter:label2\" content=\"Dur\u00e9e de lecture estim\u00e9e\" \/>\n\t<meta name=\"twitter:data2\" content=\"4 minutes\" \/>\n<script type=\"application\/ld+json\" class=\"yoast-schema-graph\">{\"@context\":\"https:\/\/schema.org\",\"@graph\":[{\"@type\":\"Article\",\"@id\":\"https:\/\/www.primardeco.com\/blog\/zoom-celine-tardi-le-mariage-reussi-de-deux-genies\/#article\",\"isPartOf\":{\"@id\":\"https:\/\/www.primardeco.com\/blog\/zoom-celine-tardi-le-mariage-reussi-de-deux-genies\/\"},\"author\":{\"name\":\"Anne de Colonges-Trotignon,\",\"@id\":\"https:\/\/www.primardeco.com\/blog\/#\/schema\/person\/7de13947a1930d4cdcc9da53f15a8bf6\"},\"headline\":\"ZOOM C\u00e9line &#038; Tardi, le mariage r\u00e9ussi de deux g\u00e9nies\",\"datePublished\":\"2022-03-04T08:58:37+00:00\",\"dateModified\":\"2023-11-08T09:06:59+00:00\",\"mainEntityOfPage\":{\"@id\":\"https:\/\/www.primardeco.com\/blog\/zoom-celine-tardi-le-mariage-reussi-de-deux-genies\/\"},\"wordCount\":1242,\"publisher\":{\"@id\":\"https:\/\/www.primardeco.com\/blog\/#organization\"},\"image\":{\"@id\":\"https:\/\/www.primardeco.com\/blog\/zoom-celine-tardi-le-mariage-reussi-de-deux-genies\/#primaryimage\"},\"thumbnailUrl\":\"https:\/\/www.primardeco.com\/blog\/wp-content\/uploads\/2022\/03\/Voyage-au-bout-de-la-nuit-Celine-Tardi-\u00a9Primardeco-scaled.jpg\",\"keywords\":[\"Livres anciens &amp; modernes\",\"Lots d'exception\",\"r\u00e9sultats de ventes aux ench\u00e8res\"],\"articleSection\":[\"Livres anciens et modernes\"],\"inLanguage\":\"fr-FR\"},{\"@type\":\"WebPage\",\"@id\":\"https:\/\/www.primardeco.com\/blog\/zoom-celine-tardi-le-mariage-reussi-de-deux-genies\/\",\"url\":\"https:\/\/www.primardeco.com\/blog\/zoom-celine-tardi-le-mariage-reussi-de-deux-genies\/\",\"name\":\"ZOOM C\u00e9line & Tardi, le mariage r\u00e9ussi de deux g\u00e9nies | Primardeco - Blog\",\"isPartOf\":{\"@id\":\"https:\/\/www.primardeco.com\/blog\/#website\"},\"primaryImageOfPage\":{\"@id\":\"https:\/\/www.primardeco.com\/blog\/zoom-celine-tardi-le-mariage-reussi-de-deux-genies\/#primaryimage\"},\"image\":{\"@id\":\"https:\/\/www.primardeco.com\/blog\/zoom-celine-tardi-le-mariage-reussi-de-deux-genies\/#primaryimage\"},\"thumbnailUrl\":\"https:\/\/www.primardeco.com\/blog\/wp-content\/uploads\/2022\/03\/Voyage-au-bout-de-la-nuit-Celine-Tardi-\u00a9Primardeco-scaled.jpg\",\"datePublished\":\"2022-03-04T08:58:37+00:00\",\"dateModified\":\"2023-11-08T09:06:59+00:00\",\"description\":\"En savoir plus sur \\\"ZOOM C\u00e9line & Tardi, le mariage r\u00e9ussi de deux g\u00e9nies\\\", un sujet propos\u00e9 dans la cat\u00e9gorie Livres anciens et modernes par l'\u00e9quipe Primardeco, sp\u00e9cialistes de l'expertise et de la vente aux ench\u00e8res d'art \u00e0 Toulouse.\",\"breadcrumb\":{\"@id\":\"https:\/\/www.primardeco.com\/blog\/zoom-celine-tardi-le-mariage-reussi-de-deux-genies\/#breadcrumb\"},\"inLanguage\":\"fr-FR\",\"potentialAction\":[{\"@type\":\"ReadAction\",\"target\":[\"https:\/\/www.primardeco.com\/blog\/zoom-celine-tardi-le-mariage-reussi-de-deux-genies\/\"]}]},{\"@type\":\"ImageObject\",\"inLanguage\":\"fr-FR\",\"@id\":\"https:\/\/www.primardeco.com\/blog\/zoom-celine-tardi-le-mariage-reussi-de-deux-genies\/#primaryimage\",\"url\":\"https:\/\/www.primardeco.com\/blog\/wp-content\/uploads\/2022\/03\/Voyage-au-bout-de-la-nuit-Celine-Tardi-\u00a9Primardeco-scaled.jpg\",\"contentUrl\":\"https:\/\/www.primardeco.com\/blog\/wp-content\/uploads\/2022\/03\/Voyage-au-bout-de-la-nuit-Celine-Tardi-\u00a9Primardeco-scaled.jpg\",\"width\":2560,\"height\":1920,\"caption\":\"Voyage au bout de la nuit - C\u00e9line & Tardi \u00a9Primardeco\"},{\"@type\":\"BreadcrumbList\",\"@id\":\"https:\/\/www.primardeco.com\/blog\/zoom-celine-tardi-le-mariage-reussi-de-deux-genies\/#breadcrumb\",\"itemListElement\":[{\"@type\":\"ListItem\",\"position\":1,\"name\":\"Accueil\",\"item\":\"https:\/\/www.primardeco.com\/blog\/\"},{\"@type\":\"ListItem\",\"position\":2,\"name\":\"ZOOM C\u00e9line &#038; Tardi, le mariage r\u00e9ussi de deux g\u00e9nies\"}]},{\"@type\":\"WebSite\",\"@id\":\"https:\/\/www.primardeco.com\/blog\/#website\",\"url\":\"https:\/\/www.primardeco.com\/blog\/\",\"name\":\"Primardeco - Blog\",\"description\":\"Expertises et Ventes aux ench\u00e8res\",\"publisher\":{\"@id\":\"https:\/\/www.primardeco.com\/blog\/#organization\"},\"potentialAction\":[{\"@type\":\"SearchAction\",\"target\":{\"@type\":\"EntryPoint\",\"urlTemplate\":\"https:\/\/www.primardeco.com\/blog\/?s={search_term_string}\"},\"query-input\":{\"@type\":\"PropertyValueSpecification\",\"valueRequired\":true,\"valueName\":\"search_term_string\"}}],\"inLanguage\":\"fr-FR\"},{\"@type\":\"Organization\",\"@id\":\"https:\/\/www.primardeco.com\/blog\/#organization\",\"name\":\"Le Blog Primardeco, Ventes aux Ench\u00e8res d'Art \u00e0 Toulouse\",\"url\":\"https:\/\/www.primardeco.com\/blog\/\",\"logo\":{\"@type\":\"ImageObject\",\"inLanguage\":\"fr-FR\",\"@id\":\"https:\/\/www.primardeco.com\/blog\/#\/schema\/logo\/image\/\",\"url\":\"https:\/\/www.primardeco.com\/blog\/wp-content\/uploads\/2021\/11\/logo-primardeco-blog.png\",\"contentUrl\":\"https:\/\/www.primardeco.com\/blog\/wp-content\/uploads\/2021\/11\/logo-primardeco-blog.png\",\"width\":282,\"height\":84,\"caption\":\"Le Blog Primardeco, Ventes aux Ench\u00e8res d'Art \u00e0 Toulouse\"},\"image\":{\"@id\":\"https:\/\/www.primardeco.com\/blog\/#\/schema\/logo\/image\/\"},\"sameAs\":[\"https:\/\/www.facebook.com\/Primardeco-275817602518624\/\",\"https:\/\/x.com\/PRIMARDECO\",\"https:\/\/www.instagram.com\/primardeco\/\"]},{\"@type\":\"Person\",\"@id\":\"https:\/\/www.primardeco.com\/blog\/#\/schema\/person\/7de13947a1930d4cdcc9da53f15a8bf6\",\"name\":\"Anne de Colonges-Trotignon,\",\"image\":{\"@type\":\"ImageObject\",\"inLanguage\":\"fr-FR\",\"@id\":\"https:\/\/www.primardeco.com\/blog\/#\/schema\/person\/image\/\",\"url\":\"https:\/\/secure.gravatar.com\/avatar\/853054ac9272b8d8231f62d5ba9a57c0838e74856b0112cb96fd18a428d1d335?s=96&d=mm&r=g\",\"contentUrl\":\"https:\/\/secure.gravatar.com\/avatar\/853054ac9272b8d8231f62d5ba9a57c0838e74856b0112cb96fd18a428d1d335?s=96&d=mm&r=g\",\"caption\":\"Anne de Colonges-Trotignon,\"},\"url\":\"https:\/\/www.primardeco.com\/blog\/author\/anne\/\"}]}<\/script>\n<!-- \/ Yoast SEO plugin. -->","yoast_head_json":{"title":"ZOOM C\u00e9line & Tardi, le mariage r\u00e9ussi de deux g\u00e9nies | Primardeco - Blog","description":"En savoir plus sur \"ZOOM C\u00e9line & Tardi, le mariage r\u00e9ussi de deux g\u00e9nies\", un sujet propos\u00e9 dans la cat\u00e9gorie Livres anciens et modernes par l'\u00e9quipe Primardeco, sp\u00e9cialistes de l'expertise et de la vente aux ench\u00e8res d'art \u00e0 Toulouse.","robots":{"index":"index","follow":"follow","max-snippet":"max-snippet:-1","max-image-preview":"max-image-preview:large","max-video-preview":"max-video-preview:-1"},"canonical":"https:\/\/www.primardeco.com\/blog\/zoom-celine-tardi-le-mariage-reussi-de-deux-genies\/","og_locale":"fr_FR","og_type":"article","og_title":"ZOOM C\u00e9line & Tardi, le mariage r\u00e9ussi de deux g\u00e9nies | Primardeco - Blog","og_description":"En savoir plus sur \"ZOOM C\u00e9line & Tardi, le mariage r\u00e9ussi de deux g\u00e9nies\", un sujet propos\u00e9 dans la cat\u00e9gorie Livres anciens et modernes par l'\u00e9quipe Primardeco, sp\u00e9cialistes de l'expertise et de la vente aux ench\u00e8res d'art \u00e0 Toulouse.","og_url":"https:\/\/www.primardeco.com\/blog\/zoom-celine-tardi-le-mariage-reussi-de-deux-genies\/","og_site_name":"Primardeco - Blog","article_publisher":"https:\/\/www.facebook.com\/Primardeco-275817602518624\/","article_published_time":"2022-03-04T08:58:37+00:00","article_modified_time":"2023-11-08T09:06:59+00:00","og_image":[{"width":2560,"height":1920,"url":"https:\/\/www.primardeco.com\/blog\/wp-content\/uploads\/2022\/03\/Voyage-au-bout-de-la-nuit-Celine-Tardi-\u00a9Primardeco-scaled.jpg","type":"image\/jpeg"}],"author":"Anne de Colonges-Trotignon,","twitter_card":"summary_large_image","twitter_creator":"@PRIMARDECO","twitter_site":"@PRIMARDECO","twitter_misc":{"\u00c9crit par":"Anne de Colonges-Trotignon,","Dur\u00e9e de lecture estim\u00e9e":"4 minutes"},"schema":{"@context":"https:\/\/schema.org","@graph":[{"@type":"Article","@id":"https:\/\/www.primardeco.com\/blog\/zoom-celine-tardi-le-mariage-reussi-de-deux-genies\/#article","isPartOf":{"@id":"https:\/\/www.primardeco.com\/blog\/zoom-celine-tardi-le-mariage-reussi-de-deux-genies\/"},"author":{"name":"Anne de Colonges-Trotignon,","@id":"https:\/\/www.primardeco.com\/blog\/#\/schema\/person\/7de13947a1930d4cdcc9da53f15a8bf6"},"headline":"ZOOM C\u00e9line &#038; Tardi, le mariage r\u00e9ussi de deux g\u00e9nies","datePublished":"2022-03-04T08:58:37+00:00","dateModified":"2023-11-08T09:06:59+00:00","mainEntityOfPage":{"@id":"https:\/\/www.primardeco.com\/blog\/zoom-celine-tardi-le-mariage-reussi-de-deux-genies\/"},"wordCount":1242,"publisher":{"@id":"https:\/\/www.primardeco.com\/blog\/#organization"},"image":{"@id":"https:\/\/www.primardeco.com\/blog\/zoom-celine-tardi-le-mariage-reussi-de-deux-genies\/#primaryimage"},"thumbnailUrl":"https:\/\/www.primardeco.com\/blog\/wp-content\/uploads\/2022\/03\/Voyage-au-bout-de-la-nuit-Celine-Tardi-\u00a9Primardeco-scaled.jpg","keywords":["Livres anciens &amp; modernes","Lots d'exception","r\u00e9sultats de ventes aux ench\u00e8res"],"articleSection":["Livres anciens et modernes"],"inLanguage":"fr-FR"},{"@type":"WebPage","@id":"https:\/\/www.primardeco.com\/blog\/zoom-celine-tardi-le-mariage-reussi-de-deux-genies\/","url":"https:\/\/www.primardeco.com\/blog\/zoom-celine-tardi-le-mariage-reussi-de-deux-genies\/","name":"ZOOM C\u00e9line & Tardi, le mariage r\u00e9ussi de deux g\u00e9nies | Primardeco - Blog","isPartOf":{"@id":"https:\/\/www.primardeco.com\/blog\/#website"},"primaryImageOfPage":{"@id":"https:\/\/www.primardeco.com\/blog\/zoom-celine-tardi-le-mariage-reussi-de-deux-genies\/#primaryimage"},"image":{"@id":"https:\/\/www.primardeco.com\/blog\/zoom-celine-tardi-le-mariage-reussi-de-deux-genies\/#primaryimage"},"thumbnailUrl":"https:\/\/www.primardeco.com\/blog\/wp-content\/uploads\/2022\/03\/Voyage-au-bout-de-la-nuit-Celine-Tardi-\u00a9Primardeco-scaled.jpg","datePublished":"2022-03-04T08:58:37+00:00","dateModified":"2023-11-08T09:06:59+00:00","description":"En savoir plus sur \"ZOOM C\u00e9line & Tardi, le mariage r\u00e9ussi de deux g\u00e9nies\", un sujet propos\u00e9 dans la cat\u00e9gorie Livres anciens et modernes par l'\u00e9quipe Primardeco, sp\u00e9cialistes de l'expertise et de la vente aux ench\u00e8res d'art \u00e0 Toulouse.","breadcrumb":{"@id":"https:\/\/www.primardeco.com\/blog\/zoom-celine-tardi-le-mariage-reussi-de-deux-genies\/#breadcrumb"},"inLanguage":"fr-FR","potentialAction":[{"@type":"ReadAction","target":["https:\/\/www.primardeco.com\/blog\/zoom-celine-tardi-le-mariage-reussi-de-deux-genies\/"]}]},{"@type":"ImageObject","inLanguage":"fr-FR","@id":"https:\/\/www.primardeco.com\/blog\/zoom-celine-tardi-le-mariage-reussi-de-deux-genies\/#primaryimage","url":"https:\/\/www.primardeco.com\/blog\/wp-content\/uploads\/2022\/03\/Voyage-au-bout-de-la-nuit-Celine-Tardi-\u00a9Primardeco-scaled.jpg","contentUrl":"https:\/\/www.primardeco.com\/blog\/wp-content\/uploads\/2022\/03\/Voyage-au-bout-de-la-nuit-Celine-Tardi-\u00a9Primardeco-scaled.jpg","width":2560,"height":1920,"caption":"Voyage au bout de la nuit - C\u00e9line & Tardi \u00a9Primardeco"},{"@type":"BreadcrumbList","@id":"https:\/\/www.primardeco.com\/blog\/zoom-celine-tardi-le-mariage-reussi-de-deux-genies\/#breadcrumb","itemListElement":[{"@type":"ListItem","position":1,"name":"Accueil","item":"https:\/\/www.primardeco.com\/blog\/"},{"@type":"ListItem","position":2,"name":"ZOOM C\u00e9line &#038; Tardi, le mariage r\u00e9ussi de deux g\u00e9nies"}]},{"@type":"WebSite","@id":"https:\/\/www.primardeco.com\/blog\/#website","url":"https:\/\/www.primardeco.com\/blog\/","name":"Primardeco - Blog","description":"Expertises et Ventes aux ench\u00e8res","publisher":{"@id":"https:\/\/www.primardeco.com\/blog\/#organization"},"potentialAction":[{"@type":"SearchAction","target":{"@type":"EntryPoint","urlTemplate":"https:\/\/www.primardeco.com\/blog\/?s={search_term_string}"},"query-input":{"@type":"PropertyValueSpecification","valueRequired":true,"valueName":"search_term_string"}}],"inLanguage":"fr-FR"},{"@type":"Organization","@id":"https:\/\/www.primardeco.com\/blog\/#organization","name":"Le Blog Primardeco, Ventes aux Ench\u00e8res d'Art \u00e0 Toulouse","url":"https:\/\/www.primardeco.com\/blog\/","logo":{"@type":"ImageObject","inLanguage":"fr-FR","@id":"https:\/\/www.primardeco.com\/blog\/#\/schema\/logo\/image\/","url":"https:\/\/www.primardeco.com\/blog\/wp-content\/uploads\/2021\/11\/logo-primardeco-blog.png","contentUrl":"https:\/\/www.primardeco.com\/blog\/wp-content\/uploads\/2021\/11\/logo-primardeco-blog.png","width":282,"height":84,"caption":"Le Blog Primardeco, Ventes aux Ench\u00e8res d'Art \u00e0 Toulouse"},"image":{"@id":"https:\/\/www.primardeco.com\/blog\/#\/schema\/logo\/image\/"},"sameAs":["https:\/\/www.facebook.com\/Primardeco-275817602518624\/","https:\/\/x.com\/PRIMARDECO","https:\/\/www.instagram.com\/primardeco\/"]},{"@type":"Person","@id":"https:\/\/www.primardeco.com\/blog\/#\/schema\/person\/7de13947a1930d4cdcc9da53f15a8bf6","name":"Anne de Colonges-Trotignon,","image":{"@type":"ImageObject","inLanguage":"fr-FR","@id":"https:\/\/www.primardeco.com\/blog\/#\/schema\/person\/image\/","url":"https:\/\/secure.gravatar.com\/avatar\/853054ac9272b8d8231f62d5ba9a57c0838e74856b0112cb96fd18a428d1d335?s=96&d=mm&r=g","contentUrl":"https:\/\/secure.gravatar.com\/avatar\/853054ac9272b8d8231f62d5ba9a57c0838e74856b0112cb96fd18a428d1d335?s=96&d=mm&r=g","caption":"Anne de Colonges-Trotignon,"},"url":"https:\/\/www.primardeco.com\/blog\/author\/anne\/"}]}},"_links":{"self":[{"href":"https:\/\/www.primardeco.com\/blog\/wp-json\/wp\/v2\/posts\/1166","targetHints":{"allow":["GET"]}}],"collection":[{"href":"https:\/\/www.primardeco.com\/blog\/wp-json\/wp\/v2\/posts"}],"about":[{"href":"https:\/\/www.primardeco.com\/blog\/wp-json\/wp\/v2\/types\/post"}],"author":[{"embeddable":true,"href":"https:\/\/www.primardeco.com\/blog\/wp-json\/wp\/v2\/users\/2"}],"replies":[{"embeddable":true,"href":"https:\/\/www.primardeco.com\/blog\/wp-json\/wp\/v2\/comments?post=1166"}],"version-history":[{"count":6,"href":"https:\/\/www.primardeco.com\/blog\/wp-json\/wp\/v2\/posts\/1166\/revisions"}],"predecessor-version":[{"id":2643,"href":"https:\/\/www.primardeco.com\/blog\/wp-json\/wp\/v2\/posts\/1166\/revisions\/2643"}],"wp:featuredmedia":[{"embeddable":true,"href":"https:\/\/www.primardeco.com\/blog\/wp-json\/wp\/v2\/media\/1170"}],"wp:attachment":[{"href":"https:\/\/www.primardeco.com\/blog\/wp-json\/wp\/v2\/media?parent=1166"}],"wp:term":[{"taxonomy":"category","embeddable":true,"href":"https:\/\/www.primardeco.com\/blog\/wp-json\/wp\/v2\/categories?post=1166"},{"taxonomy":"post_tag","embeddable":true,"href":"https:\/\/www.primardeco.com\/blog\/wp-json\/wp\/v2\/tags?post=1166"}],"curies":[{"name":"wp","href":"https:\/\/api.w.org\/{rel}","templated":true}]}}