{"id":1003,"date":"2022-01-31T09:02:15","date_gmt":"2022-01-31T08:02:15","guid":{"rendered":"https:\/\/www.primardeco.com\/blog\/?p=1003"},"modified":"2022-04-28T09:08:55","modified_gmt":"2022-04-28T07:08:55","slug":"les-journees-dexpertises","status":"publish","type":"post","link":"https:\/\/www.primardeco.com\/blog\/les-journees-dexpertises\/","title":{"rendered":"Les Journ\u00e9es d&rsquo;expertises"},"content":{"rendered":"<p>[et_pb_section fb_built=\u00a0\u00bb1&Prime; _builder_version=\u00a0\u00bb4.16&Prime; global_colors_info=\u00a0\u00bb{}\u00a0\u00bb][et_pb_row _builder_version=\u00a0\u00bb4.16&Prime; background_size=\u00a0\u00bbinitial\u00a0\u00bb background_position=\u00a0\u00bbtop_left\u00a0\u00bb background_repeat=\u00a0\u00bbrepeat\u00a0\u00bb global_colors_info=\u00a0\u00bb{}\u00a0\u00bb][et_pb_column type=\u00a0\u00bb4_4&Prime; _builder_version=\u00a0\u00bb4.16&Prime; custom_padding=\u00a0\u00bb|||\u00a0\u00bb global_colors_info=\u00a0\u00bb{}\u00a0\u00bb custom_padding__hover=\u00a0\u00bb|||\u00a0\u00bb][et_pb_text admin_label=\u00a0\u00bbIntro\u00a0\u00bb _builder_version=\u00a0\u00bb4.17.2&Prime; _module_preset=\u00a0\u00bbdefault\u00a0\u00bb hover_enabled=\u00a0\u00bb0&Prime; global_colors_info=\u00a0\u00bb{}\u00a0\u00bb sticky_enabled=\u00a0\u00bb0&Prime;]<\/p>\n<h2>PRIMARDECO VIENT A VOUS\u00a0!<\/h2>\n<p>&nbsp;<\/p>\n<p><em>Pionnier dans les Journ\u00e9es d\u2019expertises, Primardeco attache depuis toujours une grande importance \u00e0 se d\u00e9placer dans toute la France pour venir \u00e0 la rencontre des particuliers et estimer leur bien.\u00a0<\/em><\/p>\n<p>[\/et_pb_text][et_pb_divider _builder_version=\u00a0\u00bb4.16&Prime; _module_preset=\u00a0\u00bbdefault\u00a0\u00bb global_colors_info=\u00a0\u00bb{}\u00a0\u00bb][\/et_pb_divider][\/et_pb_column][\/et_pb_row][et_pb_row _builder_version=\u00a0\u00bb4.16&Prime; _module_preset=\u00a0\u00bbdefault\u00a0\u00bb min_height=\u00a0\u00bb396.4px\u00a0\u00bb custom_margin=\u00a0\u00bb27px|auto||auto||\u00a0\u00bb global_colors_info=\u00a0\u00bb{}\u00a0\u00bb][et_pb_column type=\u00a0\u00bb4_4&Prime; _builder_version=\u00a0\u00bb4.16&Prime; _module_preset=\u00a0\u00bbdefault\u00a0\u00bb global_colors_info=\u00a0\u00bb{}\u00a0\u00bb][et_pb_text _builder_version=\u00a0\u00bb4.16&Prime; _module_preset=\u00a0\u00bbdefault\u00a0\u00bb custom_margin=\u00a0\u00bb-48px|||||\u00a0\u00bb custom_padding=\u00a0\u00bb0px|||||\u00a0\u00bb global_colors_info=\u00a0\u00bb{}\u00a0\u00bb]<\/p>\n<h2>Que sont les Journ\u00e9es d\u2019expertises\u00a0?<\/h2>\n<p>&nbsp;<\/p>\n<p>Organis\u00e9es plusieurs fois par an, les <strong>Journ\u00e9es d\u2019expertises<\/strong> sont l\u2019occasion pour toute l\u2019\u00e9quipe de Primardeco de se d\u00e9placer dans une r\u00e9gion. Depuis quelques ann\u00e9es, la maison de ventes aux ench\u00e8res se concentre sur sa r\u00e9gion d\u2019implantation \u00e0 savoir l\u2019<strong>Occitanie.<\/strong> Perpignan, Montpellier, B\u00e9ziers et bien s\u00fbr Toulouse sont d\u00e8s lors devenues des villes incontournables des Journ\u00e9es d\u2019expertises.<\/p>\n<p>Primardeco met tout en \u0153uvre pour <strong>relayer et informer<\/strong> sur ces journ\u00e9es d\u2019expertises gr\u00e2ce \u00e0 la publication d\u2019articles dans les journaux locaux et nationaux, la cr\u00e9ation d&rsquo;un flyer sp\u00e9cifique distribu\u00e9 dans des lieux strat\u00e9giques, l&rsquo;envoi d&rsquo;une newsletter, etc. Gr\u00e2ce \u00e0 cette communication active et au \u00ab\u00a0bouche \u00e0 oreille\u00a0\u00bb, elles rencontrent toujours un <strong>franc succ\u00e8s<\/strong> et attirent un public chaque fois plus nombreux.<\/p>\n<p>\u200b<\/p>\n<p>[\/et_pb_text][\/et_pb_column][\/et_pb_row][et_pb_row _builder_version=\u00a0\u00bb4.16&Prime; _module_preset=\u00a0\u00bbdefault\u00a0\u00bb global_colors_info=\u00a0\u00bb{}\u00a0\u00bb][et_pb_column type=\u00a0\u00bb4_4&Prime; _builder_version=\u00a0\u00bb4.16&Prime; _module_preset=\u00a0\u00bbdefault\u00a0\u00bb global_colors_info=\u00a0\u00bb{}\u00a0\u00bb][et_pb_text _builder_version=\u00a0\u00bb4.16&Prime; _module_preset=\u00a0\u00bbdefault\u00a0\u00bb min_height=\u00a0\u00bb357.2px\u00a0\u00bb custom_margin=\u00a0\u00bb-95px||-46px|||\u00a0\u00bb global_colors_info=\u00a0\u00bb{}\u00a0\u00bb]<\/p>\n<h2>Quel est l\u2019objectif de ces Journ\u00e9es d\u2019expertises ?<\/h2>\n<p>&nbsp;<\/p>\n<p>L\u2019objectif premier de ces <strong>Journ\u00e9es d\u2019expertises<\/strong> est d\u2019<strong>aller \u00e0 la rencontre des particuliers<\/strong> qui ne pourraient pas se d\u00e9placer jusqu\u2019\u00e0 Toulouse.<\/p>\n<p>Organis\u00e9es dans un cadre neutre, agr\u00e9able et confortable, elles permettent \u00e0 toute personne de <strong>conna\u00eetre la valeur d\u2019un bien<\/strong> (bijoux, vins, tableaux, dessins, bibelots, etc).\u00a0 Elles sont le moyen pour des particuliers de prendre conscience de la valeur de leur patrimoine et de pouvoir <strong>vendre aux ench\u00e8res<\/strong>. Sans rendez-vous ces journ\u00e9es sont accessibles \u00e0 tous.<\/p>\n<p>Enfin, ces Journ\u00e9es d\u2019expertises peuvent tout simplement \u00eatre un moyen de <strong>rencontrer une premi\u00e8re fois<\/strong> l\u2019\u00e9quipe de Primardeco, de conna\u00eetre le fonctionnement de la maison de ventes en vue d\u2019une future collaboration.<\/p>\n<p>\u200b<\/p>\n<p>[\/et_pb_text][\/et_pb_column][\/et_pb_row][et_pb_row _builder_version=\u00a0\u00bb4.16&Prime; _module_preset=\u00a0\u00bbdefault\u00a0\u00bb min_height=\u00a0\u00bb485.2px\u00a0\u00bb custom_margin=\u00a0\u00bb|auto|-96px|auto||\u00a0\u00bb custom_padding=\u00a0\u00bb19px|||||\u00a0\u00bb global_colors_info=\u00a0\u00bb{}\u00a0\u00bb][et_pb_column type=\u00a0\u00bb4_4&Prime; _builder_version=\u00a0\u00bb4.16&Prime; _module_preset=\u00a0\u00bbdefault\u00a0\u00bb global_colors_info=\u00a0\u00bb{}\u00a0\u00bb][et_pb_text _builder_version=\u00a0\u00bb4.16&Prime; _module_preset=\u00a0\u00bbdefault\u00a0\u00bb global_colors_info=\u00a0\u00bb{}\u00a0\u00bb]<\/p>\n<h2>Quel type d\u2019objet peut-on faire expertiser\u00a0?<\/h2>\n<p>&nbsp;<\/p>\n<p>Tout type d\u2019objet peut \u00eatre <strong>expertis\u00e9<\/strong> sur le moment. Primardeco sera en mesure de vous donner gracieusement et de mani\u00e8re confidentielle la <strong><a href=\"https:\/\/www.primardeco.com\/expertise\/bijoux-et-orfevrerie\/\">valeur d\u2019un bijou<\/a>, d&rsquo;une\u00a0<a href=\"https:\/\/www.primardeco.com\/expertise\/vins-champagnes-et-spiritueux\/\">bouteille de vin<\/a>, d\u2019un dessin, d\u2019un <a href=\"https:\/\/www.primardeco.com\/expertise\/tableaux-anciens\/\">tableau<\/a><\/strong>, etc. Une attention particuli\u00e8re est port\u00e9e \u00e0 l&rsquo;<a href=\"https:\/\/www.primardeco.com\/expertise\/art-dasie\/\"><strong>expertise des Arts d\u2019Asi<\/strong><\/a>e gr\u00e2ce \u00e0 la pr\u00e9sence de Pierre Ansas, expert en Arts d\u2019Asie.<\/p>\n<p>Si sa taille le permet, il est <strong>pr\u00e9f\u00e9rable d\u2019apporter le bien<\/strong> \u00e0 expertiser. Ainsi, Primardeco vous en fera une <strong>estimation<\/strong> tr\u00e8s fine. N\u00e9anmoins, cette derni\u00e8re peut \u00e9galement \u00eatre r\u00e9alis\u00e9e d\u2019apr\u00e8s des photographies avant de prendre un rendez-vous ult\u00e9rieurement. De mani\u00e8re g\u00e9n\u00e9rale, et afin de faciliter le travail du commissaire-priseur et des experts de la maison de ventes, il convient de donner toutes les informations ou tout document en lien avec l\u2019objet.<\/p>\n<p>Les Journ\u00e9es d\u2019expertises sont donc un excellent moyen de <strong>conna\u00eetre la valeur d\u2019un objet\u00a0<\/strong>: gratuites et confidentielles, elles peuvent \u00eatre \u00e0 l\u2019origine de tr\u00e8s belles d\u00e9couvertes\u2026<\/p>\n<p>[\/et_pb_text][et_pb_image src=\u00a0\u00bbhttps:\/\/www.primardeco.com\/blog\/wp-content\/uploads\/2022\/01\/Journees-dexpertises2.jpg\u00a0\u00bb alt=\u00a0\u00bbJourn\u00e9es d&rsquo;expertises2&Prime; title_text=\u00a0\u00bbJourn\u00e9es d&rsquo;expertises2&Prime; _builder_version=\u00a0\u00bb4.16&Prime; _module_preset=\u00a0\u00bbdefault\u00a0\u00bb global_colors_info=\u00a0\u00bb{}\u00a0\u00bb][\/et_pb_image][\/et_pb_column][\/et_pb_row][et_pb_row _builder_version=\u00a0\u00bb4.16&Prime; _module_preset=\u00a0\u00bbdefault\u00a0\u00bb custom_margin=\u00a0\u00bb70px|auto||auto||\u00a0\u00bb custom_padding=\u00a0\u00bb|||1px||\u00a0\u00bb global_colors_info=\u00a0\u00bb{}\u00a0\u00bb][et_pb_column type=\u00a0\u00bb4_4&Prime; _builder_version=\u00a0\u00bb4.16&Prime; _module_preset=\u00a0\u00bbdefault\u00a0\u00bb global_colors_info=\u00a0\u00bb{}\u00a0\u00bb][et_pb_text _builder_version=\u00a0\u00bb4.16&Prime; _module_preset=\u00a0\u00bbdefault\u00a0\u00bb min_height=\u00a0\u00bb265.6px\u00a0\u00bb global_colors_info=\u00a0\u00bb{}\u00a0\u00bb]<\/p>\n<h2><strong><\/strong><\/h2>\n<h2><strong><\/strong><\/h2>\n<h2><strong>De belles d\u00e9couvertes<\/strong><\/h2>\n<p><strong><\/strong><\/p>\n<p>Qui n\u2019a jamais r\u00eav\u00e9 de retrouver un objet dans le fond de son grenier\u00a0?<\/p>\n<p>R\u00e9elle <strong>source d\u2019enthousiasme et d\u2019excitation<\/strong> tant pour l\u2019\u00e9quipe de Primardeco que pour les particuliers, les Journ\u00e9es d\u2019expertise peuvent donner lieu \u00e0 de tr\u00e8s belles d\u00e9couvertes. Elles sont le moyen de <strong>red\u00e9couvrir et\/ou de remettre au go\u00fbt du jour<\/strong> des objets parfois oubli\u00e9s depuis bien longtemps.<\/p>\n<p>Des \u0153uvres de Vu Cao Dam consid\u00e9r\u00e9es comme des posters, une \u0153uvre de Foujita, une cave oubli\u00e9e remplie de belles bouteilles, bijoux, etc : nombreuses ont \u00e9t\u00e9 les <strong>surprises<\/strong> lors de ces d\u00e9placements\u00a0!<\/p>\n<p>\u200b<\/p>\n<p>[\/et_pb_text][\/et_pb_column][\/et_pb_row][\/et_pb_section]<\/p>\n","protected":false},"excerpt":{"rendered":"<p>PRIMARDECO VIENT A VOUS\u00a0! &nbsp; Pionnier dans les Journ\u00e9es d\u2019expertises, Primardeco attache depuis toujours une grande importance \u00e0 se d\u00e9placer dans toute la France pour venir \u00e0 la rencontre des particuliers et estimer leur bien.\u00a0Que sont les Journ\u00e9es d\u2019expertises\u00a0? &nbsp; Organis\u00e9es plusieurs fois par an, les Journ\u00e9es d\u2019expertises sont l\u2019occasion pour toute l\u2019\u00e9quipe de Primardeco [&hellip;]<\/p>\n","protected":false},"author":2,"featured_media":1014,"comment_status":"closed","ping_status":"closed","sticky":false,"template":"","format":"standard","meta":{"_et_pb_use_builder":"on","_et_pb_old_content":"","_et_gb_content_width":"","footnotes":""},"categories":[8],"tags":[40],"class_list":["post-1003","post","type-post","status-publish","format-standard","has-post-thumbnail","hentry","category-objets-dart-antiquites","tag-journees-dexpertises"],"yoast_head":"<!-- This site is optimized with the Yoast SEO plugin v25.6 - https:\/\/yoast.com\/wordpress\/plugins\/seo\/ -->\n<title>Les Journ\u00e9es d&#039;expertises | Primardeco - Blog<\/title>\n<meta name=\"description\" content=\"En savoir plus sur &quot;Les Journ\u00e9es d&#039;expertises&quot;, un sujet propos\u00e9 dans la cat\u00e9gorie Objets d&#039;art &amp; antiquit\u00e9s par l&#039;\u00e9quipe Primardeco, sp\u00e9cialistes de l&#039;expertise et de la vente aux ench\u00e8res d&#039;art \u00e0 Toulouse.\" \/>\n<meta name=\"robots\" content=\"index, follow, max-snippet:-1, max-image-preview:large, max-video-preview:-1\" \/>\n<link rel=\"canonical\" href=\"https:\/\/www.primardeco.com\/blog\/les-journees-dexpertises\/\" \/>\n<meta property=\"og:locale\" content=\"fr_FR\" \/>\n<meta property=\"og:type\" content=\"article\" \/>\n<meta property=\"og:title\" content=\"Les Journ\u00e9es d&#039;expertises | Primardeco - Blog\" \/>\n<meta property=\"og:description\" content=\"En savoir plus sur &quot;Les Journ\u00e9es d&#039;expertises&quot;, un sujet propos\u00e9 dans la cat\u00e9gorie Objets d&#039;art &amp; antiquit\u00e9s par l&#039;\u00e9quipe Primardeco, sp\u00e9cialistes de l&#039;expertise et de la vente aux ench\u00e8res d&#039;art \u00e0 Toulouse.\" \/>\n<meta property=\"og:url\" content=\"https:\/\/www.primardeco.com\/blog\/les-journees-dexpertises\/\" \/>\n<meta property=\"og:site_name\" content=\"Primardeco - Blog\" \/>\n<meta property=\"article:publisher\" content=\"https:\/\/www.facebook.com\/Primardeco-275817602518624\/\" \/>\n<meta property=\"article:published_time\" content=\"2022-01-31T08:02:15+00:00\" \/>\n<meta property=\"article:modified_time\" content=\"2022-04-28T07:08:55+00:00\" \/>\n<meta property=\"og:image\" content=\"https:\/\/www.primardeco.com\/blog\/wp-content\/uploads\/2022\/01\/Journees-dexpertises1.jpg\" \/>\n\t<meta property=\"og:image:width\" content=\"1767\" \/>\n\t<meta property=\"og:image:height\" content=\"1186\" \/>\n\t<meta property=\"og:image:type\" content=\"image\/jpeg\" \/>\n<meta name=\"author\" content=\"Anne de Colonges-Trotignon,\" \/>\n<meta name=\"twitter:card\" content=\"summary_large_image\" \/>\n<meta name=\"twitter:creator\" content=\"@PRIMARDECO\" \/>\n<meta name=\"twitter:site\" content=\"@PRIMARDECO\" \/>\n<meta name=\"twitter:label1\" content=\"\u00c9crit par\" \/>\n\t<meta name=\"twitter:data1\" content=\"Anne de Colonges-Trotignon,\" \/>\n\t<meta name=\"twitter:label2\" content=\"Dur\u00e9e de lecture estim\u00e9e\" \/>\n\t<meta name=\"twitter:data2\" content=\"5 minutes\" \/>\n<script type=\"application\/ld+json\" class=\"yoast-schema-graph\">{\"@context\":\"https:\/\/schema.org\",\"@graph\":[{\"@type\":\"Article\",\"@id\":\"https:\/\/www.primardeco.com\/blog\/les-journees-dexpertises\/#article\",\"isPartOf\":{\"@id\":\"https:\/\/www.primardeco.com\/blog\/les-journees-dexpertises\/\"},\"author\":{\"name\":\"Anne de Colonges-Trotignon,\",\"@id\":\"https:\/\/www.primardeco.com\/blog\/#\/schema\/person\/7de13947a1930d4cdcc9da53f15a8bf6\"},\"headline\":\"Les Journ\u00e9es d&rsquo;expertises\",\"datePublished\":\"2022-01-31T08:02:15+00:00\",\"dateModified\":\"2022-04-28T07:08:55+00:00\",\"mainEntityOfPage\":{\"@id\":\"https:\/\/www.primardeco.com\/blog\/les-journees-dexpertises\/\"},\"wordCount\":962,\"publisher\":{\"@id\":\"https:\/\/www.primardeco.com\/blog\/#organization\"},\"image\":{\"@id\":\"https:\/\/www.primardeco.com\/blog\/les-journees-dexpertises\/#primaryimage\"},\"thumbnailUrl\":\"https:\/\/www.primardeco.com\/blog\/wp-content\/uploads\/2022\/01\/Journees-dexpertises1.jpg\",\"keywords\":[\"Journ\u00e9es d'expertises\"],\"articleSection\":[\"Objets d'art &amp; antiquit\u00e9s\"],\"inLanguage\":\"fr-FR\"},{\"@type\":\"WebPage\",\"@id\":\"https:\/\/www.primardeco.com\/blog\/les-journees-dexpertises\/\",\"url\":\"https:\/\/www.primardeco.com\/blog\/les-journees-dexpertises\/\",\"name\":\"Les Journ\u00e9es d'expertises | Primardeco - Blog\",\"isPartOf\":{\"@id\":\"https:\/\/www.primardeco.com\/blog\/#website\"},\"primaryImageOfPage\":{\"@id\":\"https:\/\/www.primardeco.com\/blog\/les-journees-dexpertises\/#primaryimage\"},\"image\":{\"@id\":\"https:\/\/www.primardeco.com\/blog\/les-journees-dexpertises\/#primaryimage\"},\"thumbnailUrl\":\"https:\/\/www.primardeco.com\/blog\/wp-content\/uploads\/2022\/01\/Journees-dexpertises1.jpg\",\"datePublished\":\"2022-01-31T08:02:15+00:00\",\"dateModified\":\"2022-04-28T07:08:55+00:00\",\"description\":\"En savoir plus sur \\\"Les Journ\u00e9es d'expertises\\\", un sujet propos\u00e9 dans la cat\u00e9gorie Objets d'art &amp; antiquit\u00e9s par l'\u00e9quipe Primardeco, sp\u00e9cialistes de l'expertise et de la vente aux ench\u00e8res d'art \u00e0 Toulouse.\",\"breadcrumb\":{\"@id\":\"https:\/\/www.primardeco.com\/blog\/les-journees-dexpertises\/#breadcrumb\"},\"inLanguage\":\"fr-FR\",\"potentialAction\":[{\"@type\":\"ReadAction\",\"target\":[\"https:\/\/www.primardeco.com\/blog\/les-journees-dexpertises\/\"]}]},{\"@type\":\"ImageObject\",\"inLanguage\":\"fr-FR\",\"@id\":\"https:\/\/www.primardeco.com\/blog\/les-journees-dexpertises\/#primaryimage\",\"url\":\"https:\/\/www.primardeco.com\/blog\/wp-content\/uploads\/2022\/01\/Journees-dexpertises1.jpg\",\"contentUrl\":\"https:\/\/www.primardeco.com\/blog\/wp-content\/uploads\/2022\/01\/Journees-dexpertises1.jpg\",\"width\":1767,\"height\":1186,\"caption\":\"Journ\u00e9es d'expertises1\"},{\"@type\":\"BreadcrumbList\",\"@id\":\"https:\/\/www.primardeco.com\/blog\/les-journees-dexpertises\/#breadcrumb\",\"itemListElement\":[{\"@type\":\"ListItem\",\"position\":1,\"name\":\"Accueil\",\"item\":\"https:\/\/www.primardeco.com\/blog\/\"},{\"@type\":\"ListItem\",\"position\":2,\"name\":\"Les Journ\u00e9es d&rsquo;expertises\"}]},{\"@type\":\"WebSite\",\"@id\":\"https:\/\/www.primardeco.com\/blog\/#website\",\"url\":\"https:\/\/www.primardeco.com\/blog\/\",\"name\":\"Primardeco - Blog\",\"description\":\"Expertises et Ventes aux ench\u00e8res\",\"publisher\":{\"@id\":\"https:\/\/www.primardeco.com\/blog\/#organization\"},\"potentialAction\":[{\"@type\":\"SearchAction\",\"target\":{\"@type\":\"EntryPoint\",\"urlTemplate\":\"https:\/\/www.primardeco.com\/blog\/?s={search_term_string}\"},\"query-input\":{\"@type\":\"PropertyValueSpecification\",\"valueRequired\":true,\"valueName\":\"search_term_string\"}}],\"inLanguage\":\"fr-FR\"},{\"@type\":\"Organization\",\"@id\":\"https:\/\/www.primardeco.com\/blog\/#organization\",\"name\":\"Le Blog Primardeco, Ventes aux Ench\u00e8res d'Art \u00e0 Toulouse\",\"url\":\"https:\/\/www.primardeco.com\/blog\/\",\"logo\":{\"@type\":\"ImageObject\",\"inLanguage\":\"fr-FR\",\"@id\":\"https:\/\/www.primardeco.com\/blog\/#\/schema\/logo\/image\/\",\"url\":\"https:\/\/www.primardeco.com\/blog\/wp-content\/uploads\/2021\/11\/logo-primardeco-blog.png\",\"contentUrl\":\"https:\/\/www.primardeco.com\/blog\/wp-content\/uploads\/2021\/11\/logo-primardeco-blog.png\",\"width\":282,\"height\":84,\"caption\":\"Le Blog Primardeco, Ventes aux Ench\u00e8res d'Art \u00e0 Toulouse\"},\"image\":{\"@id\":\"https:\/\/www.primardeco.com\/blog\/#\/schema\/logo\/image\/\"},\"sameAs\":[\"https:\/\/www.facebook.com\/Primardeco-275817602518624\/\",\"https:\/\/x.com\/PRIMARDECO\",\"https:\/\/www.instagram.com\/primardeco\/\"]},{\"@type\":\"Person\",\"@id\":\"https:\/\/www.primardeco.com\/blog\/#\/schema\/person\/7de13947a1930d4cdcc9da53f15a8bf6\",\"name\":\"Anne de Colonges-Trotignon,\",\"image\":{\"@type\":\"ImageObject\",\"inLanguage\":\"fr-FR\",\"@id\":\"https:\/\/www.primardeco.com\/blog\/#\/schema\/person\/image\/\",\"url\":\"https:\/\/secure.gravatar.com\/avatar\/853054ac9272b8d8231f62d5ba9a57c0838e74856b0112cb96fd18a428d1d335?s=96&d=mm&r=g\",\"contentUrl\":\"https:\/\/secure.gravatar.com\/avatar\/853054ac9272b8d8231f62d5ba9a57c0838e74856b0112cb96fd18a428d1d335?s=96&d=mm&r=g\",\"caption\":\"Anne de Colonges-Trotignon,\"},\"url\":\"https:\/\/www.primardeco.com\/blog\/author\/anne\/\"}]}<\/script>\n<!-- \/ Yoast SEO plugin. -->","yoast_head_json":{"title":"Les Journ\u00e9es d'expertises | Primardeco - Blog","description":"En savoir plus sur \"Les Journ\u00e9es d'expertises\", un sujet propos\u00e9 dans la cat\u00e9gorie Objets d'art &amp; antiquit\u00e9s par l'\u00e9quipe Primardeco, sp\u00e9cialistes de l'expertise et de la vente aux ench\u00e8res d'art \u00e0 Toulouse.","robots":{"index":"index","follow":"follow","max-snippet":"max-snippet:-1","max-image-preview":"max-image-preview:large","max-video-preview":"max-video-preview:-1"},"canonical":"https:\/\/www.primardeco.com\/blog\/les-journees-dexpertises\/","og_locale":"fr_FR","og_type":"article","og_title":"Les Journ\u00e9es d'expertises | Primardeco - Blog","og_description":"En savoir plus sur \"Les Journ\u00e9es d'expertises\", un sujet propos\u00e9 dans la cat\u00e9gorie Objets d'art &amp; antiquit\u00e9s par l'\u00e9quipe Primardeco, sp\u00e9cialistes de l'expertise et de la vente aux ench\u00e8res d'art \u00e0 Toulouse.","og_url":"https:\/\/www.primardeco.com\/blog\/les-journees-dexpertises\/","og_site_name":"Primardeco - Blog","article_publisher":"https:\/\/www.facebook.com\/Primardeco-275817602518624\/","article_published_time":"2022-01-31T08:02:15+00:00","article_modified_time":"2022-04-28T07:08:55+00:00","og_image":[{"width":1767,"height":1186,"url":"https:\/\/www.primardeco.com\/blog\/wp-content\/uploads\/2022\/01\/Journees-dexpertises1.jpg","type":"image\/jpeg"}],"author":"Anne de Colonges-Trotignon,","twitter_card":"summary_large_image","twitter_creator":"@PRIMARDECO","twitter_site":"@PRIMARDECO","twitter_misc":{"\u00c9crit par":"Anne de Colonges-Trotignon,","Dur\u00e9e de lecture estim\u00e9e":"5 minutes"},"schema":{"@context":"https:\/\/schema.org","@graph":[{"@type":"Article","@id":"https:\/\/www.primardeco.com\/blog\/les-journees-dexpertises\/#article","isPartOf":{"@id":"https:\/\/www.primardeco.com\/blog\/les-journees-dexpertises\/"},"author":{"name":"Anne de Colonges-Trotignon,","@id":"https:\/\/www.primardeco.com\/blog\/#\/schema\/person\/7de13947a1930d4cdcc9da53f15a8bf6"},"headline":"Les Journ\u00e9es d&rsquo;expertises","datePublished":"2022-01-31T08:02:15+00:00","dateModified":"2022-04-28T07:08:55+00:00","mainEntityOfPage":{"@id":"https:\/\/www.primardeco.com\/blog\/les-journees-dexpertises\/"},"wordCount":962,"publisher":{"@id":"https:\/\/www.primardeco.com\/blog\/#organization"},"image":{"@id":"https:\/\/www.primardeco.com\/blog\/les-journees-dexpertises\/#primaryimage"},"thumbnailUrl":"https:\/\/www.primardeco.com\/blog\/wp-content\/uploads\/2022\/01\/Journees-dexpertises1.jpg","keywords":["Journ\u00e9es d'expertises"],"articleSection":["Objets d'art &amp; antiquit\u00e9s"],"inLanguage":"fr-FR"},{"@type":"WebPage","@id":"https:\/\/www.primardeco.com\/blog\/les-journees-dexpertises\/","url":"https:\/\/www.primardeco.com\/blog\/les-journees-dexpertises\/","name":"Les Journ\u00e9es d'expertises | Primardeco - Blog","isPartOf":{"@id":"https:\/\/www.primardeco.com\/blog\/#website"},"primaryImageOfPage":{"@id":"https:\/\/www.primardeco.com\/blog\/les-journees-dexpertises\/#primaryimage"},"image":{"@id":"https:\/\/www.primardeco.com\/blog\/les-journees-dexpertises\/#primaryimage"},"thumbnailUrl":"https:\/\/www.primardeco.com\/blog\/wp-content\/uploads\/2022\/01\/Journees-dexpertises1.jpg","datePublished":"2022-01-31T08:02:15+00:00","dateModified":"2022-04-28T07:08:55+00:00","description":"En savoir plus sur \"Les Journ\u00e9es d'expertises\", un sujet propos\u00e9 dans la cat\u00e9gorie Objets d'art &amp; antiquit\u00e9s par l'\u00e9quipe Primardeco, sp\u00e9cialistes de l'expertise et de la vente aux ench\u00e8res d'art \u00e0 Toulouse.","breadcrumb":{"@id":"https:\/\/www.primardeco.com\/blog\/les-journees-dexpertises\/#breadcrumb"},"inLanguage":"fr-FR","potentialAction":[{"@type":"ReadAction","target":["https:\/\/www.primardeco.com\/blog\/les-journees-dexpertises\/"]}]},{"@type":"ImageObject","inLanguage":"fr-FR","@id":"https:\/\/www.primardeco.com\/blog\/les-journees-dexpertises\/#primaryimage","url":"https:\/\/www.primardeco.com\/blog\/wp-content\/uploads\/2022\/01\/Journees-dexpertises1.jpg","contentUrl":"https:\/\/www.primardeco.com\/blog\/wp-content\/uploads\/2022\/01\/Journees-dexpertises1.jpg","width":1767,"height":1186,"caption":"Journ\u00e9es d'expertises1"},{"@type":"BreadcrumbList","@id":"https:\/\/www.primardeco.com\/blog\/les-journees-dexpertises\/#breadcrumb","itemListElement":[{"@type":"ListItem","position":1,"name":"Accueil","item":"https:\/\/www.primardeco.com\/blog\/"},{"@type":"ListItem","position":2,"name":"Les Journ\u00e9es d&rsquo;expertises"}]},{"@type":"WebSite","@id":"https:\/\/www.primardeco.com\/blog\/#website","url":"https:\/\/www.primardeco.com\/blog\/","name":"Primardeco - Blog","description":"Expertises et Ventes aux ench\u00e8res","publisher":{"@id":"https:\/\/www.primardeco.com\/blog\/#organization"},"potentialAction":[{"@type":"SearchAction","target":{"@type":"EntryPoint","urlTemplate":"https:\/\/www.primardeco.com\/blog\/?s={search_term_string}"},"query-input":{"@type":"PropertyValueSpecification","valueRequired":true,"valueName":"search_term_string"}}],"inLanguage":"fr-FR"},{"@type":"Organization","@id":"https:\/\/www.primardeco.com\/blog\/#organization","name":"Le Blog Primardeco, Ventes aux Ench\u00e8res d'Art \u00e0 Toulouse","url":"https:\/\/www.primardeco.com\/blog\/","logo":{"@type":"ImageObject","inLanguage":"fr-FR","@id":"https:\/\/www.primardeco.com\/blog\/#\/schema\/logo\/image\/","url":"https:\/\/www.primardeco.com\/blog\/wp-content\/uploads\/2021\/11\/logo-primardeco-blog.png","contentUrl":"https:\/\/www.primardeco.com\/blog\/wp-content\/uploads\/2021\/11\/logo-primardeco-blog.png","width":282,"height":84,"caption":"Le Blog Primardeco, Ventes aux Ench\u00e8res d'Art \u00e0 Toulouse"},"image":{"@id":"https:\/\/www.primardeco.com\/blog\/#\/schema\/logo\/image\/"},"sameAs":["https:\/\/www.facebook.com\/Primardeco-275817602518624\/","https:\/\/x.com\/PRIMARDECO","https:\/\/www.instagram.com\/primardeco\/"]},{"@type":"Person","@id":"https:\/\/www.primardeco.com\/blog\/#\/schema\/person\/7de13947a1930d4cdcc9da53f15a8bf6","name":"Anne de Colonges-Trotignon,","image":{"@type":"ImageObject","inLanguage":"fr-FR","@id":"https:\/\/www.primardeco.com\/blog\/#\/schema\/person\/image\/","url":"https:\/\/secure.gravatar.com\/avatar\/853054ac9272b8d8231f62d5ba9a57c0838e74856b0112cb96fd18a428d1d335?s=96&d=mm&r=g","contentUrl":"https:\/\/secure.gravatar.com\/avatar\/853054ac9272b8d8231f62d5ba9a57c0838e74856b0112cb96fd18a428d1d335?s=96&d=mm&r=g","caption":"Anne de Colonges-Trotignon,"},"url":"https:\/\/www.primardeco.com\/blog\/author\/anne\/"}]}},"_links":{"self":[{"href":"https:\/\/www.primardeco.com\/blog\/wp-json\/wp\/v2\/posts\/1003","targetHints":{"allow":["GET"]}}],"collection":[{"href":"https:\/\/www.primardeco.com\/blog\/wp-json\/wp\/v2\/posts"}],"about":[{"href":"https:\/\/www.primardeco.com\/blog\/wp-json\/wp\/v2\/types\/post"}],"author":[{"embeddable":true,"href":"https:\/\/www.primardeco.com\/blog\/wp-json\/wp\/v2\/users\/2"}],"replies":[{"embeddable":true,"href":"https:\/\/www.primardeco.com\/blog\/wp-json\/wp\/v2\/comments?post=1003"}],"version-history":[{"count":10,"href":"https:\/\/www.primardeco.com\/blog\/wp-json\/wp\/v2\/posts\/1003\/revisions"}],"predecessor-version":[{"id":1694,"href":"https:\/\/www.primardeco.com\/blog\/wp-json\/wp\/v2\/posts\/1003\/revisions\/1694"}],"wp:featuredmedia":[{"embeddable":true,"href":"https:\/\/www.primardeco.com\/blog\/wp-json\/wp\/v2\/media\/1014"}],"wp:attachment":[{"href":"https:\/\/www.primardeco.com\/blog\/wp-json\/wp\/v2\/media?parent=1003"}],"wp:term":[{"taxonomy":"category","embeddable":true,"href":"https:\/\/www.primardeco.com\/blog\/wp-json\/wp\/v2\/categories?post=1003"},{"taxonomy":"post_tag","embeddable":true,"href":"https:\/\/www.primardeco.com\/blog\/wp-json\/wp\/v2\/tags?post=1003"}],"curies":[{"name":"wp","href":"https:\/\/api.w.org\/{rel}","templated":true}]}}